{"id":1,"date":"2022-04-28T14:38:00","date_gmt":"2022-04-28T12:38:00","guid":{"rendered":"https:\/\/meteocameroon.gov.cm\/?p=1"},"modified":"2022-05-30T17:15:27","modified_gmt":"2022-05-30T15:15:27","slug":"signature-de-laccord-cadre-de-collaboration","status":"publish","type":"post","link":"https:\/\/meteocameroon.gov.cm\/en\/signature-de-laccord-cadre-de-collaboration\/","title":{"rendered":"SIGNING OF THE FRAMEWORK AGREEMENT BETWEEN THE MINISTRY OF TRANSPORT (MINT) AND THE URBAN COMMUNITY OF YAOUNDE (CUY) FOR THE PROMOTION, DATA COLLECTION AND EXCHANGE OF INFORMATION IN THE FIELDS OF METEOROLOGY AND CLIMATOLOGY."},"content":{"rendered":"<p>Le Ministre des Transports, Monsieur Jean Ernest Mass\u00e9na NGALLE BIBEHE et le Maire de la Ville de Yaound\u00e9 Monsieur Luc MESSI ATANGANA ont proc\u00e9d\u00e9 ce jeudi 28 avril 2022, dans la salle de conf\u00e9rence du Cabinet du Ministre, \u00e0 la signature d&#8217;un accord cadre de collaboration entre le MINT et la CUY.&nbsp; Le pr\u00e9sent Accord-cadre a pour objet de d\u00e9finir un cadre de collaboration, de concertation, de promotion, d\u2019\u00e9changes d\u2019informations scientiifiques, de suivi d\u2019activit\u00e9s de recherche, de la formation, d\u2019expertise, de transfert des r\u00e9sultats de la recherche vers les d\u00e9cideurs et la soci\u00e9t\u00e9 civile, men\u00e9s en partenariat enntre les Parties dans les domaines de la m\u00e9t\u00e9orologie et de la climatologie.<\/p>\n\n\n\n<p>\u00c9taient pr\u00e9sents \u00e0 cette rencontre, le Ministre d\u00e9l\u00e9gu\u00e9 aupr\u00e8s du Ministre des Transports, le Secr\u00e9taire g\u00e9n\u00e9ral, l\u2019Inspecteur g\u00e9n\u00e9ral, les Directeurs et autres responsables.Cette collaboration qui va s\u2019\u00e9tendre sur 10 ans renouvelables portera sur les axes suivants :<\/p>\n\n\n\n<p>&#8211; la r\u00e9alisation de projets en lien avec les probl\u00e9matiques sur la m\u00e9t\u00e9orologie et le climat ou d\u2019actions sp\u00e9cifiques d\u00e9cid\u00e9es de commun accord ; <\/p>\n\n\n\n<p>&#8211; la collecte, le traitement, l&#8217;\u00e9change et la diffusion des informations m\u00e9t\u00e9orologiques et climatologiques ;<\/p>\n\n\n\n<p>&#8211; l\u2019\u00e9laboration des pr\u00e9visions m\u00e9t\u00e9orologiques et la diffusion des informations y aff\u00e9rentes ;<\/p>\n\n\n\n<p>&#8211; les actions de renforcement des capacit\u00e9s de personnels ; <\/p>\n\n\n\n<p>&#8211; la documentation dans le cadre des changements climatiques ;<\/p>\n\n\n\n<p>&#8211; l\u2019organisation de s\u00e9minaires et conf\u00e9rences de sensibilisation, \u00e0 l\u2019attention des agents communaux et des populations de la Ville de Yaound\u00e9 ;<\/p>\n\n\n\n<p>&#8211; la mobilisation et la recherche conjointe de financements nationaux, r\u00e9gionaux et internationaux pour les programmes\/projets \u00e9labor\u00e9s de commun accord ;<\/p>\n\n\n\n<p>&#8211; tout autre action sur laquelle les Parties s&#8217;accordent.<\/p>\n\n\n\n<p>L\u2019information m\u00e9t\u00e9orologique et climatologique permet de r\u00e9duire la vuln\u00e9rabilit\u00e9 des activit\u00e9s \u00e9conomiques tributaires du temps et du climat. Elle permet \u00e9galement de prot\u00e9ger les personnes et les biens, de planifier et de b\u00e2tir des villes r\u00e9silientes dans le contexte actuel marqu\u00e9 par le changement climatique.<\/p>\n\n\n\n<p>Le m\u00eame type de collaboration a \u00e9t\u00e9 \u00e9tabli en 2019 avec la Mairie de la Ville de Douala.<\/p>\n\n\n\n<p class=\"has-text-align-right\">Mme NGOM Christelle Arielle<\/p>\n\n\n\n<p class=\"has-text-align-right\">Chef du Service de la Coop\u00e9ration<\/p>\n\n\n\n<p class=\"has-text-align-right\">&nbsp;&nbsp;&nbsp;&nbsp;&nbsp;&nbsp;&nbsp;&nbsp;&nbsp;&nbsp;&nbsp;&nbsp;&nbsp;&nbsp;&nbsp;&nbsp;&nbsp;&nbsp;&nbsp;&nbsp;&nbsp;&nbsp;&nbsp;&nbsp;&nbsp;&nbsp;&nbsp;&nbsp;&nbsp;&nbsp;&nbsp;&nbsp;&nbsp;&nbsp;&nbsp;&nbsp;&nbsp;&nbsp;&nbsp;&nbsp;&nbsp;&nbsp;&nbsp;&nbsp;&nbsp;&nbsp;&nbsp;&nbsp;&nbsp;&nbsp;&nbsp;&nbsp;&nbsp;&nbsp;&nbsp;&nbsp; Technique Internationale<\/p>","protected":false},"excerpt":{"rendered":"<p>Le Ministre des Transports, Monsieur Jean Ernest Mass\u00e9na NGALLE BIBEHE et le Maire de la Ville de Yaound\u00e9 Monsieur Luc MESSI ATANGANA ont proc\u00e9d\u00e9 ce jeudi 28 avril 2022, dans [&hellip;]<\/p>","protected":false},"author":1,"featured_media":1888,"comment_status":"open","ping_status":"open","sticky":false,"template":"","format":"standard","meta":{"footnotes":""},"categories":[18],"tags":[],"class_list":["post-1","post","type-post","status-publish","format-standard","has-post-thumbnail","hentry","category-actualite"],"yoast_head":"<!-- This site is optimized with the Yoast SEO plugin v26.8 - https:\/\/yoast.com\/product\/yoast-seo-wordpress\/ -->\n<title>Signature de l\u2019accord cadre de collaboration Signature d&#039;un accord cadre de collaboration entre le Minist\u00e8re des Transports et la Communaut\u00e9 Urbaine de Yaounde M\u00e9t\u00e9orologie Nationale du Cameroun<\/title>\n<meta name=\"description\" content=\"Le Ministre des Transports, Monsieur Jean Ernest Mass\u00e9na NGALLE BIBEHE et le Maire de la Ville de Yaound\u00e9 Monsieur Luc MESSI ATANGANA ont proc\u00e9d\u00e9 ce jeudi 28 avril 2022, dans la salle de conf\u00e9rence du Cabinet du Ministre, \u00e0 la signature d&#039;un accord cadre de collaboration entre le MINT et la CUY. \u00c9taient pr\u00e9sents \u00e0 cette rencontre, le Ministre d\u00e9l\u00e9gu\u00e9 aupr\u00e8s du Ministre des Transports, le Secr\u00e9taire g\u00e9n\u00e9ral, l\u2019Inspecteur g\u00e9n\u00e9ral, les Directeurs et autres responsables.Cette collaboration qui va s\u2019\u00e9tendre sur 10 ans renouvelables portera sur les axes suivants :- la r\u00e9alisation de projets en lien avec les probl\u00e9matiques sur la m\u00e9t\u00e9orologie et le climat ou d\u2019actions sp\u00e9cifiques d\u00e9cid\u00e9es de commun accord ; - la collecte, le traitement, l&#039;\u00e9change et la diffusion des informations m\u00e9t\u00e9orologiques et climatologiques ;- l\u2019\u00e9laboration des pr\u00e9visions m\u00e9t\u00e9orologiques et la diffusion des informations y aff\u00e9rentes ;- les actions de renforcement des capacit\u00e9s de personnels ; - la documentation dans le cadre des changements climatiques ;- l\u2019organisation de s\u00e9minaires et conf\u00e9rences de sensibilisation, \u00e0 l\u2019attention des agents communaux et des populations de la Ville de Yaound\u00e9 ;- la mobilisation et la recherche conjointe de financements nationaux, r\u00e9gionaux et internationaux pour les programmes\/projets \u00e9labor\u00e9s de commun accord ;- tout autre action sur laquelle les Parties s&#039;accordent.\" \/>\n<meta name=\"robots\" content=\"index, follow, max-snippet:-1, max-image-preview:large, max-video-preview:-1\" \/>\n<link rel=\"canonical\" href=\"https:\/\/meteocameroon.gov.cm\/en\/signature-de-laccord-cadre-de-collaboration\/\" \/>\n<meta property=\"og:locale\" content=\"en_US\" \/>\n<meta property=\"og:type\" content=\"article\" \/>\n<meta property=\"og:title\" content=\"Signature de l\u2019accord cadre de collaboration Signature d&#039;un accord cadre de collaboration entre le Minist\u00e8re des Transports et la Communaut\u00e9 Urbaine de Yaounde M\u00e9t\u00e9orologie Nationale du Cameroun\" \/>\n<meta property=\"og:description\" content=\"Le Ministre des Transports, Monsieur Jean Ernest Mass\u00e9na NGALLE BIBEHE et le Maire de la Ville de Yaound\u00e9 Monsieur Luc MESSI ATANGANA ont proc\u00e9d\u00e9 ce jeudi 28 avril 2022, dans la salle de conf\u00e9rence du Cabinet du Ministre, \u00e0 la signature d&#039;un accord cadre de collaboration entre le MINT et la CUY. \u00c9taient pr\u00e9sents \u00e0 cette rencontre, le Ministre d\u00e9l\u00e9gu\u00e9 aupr\u00e8s du Ministre des Transports, le Secr\u00e9taire g\u00e9n\u00e9ral, l\u2019Inspecteur g\u00e9n\u00e9ral, les Directeurs et autres responsables.Cette collaboration qui va s\u2019\u00e9tendre sur 10 ans renouvelables portera sur les axes suivants :- la r\u00e9alisation de projets en lien avec les probl\u00e9matiques sur la m\u00e9t\u00e9orologie et le climat ou d\u2019actions sp\u00e9cifiques d\u00e9cid\u00e9es de commun accord ; - la collecte, le traitement, l&#039;\u00e9change et la diffusion des informations m\u00e9t\u00e9orologiques et climatologiques ;- l\u2019\u00e9laboration des pr\u00e9visions m\u00e9t\u00e9orologiques et la diffusion des informations y aff\u00e9rentes ;- les actions de renforcement des capacit\u00e9s de personnels ; - la documentation dans le cadre des changements climatiques ;- l\u2019organisation de s\u00e9minaires et conf\u00e9rences de sensibilisation, \u00e0 l\u2019attention des agents communaux et des populations de la Ville de Yaound\u00e9 ;- la mobilisation et la recherche conjointe de financements nationaux, r\u00e9gionaux et internationaux pour les programmes\/projets \u00e9labor\u00e9s de commun accord ;- tout autre action sur laquelle les Parties s&#039;accordent.\" \/>\n<meta property=\"og:url\" content=\"https:\/\/meteocameroon.gov.cm\/en\/signature-de-laccord-cadre-de-collaboration\/\" \/>\n<meta property=\"og:site_name\" content=\"M\u00e9t\u00e9orologie Nationale du Cameroun\" \/>\n<meta property=\"article:published_time\" content=\"2022-04-28T12:38:00+00:00\" \/>\n<meta property=\"article:modified_time\" content=\"2022-05-30T15:15:27+00:00\" \/>\n<meta property=\"og:image\" content=\"https:\/\/meteocameroon.gov.cm\/wp-content\/uploads\/2022\/04\/IMG-20220428-WA0052.jpg\" \/>\n\t<meta property=\"og:image:width\" content=\"1080\" \/>\n\t<meta property=\"og:image:height\" content=\"720\" \/>\n\t<meta property=\"og:image:type\" content=\"image\/jpeg\" \/>\n<meta name=\"author\" content=\"superadmin\" \/>\n<meta name=\"twitter:card\" content=\"summary_large_image\" \/>\n<meta name=\"twitter:label1\" content=\"Written by\" \/>\n\t<meta name=\"twitter:data1\" content=\"superadmin\" \/>\n\t<meta name=\"twitter:label2\" content=\"Est. reading time\" \/>\n\t<meta name=\"twitter:data2\" content=\"2 minutes\" \/>\n<script type=\"application\/ld+json\" class=\"yoast-schema-graph\">{\"@context\":\"https:\/\/schema.org\",\"@graph\":[{\"@type\":\"Article\",\"@id\":\"https:\/\/meteocameroon.gov.cm\/signature-de-laccord-cadre-de-collaboration\/#article\",\"isPartOf\":{\"@id\":\"https:\/\/meteocameroon.gov.cm\/signature-de-laccord-cadre-de-collaboration\/\"},\"author\":{\"name\":\"superadmin\",\"@id\":\"https:\/\/meteocameroon.gov.cm\/#\/schema\/person\/bf8a811b9a078925a5556150dde56f67\"},\"headline\":\"Signature d&#8217;un accord cadre de collaboration entre le Minist\u00e8re des Transports et la Communaut\u00e9 Urbaine de Yaounde\",\"datePublished\":\"2022-04-28T12:38:00+00:00\",\"dateModified\":\"2022-05-30T15:15:27+00:00\",\"mainEntityOfPage\":{\"@id\":\"https:\/\/meteocameroon.gov.cm\/signature-de-laccord-cadre-de-collaboration\/\"},\"wordCount\":469,\"commentCount\":1,\"publisher\":{\"@id\":\"https:\/\/meteocameroon.gov.cm\/#organization\"},\"image\":{\"@id\":\"https:\/\/meteocameroon.gov.cm\/signature-de-laccord-cadre-de-collaboration\/#primaryimage\"},\"thumbnailUrl\":\"https:\/\/meteocameroon.gov.cm\/wp-content\/uploads\/2022\/04\/IMG-20220428-WA0052.jpg\",\"articleSection\":[\"Actualit\u00e9\"],\"inLanguage\":\"en-US\",\"potentialAction\":[{\"@type\":\"CommentAction\",\"name\":\"Comment\",\"target\":[\"https:\/\/meteocameroon.gov.cm\/signature-de-laccord-cadre-de-collaboration\/#respond\"]}]},{\"@type\":\"WebPage\",\"@id\":\"https:\/\/meteocameroon.gov.cm\/signature-de-laccord-cadre-de-collaboration\/\",\"url\":\"https:\/\/meteocameroon.gov.cm\/signature-de-laccord-cadre-de-collaboration\/\",\"name\":\"Signature de l\u2019accord cadre de collaboration Signature d'un accord cadre de collaboration entre le Minist\u00e8re des Transports et la Communaut\u00e9 Urbaine de Yaounde M\u00e9t\u00e9orologie Nationale du Cameroun\",\"isPartOf\":{\"@id\":\"https:\/\/meteocameroon.gov.cm\/#website\"},\"primaryImageOfPage\":{\"@id\":\"https:\/\/meteocameroon.gov.cm\/signature-de-laccord-cadre-de-collaboration\/#primaryimage\"},\"image\":{\"@id\":\"https:\/\/meteocameroon.gov.cm\/signature-de-laccord-cadre-de-collaboration\/#primaryimage\"},\"thumbnailUrl\":\"https:\/\/meteocameroon.gov.cm\/wp-content\/uploads\/2022\/04\/IMG-20220428-WA0052.jpg\",\"datePublished\":\"2022-04-28T12:38:00+00:00\",\"dateModified\":\"2022-05-30T15:15:27+00:00\",\"description\":\"Le Ministre des Transports, Monsieur Jean Ernest Mass\u00e9na NGALLE BIBEHE et le Maire de la Ville de Yaound\u00e9 Monsieur Luc MESSI ATANGANA ont proc\u00e9d\u00e9 ce jeudi 28 avril 2022, dans la salle de conf\u00e9rence du Cabinet du Ministre, \u00e0 la signature d'un accord cadre de collaboration entre le MINT et la CUY. \u00c9taient pr\u00e9sents \u00e0 cette rencontre, le Ministre d\u00e9l\u00e9gu\u00e9 aupr\u00e8s du Ministre des Transports, le Secr\u00e9taire g\u00e9n\u00e9ral, l\u2019Inspecteur g\u00e9n\u00e9ral, les Directeurs et autres responsables.Cette collaboration qui va s\u2019\u00e9tendre sur 10 ans renouvelables portera sur les axes suivants :- la r\u00e9alisation de projets en lien avec les probl\u00e9matiques sur la m\u00e9t\u00e9orologie et le climat ou d\u2019actions sp\u00e9cifiques d\u00e9cid\u00e9es de commun accord ; - la collecte, le traitement, l'\u00e9change et la diffusion des informations m\u00e9t\u00e9orologiques et climatologiques ;- l\u2019\u00e9laboration des pr\u00e9visions m\u00e9t\u00e9orologiques et la diffusion des informations y aff\u00e9rentes ;- les actions de renforcement des capacit\u00e9s de personnels ; - la documentation dans le cadre des changements climatiques ;- l\u2019organisation de s\u00e9minaires et conf\u00e9rences de sensibilisation, \u00e0 l\u2019attention des agents communaux et des populations de la Ville de Yaound\u00e9 ;- la mobilisation et la recherche conjointe de financements nationaux, r\u00e9gionaux et internationaux pour les programmes\/projets \u00e9labor\u00e9s de commun accord ;- tout autre action sur laquelle les Parties s'accordent.\",\"breadcrumb\":{\"@id\":\"https:\/\/meteocameroon.gov.cm\/signature-de-laccord-cadre-de-collaboration\/#breadcrumb\"},\"inLanguage\":\"en-US\",\"potentialAction\":[{\"@type\":\"ReadAction\",\"target\":[\"https:\/\/meteocameroon.gov.cm\/signature-de-laccord-cadre-de-collaboration\/\"]}]},{\"@type\":\"ImageObject\",\"inLanguage\":\"en-US\",\"@id\":\"https:\/\/meteocameroon.gov.cm\/signature-de-laccord-cadre-de-collaboration\/#primaryimage\",\"url\":\"https:\/\/meteocameroon.gov.cm\/wp-content\/uploads\/2022\/04\/IMG-20220428-WA0052.jpg\",\"contentUrl\":\"https:\/\/meteocameroon.gov.cm\/wp-content\/uploads\/2022\/04\/IMG-20220428-WA0052.jpg\",\"width\":1080,\"height\":720},{\"@type\":\"BreadcrumbList\",\"@id\":\"https:\/\/meteocameroon.gov.cm\/signature-de-laccord-cadre-de-collaboration\/#breadcrumb\",\"itemListElement\":[{\"@type\":\"ListItem\",\"position\":1,\"name\":\"Accueil\",\"item\":\"https:\/\/meteocameroon.gov.cm\/\"},{\"@type\":\"ListItem\",\"position\":2,\"name\":\"Signature d&#8217;un accord cadre de collaboration entre le Minist\u00e8re des Transports et la Communaut\u00e9 Urbaine de Yaounde\"}]},{\"@type\":\"WebSite\",\"@id\":\"https:\/\/meteocameroon.gov.cm\/#website\",\"url\":\"https:\/\/meteocameroon.gov.cm\/\",\"name\":\"M\u00e9t\u00e9orologie Nationale du Cameroun\",\"description\":\"La m\u00e9t\u00e9o un outils pour le d\u00e9veloppement\",\"publisher\":{\"@id\":\"https:\/\/meteocameroon.gov.cm\/#organization\"},\"potentialAction\":[{\"@type\":\"SearchAction\",\"target\":{\"@type\":\"EntryPoint\",\"urlTemplate\":\"https:\/\/meteocameroon.gov.cm\/?s={search_term_string}\"},\"query-input\":{\"@type\":\"PropertyValueSpecification\",\"valueRequired\":true,\"valueName\":\"search_term_string\"}}],\"inLanguage\":\"en-US\"},{\"@type\":\"Organization\",\"@id\":\"https:\/\/meteocameroon.gov.cm\/#organization\",\"name\":\"M\u00e9t\u00e9orologie Nationale du Cameroun\",\"url\":\"https:\/\/meteocameroon.gov.cm\/\",\"logo\":{\"@type\":\"ImageObject\",\"inLanguage\":\"en-US\",\"@id\":\"https:\/\/meteocameroon.gov.cm\/#\/schema\/logo\/image\/\",\"url\":\"https:\/\/meteocameroon.gov.cm\/wp-content\/uploads\/2022\/06\/Artboard-14x-renew.jpg\",\"contentUrl\":\"https:\/\/meteocameroon.gov.cm\/wp-content\/uploads\/2022\/06\/Artboard-14x-renew.jpg\",\"width\":519,\"height\":504,\"caption\":\"M\u00e9t\u00e9orologie Nationale du Cameroun\"},\"image\":{\"@id\":\"https:\/\/meteocameroon.gov.cm\/#\/schema\/logo\/image\/\"}},{\"@type\":\"Person\",\"@id\":\"https:\/\/meteocameroon.gov.cm\/#\/schema\/person\/bf8a811b9a078925a5556150dde56f67\",\"name\":\"superadmin\",\"image\":{\"@type\":\"ImageObject\",\"inLanguage\":\"en-US\",\"@id\":\"https:\/\/meteocameroon.gov.cm\/#\/schema\/person\/image\/\",\"url\":\"https:\/\/secure.gravatar.com\/avatar\/ee04fc80fa7360e5f9946aa0aa1da08a4348d1df6c9f53420d4c0da53d3e53ae?s=96&d=mm&r=g\",\"contentUrl\":\"https:\/\/secure.gravatar.com\/avatar\/ee04fc80fa7360e5f9946aa0aa1da08a4348d1df6c9f53420d4c0da53d3e53ae?s=96&d=mm&r=g\",\"caption\":\"superadmin\"},\"sameAs\":[\"https:\/\/meteocameroon.gov.cm\"],\"url\":\"https:\/\/meteocameroon.gov.cm\/en\/author\/superadmin\/\"}]}<\/script>\n<!-- \/ Yoast SEO plugin. -->","yoast_head_json":{"title":"Signature de l\u2019accord cadre de collaboration Signature d'un accord cadre de collaboration entre le Minist\u00e8re des Transports et la Communaut\u00e9 Urbaine de Yaounde M\u00e9t\u00e9orologie Nationale du Cameroun","description":"Le Ministre des Transports, Monsieur Jean Ernest Mass\u00e9na NGALLE BIBEHE et le Maire de la Ville de Yaound\u00e9 Monsieur Luc MESSI ATANGANA ont proc\u00e9d\u00e9 ce jeudi 28 avril 2022, dans la salle de conf\u00e9rence du Cabinet du Ministre, \u00e0 la signature d'un accord cadre de collaboration entre le MINT et la CUY. \u00c9taient pr\u00e9sents \u00e0 cette rencontre, le Ministre d\u00e9l\u00e9gu\u00e9 aupr\u00e8s du Ministre des Transports, le Secr\u00e9taire g\u00e9n\u00e9ral, l\u2019Inspecteur g\u00e9n\u00e9ral, les Directeurs et autres responsables.Cette collaboration qui va s\u2019\u00e9tendre sur 10 ans renouvelables portera sur les axes suivants :- la r\u00e9alisation de projets en lien avec les probl\u00e9matiques sur la m\u00e9t\u00e9orologie et le climat ou d\u2019actions sp\u00e9cifiques d\u00e9cid\u00e9es de commun accord ; - la collecte, le traitement, l'\u00e9change et la diffusion des informations m\u00e9t\u00e9orologiques et climatologiques ;- l\u2019\u00e9laboration des pr\u00e9visions m\u00e9t\u00e9orologiques et la diffusion des informations y aff\u00e9rentes ;- les actions de renforcement des capacit\u00e9s de personnels ; - la documentation dans le cadre des changements climatiques ;- l\u2019organisation de s\u00e9minaires et conf\u00e9rences de sensibilisation, \u00e0 l\u2019attention des agents communaux et des populations de la Ville de Yaound\u00e9 ;- la mobilisation et la recherche conjointe de financements nationaux, r\u00e9gionaux et internationaux pour les programmes\/projets \u00e9labor\u00e9s de commun accord ;- tout autre action sur laquelle les Parties s'accordent.","robots":{"index":"index","follow":"follow","max-snippet":"max-snippet:-1","max-image-preview":"max-image-preview:large","max-video-preview":"max-video-preview:-1"},"canonical":"https:\/\/meteocameroon.gov.cm\/en\/signature-de-laccord-cadre-de-collaboration\/","og_locale":"en_US","og_type":"article","og_title":"Signature de l\u2019accord cadre de collaboration Signature d'un accord cadre de collaboration entre le Minist\u00e8re des Transports et la Communaut\u00e9 Urbaine de Yaounde M\u00e9t\u00e9orologie Nationale du Cameroun","og_description":"Le Ministre des Transports, Monsieur Jean Ernest Mass\u00e9na NGALLE BIBEHE et le Maire de la Ville de Yaound\u00e9 Monsieur Luc MESSI ATANGANA ont proc\u00e9d\u00e9 ce jeudi 28 avril 2022, dans la salle de conf\u00e9rence du Cabinet du Ministre, \u00e0 la signature d'un accord cadre de collaboration entre le MINT et la CUY. \u00c9taient pr\u00e9sents \u00e0 cette rencontre, le Ministre d\u00e9l\u00e9gu\u00e9 aupr\u00e8s du Ministre des Transports, le Secr\u00e9taire g\u00e9n\u00e9ral, l\u2019Inspecteur g\u00e9n\u00e9ral, les Directeurs et autres responsables.Cette collaboration qui va s\u2019\u00e9tendre sur 10 ans renouvelables portera sur les axes suivants :- la r\u00e9alisation de projets en lien avec les probl\u00e9matiques sur la m\u00e9t\u00e9orologie et le climat ou d\u2019actions sp\u00e9cifiques d\u00e9cid\u00e9es de commun accord ; - la collecte, le traitement, l'\u00e9change et la diffusion des informations m\u00e9t\u00e9orologiques et climatologiques ;- l\u2019\u00e9laboration des pr\u00e9visions m\u00e9t\u00e9orologiques et la diffusion des informations y aff\u00e9rentes ;- les actions de renforcement des capacit\u00e9s de personnels ; - la documentation dans le cadre des changements climatiques ;- l\u2019organisation de s\u00e9minaires et conf\u00e9rences de sensibilisation, \u00e0 l\u2019attention des agents communaux et des populations de la Ville de Yaound\u00e9 ;- la mobilisation et la recherche conjointe de financements nationaux, r\u00e9gionaux et internationaux pour les programmes\/projets \u00e9labor\u00e9s de commun accord ;- tout autre action sur laquelle les Parties s'accordent.","og_url":"https:\/\/meteocameroon.gov.cm\/en\/signature-de-laccord-cadre-de-collaboration\/","og_site_name":"M\u00e9t\u00e9orologie Nationale du Cameroun","article_published_time":"2022-04-28T12:38:00+00:00","article_modified_time":"2022-05-30T15:15:27+00:00","og_image":[{"width":1080,"height":720,"url":"https:\/\/meteocameroon.gov.cm\/wp-content\/uploads\/2022\/04\/IMG-20220428-WA0052.jpg","type":"image\/jpeg"}],"author":"superadmin","twitter_card":"summary_large_image","twitter_misc":{"Written by":"superadmin","Est. reading time":"2 minutes"},"schema":{"@context":"https:\/\/schema.org","@graph":[{"@type":"Article","@id":"https:\/\/meteocameroon.gov.cm\/signature-de-laccord-cadre-de-collaboration\/#article","isPartOf":{"@id":"https:\/\/meteocameroon.gov.cm\/signature-de-laccord-cadre-de-collaboration\/"},"author":{"name":"superadmin","@id":"https:\/\/meteocameroon.gov.cm\/#\/schema\/person\/bf8a811b9a078925a5556150dde56f67"},"headline":"Signature d&#8217;un accord cadre de collaboration entre le Minist\u00e8re des Transports et la Communaut\u00e9 Urbaine de Yaounde","datePublished":"2022-04-28T12:38:00+00:00","dateModified":"2022-05-30T15:15:27+00:00","mainEntityOfPage":{"@id":"https:\/\/meteocameroon.gov.cm\/signature-de-laccord-cadre-de-collaboration\/"},"wordCount":469,"commentCount":1,"publisher":{"@id":"https:\/\/meteocameroon.gov.cm\/#organization"},"image":{"@id":"https:\/\/meteocameroon.gov.cm\/signature-de-laccord-cadre-de-collaboration\/#primaryimage"},"thumbnailUrl":"https:\/\/meteocameroon.gov.cm\/wp-content\/uploads\/2022\/04\/IMG-20220428-WA0052.jpg","articleSection":["Actualit\u00e9"],"inLanguage":"en-US","potentialAction":[{"@type":"CommentAction","name":"Comment","target":["https:\/\/meteocameroon.gov.cm\/signature-de-laccord-cadre-de-collaboration\/#respond"]}]},{"@type":"WebPage","@id":"https:\/\/meteocameroon.gov.cm\/signature-de-laccord-cadre-de-collaboration\/","url":"https:\/\/meteocameroon.gov.cm\/signature-de-laccord-cadre-de-collaboration\/","name":"Signature de l\u2019accord cadre de collaboration Signature d'un accord cadre de collaboration entre le Minist\u00e8re des Transports et la Communaut\u00e9 Urbaine de Yaounde M\u00e9t\u00e9orologie Nationale du Cameroun","isPartOf":{"@id":"https:\/\/meteocameroon.gov.cm\/#website"},"primaryImageOfPage":{"@id":"https:\/\/meteocameroon.gov.cm\/signature-de-laccord-cadre-de-collaboration\/#primaryimage"},"image":{"@id":"https:\/\/meteocameroon.gov.cm\/signature-de-laccord-cadre-de-collaboration\/#primaryimage"},"thumbnailUrl":"https:\/\/meteocameroon.gov.cm\/wp-content\/uploads\/2022\/04\/IMG-20220428-WA0052.jpg","datePublished":"2022-04-28T12:38:00+00:00","dateModified":"2022-05-30T15:15:27+00:00","description":"Le Ministre des Transports, Monsieur Jean Ernest Mass\u00e9na NGALLE BIBEHE et le Maire de la Ville de Yaound\u00e9 Monsieur Luc MESSI ATANGANA ont proc\u00e9d\u00e9 ce jeudi 28 avril 2022, dans la salle de conf\u00e9rence du Cabinet du Ministre, \u00e0 la signature d'un accord cadre de collaboration entre le MINT et la CUY. \u00c9taient pr\u00e9sents \u00e0 cette rencontre, le Ministre d\u00e9l\u00e9gu\u00e9 aupr\u00e8s du Ministre des Transports, le Secr\u00e9taire g\u00e9n\u00e9ral, l\u2019Inspecteur g\u00e9n\u00e9ral, les Directeurs et autres responsables.Cette collaboration qui va s\u2019\u00e9tendre sur 10 ans renouvelables portera sur les axes suivants :- la r\u00e9alisation de projets en lien avec les probl\u00e9matiques sur la m\u00e9t\u00e9orologie et le climat ou d\u2019actions sp\u00e9cifiques d\u00e9cid\u00e9es de commun accord ; - la collecte, le traitement, l'\u00e9change et la diffusion des informations m\u00e9t\u00e9orologiques et climatologiques ;- l\u2019\u00e9laboration des pr\u00e9visions m\u00e9t\u00e9orologiques et la diffusion des informations y aff\u00e9rentes ;- les actions de renforcement des capacit\u00e9s de personnels ; - la documentation dans le cadre des changements climatiques ;- l\u2019organisation de s\u00e9minaires et conf\u00e9rences de sensibilisation, \u00e0 l\u2019attention des agents communaux et des populations de la Ville de Yaound\u00e9 ;- la mobilisation et la recherche conjointe de financements nationaux, r\u00e9gionaux et internationaux pour les programmes\/projets \u00e9labor\u00e9s de commun accord ;- tout autre action sur laquelle les Parties s'accordent.","breadcrumb":{"@id":"https:\/\/meteocameroon.gov.cm\/signature-de-laccord-cadre-de-collaboration\/#breadcrumb"},"inLanguage":"en-US","potentialAction":[{"@type":"ReadAction","target":["https:\/\/meteocameroon.gov.cm\/signature-de-laccord-cadre-de-collaboration\/"]}]},{"@type":"ImageObject","inLanguage":"en-US","@id":"https:\/\/meteocameroon.gov.cm\/signature-de-laccord-cadre-de-collaboration\/#primaryimage","url":"https:\/\/meteocameroon.gov.cm\/wp-content\/uploads\/2022\/04\/IMG-20220428-WA0052.jpg","contentUrl":"https:\/\/meteocameroon.gov.cm\/wp-content\/uploads\/2022\/04\/IMG-20220428-WA0052.jpg","width":1080,"height":720},{"@type":"BreadcrumbList","@id":"https:\/\/meteocameroon.gov.cm\/signature-de-laccord-cadre-de-collaboration\/#breadcrumb","itemListElement":[{"@type":"ListItem","position":1,"name":"Accueil","item":"https:\/\/meteocameroon.gov.cm\/"},{"@type":"ListItem","position":2,"name":"Signature d&#8217;un accord cadre de collaboration entre le Minist\u00e8re des Transports et la Communaut\u00e9 Urbaine de Yaounde"}]},{"@type":"WebSite","@id":"https:\/\/meteocameroon.gov.cm\/#website","url":"https:\/\/meteocameroon.gov.cm\/","name":"M\u00e9t\u00e9orologie Nationale du Cameroun","description":"La m\u00e9t\u00e9o un outils pour le d\u00e9veloppement","publisher":{"@id":"https:\/\/meteocameroon.gov.cm\/#organization"},"potentialAction":[{"@type":"SearchAction","target":{"@type":"EntryPoint","urlTemplate":"https:\/\/meteocameroon.gov.cm\/?s={search_term_string}"},"query-input":{"@type":"PropertyValueSpecification","valueRequired":true,"valueName":"search_term_string"}}],"inLanguage":"en-US"},{"@type":"Organization","@id":"https:\/\/meteocameroon.gov.cm\/#organization","name":"M\u00e9t\u00e9orologie Nationale du Cameroun","url":"https:\/\/meteocameroon.gov.cm\/","logo":{"@type":"ImageObject","inLanguage":"en-US","@id":"https:\/\/meteocameroon.gov.cm\/#\/schema\/logo\/image\/","url":"https:\/\/meteocameroon.gov.cm\/wp-content\/uploads\/2022\/06\/Artboard-14x-renew.jpg","contentUrl":"https:\/\/meteocameroon.gov.cm\/wp-content\/uploads\/2022\/06\/Artboard-14x-renew.jpg","width":519,"height":504,"caption":"M\u00e9t\u00e9orologie Nationale du Cameroun"},"image":{"@id":"https:\/\/meteocameroon.gov.cm\/#\/schema\/logo\/image\/"}},{"@type":"Person","@id":"https:\/\/meteocameroon.gov.cm\/#\/schema\/person\/bf8a811b9a078925a5556150dde56f67","name":"superadmin","image":{"@type":"ImageObject","inLanguage":"en-US","@id":"https:\/\/meteocameroon.gov.cm\/#\/schema\/person\/image\/","url":"https:\/\/secure.gravatar.com\/avatar\/ee04fc80fa7360e5f9946aa0aa1da08a4348d1df6c9f53420d4c0da53d3e53ae?s=96&d=mm&r=g","contentUrl":"https:\/\/secure.gravatar.com\/avatar\/ee04fc80fa7360e5f9946aa0aa1da08a4348d1df6c9f53420d4c0da53d3e53ae?s=96&d=mm&r=g","caption":"superadmin"},"sameAs":["https:\/\/meteocameroon.gov.cm"],"url":"https:\/\/meteocameroon.gov.cm\/en\/author\/superadmin\/"}]}},"rttpg_featured_image_url":{"full":["https:\/\/meteocameroon.gov.cm\/wp-content\/uploads\/2022\/04\/IMG-20220428-WA0052.jpg",1080,720,false],"landscape":["https:\/\/meteocameroon.gov.cm\/wp-content\/uploads\/2022\/04\/IMG-20220428-WA0052.jpg",1080,720,false],"portraits":["https:\/\/meteocameroon.gov.cm\/wp-content\/uploads\/2022\/04\/IMG-20220428-WA0052.jpg",1080,720,false],"thumbnail":["https:\/\/meteocameroon.gov.cm\/wp-content\/uploads\/2022\/04\/IMG-20220428-WA0052-150x150.jpg",150,150,true],"medium":["https:\/\/meteocameroon.gov.cm\/wp-content\/uploads\/2022\/04\/IMG-20220428-WA0052-300x200.jpg",300,200,true],"large":["https:\/\/meteocameroon.gov.cm\/wp-content\/uploads\/2022\/04\/IMG-20220428-WA0052-1024x683.jpg",640,427,true],"1536x1536":["https:\/\/meteocameroon.gov.cm\/wp-content\/uploads\/2022\/04\/IMG-20220428-WA0052.jpg",1080,720,false],"2048x2048":["https:\/\/meteocameroon.gov.cm\/wp-content\/uploads\/2022\/04\/IMG-20220428-WA0052.jpg",1080,720,false],"trp-custom-language-flag":["https:\/\/meteocameroon.gov.cm\/wp-content\/uploads\/2022\/04\/IMG-20220428-WA0052-18x12.jpg",18,12,true],"binit-portfolio":["https:\/\/meteocameroon.gov.cm\/wp-content\/uploads\/2022\/04\/IMG-20220428-WA0052-600x700.jpg",600,700,true],"binit-portfolio-vertical":["https:\/\/meteocameroon.gov.cm\/wp-content\/uploads\/2022\/04\/IMG-20220428-WA0052-380x564.jpg",380,564,true],"binit-blog":["https:\/\/meteocameroon.gov.cm\/wp-content\/uploads\/2022\/04\/IMG-20220428-WA0052-600x420.jpg",600,420,true],"binit-team":["https:\/\/meteocameroon.gov.cm\/wp-content\/uploads\/2022\/04\/IMG-20220428-WA0052-600x645.jpg",600,645,true],"binit-product":["https:\/\/meteocameroon.gov.cm\/wp-content\/uploads\/2022\/04\/IMG-20220428-WA0052-360x440.jpg",360,440,true],"binit-event":["https:\/\/meteocameroon.gov.cm\/wp-content\/uploads\/2022\/04\/IMG-20220428-WA0052-420x630.jpg",420,630,true]},"rttpg_author":{"display_name":"superadmin","author_link":"https:\/\/meteocameroon.gov.cm\/en\/author\/superadmin\/"},"rttpg_comment":4,"rttpg_category":"<a href=\"https:\/\/meteocameroon.gov.cm\/en\/category\/actualite\/\" rel=\"category tag\">Actualit\u00e9<\/a>","rttpg_excerpt":"Le Ministre des Transports, Monsieur Jean Ernest Mass\u00e9na NGALLE BIBEHE et le Maire de la Ville de Yaound\u00e9 Monsieur Luc MESSI ATANGANA ont proc\u00e9d\u00e9 ce jeudi 28 avril 2022, dans [&hellip;]","_links":{"self":[{"href":"https:\/\/meteocameroon.gov.cm\/en\/wp-json\/wp\/v2\/posts\/1","targetHints":{"allow":["GET"]}}],"collection":[{"href":"https:\/\/meteocameroon.gov.cm\/en\/wp-json\/wp\/v2\/posts"}],"about":[{"href":"https:\/\/meteocameroon.gov.cm\/en\/wp-json\/wp\/v2\/types\/post"}],"author":[{"embeddable":true,"href":"https:\/\/meteocameroon.gov.cm\/en\/wp-json\/wp\/v2\/users\/1"}],"replies":[{"embeddable":true,"href":"https:\/\/meteocameroon.gov.cm\/en\/wp-json\/wp\/v2\/comments?post=1"}],"version-history":[{"count":6,"href":"https:\/\/meteocameroon.gov.cm\/en\/wp-json\/wp\/v2\/posts\/1\/revisions"}],"predecessor-version":[{"id":1894,"href":"https:\/\/meteocameroon.gov.cm\/en\/wp-json\/wp\/v2\/posts\/1\/revisions\/1894"}],"wp:featuredmedia":[{"embeddable":true,"href":"https:\/\/meteocameroon.gov.cm\/en\/wp-json\/wp\/v2\/media\/1888"}],"wp:attachment":[{"href":"https:\/\/meteocameroon.gov.cm\/en\/wp-json\/wp\/v2\/media?parent=1"}],"wp:term":[{"taxonomy":"category","embeddable":true,"href":"https:\/\/meteocameroon.gov.cm\/en\/wp-json\/wp\/v2\/categories?post=1"},{"taxonomy":"post_tag","embeddable":true,"href":"https:\/\/meteocameroon.gov.cm\/en\/wp-json\/wp\/v2\/tags?post=1"}],"curies":[{"name":"wp","href":"https:\/\/api.w.org\/{rel}","templated":true}]}}