{"id":1269,"date":"2022-04-14T11:27:19","date_gmt":"2022-04-14T09:27:19","guid":{"rendered":"https:\/\/meteocameroon.gov.cm\/?p=1269"},"modified":"2022-04-14T11:38:10","modified_gmt":"2022-04-14T09:38:10","slug":"atelier-de-formation-entre-des-marins-et-cadre-techniques-du-port-autonome-de-kribi-sur-les-previsions-meteorologiques-en-mer-04-avril-au-07-avril-2022","status":"publish","type":"post","link":"https:\/\/meteocameroon.gov.cm\/en\/atelier-de-formation-entre-des-marins-et-cadre-techniques-du-port-autonome-de-kribi-sur-les-previsions-meteorologiques-en-mer-04-avril-au-07-avril-2022\/","title":{"rendered":"Workshop beeween Sailors and Technical Collaborators"},"content":{"rendered":"<div class=\"vc_row wpb_row vc_row-fluid sigma-bg-color-transparent sigma-background-position-left-top sigma-title-color-default\"><div class=\"wpb_column vc_column_container vc_col-sm-12 sigma-bg-color-transparent sigma-background-position-left-top sigma-title-color-default\"><div class=\"vc_column-inner\"><div class=\"wpb_wrapper\">\n\t<div class=\"wpb_text_column wpb_content_element\" >\n\t\t<div class=\"wpb_wrapper\">\n\t\t\t<p>A training workshop for sailors and technical staff of the Autonomous Port Authority of Kribi (PAK) on weather forecasting was held from 04 to 07 April 2022 in the green room of the Omnisport Stadium. This workshop aimed to provide the necessary elements to the learners, for the recognition and the realization of a good forecast, the mastery of the various marine and atmospheric parameters contributing to the control of the weather at sea, to distinguish the various types of weather forecasts and to give them notions on the instruments of communication at sea.<\/p>\n\n\t\t<\/div>\n\t<\/div>\n<\/div><\/div><\/div><\/div><div class=\"vc_row wpb_row vc_row-fluid sigma-bg-color-transparent sigma-background-position-left-top sigma-title-color-default\"><div class=\"wpb_column vc_column_container vc_col-sm-6 sigma-bg-color-transparent sigma-background-position-left-top sigma-title-color-default\"><div class=\"vc_column-inner\"><div class=\"wpb_wrapper\">\n\t<div  class=\"wpb_single_image wpb_content_element vc_align_left sigma-image-\">\n\t\t\n\t\t<figure class=\"wpb_wrapper vc_figure\">\n\t\t\t<div class=\"vc_single_image-wrapper   vc_box_border_grey\"><img loading=\"lazy\" decoding=\"async\" width=\"300\" height=\"225\" src=\"https:\/\/meteocameroon.gov.cm\/wp-content\/uploads\/2022\/04\/IMG-20220406-WA0043-300x225.jpg\" class=\"vc_single_image-img attachment-medium\" alt=\"\" \/><\/div>\n\t\t<\/figure>\n\t<\/div>\n<\/div><\/div><\/div><div class=\"wpb_column vc_column_container vc_col-sm-6 sigma-bg-color-transparent sigma-background-position-left-top sigma-title-color-default\"><div class=\"vc_column-inner\"><div class=\"wpb_wrapper\">\n\t<div  class=\"wpb_single_image wpb_content_element vc_align_left sigma-image-\">\n\t\t\n\t\t<figure class=\"wpb_wrapper vc_figure\">\n\t\t\t<div class=\"vc_single_image-wrapper   vc_box_border_grey\"><img loading=\"lazy\" decoding=\"async\" width=\"300\" height=\"225\" src=\"https:\/\/meteocameroon.gov.cm\/wp-content\/uploads\/2022\/04\/IMG-20220405-WA0002-1-300x225.jpg\" class=\"vc_single_image-img attachment-medium\" alt=\"\" \/><\/div>\n\t\t<\/figure>\n\t<\/div>\n<\/div><\/div><\/div><\/div>","protected":false},"excerpt":{"rendered":"<p>Un atelier de formation des marins et cadres techniques du Port Autonome de Kribi (PAK) sur les pr\u00e9visions de m\u00e9t\u00e9orologiques s\u2019est tenue du 04 au 07 Avril 2022 en la salle verte du Stade omnisport. <\/p>","protected":false},"author":1,"featured_media":1271,"comment_status":"open","ping_status":"open","sticky":false,"template":"","format":"standard","meta":{"footnotes":""},"categories":[1],"tags":[],"class_list":["post-1269","post","type-post","status-publish","format-standard","has-post-thumbnail","hentry","category-information"],"yoast_head":"<!-- This site is optimized with the Yoast SEO plugin v26.8 - https:\/\/yoast.com\/product\/yoast-seo-wordpress\/ -->\n<title>Atelier de Formation - M\u00e9t\u00e9orologie Nationale du Cameroun<\/title>\n<meta name=\"robots\" content=\"index, follow, max-snippet:-1, max-image-preview:large, max-video-preview:-1\" \/>\n<link rel=\"canonical\" href=\"https:\/\/meteocameroon.gov.cm\/en\/atelier-de-formation-entre-des-marins-et-cadre-techniques-du-port-autonome-de-kribi-sur-les-previsions-meteorologiques-en-mer-04-avril-au-07-avril-2022\/\" \/>\n<meta property=\"og:locale\" content=\"en_US\" \/>\n<meta property=\"og:type\" content=\"article\" \/>\n<meta property=\"og:title\" content=\"Atelier de Formation - M\u00e9t\u00e9orologie Nationale du Cameroun\" \/>\n<meta property=\"og:description\" content=\"Un atelier de formation des marins et cadres techniques du Port Autonome de Kribi (PAK) sur les pr\u00e9visions de m\u00e9t\u00e9orologiques s\u2019est tenue du 04 au 07 Avril 2022 en la salle verte du Stade omnisport.\" \/>\n<meta property=\"og:url\" content=\"https:\/\/meteocameroon.gov.cm\/en\/atelier-de-formation-entre-des-marins-et-cadre-techniques-du-port-autonome-de-kribi-sur-les-previsions-meteorologiques-en-mer-04-avril-au-07-avril-2022\/\" \/>\n<meta property=\"og:site_name\" content=\"M\u00e9t\u00e9orologie Nationale du Cameroun\" \/>\n<meta property=\"article:published_time\" content=\"2022-04-14T09:27:19+00:00\" \/>\n<meta property=\"article:modified_time\" content=\"2022-04-14T09:38:10+00:00\" \/>\n<meta property=\"og:image\" content=\"https:\/\/meteocameroon.gov.cm\/wp-content\/uploads\/2022\/04\/IMG-20220405-WA0002.jpg\" \/>\n\t<meta property=\"og:image:width\" content=\"1080\" \/>\n\t<meta property=\"og:image:height\" content=\"810\" \/>\n\t<meta property=\"og:image:type\" content=\"image\/jpeg\" \/>\n<meta name=\"author\" content=\"superadmin\" \/>\n<meta name=\"twitter:card\" content=\"summary_large_image\" \/>\n<meta name=\"twitter:label1\" content=\"Written by\" \/>\n\t<meta name=\"twitter:data1\" content=\"superadmin\" \/>\n\t<meta name=\"twitter:label2\" content=\"Est. reading time\" \/>\n\t<meta name=\"twitter:data2\" content=\"1 minute\" \/>\n<script type=\"application\/ld+json\" class=\"yoast-schema-graph\">{\"@context\":\"https:\/\/schema.org\",\"@graph\":[{\"@type\":\"Article\",\"@id\":\"https:\/\/meteocameroon.gov.cm\/atelier-de-formation-entre-des-marins-et-cadre-techniques-du-port-autonome-de-kribi-sur-les-previsions-meteorologiques-en-mer-04-avril-au-07-avril-2022\/#article\",\"isPartOf\":{\"@id\":\"https:\/\/meteocameroon.gov.cm\/atelier-de-formation-entre-des-marins-et-cadre-techniques-du-port-autonome-de-kribi-sur-les-previsions-meteorologiques-en-mer-04-avril-au-07-avril-2022\/\"},\"author\":{\"name\":\"superadmin\",\"@id\":\"https:\/\/meteocameroon.gov.cm\/#\/schema\/person\/bf8a811b9a078925a5556150dde56f67\"},\"headline\":\"Atelier de Formation\",\"datePublished\":\"2022-04-14T09:27:19+00:00\",\"dateModified\":\"2022-04-14T09:38:10+00:00\",\"mainEntityOfPage\":{\"@id\":\"https:\/\/meteocameroon.gov.cm\/atelier-de-formation-entre-des-marins-et-cadre-techniques-du-port-autonome-de-kribi-sur-les-previsions-meteorologiques-en-mer-04-avril-au-07-avril-2022\/\"},\"wordCount\":148,\"commentCount\":0,\"publisher\":{\"@id\":\"https:\/\/meteocameroon.gov.cm\/#organization\"},\"image\":{\"@id\":\"https:\/\/meteocameroon.gov.cm\/atelier-de-formation-entre-des-marins-et-cadre-techniques-du-port-autonome-de-kribi-sur-les-previsions-meteorologiques-en-mer-04-avril-au-07-avril-2022\/#primaryimage\"},\"thumbnailUrl\":\"https:\/\/meteocameroon.gov.cm\/wp-content\/uploads\/2022\/04\/IMG-20220405-WA0002.jpg\",\"articleSection\":[\"Information\"],\"inLanguage\":\"en-US\",\"potentialAction\":[{\"@type\":\"CommentAction\",\"name\":\"Comment\",\"target\":[\"https:\/\/meteocameroon.gov.cm\/atelier-de-formation-entre-des-marins-et-cadre-techniques-du-port-autonome-de-kribi-sur-les-previsions-meteorologiques-en-mer-04-avril-au-07-avril-2022\/#respond\"]}]},{\"@type\":\"WebPage\",\"@id\":\"https:\/\/meteocameroon.gov.cm\/atelier-de-formation-entre-des-marins-et-cadre-techniques-du-port-autonome-de-kribi-sur-les-previsions-meteorologiques-en-mer-04-avril-au-07-avril-2022\/\",\"url\":\"https:\/\/meteocameroon.gov.cm\/atelier-de-formation-entre-des-marins-et-cadre-techniques-du-port-autonome-de-kribi-sur-les-previsions-meteorologiques-en-mer-04-avril-au-07-avril-2022\/\",\"name\":\"Atelier de Formation - M\u00e9t\u00e9orologie Nationale du Cameroun\",\"isPartOf\":{\"@id\":\"https:\/\/meteocameroon.gov.cm\/#website\"},\"primaryImageOfPage\":{\"@id\":\"https:\/\/meteocameroon.gov.cm\/atelier-de-formation-entre-des-marins-et-cadre-techniques-du-port-autonome-de-kribi-sur-les-previsions-meteorologiques-en-mer-04-avril-au-07-avril-2022\/#primaryimage\"},\"image\":{\"@id\":\"https:\/\/meteocameroon.gov.cm\/atelier-de-formation-entre-des-marins-et-cadre-techniques-du-port-autonome-de-kribi-sur-les-previsions-meteorologiques-en-mer-04-avril-au-07-avril-2022\/#primaryimage\"},\"thumbnailUrl\":\"https:\/\/meteocameroon.gov.cm\/wp-content\/uploads\/2022\/04\/IMG-20220405-WA0002.jpg\",\"datePublished\":\"2022-04-14T09:27:19+00:00\",\"dateModified\":\"2022-04-14T09:38:10+00:00\",\"breadcrumb\":{\"@id\":\"https:\/\/meteocameroon.gov.cm\/atelier-de-formation-entre-des-marins-et-cadre-techniques-du-port-autonome-de-kribi-sur-les-previsions-meteorologiques-en-mer-04-avril-au-07-avril-2022\/#breadcrumb\"},\"inLanguage\":\"en-US\",\"potentialAction\":[{\"@type\":\"ReadAction\",\"target\":[\"https:\/\/meteocameroon.gov.cm\/atelier-de-formation-entre-des-marins-et-cadre-techniques-du-port-autonome-de-kribi-sur-les-previsions-meteorologiques-en-mer-04-avril-au-07-avril-2022\/\"]}]},{\"@type\":\"ImageObject\",\"inLanguage\":\"en-US\",\"@id\":\"https:\/\/meteocameroon.gov.cm\/atelier-de-formation-entre-des-marins-et-cadre-techniques-du-port-autonome-de-kribi-sur-les-previsions-meteorologiques-en-mer-04-avril-au-07-avril-2022\/#primaryimage\",\"url\":\"https:\/\/meteocameroon.gov.cm\/wp-content\/uploads\/2022\/04\/IMG-20220405-WA0002.jpg\",\"contentUrl\":\"https:\/\/meteocameroon.gov.cm\/wp-content\/uploads\/2022\/04\/IMG-20220405-WA0002.jpg\",\"width\":1080,\"height\":810},{\"@type\":\"BreadcrumbList\",\"@id\":\"https:\/\/meteocameroon.gov.cm\/atelier-de-formation-entre-des-marins-et-cadre-techniques-du-port-autonome-de-kribi-sur-les-previsions-meteorologiques-en-mer-04-avril-au-07-avril-2022\/#breadcrumb\",\"itemListElement\":[{\"@type\":\"ListItem\",\"position\":1,\"name\":\"Accueil\",\"item\":\"https:\/\/meteocameroon.gov.cm\/\"},{\"@type\":\"ListItem\",\"position\":2,\"name\":\"Atelier de Formation\"}]},{\"@type\":\"WebSite\",\"@id\":\"https:\/\/meteocameroon.gov.cm\/#website\",\"url\":\"https:\/\/meteocameroon.gov.cm\/\",\"name\":\"M\u00e9t\u00e9orologie Nationale du Cameroun\",\"description\":\"La m\u00e9t\u00e9o un outils pour le d\u00e9veloppement\",\"publisher\":{\"@id\":\"https:\/\/meteocameroon.gov.cm\/#organization\"},\"potentialAction\":[{\"@type\":\"SearchAction\",\"target\":{\"@type\":\"EntryPoint\",\"urlTemplate\":\"https:\/\/meteocameroon.gov.cm\/?s={search_term_string}\"},\"query-input\":{\"@type\":\"PropertyValueSpecification\",\"valueRequired\":true,\"valueName\":\"search_term_string\"}}],\"inLanguage\":\"en-US\"},{\"@type\":\"Organization\",\"@id\":\"https:\/\/meteocameroon.gov.cm\/#organization\",\"name\":\"M\u00e9t\u00e9orologie Nationale du Cameroun\",\"url\":\"https:\/\/meteocameroon.gov.cm\/\",\"logo\":{\"@type\":\"ImageObject\",\"inLanguage\":\"en-US\",\"@id\":\"https:\/\/meteocameroon.gov.cm\/#\/schema\/logo\/image\/\",\"url\":\"https:\/\/meteocameroon.gov.cm\/wp-content\/uploads\/2022\/06\/Artboard-14x-renew.jpg\",\"contentUrl\":\"https:\/\/meteocameroon.gov.cm\/wp-content\/uploads\/2022\/06\/Artboard-14x-renew.jpg\",\"width\":519,\"height\":504,\"caption\":\"M\u00e9t\u00e9orologie Nationale du Cameroun\"},\"image\":{\"@id\":\"https:\/\/meteocameroon.gov.cm\/#\/schema\/logo\/image\/\"}},{\"@type\":\"Person\",\"@id\":\"https:\/\/meteocameroon.gov.cm\/#\/schema\/person\/bf8a811b9a078925a5556150dde56f67\",\"name\":\"superadmin\",\"image\":{\"@type\":\"ImageObject\",\"inLanguage\":\"en-US\",\"@id\":\"https:\/\/meteocameroon.gov.cm\/#\/schema\/person\/image\/\",\"url\":\"https:\/\/secure.gravatar.com\/avatar\/ee04fc80fa7360e5f9946aa0aa1da08a4348d1df6c9f53420d4c0da53d3e53ae?s=96&d=mm&r=g\",\"contentUrl\":\"https:\/\/secure.gravatar.com\/avatar\/ee04fc80fa7360e5f9946aa0aa1da08a4348d1df6c9f53420d4c0da53d3e53ae?s=96&d=mm&r=g\",\"caption\":\"superadmin\"},\"sameAs\":[\"https:\/\/meteocameroon.gov.cm\"],\"url\":\"https:\/\/meteocameroon.gov.cm\/en\/author\/superadmin\/\"}]}<\/script>\n<!-- \/ Yoast SEO plugin. -->","yoast_head_json":{"title":"Atelier de Formation - M\u00e9t\u00e9orologie Nationale du Cameroun","robots":{"index":"index","follow":"follow","max-snippet":"max-snippet:-1","max-image-preview":"max-image-preview:large","max-video-preview":"max-video-preview:-1"},"canonical":"https:\/\/meteocameroon.gov.cm\/en\/atelier-de-formation-entre-des-marins-et-cadre-techniques-du-port-autonome-de-kribi-sur-les-previsions-meteorologiques-en-mer-04-avril-au-07-avril-2022\/","og_locale":"en_US","og_type":"article","og_title":"Atelier de Formation - M\u00e9t\u00e9orologie Nationale du Cameroun","og_description":"Un atelier de formation des marins et cadres techniques du Port Autonome de Kribi (PAK) sur les pr\u00e9visions de m\u00e9t\u00e9orologiques s\u2019est tenue du 04 au 07 Avril 2022 en la salle verte du Stade omnisport.","og_url":"https:\/\/meteocameroon.gov.cm\/en\/atelier-de-formation-entre-des-marins-et-cadre-techniques-du-port-autonome-de-kribi-sur-les-previsions-meteorologiques-en-mer-04-avril-au-07-avril-2022\/","og_site_name":"M\u00e9t\u00e9orologie Nationale du Cameroun","article_published_time":"2022-04-14T09:27:19+00:00","article_modified_time":"2022-04-14T09:38:10+00:00","og_image":[{"width":1080,"height":810,"url":"https:\/\/meteocameroon.gov.cm\/wp-content\/uploads\/2022\/04\/IMG-20220405-WA0002.jpg","type":"image\/jpeg"}],"author":"superadmin","twitter_card":"summary_large_image","twitter_misc":{"Written by":"superadmin","Est. reading time":"1 minute"},"schema":{"@context":"https:\/\/schema.org","@graph":[{"@type":"Article","@id":"https:\/\/meteocameroon.gov.cm\/atelier-de-formation-entre-des-marins-et-cadre-techniques-du-port-autonome-de-kribi-sur-les-previsions-meteorologiques-en-mer-04-avril-au-07-avril-2022\/#article","isPartOf":{"@id":"https:\/\/meteocameroon.gov.cm\/atelier-de-formation-entre-des-marins-et-cadre-techniques-du-port-autonome-de-kribi-sur-les-previsions-meteorologiques-en-mer-04-avril-au-07-avril-2022\/"},"author":{"name":"superadmin","@id":"https:\/\/meteocameroon.gov.cm\/#\/schema\/person\/bf8a811b9a078925a5556150dde56f67"},"headline":"Atelier de Formation","datePublished":"2022-04-14T09:27:19+00:00","dateModified":"2022-04-14T09:38:10+00:00","mainEntityOfPage":{"@id":"https:\/\/meteocameroon.gov.cm\/atelier-de-formation-entre-des-marins-et-cadre-techniques-du-port-autonome-de-kribi-sur-les-previsions-meteorologiques-en-mer-04-avril-au-07-avril-2022\/"},"wordCount":148,"commentCount":0,"publisher":{"@id":"https:\/\/meteocameroon.gov.cm\/#organization"},"image":{"@id":"https:\/\/meteocameroon.gov.cm\/atelier-de-formation-entre-des-marins-et-cadre-techniques-du-port-autonome-de-kribi-sur-les-previsions-meteorologiques-en-mer-04-avril-au-07-avril-2022\/#primaryimage"},"thumbnailUrl":"https:\/\/meteocameroon.gov.cm\/wp-content\/uploads\/2022\/04\/IMG-20220405-WA0002.jpg","articleSection":["Information"],"inLanguage":"en-US","potentialAction":[{"@type":"CommentAction","name":"Comment","target":["https:\/\/meteocameroon.gov.cm\/atelier-de-formation-entre-des-marins-et-cadre-techniques-du-port-autonome-de-kribi-sur-les-previsions-meteorologiques-en-mer-04-avril-au-07-avril-2022\/#respond"]}]},{"@type":"WebPage","@id":"https:\/\/meteocameroon.gov.cm\/atelier-de-formation-entre-des-marins-et-cadre-techniques-du-port-autonome-de-kribi-sur-les-previsions-meteorologiques-en-mer-04-avril-au-07-avril-2022\/","url":"https:\/\/meteocameroon.gov.cm\/atelier-de-formation-entre-des-marins-et-cadre-techniques-du-port-autonome-de-kribi-sur-les-previsions-meteorologiques-en-mer-04-avril-au-07-avril-2022\/","name":"Atelier de Formation - M\u00e9t\u00e9orologie Nationale du Cameroun","isPartOf":{"@id":"https:\/\/meteocameroon.gov.cm\/#website"},"primaryImageOfPage":{"@id":"https:\/\/meteocameroon.gov.cm\/atelier-de-formation-entre-des-marins-et-cadre-techniques-du-port-autonome-de-kribi-sur-les-previsions-meteorologiques-en-mer-04-avril-au-07-avril-2022\/#primaryimage"},"image":{"@id":"https:\/\/meteocameroon.gov.cm\/atelier-de-formation-entre-des-marins-et-cadre-techniques-du-port-autonome-de-kribi-sur-les-previsions-meteorologiques-en-mer-04-avril-au-07-avril-2022\/#primaryimage"},"thumbnailUrl":"https:\/\/meteocameroon.gov.cm\/wp-content\/uploads\/2022\/04\/IMG-20220405-WA0002.jpg","datePublished":"2022-04-14T09:27:19+00:00","dateModified":"2022-04-14T09:38:10+00:00","breadcrumb":{"@id":"https:\/\/meteocameroon.gov.cm\/atelier-de-formation-entre-des-marins-et-cadre-techniques-du-port-autonome-de-kribi-sur-les-previsions-meteorologiques-en-mer-04-avril-au-07-avril-2022\/#breadcrumb"},"inLanguage":"en-US","potentialAction":[{"@type":"ReadAction","target":["https:\/\/meteocameroon.gov.cm\/atelier-de-formation-entre-des-marins-et-cadre-techniques-du-port-autonome-de-kribi-sur-les-previsions-meteorologiques-en-mer-04-avril-au-07-avril-2022\/"]}]},{"@type":"ImageObject","inLanguage":"en-US","@id":"https:\/\/meteocameroon.gov.cm\/atelier-de-formation-entre-des-marins-et-cadre-techniques-du-port-autonome-de-kribi-sur-les-previsions-meteorologiques-en-mer-04-avril-au-07-avril-2022\/#primaryimage","url":"https:\/\/meteocameroon.gov.cm\/wp-content\/uploads\/2022\/04\/IMG-20220405-WA0002.jpg","contentUrl":"https:\/\/meteocameroon.gov.cm\/wp-content\/uploads\/2022\/04\/IMG-20220405-WA0002.jpg","width":1080,"height":810},{"@type":"BreadcrumbList","@id":"https:\/\/meteocameroon.gov.cm\/atelier-de-formation-entre-des-marins-et-cadre-techniques-du-port-autonome-de-kribi-sur-les-previsions-meteorologiques-en-mer-04-avril-au-07-avril-2022\/#breadcrumb","itemListElement":[{"@type":"ListItem","position":1,"name":"Accueil","item":"https:\/\/meteocameroon.gov.cm\/"},{"@type":"ListItem","position":2,"name":"Atelier de Formation"}]},{"@type":"WebSite","@id":"https:\/\/meteocameroon.gov.cm\/#website","url":"https:\/\/meteocameroon.gov.cm\/","name":"M\u00e9t\u00e9orologie Nationale du Cameroun","description":"La m\u00e9t\u00e9o un outils pour le d\u00e9veloppement","publisher":{"@id":"https:\/\/meteocameroon.gov.cm\/#organization"},"potentialAction":[{"@type":"SearchAction","target":{"@type":"EntryPoint","urlTemplate":"https:\/\/meteocameroon.gov.cm\/?s={search_term_string}"},"query-input":{"@type":"PropertyValueSpecification","valueRequired":true,"valueName":"search_term_string"}}],"inLanguage":"en-US"},{"@type":"Organization","@id":"https:\/\/meteocameroon.gov.cm\/#organization","name":"M\u00e9t\u00e9orologie Nationale du Cameroun","url":"https:\/\/meteocameroon.gov.cm\/","logo":{"@type":"ImageObject","inLanguage":"en-US","@id":"https:\/\/meteocameroon.gov.cm\/#\/schema\/logo\/image\/","url":"https:\/\/meteocameroon.gov.cm\/wp-content\/uploads\/2022\/06\/Artboard-14x-renew.jpg","contentUrl":"https:\/\/meteocameroon.gov.cm\/wp-content\/uploads\/2022\/06\/Artboard-14x-renew.jpg","width":519,"height":504,"caption":"M\u00e9t\u00e9orologie Nationale du Cameroun"},"image":{"@id":"https:\/\/meteocameroon.gov.cm\/#\/schema\/logo\/image\/"}},{"@type":"Person","@id":"https:\/\/meteocameroon.gov.cm\/#\/schema\/person\/bf8a811b9a078925a5556150dde56f67","name":"superadmin","image":{"@type":"ImageObject","inLanguage":"en-US","@id":"https:\/\/meteocameroon.gov.cm\/#\/schema\/person\/image\/","url":"https:\/\/secure.gravatar.com\/avatar\/ee04fc80fa7360e5f9946aa0aa1da08a4348d1df6c9f53420d4c0da53d3e53ae?s=96&d=mm&r=g","contentUrl":"https:\/\/secure.gravatar.com\/avatar\/ee04fc80fa7360e5f9946aa0aa1da08a4348d1df6c9f53420d4c0da53d3e53ae?s=96&d=mm&r=g","caption":"superadmin"},"sameAs":["https:\/\/meteocameroon.gov.cm"],"url":"https:\/\/meteocameroon.gov.cm\/en\/author\/superadmin\/"}]}},"rttpg_featured_image_url":{"full":["https:\/\/meteocameroon.gov.cm\/wp-content\/uploads\/2022\/04\/IMG-20220405-WA0002.jpg",1080,810,false],"landscape":["https:\/\/meteocameroon.gov.cm\/wp-content\/uploads\/2022\/04\/IMG-20220405-WA0002.jpg",1080,810,false],"portraits":["https:\/\/meteocameroon.gov.cm\/wp-content\/uploads\/2022\/04\/IMG-20220405-WA0002.jpg",1080,810,false],"thumbnail":["https:\/\/meteocameroon.gov.cm\/wp-content\/uploads\/2022\/04\/IMG-20220405-WA0002-150x150.jpg",150,150,true],"medium":["https:\/\/meteocameroon.gov.cm\/wp-content\/uploads\/2022\/04\/IMG-20220405-WA0002-300x225.jpg",300,225,true],"large":["https:\/\/meteocameroon.gov.cm\/wp-content\/uploads\/2022\/04\/IMG-20220405-WA0002-1024x768.jpg",640,480,true],"1536x1536":["https:\/\/meteocameroon.gov.cm\/wp-content\/uploads\/2022\/04\/IMG-20220405-WA0002.jpg",1080,810,false],"2048x2048":["https:\/\/meteocameroon.gov.cm\/wp-content\/uploads\/2022\/04\/IMG-20220405-WA0002.jpg",1080,810,false],"trp-custom-language-flag":["https:\/\/meteocameroon.gov.cm\/wp-content\/uploads\/2022\/04\/IMG-20220405-WA0002-16x12.jpg",16,12,true],"binit-portfolio":["https:\/\/meteocameroon.gov.cm\/wp-content\/uploads\/2022\/04\/IMG-20220405-WA0002-600x700.jpg",600,700,true],"binit-portfolio-vertical":["https:\/\/meteocameroon.gov.cm\/wp-content\/uploads\/2022\/04\/IMG-20220405-WA0002-380x564.jpg",380,564,true],"binit-blog":["https:\/\/meteocameroon.gov.cm\/wp-content\/uploads\/2022\/04\/IMG-20220405-WA0002-600x420.jpg",600,420,true],"binit-team":["https:\/\/meteocameroon.gov.cm\/wp-content\/uploads\/2022\/04\/IMG-20220405-WA0002-600x645.jpg",600,645,true],"binit-product":["https:\/\/meteocameroon.gov.cm\/wp-content\/uploads\/2022\/04\/IMG-20220405-WA0002-360x440.jpg",360,440,true],"binit-event":["https:\/\/meteocameroon.gov.cm\/wp-content\/uploads\/2022\/04\/IMG-20220405-WA0002-420x630.jpg",420,630,true]},"rttpg_author":{"display_name":"superadmin","author_link":"https:\/\/meteocameroon.gov.cm\/en\/author\/superadmin\/"},"rttpg_comment":0,"rttpg_category":"<a href=\"https:\/\/meteocameroon.gov.cm\/en\/category\/information\/\" rel=\"category tag\">Information<\/a>","rttpg_excerpt":"Un atelier de formation des marins et cadres techniques du Port Autonome de Kribi (PAK) sur les pr\u00e9visions de m\u00e9t\u00e9orologiques s\u2019est tenue du 04 au 07 Avril 2022 en la salle verte du Stade omnisport.","_links":{"self":[{"href":"https:\/\/meteocameroon.gov.cm\/en\/wp-json\/wp\/v2\/posts\/1269","targetHints":{"allow":["GET"]}}],"collection":[{"href":"https:\/\/meteocameroon.gov.cm\/en\/wp-json\/wp\/v2\/posts"}],"about":[{"href":"https:\/\/meteocameroon.gov.cm\/en\/wp-json\/wp\/v2\/types\/post"}],"author":[{"embeddable":true,"href":"https:\/\/meteocameroon.gov.cm\/en\/wp-json\/wp\/v2\/users\/1"}],"replies":[{"embeddable":true,"href":"https:\/\/meteocameroon.gov.cm\/en\/wp-json\/wp\/v2\/comments?post=1269"}],"version-history":[{"count":4,"href":"https:\/\/meteocameroon.gov.cm\/en\/wp-json\/wp\/v2\/posts\/1269\/revisions"}],"predecessor-version":[{"id":1289,"href":"https:\/\/meteocameroon.gov.cm\/en\/wp-json\/wp\/v2\/posts\/1269\/revisions\/1289"}],"wp:featuredmedia":[{"embeddable":true,"href":"https:\/\/meteocameroon.gov.cm\/en\/wp-json\/wp\/v2\/media\/1271"}],"wp:attachment":[{"href":"https:\/\/meteocameroon.gov.cm\/en\/wp-json\/wp\/v2\/media?parent=1269"}],"wp:term":[{"taxonomy":"category","embeddable":true,"href":"https:\/\/meteocameroon.gov.cm\/en\/wp-json\/wp\/v2\/categories?post=1269"},{"taxonomy":"post_tag","embeddable":true,"href":"https:\/\/meteocameroon.gov.cm\/en\/wp-json\/wp\/v2\/tags?post=1269"}],"curies":[{"name":"wp","href":"https:\/\/api.w.org\/{rel}","templated":true}]}}