{"id":2275,"date":"2022-08-03T18:28:42","date_gmt":"2022-08-03T17:28:42","guid":{"rendered":"https:\/\/meteocameroon.gov.cm\/?p=2275"},"modified":"2022-08-11T17:01:59","modified_gmt":"2022-08-11T16:01:59","slug":"premier-atelier-sur-le-renforcement-de-la-plate-forme-continentale-de-linterface-utilisateurs-du-26-au-29-juillet-2022-a-lhotel-djeuga-palace-yaounde","status":"publish","type":"post","link":"https:\/\/meteocameroon.gov.cm\/en\/premier-atelier-sur-le-renforcement-de-la-plate-forme-continentale-de-linterface-utilisateurs-du-26-au-29-juillet-2022-a-lhotel-djeuga-palace-yaounde\/","title":{"rendered":"First workshop on strengthening the continental platform of the user interface, from July 26 to 29, 2022, at the Djeuga Palace hotel \u2013 Yaound\u00e9"},"content":{"rendered":"<p>C\u00e9r\u00e9monie d&#8217;ouverture pr\u00e9sid\u00e9e, mardi 26 juillet 2022, par Monsieur Jean Ernest Mass\u00e9na NGALLE BIBEHE, Ministre des Transports assist\u00e9 de Monsieur le Ministre D\u00e9l\u00e9gu\u00e9 aupr\u00e8s du Minist\u00e8re des Transports et de Monsieur le Secr\u00e9taire g\u00e9n\u00e9ral du Minist\u00e8re des Transports, en pr\u00e9sence du Directeur g\u00e9n\u00e9ral de l&#8217;ACMAD, du Directeur de la M\u00e9t\u00e9orologie Nationale, des Responsables de l&#8217;African Network of Basin Organization et du Panafrican Farmers Organization. Prennent \u00e9galement part aux travaux, les repr\u00e9sentants du MINADER, du MINAT, du MINEE, du MINSANTE, du MINHDU, du MINEPIA, du FEICOM, de l&#8217;IRAD, du CRECC, du CILSN, du GrH, du GWP, de la CUD, de la CUY et de chaque D\u00e9l\u00e9gation R\u00e9gionale des Transports.<\/p>\n<p>L&#8217;objectif de l&#8217;atelier est de rassembler les fournisseurs des services climatologiques et les utilisateurs sectoriels pour structurer l&#8217;interface utilisateur comme pr\u00e9conis\u00e9 par le Cadre Mondial des Services Climatologiques.<\/p>\n<p>L&#8217;Afrique fait face \u00e0 une grande menace qui est le changement climatique aux effets d\u00e9vastateurs. Les travaux de cet atelier rev\u00eatent donc un int\u00e9r\u00eat tout particulier pour le continent dans la mesure o\u00f9 ils jetteront les bases d&#8217;une v\u00e9ritable plate-forme de dialogue et d&#8217;\u00e9changes sur les questions pertinentes \u00e0 la mise en \u0153uvre des objectifs de d\u00e9veloppement durable et de l&#8217;agenda 2063 de l&#8217;Union Africaine.<\/p>","protected":false},"excerpt":{"rendered":"<p>C\u00e9r\u00e9monie d&#8217;ouverture pr\u00e9sid\u00e9e, mardi 26 juillet 2022, par Monsieur Jean Ernest Mass\u00e9na NGALLE BIBEHE, Ministre des Transports assist\u00e9 de Monsieur le Ministre D\u00e9l\u00e9gu\u00e9 aupr\u00e8s du Minist\u00e8re des Transports et de Monsieur le Secr\u00e9taire g\u00e9n\u00e9ral du Minist\u00e8re des Transports, en pr\u00e9sence du Directeur g\u00e9n\u00e9ral de l&#8217;ACMAD, du Directeur de la M\u00e9t\u00e9orologie Nationale, des Responsables de l&#8217;African Network of Basin Organization et du Panafrican Farmers Organization. Prennent \u00e9galement part aux travaux, les repr\u00e9sentants du MINADER, du MINAT, du MINEE, du MINSANTE, du MINHDU, du MINEPIA, du FEICOM, de l&#8217;IRAD, du CRECC, du CILSN, du GrH, du GWP, de la CUD, de la CUY et de chaque D\u00e9l\u00e9gation R\u00e9gionale des Transports.<\/p>","protected":false},"author":1,"featured_media":2276,"comment_status":"open","ping_status":"open","sticky":false,"template":"","format":"standard","meta":{"footnotes":""},"categories":[18,1],"tags":[],"class_list":["post-2275","post","type-post","status-publish","format-standard","has-post-thumbnail","hentry","category-actualite","category-information"],"yoast_head":"<!-- This site is optimized with the Yoast SEO plugin v26.8 - https:\/\/yoast.com\/product\/yoast-seo-wordpress\/ -->\n<title>Premier atelier sur le renforcement de la plate-forme continentale de l&#039;interface utilisateurs, du 26 au 29 juillet 2022, \u00e0 l&#039;h\u00f4tel Djeuga Palace - Yaound\u00e9 - M\u00e9t\u00e9orologie Nationale du Cameroun<\/title>\n<meta name=\"robots\" content=\"index, follow, max-snippet:-1, max-image-preview:large, max-video-preview:-1\" \/>\n<link rel=\"canonical\" href=\"https:\/\/meteocameroon.gov.cm\/en\/premier-atelier-sur-le-renforcement-de-la-plate-forme-continentale-de-linterface-utilisateurs-du-26-au-29-juillet-2022-a-lhotel-djeuga-palace-yaounde\/\" \/>\n<meta property=\"og:locale\" content=\"en_US\" \/>\n<meta property=\"og:type\" content=\"article\" \/>\n<meta property=\"og:title\" content=\"Premier atelier sur le renforcement de la plate-forme continentale de l&#039;interface utilisateurs, du 26 au 29 juillet 2022, \u00e0 l&#039;h\u00f4tel Djeuga Palace - Yaound\u00e9 - M\u00e9t\u00e9orologie Nationale du Cameroun\" \/>\n<meta property=\"og:description\" content=\"C\u00e9r\u00e9monie d&#039;ouverture pr\u00e9sid\u00e9e, mardi 26 juillet 2022, par Monsieur Jean Ernest Mass\u00e9na NGALLE BIBEHE, Ministre des Transports assist\u00e9 de Monsieur le Ministre D\u00e9l\u00e9gu\u00e9 aupr\u00e8s du Minist\u00e8re des Transports et de Monsieur le Secr\u00e9taire g\u00e9n\u00e9ral du Minist\u00e8re des Transports, en pr\u00e9sence du Directeur g\u00e9n\u00e9ral de l&#039;ACMAD, du Directeur de la M\u00e9t\u00e9orologie Nationale, des Responsables de l&#039;African Network of Basin Organization et du Panafrican Farmers Organization. Prennent \u00e9galement part aux travaux, les repr\u00e9sentants du MINADER, du MINAT, du MINEE, du MINSANTE, du MINHDU, du MINEPIA, du FEICOM, de l&#039;IRAD, du CRECC, du CILSN, du GrH, du GWP, de la CUD, de la CUY et de chaque D\u00e9l\u00e9gation R\u00e9gionale des Transports.\" \/>\n<meta property=\"og:url\" content=\"https:\/\/meteocameroon.gov.cm\/en\/premier-atelier-sur-le-renforcement-de-la-plate-forme-continentale-de-linterface-utilisateurs-du-26-au-29-juillet-2022-a-lhotel-djeuga-palace-yaounde\/\" \/>\n<meta property=\"og:site_name\" content=\"M\u00e9t\u00e9orologie Nationale du Cameroun\" \/>\n<meta property=\"article:published_time\" content=\"2022-08-03T17:28:42+00:00\" \/>\n<meta property=\"article:modified_time\" content=\"2022-08-11T16:01:59+00:00\" \/>\n<meta property=\"og:image\" content=\"https:\/\/meteocameroon.gov.cm\/wp-content\/uploads\/2022\/08\/DSC_9579-scaled.jpg\" \/>\n\t<meta property=\"og:image:width\" content=\"2560\" \/>\n\t<meta property=\"og:image:height\" content=\"1696\" \/>\n\t<meta property=\"og:image:type\" content=\"image\/jpeg\" \/>\n<meta name=\"author\" content=\"superadmin\" \/>\n<meta name=\"twitter:card\" content=\"summary_large_image\" \/>\n<meta name=\"twitter:label1\" content=\"Written by\" \/>\n\t<meta name=\"twitter:data1\" content=\"superadmin\" \/>\n\t<meta name=\"twitter:label2\" content=\"Est. reading time\" \/>\n\t<meta name=\"twitter:data2\" content=\"2 minutes\" \/>\n<script type=\"application\/ld+json\" class=\"yoast-schema-graph\">{\"@context\":\"https:\/\/schema.org\",\"@graph\":[{\"@type\":\"Article\",\"@id\":\"https:\/\/meteocameroon.gov.cm\/premier-atelier-sur-le-renforcement-de-la-plate-forme-continentale-de-linterface-utilisateurs-du-26-au-29-juillet-2022-a-lhotel-djeuga-palace-yaounde\/#article\",\"isPartOf\":{\"@id\":\"https:\/\/meteocameroon.gov.cm\/premier-atelier-sur-le-renforcement-de-la-plate-forme-continentale-de-linterface-utilisateurs-du-26-au-29-juillet-2022-a-lhotel-djeuga-palace-yaounde\/\"},\"author\":{\"name\":\"superadmin\",\"@id\":\"https:\/\/meteocameroon.gov.cm\/#\/schema\/person\/bf8a811b9a078925a5556150dde56f67\"},\"headline\":\"Premier atelier sur le renforcement de la plate-forme continentale de l&#8217;interface utilisateurs, du 26 au 29 juillet 2022, \u00e0 l&#8217;h\u00f4tel Djeuga Palace &#8211; Yaound\u00e9\",\"datePublished\":\"2022-08-03T17:28:42+00:00\",\"dateModified\":\"2022-08-11T16:01:59+00:00\",\"mainEntityOfPage\":{\"@id\":\"https:\/\/meteocameroon.gov.cm\/premier-atelier-sur-le-renforcement-de-la-plate-forme-continentale-de-linterface-utilisateurs-du-26-au-29-juillet-2022-a-lhotel-djeuga-palace-yaounde\/\"},\"wordCount\":247,\"commentCount\":0,\"publisher\":{\"@id\":\"https:\/\/meteocameroon.gov.cm\/#organization\"},\"image\":{\"@id\":\"https:\/\/meteocameroon.gov.cm\/premier-atelier-sur-le-renforcement-de-la-plate-forme-continentale-de-linterface-utilisateurs-du-26-au-29-juillet-2022-a-lhotel-djeuga-palace-yaounde\/#primaryimage\"},\"thumbnailUrl\":\"https:\/\/meteocameroon.gov.cm\/wp-content\/uploads\/2022\/08\/DSC_9579-scaled.jpg\",\"articleSection\":[\"Actualit\u00e9\",\"Information\"],\"inLanguage\":\"en-US\",\"potentialAction\":[{\"@type\":\"CommentAction\",\"name\":\"Comment\",\"target\":[\"https:\/\/meteocameroon.gov.cm\/premier-atelier-sur-le-renforcement-de-la-plate-forme-continentale-de-linterface-utilisateurs-du-26-au-29-juillet-2022-a-lhotel-djeuga-palace-yaounde\/#respond\"]}]},{\"@type\":\"WebPage\",\"@id\":\"https:\/\/meteocameroon.gov.cm\/premier-atelier-sur-le-renforcement-de-la-plate-forme-continentale-de-linterface-utilisateurs-du-26-au-29-juillet-2022-a-lhotel-djeuga-palace-yaounde\/\",\"url\":\"https:\/\/meteocameroon.gov.cm\/premier-atelier-sur-le-renforcement-de-la-plate-forme-continentale-de-linterface-utilisateurs-du-26-au-29-juillet-2022-a-lhotel-djeuga-palace-yaounde\/\",\"name\":\"Premier atelier sur le renforcement de la plate-forme continentale de l'interface utilisateurs, du 26 au 29 juillet 2022, \u00e0 l'h\u00f4tel Djeuga Palace - Yaound\u00e9 - M\u00e9t\u00e9orologie Nationale du Cameroun\",\"isPartOf\":{\"@id\":\"https:\/\/meteocameroon.gov.cm\/#website\"},\"primaryImageOfPage\":{\"@id\":\"https:\/\/meteocameroon.gov.cm\/premier-atelier-sur-le-renforcement-de-la-plate-forme-continentale-de-linterface-utilisateurs-du-26-au-29-juillet-2022-a-lhotel-djeuga-palace-yaounde\/#primaryimage\"},\"image\":{\"@id\":\"https:\/\/meteocameroon.gov.cm\/premier-atelier-sur-le-renforcement-de-la-plate-forme-continentale-de-linterface-utilisateurs-du-26-au-29-juillet-2022-a-lhotel-djeuga-palace-yaounde\/#primaryimage\"},\"thumbnailUrl\":\"https:\/\/meteocameroon.gov.cm\/wp-content\/uploads\/2022\/08\/DSC_9579-scaled.jpg\",\"datePublished\":\"2022-08-03T17:28:42+00:00\",\"dateModified\":\"2022-08-11T16:01:59+00:00\",\"breadcrumb\":{\"@id\":\"https:\/\/meteocameroon.gov.cm\/premier-atelier-sur-le-renforcement-de-la-plate-forme-continentale-de-linterface-utilisateurs-du-26-au-29-juillet-2022-a-lhotel-djeuga-palace-yaounde\/#breadcrumb\"},\"inLanguage\":\"en-US\",\"potentialAction\":[{\"@type\":\"ReadAction\",\"target\":[\"https:\/\/meteocameroon.gov.cm\/premier-atelier-sur-le-renforcement-de-la-plate-forme-continentale-de-linterface-utilisateurs-du-26-au-29-juillet-2022-a-lhotel-djeuga-palace-yaounde\/\"]}]},{\"@type\":\"ImageObject\",\"inLanguage\":\"en-US\",\"@id\":\"https:\/\/meteocameroon.gov.cm\/premier-atelier-sur-le-renforcement-de-la-plate-forme-continentale-de-linterface-utilisateurs-du-26-au-29-juillet-2022-a-lhotel-djeuga-palace-yaounde\/#primaryimage\",\"url\":\"https:\/\/meteocameroon.gov.cm\/wp-content\/uploads\/2022\/08\/DSC_9579-scaled.jpg\",\"contentUrl\":\"https:\/\/meteocameroon.gov.cm\/wp-content\/uploads\/2022\/08\/DSC_9579-scaled.jpg\",\"width\":2560,\"height\":1696},{\"@type\":\"BreadcrumbList\",\"@id\":\"https:\/\/meteocameroon.gov.cm\/premier-atelier-sur-le-renforcement-de-la-plate-forme-continentale-de-linterface-utilisateurs-du-26-au-29-juillet-2022-a-lhotel-djeuga-palace-yaounde\/#breadcrumb\",\"itemListElement\":[{\"@type\":\"ListItem\",\"position\":1,\"name\":\"Accueil\",\"item\":\"https:\/\/meteocameroon.gov.cm\/\"},{\"@type\":\"ListItem\",\"position\":2,\"name\":\"Premier atelier sur le renforcement de la plate-forme continentale de l&#8217;interface utilisateurs, du 26 au 29 juillet 2022, \u00e0 l&#8217;h\u00f4tel Djeuga Palace &#8211; Yaound\u00e9\"}]},{\"@type\":\"WebSite\",\"@id\":\"https:\/\/meteocameroon.gov.cm\/#website\",\"url\":\"https:\/\/meteocameroon.gov.cm\/\",\"name\":\"M\u00e9t\u00e9orologie Nationale du Cameroun\",\"description\":\"La m\u00e9t\u00e9o un outils pour le d\u00e9veloppement\",\"publisher\":{\"@id\":\"https:\/\/meteocameroon.gov.cm\/#organization\"},\"potentialAction\":[{\"@type\":\"SearchAction\",\"target\":{\"@type\":\"EntryPoint\",\"urlTemplate\":\"https:\/\/meteocameroon.gov.cm\/?s={search_term_string}\"},\"query-input\":{\"@type\":\"PropertyValueSpecification\",\"valueRequired\":true,\"valueName\":\"search_term_string\"}}],\"inLanguage\":\"en-US\"},{\"@type\":\"Organization\",\"@id\":\"https:\/\/meteocameroon.gov.cm\/#organization\",\"name\":\"M\u00e9t\u00e9orologie Nationale du Cameroun\",\"url\":\"https:\/\/meteocameroon.gov.cm\/\",\"logo\":{\"@type\":\"ImageObject\",\"inLanguage\":\"en-US\",\"@id\":\"https:\/\/meteocameroon.gov.cm\/#\/schema\/logo\/image\/\",\"url\":\"https:\/\/meteocameroon.gov.cm\/wp-content\/uploads\/2022\/06\/Artboard-14x-renew.jpg\",\"contentUrl\":\"https:\/\/meteocameroon.gov.cm\/wp-content\/uploads\/2022\/06\/Artboard-14x-renew.jpg\",\"width\":519,\"height\":504,\"caption\":\"M\u00e9t\u00e9orologie Nationale du Cameroun\"},\"image\":{\"@id\":\"https:\/\/meteocameroon.gov.cm\/#\/schema\/logo\/image\/\"}},{\"@type\":\"Person\",\"@id\":\"https:\/\/meteocameroon.gov.cm\/#\/schema\/person\/bf8a811b9a078925a5556150dde56f67\",\"name\":\"superadmin\",\"image\":{\"@type\":\"ImageObject\",\"inLanguage\":\"en-US\",\"@id\":\"https:\/\/meteocameroon.gov.cm\/#\/schema\/person\/image\/\",\"url\":\"https:\/\/secure.gravatar.com\/avatar\/ee04fc80fa7360e5f9946aa0aa1da08a4348d1df6c9f53420d4c0da53d3e53ae?s=96&d=mm&r=g\",\"contentUrl\":\"https:\/\/secure.gravatar.com\/avatar\/ee04fc80fa7360e5f9946aa0aa1da08a4348d1df6c9f53420d4c0da53d3e53ae?s=96&d=mm&r=g\",\"caption\":\"superadmin\"},\"sameAs\":[\"https:\/\/meteocameroon.gov.cm\"],\"url\":\"https:\/\/meteocameroon.gov.cm\/en\/author\/superadmin\/\"}]}<\/script>\n<!-- \/ Yoast SEO plugin. -->","yoast_head_json":{"title":"Premier atelier sur le renforcement de la plate-forme continentale de l'interface utilisateurs, du 26 au 29 juillet 2022, \u00e0 l'h\u00f4tel Djeuga Palace - Yaound\u00e9 - M\u00e9t\u00e9orologie Nationale du Cameroun","robots":{"index":"index","follow":"follow","max-snippet":"max-snippet:-1","max-image-preview":"max-image-preview:large","max-video-preview":"max-video-preview:-1"},"canonical":"https:\/\/meteocameroon.gov.cm\/en\/premier-atelier-sur-le-renforcement-de-la-plate-forme-continentale-de-linterface-utilisateurs-du-26-au-29-juillet-2022-a-lhotel-djeuga-palace-yaounde\/","og_locale":"en_US","og_type":"article","og_title":"Premier atelier sur le renforcement de la plate-forme continentale de l'interface utilisateurs, du 26 au 29 juillet 2022, \u00e0 l'h\u00f4tel Djeuga Palace - Yaound\u00e9 - M\u00e9t\u00e9orologie Nationale du Cameroun","og_description":"C\u00e9r\u00e9monie d'ouverture pr\u00e9sid\u00e9e, mardi 26 juillet 2022, par Monsieur Jean Ernest Mass\u00e9na NGALLE BIBEHE, Ministre des Transports assist\u00e9 de Monsieur le Ministre D\u00e9l\u00e9gu\u00e9 aupr\u00e8s du Minist\u00e8re des Transports et de Monsieur le Secr\u00e9taire g\u00e9n\u00e9ral du Minist\u00e8re des Transports, en pr\u00e9sence du Directeur g\u00e9n\u00e9ral de l'ACMAD, du Directeur de la M\u00e9t\u00e9orologie Nationale, des Responsables de l'African Network of Basin Organization et du Panafrican Farmers Organization. Prennent \u00e9galement part aux travaux, les repr\u00e9sentants du MINADER, du MINAT, du MINEE, du MINSANTE, du MINHDU, du MINEPIA, du FEICOM, de l'IRAD, du CRECC, du CILSN, du GrH, du GWP, de la CUD, de la CUY et de chaque D\u00e9l\u00e9gation R\u00e9gionale des Transports.","og_url":"https:\/\/meteocameroon.gov.cm\/en\/premier-atelier-sur-le-renforcement-de-la-plate-forme-continentale-de-linterface-utilisateurs-du-26-au-29-juillet-2022-a-lhotel-djeuga-palace-yaounde\/","og_site_name":"M\u00e9t\u00e9orologie Nationale du Cameroun","article_published_time":"2022-08-03T17:28:42+00:00","article_modified_time":"2022-08-11T16:01:59+00:00","og_image":[{"width":2560,"height":1696,"url":"https:\/\/meteocameroon.gov.cm\/wp-content\/uploads\/2022\/08\/DSC_9579-scaled.jpg","type":"image\/jpeg"}],"author":"superadmin","twitter_card":"summary_large_image","twitter_misc":{"Written by":"superadmin","Est. reading time":"2 minutes"},"schema":{"@context":"https:\/\/schema.org","@graph":[{"@type":"Article","@id":"https:\/\/meteocameroon.gov.cm\/premier-atelier-sur-le-renforcement-de-la-plate-forme-continentale-de-linterface-utilisateurs-du-26-au-29-juillet-2022-a-lhotel-djeuga-palace-yaounde\/#article","isPartOf":{"@id":"https:\/\/meteocameroon.gov.cm\/premier-atelier-sur-le-renforcement-de-la-plate-forme-continentale-de-linterface-utilisateurs-du-26-au-29-juillet-2022-a-lhotel-djeuga-palace-yaounde\/"},"author":{"name":"superadmin","@id":"https:\/\/meteocameroon.gov.cm\/#\/schema\/person\/bf8a811b9a078925a5556150dde56f67"},"headline":"Premier atelier sur le renforcement de la plate-forme continentale de l&#8217;interface utilisateurs, du 26 au 29 juillet 2022, \u00e0 l&#8217;h\u00f4tel Djeuga Palace &#8211; Yaound\u00e9","datePublished":"2022-08-03T17:28:42+00:00","dateModified":"2022-08-11T16:01:59+00:00","mainEntityOfPage":{"@id":"https:\/\/meteocameroon.gov.cm\/premier-atelier-sur-le-renforcement-de-la-plate-forme-continentale-de-linterface-utilisateurs-du-26-au-29-juillet-2022-a-lhotel-djeuga-palace-yaounde\/"},"wordCount":247,"commentCount":0,"publisher":{"@id":"https:\/\/meteocameroon.gov.cm\/#organization"},"image":{"@id":"https:\/\/meteocameroon.gov.cm\/premier-atelier-sur-le-renforcement-de-la-plate-forme-continentale-de-linterface-utilisateurs-du-26-au-29-juillet-2022-a-lhotel-djeuga-palace-yaounde\/#primaryimage"},"thumbnailUrl":"https:\/\/meteocameroon.gov.cm\/wp-content\/uploads\/2022\/08\/DSC_9579-scaled.jpg","articleSection":["Actualit\u00e9","Information"],"inLanguage":"en-US","potentialAction":[{"@type":"CommentAction","name":"Comment","target":["https:\/\/meteocameroon.gov.cm\/premier-atelier-sur-le-renforcement-de-la-plate-forme-continentale-de-linterface-utilisateurs-du-26-au-29-juillet-2022-a-lhotel-djeuga-palace-yaounde\/#respond"]}]},{"@type":"WebPage","@id":"https:\/\/meteocameroon.gov.cm\/premier-atelier-sur-le-renforcement-de-la-plate-forme-continentale-de-linterface-utilisateurs-du-26-au-29-juillet-2022-a-lhotel-djeuga-palace-yaounde\/","url":"https:\/\/meteocameroon.gov.cm\/premier-atelier-sur-le-renforcement-de-la-plate-forme-continentale-de-linterface-utilisateurs-du-26-au-29-juillet-2022-a-lhotel-djeuga-palace-yaounde\/","name":"Premier atelier sur le renforcement de la plate-forme continentale de l'interface utilisateurs, du 26 au 29 juillet 2022, \u00e0 l'h\u00f4tel Djeuga Palace - Yaound\u00e9 - M\u00e9t\u00e9orologie Nationale du Cameroun","isPartOf":{"@id":"https:\/\/meteocameroon.gov.cm\/#website"},"primaryImageOfPage":{"@id":"https:\/\/meteocameroon.gov.cm\/premier-atelier-sur-le-renforcement-de-la-plate-forme-continentale-de-linterface-utilisateurs-du-26-au-29-juillet-2022-a-lhotel-djeuga-palace-yaounde\/#primaryimage"},"image":{"@id":"https:\/\/meteocameroon.gov.cm\/premier-atelier-sur-le-renforcement-de-la-plate-forme-continentale-de-linterface-utilisateurs-du-26-au-29-juillet-2022-a-lhotel-djeuga-palace-yaounde\/#primaryimage"},"thumbnailUrl":"https:\/\/meteocameroon.gov.cm\/wp-content\/uploads\/2022\/08\/DSC_9579-scaled.jpg","datePublished":"2022-08-03T17:28:42+00:00","dateModified":"2022-08-11T16:01:59+00:00","breadcrumb":{"@id":"https:\/\/meteocameroon.gov.cm\/premier-atelier-sur-le-renforcement-de-la-plate-forme-continentale-de-linterface-utilisateurs-du-26-au-29-juillet-2022-a-lhotel-djeuga-palace-yaounde\/#breadcrumb"},"inLanguage":"en-US","potentialAction":[{"@type":"ReadAction","target":["https:\/\/meteocameroon.gov.cm\/premier-atelier-sur-le-renforcement-de-la-plate-forme-continentale-de-linterface-utilisateurs-du-26-au-29-juillet-2022-a-lhotel-djeuga-palace-yaounde\/"]}]},{"@type":"ImageObject","inLanguage":"en-US","@id":"https:\/\/meteocameroon.gov.cm\/premier-atelier-sur-le-renforcement-de-la-plate-forme-continentale-de-linterface-utilisateurs-du-26-au-29-juillet-2022-a-lhotel-djeuga-palace-yaounde\/#primaryimage","url":"https:\/\/meteocameroon.gov.cm\/wp-content\/uploads\/2022\/08\/DSC_9579-scaled.jpg","contentUrl":"https:\/\/meteocameroon.gov.cm\/wp-content\/uploads\/2022\/08\/DSC_9579-scaled.jpg","width":2560,"height":1696},{"@type":"BreadcrumbList","@id":"https:\/\/meteocameroon.gov.cm\/premier-atelier-sur-le-renforcement-de-la-plate-forme-continentale-de-linterface-utilisateurs-du-26-au-29-juillet-2022-a-lhotel-djeuga-palace-yaounde\/#breadcrumb","itemListElement":[{"@type":"ListItem","position":1,"name":"Accueil","item":"https:\/\/meteocameroon.gov.cm\/"},{"@type":"ListItem","position":2,"name":"Premier atelier sur le renforcement de la plate-forme continentale de l&#8217;interface utilisateurs, du 26 au 29 juillet 2022, \u00e0 l&#8217;h\u00f4tel Djeuga Palace &#8211; Yaound\u00e9"}]},{"@type":"WebSite","@id":"https:\/\/meteocameroon.gov.cm\/#website","url":"https:\/\/meteocameroon.gov.cm\/","name":"M\u00e9t\u00e9orologie Nationale du Cameroun","description":"La m\u00e9t\u00e9o un outils pour le d\u00e9veloppement","publisher":{"@id":"https:\/\/meteocameroon.gov.cm\/#organization"},"potentialAction":[{"@type":"SearchAction","target":{"@type":"EntryPoint","urlTemplate":"https:\/\/meteocameroon.gov.cm\/?s={search_term_string}"},"query-input":{"@type":"PropertyValueSpecification","valueRequired":true,"valueName":"search_term_string"}}],"inLanguage":"en-US"},{"@type":"Organization","@id":"https:\/\/meteocameroon.gov.cm\/#organization","name":"M\u00e9t\u00e9orologie Nationale du Cameroun","url":"https:\/\/meteocameroon.gov.cm\/","logo":{"@type":"ImageObject","inLanguage":"en-US","@id":"https:\/\/meteocameroon.gov.cm\/#\/schema\/logo\/image\/","url":"https:\/\/meteocameroon.gov.cm\/wp-content\/uploads\/2022\/06\/Artboard-14x-renew.jpg","contentUrl":"https:\/\/meteocameroon.gov.cm\/wp-content\/uploads\/2022\/06\/Artboard-14x-renew.jpg","width":519,"height":504,"caption":"M\u00e9t\u00e9orologie Nationale du Cameroun"},"image":{"@id":"https:\/\/meteocameroon.gov.cm\/#\/schema\/logo\/image\/"}},{"@type":"Person","@id":"https:\/\/meteocameroon.gov.cm\/#\/schema\/person\/bf8a811b9a078925a5556150dde56f67","name":"superadmin","image":{"@type":"ImageObject","inLanguage":"en-US","@id":"https:\/\/meteocameroon.gov.cm\/#\/schema\/person\/image\/","url":"https:\/\/secure.gravatar.com\/avatar\/ee04fc80fa7360e5f9946aa0aa1da08a4348d1df6c9f53420d4c0da53d3e53ae?s=96&d=mm&r=g","contentUrl":"https:\/\/secure.gravatar.com\/avatar\/ee04fc80fa7360e5f9946aa0aa1da08a4348d1df6c9f53420d4c0da53d3e53ae?s=96&d=mm&r=g","caption":"superadmin"},"sameAs":["https:\/\/meteocameroon.gov.cm"],"url":"https:\/\/meteocameroon.gov.cm\/en\/author\/superadmin\/"}]}},"rttpg_featured_image_url":{"full":["https:\/\/meteocameroon.gov.cm\/wp-content\/uploads\/2022\/08\/DSC_9579-scaled.jpg",2560,1696,false],"landscape":["https:\/\/meteocameroon.gov.cm\/wp-content\/uploads\/2022\/08\/DSC_9579-scaled.jpg",2560,1696,false],"portraits":["https:\/\/meteocameroon.gov.cm\/wp-content\/uploads\/2022\/08\/DSC_9579-scaled.jpg",2560,1696,false],"thumbnail":["https:\/\/meteocameroon.gov.cm\/wp-content\/uploads\/2022\/08\/DSC_9579-150x150.jpg",150,150,true],"medium":["https:\/\/meteocameroon.gov.cm\/wp-content\/uploads\/2022\/08\/DSC_9579-300x199.jpg",300,199,true],"large":["https:\/\/meteocameroon.gov.cm\/wp-content\/uploads\/2022\/08\/DSC_9579-1024x678.jpg",640,424,true],"1536x1536":["https:\/\/meteocameroon.gov.cm\/wp-content\/uploads\/2022\/08\/DSC_9579-1536x1017.jpg",1536,1017,true],"2048x2048":["https:\/\/meteocameroon.gov.cm\/wp-content\/uploads\/2022\/08\/DSC_9579-2048x1356.jpg",2048,1356,true],"trp-custom-language-flag":["https:\/\/meteocameroon.gov.cm\/wp-content\/uploads\/2022\/08\/DSC_9579-18x12.jpg",18,12,true],"binit-portfolio":["https:\/\/meteocameroon.gov.cm\/wp-content\/uploads\/2022\/08\/DSC_9579-600x700.jpg",600,700,true],"binit-portfolio-vertical":["https:\/\/meteocameroon.gov.cm\/wp-content\/uploads\/2022\/08\/DSC_9579-380x564.jpg",380,564,true],"binit-blog":["https:\/\/meteocameroon.gov.cm\/wp-content\/uploads\/2022\/08\/DSC_9579-600x420.jpg",600,420,true],"binit-team":["https:\/\/meteocameroon.gov.cm\/wp-content\/uploads\/2022\/08\/DSC_9579-600x645.jpg",600,645,true],"binit-product":["https:\/\/meteocameroon.gov.cm\/wp-content\/uploads\/2022\/08\/DSC_9579-360x440.jpg",360,440,true],"binit-event":["https:\/\/meteocameroon.gov.cm\/wp-content\/uploads\/2022\/08\/DSC_9579-420x630.jpg",420,630,true]},"rttpg_author":{"display_name":"superadmin","author_link":"https:\/\/meteocameroon.gov.cm\/en\/author\/superadmin\/"},"rttpg_comment":0,"rttpg_category":"<a href=\"https:\/\/meteocameroon.gov.cm\/en\/category\/actualite\/\" rel=\"category tag\">Actualit\u00e9<\/a> <a href=\"https:\/\/meteocameroon.gov.cm\/en\/category\/information\/\" rel=\"category tag\">Information<\/a>","rttpg_excerpt":"C\u00e9r\u00e9monie d'ouverture pr\u00e9sid\u00e9e, mardi 26 juillet 2022, par Monsieur Jean Ernest Mass\u00e9na NGALLE BIBEHE, Ministre des Transports assist\u00e9 de Monsieur le Ministre D\u00e9l\u00e9gu\u00e9 aupr\u00e8s du Minist\u00e8re des Transports et de Monsieur le Secr\u00e9taire g\u00e9n\u00e9ral du Minist\u00e8re des Transports, en pr\u00e9sence du Directeur g\u00e9n\u00e9ral de l'ACMAD, du Directeur de la M\u00e9t\u00e9orologie Nationale, des Responsables de l'African&hellip;","_links":{"self":[{"href":"https:\/\/meteocameroon.gov.cm\/en\/wp-json\/wp\/v2\/posts\/2275","targetHints":{"allow":["GET"]}}],"collection":[{"href":"https:\/\/meteocameroon.gov.cm\/en\/wp-json\/wp\/v2\/posts"}],"about":[{"href":"https:\/\/meteocameroon.gov.cm\/en\/wp-json\/wp\/v2\/types\/post"}],"author":[{"embeddable":true,"href":"https:\/\/meteocameroon.gov.cm\/en\/wp-json\/wp\/v2\/users\/1"}],"replies":[{"embeddable":true,"href":"https:\/\/meteocameroon.gov.cm\/en\/wp-json\/wp\/v2\/comments?post=2275"}],"version-history":[{"count":4,"href":"https:\/\/meteocameroon.gov.cm\/en\/wp-json\/wp\/v2\/posts\/2275\/revisions"}],"predecessor-version":[{"id":2290,"href":"https:\/\/meteocameroon.gov.cm\/en\/wp-json\/wp\/v2\/posts\/2275\/revisions\/2290"}],"wp:featuredmedia":[{"embeddable":true,"href":"https:\/\/meteocameroon.gov.cm\/en\/wp-json\/wp\/v2\/media\/2276"}],"wp:attachment":[{"href":"https:\/\/meteocameroon.gov.cm\/en\/wp-json\/wp\/v2\/media?parent=2275"}],"wp:term":[{"taxonomy":"category","embeddable":true,"href":"https:\/\/meteocameroon.gov.cm\/en\/wp-json\/wp\/v2\/categories?post=2275"},{"taxonomy":"post_tag","embeddable":true,"href":"https:\/\/meteocameroon.gov.cm\/en\/wp-json\/wp\/v2\/tags?post=2275"}],"curies":[{"name":"wp","href":"https:\/\/api.w.org\/{rel}","templated":true}]}}