{"id":2353,"date":"2022-09-13T10:09:57","date_gmt":"2022-09-13T09:09:57","guid":{"rendered":"https:\/\/meteocameroon.gov.cm\/?p=2353"},"modified":"2022-09-21T10:14:42","modified_gmt":"2022-09-21T09:14:42","slug":"forum_eumetsat","status":"publish","type":"post","link":"https:\/\/meteocameroon.gov.cm\/en\/forum_eumetsat\/","title":{"rendered":"15th EUMETSAT User Forum in Africa, Dar Es Salam-Tanzania from 13 to 16 September 2022"},"content":{"rendered":"<div dir=\"auto\">Le Ministre des Transports du Cameroun et Pr\u00e9sident en exercice de la Conf\u00e9rence Minist\u00e9rielle Africaine sur la M\u00e9t\u00e9orologie (AMCOMET), Jean Jean Ernest Mass\u00e9na NGALL\u00c8 BIB\u00c9H\u00c8, a pris part ce 12 septembre 2022 au Centre International de Conf\u00e9rence Julius Nyerere \u00e0 Dar Es Salam en Tanzanie, au segment de haut niveau sur le satellite Meteosat Troisi\u00e8me G\u00e9n\u00e9ration (MTG) pour l&#8217;Afrique et la Facilit\u00e9 Africaine pour les Applications des Satellites M\u00e9t\u00e9orologiques (AMSAF).<\/div>\n<div dir=\"auto\">L\u2019\u00e9v\u00e9nement a connu la participation du Ministre des Transports et des Travaux Publics de la Tanzanie, des hauts responsables notamment de la Commission de l\u2019Union Africaine, de l\u2019Union Europ\u00e9enne, de l\u2019Organisation m\u00e9t\u00e9orologique mondiale, et du Directeur g\u00e9n\u00e9ral de l\u2019organisation EUMETSAT.<\/div>\n<p>Dans son allocution, le Pr\u00e9sident de l\u2019AMCOMET a relev\u00e9 que la menace du changement climatique sur le d\u00e9veloppement de l\u2019Afrique n\u2019est plus une vue de l\u2019esprit, mais un constat r\u00e9el perceptible partout sur le continent, \u00e0 travers les inondations, les s\u00e8cheresses et autres \u00e9v\u00e9nements climatiques extr\u00eames. Face \u00e0 cette situation pr\u00e9occupante, il a plaid\u00e9 pour une synergie d\u2019actions, en vue de relever le d\u00e9fi de l\u2019adaptation et de la r\u00e9silience des populations, ainsi que des investissements sur le continent. Le Ministre a \u00e9galement \u00e9voqu\u00e9 la rencontre minist\u00e9rielle sur les alertes pr\u00e9coces en Afrique australe, et la r\u00e9union du Bureau de l\u2019AMCOMET qui se sont tenues respectivement les 08 et 09 septembre 2022 \u00e0 Maputo au Mozambique. En saluant les efforts d\u00e9j\u00e0 consentis par EUMETSAT pour fournir des donn\u00e9es, des infrastructures et des formations aux Services m\u00e9t\u00e9orologiques et hydrologiques nationaux en Afrique, il a invit\u00e9 les partenaires au d\u00e9veloppement, soucieux du bien-\u00eatre de l\u2019Afrique, \u00e0 accompagner sans r\u00e9serve le projet MTG-AMSAF afin qu\u2019il puisse rapidement \u00eatre mis en \u0153uvre au grand b\u00e9n\u00e9fice des populations. Pour mat\u00e9rialiser le soutien fort et ferme des Ministres africains charg\u00e9 de la M\u00e9t\u00e9orologie, en faveur des programmes mis place par EUMETSAT pour faciliter l\u2019acc\u00e8s aux donn\u00e9es m\u00e9t\u00e9orologiques satellitaires, le Pr\u00e9sident de l\u2019AMCOMET a approuv\u00e9 et sign\u00e9 la d\u00e9claration de haut niveau.<\/p>","protected":false},"excerpt":{"rendered":"<p>L\u2019\u00e9v\u00e9nement a connu la participation du Ministre des Transports et des Travaux Publics de la Tanzanie, des hauts responsables notamment de la Commission de l\u2019Union Africaine, de l\u2019Union Europ\u00e9enne, de l\u2019Organisation m\u00e9t\u00e9orologique mondiale, et du Directeur g\u00e9n\u00e9ral de l\u2019organisation EUMETSAT.<\/p>","protected":false},"author":1,"featured_media":2354,"comment_status":"open","ping_status":"open","sticky":false,"template":"","format":"standard","meta":{"footnotes":""},"categories":[18,1],"tags":[],"class_list":["post-2353","post","type-post","status-publish","format-standard","has-post-thumbnail","hentry","category-actualite","category-information"],"yoast_head":"<!-- This site is optimized with the Yoast SEO plugin v26.8 - https:\/\/yoast.com\/product\/yoast-seo-wordpress\/ -->\n<title>15\u00e8me Forum des usagers d&#039;EUMETSAT en Afrique, Dar Es Salam-Tanzanie du 13 au 16 Septembre 2022 - M\u00e9t\u00e9orologie Nationale du Cameroun<\/title>\n<meta name=\"robots\" content=\"index, follow, max-snippet:-1, max-image-preview:large, max-video-preview:-1\" \/>\n<link rel=\"canonical\" href=\"https:\/\/meteocameroon.gov.cm\/en\/forum_eumetsat\/\" \/>\n<meta property=\"og:locale\" content=\"en_US\" \/>\n<meta property=\"og:type\" content=\"article\" \/>\n<meta property=\"og:title\" content=\"15\u00e8me Forum des usagers d&#039;EUMETSAT en Afrique, Dar Es Salam-Tanzanie du 13 au 16 Septembre 2022 - M\u00e9t\u00e9orologie Nationale du Cameroun\" \/>\n<meta property=\"og:description\" content=\"L\u2019\u00e9v\u00e9nement a connu la participation du Ministre des Transports et des Travaux Publics de la Tanzanie, des hauts responsables notamment de la Commission de l\u2019Union Africaine, de l\u2019Union Europ\u00e9enne, de l\u2019Organisation m\u00e9t\u00e9orologique mondiale, et du Directeur g\u00e9n\u00e9ral de l\u2019organisation EUMETSAT.\" \/>\n<meta property=\"og:url\" content=\"https:\/\/meteocameroon.gov.cm\/en\/forum_eumetsat\/\" \/>\n<meta property=\"og:site_name\" content=\"M\u00e9t\u00e9orologie Nationale du Cameroun\" \/>\n<meta property=\"article:published_time\" content=\"2022-09-13T09:09:57+00:00\" \/>\n<meta property=\"article:modified_time\" content=\"2022-09-21T09:14:42+00:00\" \/>\n<meta property=\"og:image\" content=\"https:\/\/meteocameroon.gov.cm\/wp-content\/uploads\/2022\/09\/WhatsApp-Image-2022-09-14-at-6.51.46-AM.jpeg\" \/>\n\t<meta property=\"og:image:width\" content=\"1080\" \/>\n\t<meta property=\"og:image:height\" content=\"810\" \/>\n\t<meta property=\"og:image:type\" content=\"image\/jpeg\" \/>\n<meta name=\"author\" content=\"superadmin\" \/>\n<meta name=\"twitter:card\" content=\"summary_large_image\" \/>\n<meta name=\"twitter:label1\" content=\"Written by\" \/>\n\t<meta name=\"twitter:data1\" content=\"superadmin\" \/>\n\t<meta name=\"twitter:label2\" content=\"Est. reading time\" \/>\n\t<meta name=\"twitter:data2\" content=\"2 minutes\" \/>\n<script type=\"application\/ld+json\" class=\"yoast-schema-graph\">{\"@context\":\"https:\/\/schema.org\",\"@graph\":[{\"@type\":\"Article\",\"@id\":\"https:\/\/meteocameroon.gov.cm\/forum_eumetsat\/#article\",\"isPartOf\":{\"@id\":\"https:\/\/meteocameroon.gov.cm\/forum_eumetsat\/\"},\"author\":{\"name\":\"superadmin\",\"@id\":\"https:\/\/meteocameroon.gov.cm\/#\/schema\/person\/bf8a811b9a078925a5556150dde56f67\"},\"headline\":\"15\u00e8me Forum des usagers d&#8217;EUMETSAT en Afrique, Dar Es Salam-Tanzanie du 13 au 16 Septembre 2022\",\"datePublished\":\"2022-09-13T09:09:57+00:00\",\"dateModified\":\"2022-09-21T09:14:42+00:00\",\"mainEntityOfPage\":{\"@id\":\"https:\/\/meteocameroon.gov.cm\/forum_eumetsat\/\"},\"wordCount\":393,\"commentCount\":0,\"publisher\":{\"@id\":\"https:\/\/meteocameroon.gov.cm\/#organization\"},\"image\":{\"@id\":\"https:\/\/meteocameroon.gov.cm\/forum_eumetsat\/#primaryimage\"},\"thumbnailUrl\":\"https:\/\/meteocameroon.gov.cm\/wp-content\/uploads\/2022\/09\/WhatsApp-Image-2022-09-14-at-6.51.46-AM.jpeg\",\"articleSection\":[\"Actualit\u00e9\",\"Information\"],\"inLanguage\":\"en-US\",\"potentialAction\":[{\"@type\":\"CommentAction\",\"name\":\"Comment\",\"target\":[\"https:\/\/meteocameroon.gov.cm\/forum_eumetsat\/#respond\"]}]},{\"@type\":\"WebPage\",\"@id\":\"https:\/\/meteocameroon.gov.cm\/forum_eumetsat\/\",\"url\":\"https:\/\/meteocameroon.gov.cm\/forum_eumetsat\/\",\"name\":\"15\u00e8me Forum des usagers d'EUMETSAT en Afrique, Dar Es Salam-Tanzanie du 13 au 16 Septembre 2022 - M\u00e9t\u00e9orologie Nationale du Cameroun\",\"isPartOf\":{\"@id\":\"https:\/\/meteocameroon.gov.cm\/#website\"},\"primaryImageOfPage\":{\"@id\":\"https:\/\/meteocameroon.gov.cm\/forum_eumetsat\/#primaryimage\"},\"image\":{\"@id\":\"https:\/\/meteocameroon.gov.cm\/forum_eumetsat\/#primaryimage\"},\"thumbnailUrl\":\"https:\/\/meteocameroon.gov.cm\/wp-content\/uploads\/2022\/09\/WhatsApp-Image-2022-09-14-at-6.51.46-AM.jpeg\",\"datePublished\":\"2022-09-13T09:09:57+00:00\",\"dateModified\":\"2022-09-21T09:14:42+00:00\",\"breadcrumb\":{\"@id\":\"https:\/\/meteocameroon.gov.cm\/forum_eumetsat\/#breadcrumb\"},\"inLanguage\":\"en-US\",\"potentialAction\":[{\"@type\":\"ReadAction\",\"target\":[\"https:\/\/meteocameroon.gov.cm\/forum_eumetsat\/\"]}]},{\"@type\":\"ImageObject\",\"inLanguage\":\"en-US\",\"@id\":\"https:\/\/meteocameroon.gov.cm\/forum_eumetsat\/#primaryimage\",\"url\":\"https:\/\/meteocameroon.gov.cm\/wp-content\/uploads\/2022\/09\/WhatsApp-Image-2022-09-14-at-6.51.46-AM.jpeg\",\"contentUrl\":\"https:\/\/meteocameroon.gov.cm\/wp-content\/uploads\/2022\/09\/WhatsApp-Image-2022-09-14-at-6.51.46-AM.jpeg\",\"width\":1080,\"height\":810},{\"@type\":\"BreadcrumbList\",\"@id\":\"https:\/\/meteocameroon.gov.cm\/forum_eumetsat\/#breadcrumb\",\"itemListElement\":[{\"@type\":\"ListItem\",\"position\":1,\"name\":\"Accueil\",\"item\":\"https:\/\/meteocameroon.gov.cm\/\"},{\"@type\":\"ListItem\",\"position\":2,\"name\":\"15\u00e8me Forum des usagers d&#8217;EUMETSAT en Afrique, Dar Es Salam-Tanzanie du 13 au 16 Septembre 2022\"}]},{\"@type\":\"WebSite\",\"@id\":\"https:\/\/meteocameroon.gov.cm\/#website\",\"url\":\"https:\/\/meteocameroon.gov.cm\/\",\"name\":\"M\u00e9t\u00e9orologie Nationale du Cameroun\",\"description\":\"La m\u00e9t\u00e9o un outils pour le d\u00e9veloppement\",\"publisher\":{\"@id\":\"https:\/\/meteocameroon.gov.cm\/#organization\"},\"potentialAction\":[{\"@type\":\"SearchAction\",\"target\":{\"@type\":\"EntryPoint\",\"urlTemplate\":\"https:\/\/meteocameroon.gov.cm\/?s={search_term_string}\"},\"query-input\":{\"@type\":\"PropertyValueSpecification\",\"valueRequired\":true,\"valueName\":\"search_term_string\"}}],\"inLanguage\":\"en-US\"},{\"@type\":\"Organization\",\"@id\":\"https:\/\/meteocameroon.gov.cm\/#organization\",\"name\":\"M\u00e9t\u00e9orologie Nationale du Cameroun\",\"url\":\"https:\/\/meteocameroon.gov.cm\/\",\"logo\":{\"@type\":\"ImageObject\",\"inLanguage\":\"en-US\",\"@id\":\"https:\/\/meteocameroon.gov.cm\/#\/schema\/logo\/image\/\",\"url\":\"https:\/\/meteocameroon.gov.cm\/wp-content\/uploads\/2022\/06\/Artboard-14x-renew.jpg\",\"contentUrl\":\"https:\/\/meteocameroon.gov.cm\/wp-content\/uploads\/2022\/06\/Artboard-14x-renew.jpg\",\"width\":519,\"height\":504,\"caption\":\"M\u00e9t\u00e9orologie Nationale du Cameroun\"},\"image\":{\"@id\":\"https:\/\/meteocameroon.gov.cm\/#\/schema\/logo\/image\/\"}},{\"@type\":\"Person\",\"@id\":\"https:\/\/meteocameroon.gov.cm\/#\/schema\/person\/bf8a811b9a078925a5556150dde56f67\",\"name\":\"superadmin\",\"image\":{\"@type\":\"ImageObject\",\"inLanguage\":\"en-US\",\"@id\":\"https:\/\/meteocameroon.gov.cm\/#\/schema\/person\/image\/\",\"url\":\"https:\/\/secure.gravatar.com\/avatar\/ee04fc80fa7360e5f9946aa0aa1da08a4348d1df6c9f53420d4c0da53d3e53ae?s=96&d=mm&r=g\",\"contentUrl\":\"https:\/\/secure.gravatar.com\/avatar\/ee04fc80fa7360e5f9946aa0aa1da08a4348d1df6c9f53420d4c0da53d3e53ae?s=96&d=mm&r=g\",\"caption\":\"superadmin\"},\"sameAs\":[\"https:\/\/meteocameroon.gov.cm\"],\"url\":\"https:\/\/meteocameroon.gov.cm\/en\/author\/superadmin\/\"}]}<\/script>\n<!-- \/ Yoast SEO plugin. -->","yoast_head_json":{"title":"15\u00e8me Forum des usagers d'EUMETSAT en Afrique, Dar Es Salam-Tanzanie du 13 au 16 Septembre 2022 - M\u00e9t\u00e9orologie Nationale du Cameroun","robots":{"index":"index","follow":"follow","max-snippet":"max-snippet:-1","max-image-preview":"max-image-preview:large","max-video-preview":"max-video-preview:-1"},"canonical":"https:\/\/meteocameroon.gov.cm\/en\/forum_eumetsat\/","og_locale":"en_US","og_type":"article","og_title":"15\u00e8me Forum des usagers d'EUMETSAT en Afrique, Dar Es Salam-Tanzanie du 13 au 16 Septembre 2022 - M\u00e9t\u00e9orologie Nationale du Cameroun","og_description":"L\u2019\u00e9v\u00e9nement a connu la participation du Ministre des Transports et des Travaux Publics de la Tanzanie, des hauts responsables notamment de la Commission de l\u2019Union Africaine, de l\u2019Union Europ\u00e9enne, de l\u2019Organisation m\u00e9t\u00e9orologique mondiale, et du Directeur g\u00e9n\u00e9ral de l\u2019organisation EUMETSAT.","og_url":"https:\/\/meteocameroon.gov.cm\/en\/forum_eumetsat\/","og_site_name":"M\u00e9t\u00e9orologie Nationale du Cameroun","article_published_time":"2022-09-13T09:09:57+00:00","article_modified_time":"2022-09-21T09:14:42+00:00","og_image":[{"width":1080,"height":810,"url":"https:\/\/meteocameroon.gov.cm\/wp-content\/uploads\/2022\/09\/WhatsApp-Image-2022-09-14-at-6.51.46-AM.jpeg","type":"image\/jpeg"}],"author":"superadmin","twitter_card":"summary_large_image","twitter_misc":{"Written by":"superadmin","Est. reading time":"2 minutes"},"schema":{"@context":"https:\/\/schema.org","@graph":[{"@type":"Article","@id":"https:\/\/meteocameroon.gov.cm\/forum_eumetsat\/#article","isPartOf":{"@id":"https:\/\/meteocameroon.gov.cm\/forum_eumetsat\/"},"author":{"name":"superadmin","@id":"https:\/\/meteocameroon.gov.cm\/#\/schema\/person\/bf8a811b9a078925a5556150dde56f67"},"headline":"15\u00e8me Forum des usagers d&#8217;EUMETSAT en Afrique, Dar Es Salam-Tanzanie du 13 au 16 Septembre 2022","datePublished":"2022-09-13T09:09:57+00:00","dateModified":"2022-09-21T09:14:42+00:00","mainEntityOfPage":{"@id":"https:\/\/meteocameroon.gov.cm\/forum_eumetsat\/"},"wordCount":393,"commentCount":0,"publisher":{"@id":"https:\/\/meteocameroon.gov.cm\/#organization"},"image":{"@id":"https:\/\/meteocameroon.gov.cm\/forum_eumetsat\/#primaryimage"},"thumbnailUrl":"https:\/\/meteocameroon.gov.cm\/wp-content\/uploads\/2022\/09\/WhatsApp-Image-2022-09-14-at-6.51.46-AM.jpeg","articleSection":["Actualit\u00e9","Information"],"inLanguage":"en-US","potentialAction":[{"@type":"CommentAction","name":"Comment","target":["https:\/\/meteocameroon.gov.cm\/forum_eumetsat\/#respond"]}]},{"@type":"WebPage","@id":"https:\/\/meteocameroon.gov.cm\/forum_eumetsat\/","url":"https:\/\/meteocameroon.gov.cm\/forum_eumetsat\/","name":"15\u00e8me Forum des usagers d'EUMETSAT en Afrique, Dar Es Salam-Tanzanie du 13 au 16 Septembre 2022 - M\u00e9t\u00e9orologie Nationale du Cameroun","isPartOf":{"@id":"https:\/\/meteocameroon.gov.cm\/#website"},"primaryImageOfPage":{"@id":"https:\/\/meteocameroon.gov.cm\/forum_eumetsat\/#primaryimage"},"image":{"@id":"https:\/\/meteocameroon.gov.cm\/forum_eumetsat\/#primaryimage"},"thumbnailUrl":"https:\/\/meteocameroon.gov.cm\/wp-content\/uploads\/2022\/09\/WhatsApp-Image-2022-09-14-at-6.51.46-AM.jpeg","datePublished":"2022-09-13T09:09:57+00:00","dateModified":"2022-09-21T09:14:42+00:00","breadcrumb":{"@id":"https:\/\/meteocameroon.gov.cm\/forum_eumetsat\/#breadcrumb"},"inLanguage":"en-US","potentialAction":[{"@type":"ReadAction","target":["https:\/\/meteocameroon.gov.cm\/forum_eumetsat\/"]}]},{"@type":"ImageObject","inLanguage":"en-US","@id":"https:\/\/meteocameroon.gov.cm\/forum_eumetsat\/#primaryimage","url":"https:\/\/meteocameroon.gov.cm\/wp-content\/uploads\/2022\/09\/WhatsApp-Image-2022-09-14-at-6.51.46-AM.jpeg","contentUrl":"https:\/\/meteocameroon.gov.cm\/wp-content\/uploads\/2022\/09\/WhatsApp-Image-2022-09-14-at-6.51.46-AM.jpeg","width":1080,"height":810},{"@type":"BreadcrumbList","@id":"https:\/\/meteocameroon.gov.cm\/forum_eumetsat\/#breadcrumb","itemListElement":[{"@type":"ListItem","position":1,"name":"Accueil","item":"https:\/\/meteocameroon.gov.cm\/"},{"@type":"ListItem","position":2,"name":"15\u00e8me Forum des usagers d&#8217;EUMETSAT en Afrique, Dar Es Salam-Tanzanie du 13 au 16 Septembre 2022"}]},{"@type":"WebSite","@id":"https:\/\/meteocameroon.gov.cm\/#website","url":"https:\/\/meteocameroon.gov.cm\/","name":"M\u00e9t\u00e9orologie Nationale du Cameroun","description":"La m\u00e9t\u00e9o un outils pour le d\u00e9veloppement","publisher":{"@id":"https:\/\/meteocameroon.gov.cm\/#organization"},"potentialAction":[{"@type":"SearchAction","target":{"@type":"EntryPoint","urlTemplate":"https:\/\/meteocameroon.gov.cm\/?s={search_term_string}"},"query-input":{"@type":"PropertyValueSpecification","valueRequired":true,"valueName":"search_term_string"}}],"inLanguage":"en-US"},{"@type":"Organization","@id":"https:\/\/meteocameroon.gov.cm\/#organization","name":"M\u00e9t\u00e9orologie Nationale du Cameroun","url":"https:\/\/meteocameroon.gov.cm\/","logo":{"@type":"ImageObject","inLanguage":"en-US","@id":"https:\/\/meteocameroon.gov.cm\/#\/schema\/logo\/image\/","url":"https:\/\/meteocameroon.gov.cm\/wp-content\/uploads\/2022\/06\/Artboard-14x-renew.jpg","contentUrl":"https:\/\/meteocameroon.gov.cm\/wp-content\/uploads\/2022\/06\/Artboard-14x-renew.jpg","width":519,"height":504,"caption":"M\u00e9t\u00e9orologie Nationale du Cameroun"},"image":{"@id":"https:\/\/meteocameroon.gov.cm\/#\/schema\/logo\/image\/"}},{"@type":"Person","@id":"https:\/\/meteocameroon.gov.cm\/#\/schema\/person\/bf8a811b9a078925a5556150dde56f67","name":"superadmin","image":{"@type":"ImageObject","inLanguage":"en-US","@id":"https:\/\/meteocameroon.gov.cm\/#\/schema\/person\/image\/","url":"https:\/\/secure.gravatar.com\/avatar\/ee04fc80fa7360e5f9946aa0aa1da08a4348d1df6c9f53420d4c0da53d3e53ae?s=96&d=mm&r=g","contentUrl":"https:\/\/secure.gravatar.com\/avatar\/ee04fc80fa7360e5f9946aa0aa1da08a4348d1df6c9f53420d4c0da53d3e53ae?s=96&d=mm&r=g","caption":"superadmin"},"sameAs":["https:\/\/meteocameroon.gov.cm"],"url":"https:\/\/meteocameroon.gov.cm\/en\/author\/superadmin\/"}]}},"rttpg_featured_image_url":{"full":["https:\/\/meteocameroon.gov.cm\/wp-content\/uploads\/2022\/09\/WhatsApp-Image-2022-09-14-at-6.51.46-AM.jpeg",1080,810,false],"landscape":["https:\/\/meteocameroon.gov.cm\/wp-content\/uploads\/2022\/09\/WhatsApp-Image-2022-09-14-at-6.51.46-AM.jpeg",1080,810,false],"portraits":["https:\/\/meteocameroon.gov.cm\/wp-content\/uploads\/2022\/09\/WhatsApp-Image-2022-09-14-at-6.51.46-AM.jpeg",1080,810,false],"thumbnail":["https:\/\/meteocameroon.gov.cm\/wp-content\/uploads\/2022\/09\/WhatsApp-Image-2022-09-14-at-6.51.46-AM-150x150.jpeg",150,150,true],"medium":["https:\/\/meteocameroon.gov.cm\/wp-content\/uploads\/2022\/09\/WhatsApp-Image-2022-09-14-at-6.51.46-AM-300x225.jpeg",300,225,true],"large":["https:\/\/meteocameroon.gov.cm\/wp-content\/uploads\/2022\/09\/WhatsApp-Image-2022-09-14-at-6.51.46-AM-1024x768.jpeg",640,480,true],"1536x1536":["https:\/\/meteocameroon.gov.cm\/wp-content\/uploads\/2022\/09\/WhatsApp-Image-2022-09-14-at-6.51.46-AM.jpeg",1080,810,false],"2048x2048":["https:\/\/meteocameroon.gov.cm\/wp-content\/uploads\/2022\/09\/WhatsApp-Image-2022-09-14-at-6.51.46-AM.jpeg",1080,810,false],"trp-custom-language-flag":["https:\/\/meteocameroon.gov.cm\/wp-content\/uploads\/2022\/09\/WhatsApp-Image-2022-09-14-at-6.51.46-AM-16x12.jpeg",16,12,true],"binit-portfolio":["https:\/\/meteocameroon.gov.cm\/wp-content\/uploads\/2022\/09\/WhatsApp-Image-2022-09-14-at-6.51.46-AM-600x700.jpeg",600,700,true],"binit-portfolio-vertical":["https:\/\/meteocameroon.gov.cm\/wp-content\/uploads\/2022\/09\/WhatsApp-Image-2022-09-14-at-6.51.46-AM-380x564.jpeg",380,564,true],"binit-blog":["https:\/\/meteocameroon.gov.cm\/wp-content\/uploads\/2022\/09\/WhatsApp-Image-2022-09-14-at-6.51.46-AM-600x420.jpeg",600,420,true],"binit-team":["https:\/\/meteocameroon.gov.cm\/wp-content\/uploads\/2022\/09\/WhatsApp-Image-2022-09-14-at-6.51.46-AM-600x645.jpeg",600,645,true],"binit-product":["https:\/\/meteocameroon.gov.cm\/wp-content\/uploads\/2022\/09\/WhatsApp-Image-2022-09-14-at-6.51.46-AM-360x440.jpeg",360,440,true],"binit-event":["https:\/\/meteocameroon.gov.cm\/wp-content\/uploads\/2022\/09\/WhatsApp-Image-2022-09-14-at-6.51.46-AM-420x630.jpeg",420,630,true]},"rttpg_author":{"display_name":"superadmin","author_link":"https:\/\/meteocameroon.gov.cm\/en\/author\/superadmin\/"},"rttpg_comment":2,"rttpg_category":"<a href=\"https:\/\/meteocameroon.gov.cm\/en\/category\/actualite\/\" rel=\"category tag\">Actualit\u00e9<\/a> <a href=\"https:\/\/meteocameroon.gov.cm\/en\/category\/information\/\" rel=\"category tag\">Information<\/a>","rttpg_excerpt":"L\u2019\u00e9v\u00e9nement a connu la participation du Ministre des Transports et des Travaux Publics de la Tanzanie, des hauts responsables notamment de la Commission de l\u2019Union Africaine, de l\u2019Union Europ\u00e9enne, de l\u2019Organisation m\u00e9t\u00e9orologique mondiale, et du Directeur g\u00e9n\u00e9ral de l\u2019organisation EUMETSAT.","_links":{"self":[{"href":"https:\/\/meteocameroon.gov.cm\/en\/wp-json\/wp\/v2\/posts\/2353","targetHints":{"allow":["GET"]}}],"collection":[{"href":"https:\/\/meteocameroon.gov.cm\/en\/wp-json\/wp\/v2\/posts"}],"about":[{"href":"https:\/\/meteocameroon.gov.cm\/en\/wp-json\/wp\/v2\/types\/post"}],"author":[{"embeddable":true,"href":"https:\/\/meteocameroon.gov.cm\/en\/wp-json\/wp\/v2\/users\/1"}],"replies":[{"embeddable":true,"href":"https:\/\/meteocameroon.gov.cm\/en\/wp-json\/wp\/v2\/comments?post=2353"}],"version-history":[{"count":5,"href":"https:\/\/meteocameroon.gov.cm\/en\/wp-json\/wp\/v2\/posts\/2353\/revisions"}],"predecessor-version":[{"id":2359,"href":"https:\/\/meteocameroon.gov.cm\/en\/wp-json\/wp\/v2\/posts\/2353\/revisions\/2359"}],"wp:featuredmedia":[{"embeddable":true,"href":"https:\/\/meteocameroon.gov.cm\/en\/wp-json\/wp\/v2\/media\/2354"}],"wp:attachment":[{"href":"https:\/\/meteocameroon.gov.cm\/en\/wp-json\/wp\/v2\/media?parent=2353"}],"wp:term":[{"taxonomy":"category","embeddable":true,"href":"https:\/\/meteocameroon.gov.cm\/en\/wp-json\/wp\/v2\/categories?post=2353"},{"taxonomy":"post_tag","embeddable":true,"href":"https:\/\/meteocameroon.gov.cm\/en\/wp-json\/wp\/v2\/tags?post=2353"}],"curies":[{"name":"wp","href":"https:\/\/api.w.org\/{rel}","templated":true}]}}