{"id":2566,"date":"2022-12-05T12:41:58","date_gmt":"2022-12-05T11:41:58","guid":{"rendered":"https:\/\/meteocameroon.gov.cm\/?p=2566"},"modified":"2022-12-05T16:09:45","modified_gmt":"2022-12-05T15:09:45","slug":"projet-de-performance-2023-du-ministere-des-transports","status":"publish","type":"post","link":"https:\/\/meteocameroon.gov.cm\/en\/projet-de-performance-2023-du-ministere-des-transports\/","title":{"rendered":"Projet de performance 2023 du Minist\u00e8re des Transports"},"content":{"rendered":"<p>Le Ministre des Transports, <strong>Jean Ernest Mass\u00e9na NGALL\u00c8 BIB\u00c9H\u00c8<\/strong>, a pr\u00e9sent\u00e9 le mercredi 30 novembre 2023 devant la Commission des Finances et du Budget de l&#8217;Assembl\u00e9e Nationale, le <strong>projet de Performance 2023 du MINT<\/strong>.<\/p>\n<p>Pour cette pr\u00e9sentation, le MINT \u00e9tait accompagn\u00e9 de son Ministre D\u00e9l\u00e9gu\u00e9, ZAKARIAOU NJOYA, du Ministre D\u00e9l\u00e9gu\u00e9 \u00e0 la Pr\u00e9sidence de la R\u00e9publique charg\u00e9 des Relations avec les Assembl\u00e9es, Fran\u00e7ois Bolvine WAKATA, du Secr\u00e9taire g\u00e9n\u00e9ral du MINT, MVEIMANI SOMBO AMBA.<\/p>\n<p>Pour l&#8217;exercice budg\u00e9taire 2023, l&#8217;enveloppe notifi\u00e9e au Ministre des Transports par le Premier Ministre, Chef du Gouvernement, s\u2019\u00e9l\u00e8ve au total \u00e0 92 milliards 127 millions de Fcfa soit 86 milliards 14 millions pour les d\u00e9penses en capital et 6 milliards 113 millions pour les d\u00e9penses courantes. Ce budget est r\u00e9parti \u00e0 travers les programmes du MINT et sera prioritairement affect\u00e9 \u00e0 la r\u00e9alisation des actions majeures. Le Minist\u00e8re des Transports compte accentuer les actions relatives \u00e0 la pr\u00e9vention et la s\u00e9curit\u00e9 routi\u00e8re afin de r\u00e9duire consid\u00e9rablement le nombre de morts sur nos routes. Ce programme vise \u00e9galement la construction d\u2019infrastructures multimodales dans le cadre de la mise en \u0153uvre de la Strat\u00e9gie Int\u00e9gr\u00e9e des Infrastructures de Transport multimodal. Pour ce qui concerne le d\u00e9veloppement du transport a\u00e9rien et la r\u00e9gulation de l\u2019aviation civile, la priorit\u00e9 sera accord\u00e9e aux travaux de r\u00e9paration de la piste d\u2019atterrissage de l\u2019A\u00e9roport International de Garoua, de reconfiguration et de r\u00e9novation du terminal passagers de l\u2019A\u00e9roport International de Douala, ainsi que la r\u00e9habilitation des a\u00e9roports de Bertoua, Kribi et Tiko instruite par le Chef de l\u2019Etat. Pour le d\u00e9veloppement du transport maritime, fluvial, lacustre et des activit\u00e9s portuaires, les travaux du projet de construction du port en eau profonde de Kribi, ainsi que du projet d\u2019alimentation en eau potable du Port Autonome de Kribi, devraient s\u2019acc\u00e9l\u00e9rer au cours l\u2019ann\u00e9e 2023, \u00e9tant donn\u00e9 le niveau des financements qui seront mobilis\u00e9s \u00e0 cet effet. Il sera \u00e9galement question de poursuivre la mise en \u0153uvre du programme d\u2019acquisition d\u2019embarcations et de moteurs hors-bords pour le renforcement de la capacit\u00e9 d\u2019intervention des circonscriptions maritimes et des sous-quartiers maritimes, fluviaux et lacustres. Le d\u00e9veloppement du transport ferroviaire devrait conna\u00eetre une \u00e9volution favorable au cours de l\u2019exercice 2023 avec le d\u00e9marrage du projet d\u2019am\u00e9lioration de la performance du corridor rail route Douala-N\u2019djamena, la poursuite de l\u2019\u00e9tude de faisabilit\u00e9 de la construction de la ligne de chemin de fer reliant Ngaound\u00e9r\u00e9 et N\u2019djamena, ainsi que le d\u00e9marrage du projet de renouvellement de la section de chemin de fer Belabo-Ngaound\u00e9r\u00e9. Pour la m\u00e9t\u00e9orologie, les ressources seront utilis\u00e9es en priorit\u00e9 pour : la poursuite de la r\u00e9habilitation des b\u00e2timents et parcs m\u00e9t\u00e9orologiques de certaines stations ; l\u2019\u00e9quipement du r\u00e9seau de collecte des donn\u00e9es en stations m\u00e9t\u00e9orologiques automatiques ; et la conduite de la veille m\u00e9t\u00e9orologique par la surveillance des conditions atmosph\u00e9riques sur l\u2019ensemble du territoire.<\/p>","protected":false},"excerpt":{"rendered":"<p>Le Ministre des Transports, Jean Ernest Mass\u00e9na NGALL\u00c8 BIB\u00c9H\u00c8, a pr\u00e9sent\u00e9 le mercredi 30 novembre 2023 devant la Commission des Finances et du Budget de l&#8217;Assembl\u00e9e Nationale, le projet de Performance 2023 du MINT.<\/p>","protected":false},"author":6,"featured_media":2570,"comment_status":"open","ping_status":"open","sticky":false,"template":"","format":"standard","meta":{"footnotes":""},"categories":[18,1],"tags":[],"class_list":["post-2566","post","type-post","status-publish","format-standard","has-post-thumbnail","hentry","category-actualite","category-information"],"yoast_head":"<!-- This site is optimized with the Yoast SEO plugin v26.8 - https:\/\/yoast.com\/product\/yoast-seo-wordpress\/ -->\n<title>Projet de performance 2023 du Minist\u00e8re des Transports - M\u00e9t\u00e9orologie Nationale du Cameroun<\/title>\n<meta name=\"robots\" content=\"index, follow, max-snippet:-1, max-image-preview:large, max-video-preview:-1\" \/>\n<link rel=\"canonical\" href=\"https:\/\/meteocameroon.gov.cm\/en\/projet-de-performance-2023-du-ministere-des-transports\/\" \/>\n<meta property=\"og:locale\" content=\"en_US\" \/>\n<meta property=\"og:type\" content=\"article\" \/>\n<meta property=\"og:title\" content=\"Projet de performance 2023 du Minist\u00e8re des Transports - M\u00e9t\u00e9orologie Nationale du Cameroun\" \/>\n<meta property=\"og:description\" content=\"Le Ministre des Transports, Jean Ernest Mass\u00e9na NGALL\u00c8 BIB\u00c9H\u00c8, a pr\u00e9sent\u00e9 le mercredi 30 novembre 2023 devant la Commission des Finances et du Budget de l&#039;Assembl\u00e9e Nationale, le projet de Performance 2023 du MINT.\" \/>\n<meta property=\"og:url\" content=\"https:\/\/meteocameroon.gov.cm\/en\/projet-de-performance-2023-du-ministere-des-transports\/\" \/>\n<meta property=\"og:site_name\" content=\"M\u00e9t\u00e9orologie Nationale du Cameroun\" \/>\n<meta property=\"article:published_time\" content=\"2022-12-05T11:41:58+00:00\" \/>\n<meta property=\"article:modified_time\" content=\"2022-12-05T15:09:45+00:00\" \/>\n<meta property=\"og:image\" content=\"https:\/\/meteocameroon.gov.cm\/wp-content\/uploads\/2022\/12\/WhatsApp-Image-2022-12-01-at-3.55.01-PM.jpeg\" \/>\n\t<meta property=\"og:image:width\" content=\"992\" \/>\n\t<meta property=\"og:image:height\" content=\"744\" \/>\n\t<meta property=\"og:image:type\" content=\"image\/jpeg\" \/>\n<meta name=\"author\" content=\"ANDRE DJOUBDOUNA\" \/>\n<meta name=\"twitter:card\" content=\"summary_large_image\" \/>\n<meta name=\"twitter:label1\" content=\"Written by\" \/>\n\t<meta name=\"twitter:data1\" content=\"ANDRE DJOUBDOUNA\" \/>\n\t<meta name=\"twitter:label2\" content=\"Est. reading time\" \/>\n\t<meta name=\"twitter:data2\" content=\"3 minutes\" \/>\n<script type=\"application\/ld+json\" class=\"yoast-schema-graph\">{\"@context\":\"https:\/\/schema.org\",\"@graph\":[{\"@type\":\"Article\",\"@id\":\"https:\/\/meteocameroon.gov.cm\/projet-de-performance-2023-du-ministere-des-transports\/#article\",\"isPartOf\":{\"@id\":\"https:\/\/meteocameroon.gov.cm\/projet-de-performance-2023-du-ministere-des-transports\/\"},\"author\":{\"name\":\"ANDRE DJOUBDOUNA\",\"@id\":\"https:\/\/meteocameroon.gov.cm\/#\/schema\/person\/5dfa736b9e05ff41e55a4dc24e6b411d\"},\"headline\":\"Projet de performance 2023 du Minist\u00e8re des Transports\",\"datePublished\":\"2022-12-05T11:41:58+00:00\",\"dateModified\":\"2022-12-05T15:09:45+00:00\",\"mainEntityOfPage\":{\"@id\":\"https:\/\/meteocameroon.gov.cm\/projet-de-performance-2023-du-ministere-des-transports\/\"},\"wordCount\":539,\"commentCount\":0,\"publisher\":{\"@id\":\"https:\/\/meteocameroon.gov.cm\/#organization\"},\"image\":{\"@id\":\"https:\/\/meteocameroon.gov.cm\/projet-de-performance-2023-du-ministere-des-transports\/#primaryimage\"},\"thumbnailUrl\":\"https:\/\/meteocameroon.gov.cm\/wp-content\/uploads\/2022\/12\/WhatsApp-Image-2022-12-01-at-3.55.01-PM.jpeg\",\"articleSection\":[\"Actualit\u00e9\",\"Information\"],\"inLanguage\":\"en-US\",\"potentialAction\":[{\"@type\":\"CommentAction\",\"name\":\"Comment\",\"target\":[\"https:\/\/meteocameroon.gov.cm\/projet-de-performance-2023-du-ministere-des-transports\/#respond\"]}]},{\"@type\":\"WebPage\",\"@id\":\"https:\/\/meteocameroon.gov.cm\/projet-de-performance-2023-du-ministere-des-transports\/\",\"url\":\"https:\/\/meteocameroon.gov.cm\/projet-de-performance-2023-du-ministere-des-transports\/\",\"name\":\"Projet de performance 2023 du Minist\u00e8re des Transports - M\u00e9t\u00e9orologie Nationale du Cameroun\",\"isPartOf\":{\"@id\":\"https:\/\/meteocameroon.gov.cm\/#website\"},\"primaryImageOfPage\":{\"@id\":\"https:\/\/meteocameroon.gov.cm\/projet-de-performance-2023-du-ministere-des-transports\/#primaryimage\"},\"image\":{\"@id\":\"https:\/\/meteocameroon.gov.cm\/projet-de-performance-2023-du-ministere-des-transports\/#primaryimage\"},\"thumbnailUrl\":\"https:\/\/meteocameroon.gov.cm\/wp-content\/uploads\/2022\/12\/WhatsApp-Image-2022-12-01-at-3.55.01-PM.jpeg\",\"datePublished\":\"2022-12-05T11:41:58+00:00\",\"dateModified\":\"2022-12-05T15:09:45+00:00\",\"breadcrumb\":{\"@id\":\"https:\/\/meteocameroon.gov.cm\/projet-de-performance-2023-du-ministere-des-transports\/#breadcrumb\"},\"inLanguage\":\"en-US\",\"potentialAction\":[{\"@type\":\"ReadAction\",\"target\":[\"https:\/\/meteocameroon.gov.cm\/projet-de-performance-2023-du-ministere-des-transports\/\"]}]},{\"@type\":\"ImageObject\",\"inLanguage\":\"en-US\",\"@id\":\"https:\/\/meteocameroon.gov.cm\/projet-de-performance-2023-du-ministere-des-transports\/#primaryimage\",\"url\":\"https:\/\/meteocameroon.gov.cm\/wp-content\/uploads\/2022\/12\/WhatsApp-Image-2022-12-01-at-3.55.01-PM.jpeg\",\"contentUrl\":\"https:\/\/meteocameroon.gov.cm\/wp-content\/uploads\/2022\/12\/WhatsApp-Image-2022-12-01-at-3.55.01-PM.jpeg\",\"width\":992,\"height\":744},{\"@type\":\"BreadcrumbList\",\"@id\":\"https:\/\/meteocameroon.gov.cm\/projet-de-performance-2023-du-ministere-des-transports\/#breadcrumb\",\"itemListElement\":[{\"@type\":\"ListItem\",\"position\":1,\"name\":\"Accueil\",\"item\":\"https:\/\/meteocameroon.gov.cm\/\"},{\"@type\":\"ListItem\",\"position\":2,\"name\":\"Projet de performance 2023 du Minist\u00e8re des Transports\"}]},{\"@type\":\"WebSite\",\"@id\":\"https:\/\/meteocameroon.gov.cm\/#website\",\"url\":\"https:\/\/meteocameroon.gov.cm\/\",\"name\":\"M\u00e9t\u00e9orologie Nationale du Cameroun\",\"description\":\"La m\u00e9t\u00e9o un outils pour le d\u00e9veloppement\",\"publisher\":{\"@id\":\"https:\/\/meteocameroon.gov.cm\/#organization\"},\"potentialAction\":[{\"@type\":\"SearchAction\",\"target\":{\"@type\":\"EntryPoint\",\"urlTemplate\":\"https:\/\/meteocameroon.gov.cm\/?s={search_term_string}\"},\"query-input\":{\"@type\":\"PropertyValueSpecification\",\"valueRequired\":true,\"valueName\":\"search_term_string\"}}],\"inLanguage\":\"en-US\"},{\"@type\":\"Organization\",\"@id\":\"https:\/\/meteocameroon.gov.cm\/#organization\",\"name\":\"M\u00e9t\u00e9orologie Nationale du Cameroun\",\"url\":\"https:\/\/meteocameroon.gov.cm\/\",\"logo\":{\"@type\":\"ImageObject\",\"inLanguage\":\"en-US\",\"@id\":\"https:\/\/meteocameroon.gov.cm\/#\/schema\/logo\/image\/\",\"url\":\"https:\/\/meteocameroon.gov.cm\/wp-content\/uploads\/2022\/06\/Artboard-14x-renew.jpg\",\"contentUrl\":\"https:\/\/meteocameroon.gov.cm\/wp-content\/uploads\/2022\/06\/Artboard-14x-renew.jpg\",\"width\":519,\"height\":504,\"caption\":\"M\u00e9t\u00e9orologie Nationale du Cameroun\"},\"image\":{\"@id\":\"https:\/\/meteocameroon.gov.cm\/#\/schema\/logo\/image\/\"}},{\"@type\":\"Person\",\"@id\":\"https:\/\/meteocameroon.gov.cm\/#\/schema\/person\/5dfa736b9e05ff41e55a4dc24e6b411d\",\"name\":\"ANDRE DJOUBDOUNA\",\"image\":{\"@type\":\"ImageObject\",\"inLanguage\":\"en-US\",\"@id\":\"https:\/\/meteocameroon.gov.cm\/#\/schema\/person\/image\/\",\"url\":\"https:\/\/secure.gravatar.com\/avatar\/84fe48cfc89bc67ad607332365962bbeded76c64a26875f7e62c526afcfa68bb?s=96&d=mm&r=g\",\"contentUrl\":\"https:\/\/secure.gravatar.com\/avatar\/84fe48cfc89bc67ad607332365962bbeded76c64a26875f7e62c526afcfa68bb?s=96&d=mm&r=g\",\"caption\":\"ANDRE DJOUBDOUNA\"},\"url\":\"https:\/\/meteocameroon.gov.cm\/en\/author\/djoubdouna\/\"}]}<\/script>\n<!-- \/ Yoast SEO plugin. -->","yoast_head_json":{"title":"Projet de performance 2023 du Minist\u00e8re des Transports - M\u00e9t\u00e9orologie Nationale du Cameroun","robots":{"index":"index","follow":"follow","max-snippet":"max-snippet:-1","max-image-preview":"max-image-preview:large","max-video-preview":"max-video-preview:-1"},"canonical":"https:\/\/meteocameroon.gov.cm\/en\/projet-de-performance-2023-du-ministere-des-transports\/","og_locale":"en_US","og_type":"article","og_title":"Projet de performance 2023 du Minist\u00e8re des Transports - M\u00e9t\u00e9orologie Nationale du Cameroun","og_description":"Le Ministre des Transports, Jean Ernest Mass\u00e9na NGALL\u00c8 BIB\u00c9H\u00c8, a pr\u00e9sent\u00e9 le mercredi 30 novembre 2023 devant la Commission des Finances et du Budget de l'Assembl\u00e9e Nationale, le projet de Performance 2023 du MINT.","og_url":"https:\/\/meteocameroon.gov.cm\/en\/projet-de-performance-2023-du-ministere-des-transports\/","og_site_name":"M\u00e9t\u00e9orologie Nationale du Cameroun","article_published_time":"2022-12-05T11:41:58+00:00","article_modified_time":"2022-12-05T15:09:45+00:00","og_image":[{"width":992,"height":744,"url":"https:\/\/meteocameroon.gov.cm\/wp-content\/uploads\/2022\/12\/WhatsApp-Image-2022-12-01-at-3.55.01-PM.jpeg","type":"image\/jpeg"}],"author":"ANDRE DJOUBDOUNA","twitter_card":"summary_large_image","twitter_misc":{"Written by":"ANDRE DJOUBDOUNA","Est. reading time":"3 minutes"},"schema":{"@context":"https:\/\/schema.org","@graph":[{"@type":"Article","@id":"https:\/\/meteocameroon.gov.cm\/projet-de-performance-2023-du-ministere-des-transports\/#article","isPartOf":{"@id":"https:\/\/meteocameroon.gov.cm\/projet-de-performance-2023-du-ministere-des-transports\/"},"author":{"name":"ANDRE DJOUBDOUNA","@id":"https:\/\/meteocameroon.gov.cm\/#\/schema\/person\/5dfa736b9e05ff41e55a4dc24e6b411d"},"headline":"Projet de performance 2023 du Minist\u00e8re des Transports","datePublished":"2022-12-05T11:41:58+00:00","dateModified":"2022-12-05T15:09:45+00:00","mainEntityOfPage":{"@id":"https:\/\/meteocameroon.gov.cm\/projet-de-performance-2023-du-ministere-des-transports\/"},"wordCount":539,"commentCount":0,"publisher":{"@id":"https:\/\/meteocameroon.gov.cm\/#organization"},"image":{"@id":"https:\/\/meteocameroon.gov.cm\/projet-de-performance-2023-du-ministere-des-transports\/#primaryimage"},"thumbnailUrl":"https:\/\/meteocameroon.gov.cm\/wp-content\/uploads\/2022\/12\/WhatsApp-Image-2022-12-01-at-3.55.01-PM.jpeg","articleSection":["Actualit\u00e9","Information"],"inLanguage":"en-US","potentialAction":[{"@type":"CommentAction","name":"Comment","target":["https:\/\/meteocameroon.gov.cm\/projet-de-performance-2023-du-ministere-des-transports\/#respond"]}]},{"@type":"WebPage","@id":"https:\/\/meteocameroon.gov.cm\/projet-de-performance-2023-du-ministere-des-transports\/","url":"https:\/\/meteocameroon.gov.cm\/projet-de-performance-2023-du-ministere-des-transports\/","name":"Projet de performance 2023 du Minist\u00e8re des Transports - M\u00e9t\u00e9orologie Nationale du Cameroun","isPartOf":{"@id":"https:\/\/meteocameroon.gov.cm\/#website"},"primaryImageOfPage":{"@id":"https:\/\/meteocameroon.gov.cm\/projet-de-performance-2023-du-ministere-des-transports\/#primaryimage"},"image":{"@id":"https:\/\/meteocameroon.gov.cm\/projet-de-performance-2023-du-ministere-des-transports\/#primaryimage"},"thumbnailUrl":"https:\/\/meteocameroon.gov.cm\/wp-content\/uploads\/2022\/12\/WhatsApp-Image-2022-12-01-at-3.55.01-PM.jpeg","datePublished":"2022-12-05T11:41:58+00:00","dateModified":"2022-12-05T15:09:45+00:00","breadcrumb":{"@id":"https:\/\/meteocameroon.gov.cm\/projet-de-performance-2023-du-ministere-des-transports\/#breadcrumb"},"inLanguage":"en-US","potentialAction":[{"@type":"ReadAction","target":["https:\/\/meteocameroon.gov.cm\/projet-de-performance-2023-du-ministere-des-transports\/"]}]},{"@type":"ImageObject","inLanguage":"en-US","@id":"https:\/\/meteocameroon.gov.cm\/projet-de-performance-2023-du-ministere-des-transports\/#primaryimage","url":"https:\/\/meteocameroon.gov.cm\/wp-content\/uploads\/2022\/12\/WhatsApp-Image-2022-12-01-at-3.55.01-PM.jpeg","contentUrl":"https:\/\/meteocameroon.gov.cm\/wp-content\/uploads\/2022\/12\/WhatsApp-Image-2022-12-01-at-3.55.01-PM.jpeg","width":992,"height":744},{"@type":"BreadcrumbList","@id":"https:\/\/meteocameroon.gov.cm\/projet-de-performance-2023-du-ministere-des-transports\/#breadcrumb","itemListElement":[{"@type":"ListItem","position":1,"name":"Accueil","item":"https:\/\/meteocameroon.gov.cm\/"},{"@type":"ListItem","position":2,"name":"Projet de performance 2023 du Minist\u00e8re des Transports"}]},{"@type":"WebSite","@id":"https:\/\/meteocameroon.gov.cm\/#website","url":"https:\/\/meteocameroon.gov.cm\/","name":"M\u00e9t\u00e9orologie Nationale du Cameroun","description":"La m\u00e9t\u00e9o un outils pour le d\u00e9veloppement","publisher":{"@id":"https:\/\/meteocameroon.gov.cm\/#organization"},"potentialAction":[{"@type":"SearchAction","target":{"@type":"EntryPoint","urlTemplate":"https:\/\/meteocameroon.gov.cm\/?s={search_term_string}"},"query-input":{"@type":"PropertyValueSpecification","valueRequired":true,"valueName":"search_term_string"}}],"inLanguage":"en-US"},{"@type":"Organization","@id":"https:\/\/meteocameroon.gov.cm\/#organization","name":"M\u00e9t\u00e9orologie Nationale du Cameroun","url":"https:\/\/meteocameroon.gov.cm\/","logo":{"@type":"ImageObject","inLanguage":"en-US","@id":"https:\/\/meteocameroon.gov.cm\/#\/schema\/logo\/image\/","url":"https:\/\/meteocameroon.gov.cm\/wp-content\/uploads\/2022\/06\/Artboard-14x-renew.jpg","contentUrl":"https:\/\/meteocameroon.gov.cm\/wp-content\/uploads\/2022\/06\/Artboard-14x-renew.jpg","width":519,"height":504,"caption":"M\u00e9t\u00e9orologie Nationale du Cameroun"},"image":{"@id":"https:\/\/meteocameroon.gov.cm\/#\/schema\/logo\/image\/"}},{"@type":"Person","@id":"https:\/\/meteocameroon.gov.cm\/#\/schema\/person\/5dfa736b9e05ff41e55a4dc24e6b411d","name":"ANDRE DJOUBDOUNA","image":{"@type":"ImageObject","inLanguage":"en-US","@id":"https:\/\/meteocameroon.gov.cm\/#\/schema\/person\/image\/","url":"https:\/\/secure.gravatar.com\/avatar\/84fe48cfc89bc67ad607332365962bbeded76c64a26875f7e62c526afcfa68bb?s=96&d=mm&r=g","contentUrl":"https:\/\/secure.gravatar.com\/avatar\/84fe48cfc89bc67ad607332365962bbeded76c64a26875f7e62c526afcfa68bb?s=96&d=mm&r=g","caption":"ANDRE DJOUBDOUNA"},"url":"https:\/\/meteocameroon.gov.cm\/en\/author\/djoubdouna\/"}]}},"rttpg_featured_image_url":{"full":["https:\/\/meteocameroon.gov.cm\/wp-content\/uploads\/2022\/12\/WhatsApp-Image-2022-12-01-at-3.55.01-PM.jpeg",992,744,false],"landscape":["https:\/\/meteocameroon.gov.cm\/wp-content\/uploads\/2022\/12\/WhatsApp-Image-2022-12-01-at-3.55.01-PM.jpeg",992,744,false],"portraits":["https:\/\/meteocameroon.gov.cm\/wp-content\/uploads\/2022\/12\/WhatsApp-Image-2022-12-01-at-3.55.01-PM.jpeg",992,744,false],"thumbnail":["https:\/\/meteocameroon.gov.cm\/wp-content\/uploads\/2022\/12\/WhatsApp-Image-2022-12-01-at-3.55.01-PM-150x150.jpeg",150,150,true],"medium":["https:\/\/meteocameroon.gov.cm\/wp-content\/uploads\/2022\/12\/WhatsApp-Image-2022-12-01-at-3.55.01-PM-300x225.jpeg",300,225,true],"large":["https:\/\/meteocameroon.gov.cm\/wp-content\/uploads\/2022\/12\/WhatsApp-Image-2022-12-01-at-3.55.01-PM.jpeg",640,480,false],"1536x1536":["https:\/\/meteocameroon.gov.cm\/wp-content\/uploads\/2022\/12\/WhatsApp-Image-2022-12-01-at-3.55.01-PM.jpeg",992,744,false],"2048x2048":["https:\/\/meteocameroon.gov.cm\/wp-content\/uploads\/2022\/12\/WhatsApp-Image-2022-12-01-at-3.55.01-PM.jpeg",992,744,false],"trp-custom-language-flag":["https:\/\/meteocameroon.gov.cm\/wp-content\/uploads\/2022\/12\/WhatsApp-Image-2022-12-01-at-3.55.01-PM-16x12.jpeg",16,12,true],"binit-portfolio":["https:\/\/meteocameroon.gov.cm\/wp-content\/uploads\/2022\/12\/WhatsApp-Image-2022-12-01-at-3.55.01-PM-600x700.jpeg",600,700,true],"binit-portfolio-vertical":["https:\/\/meteocameroon.gov.cm\/wp-content\/uploads\/2022\/12\/WhatsApp-Image-2022-12-01-at-3.55.01-PM-380x564.jpeg",380,564,true],"binit-blog":["https:\/\/meteocameroon.gov.cm\/wp-content\/uploads\/2022\/12\/WhatsApp-Image-2022-12-01-at-3.55.01-PM-600x420.jpeg",600,420,true],"binit-team":["https:\/\/meteocameroon.gov.cm\/wp-content\/uploads\/2022\/12\/WhatsApp-Image-2022-12-01-at-3.55.01-PM-600x645.jpeg",600,645,true],"binit-product":["https:\/\/meteocameroon.gov.cm\/wp-content\/uploads\/2022\/12\/WhatsApp-Image-2022-12-01-at-3.55.01-PM-360x440.jpeg",360,440,true],"binit-event":["https:\/\/meteocameroon.gov.cm\/wp-content\/uploads\/2022\/12\/WhatsApp-Image-2022-12-01-at-3.55.01-PM-420x630.jpeg",420,630,true]},"rttpg_author":{"display_name":"ANDRE DJOUBDOUNA","author_link":"https:\/\/meteocameroon.gov.cm\/en\/author\/djoubdouna\/"},"rttpg_comment":0,"rttpg_category":"<a href=\"https:\/\/meteocameroon.gov.cm\/en\/category\/actualite\/\" rel=\"category tag\">Actualit\u00e9<\/a> <a href=\"https:\/\/meteocameroon.gov.cm\/en\/category\/information\/\" rel=\"category tag\">Information<\/a>","rttpg_excerpt":"Le Ministre des Transports, Jean Ernest Mass\u00e9na NGALL\u00c8 BIB\u00c9H\u00c8, a pr\u00e9sent\u00e9 le mercredi 30 novembre 2023 devant la Commission des Finances et du Budget de l'Assembl\u00e9e Nationale, le projet de Performance 2023 du MINT.","_links":{"self":[{"href":"https:\/\/meteocameroon.gov.cm\/en\/wp-json\/wp\/v2\/posts\/2566","targetHints":{"allow":["GET"]}}],"collection":[{"href":"https:\/\/meteocameroon.gov.cm\/en\/wp-json\/wp\/v2\/posts"}],"about":[{"href":"https:\/\/meteocameroon.gov.cm\/en\/wp-json\/wp\/v2\/types\/post"}],"author":[{"embeddable":true,"href":"https:\/\/meteocameroon.gov.cm\/en\/wp-json\/wp\/v2\/users\/6"}],"replies":[{"embeddable":true,"href":"https:\/\/meteocameroon.gov.cm\/en\/wp-json\/wp\/v2\/comments?post=2566"}],"version-history":[{"count":2,"href":"https:\/\/meteocameroon.gov.cm\/en\/wp-json\/wp\/v2\/posts\/2566\/revisions"}],"predecessor-version":[{"id":2572,"href":"https:\/\/meteocameroon.gov.cm\/en\/wp-json\/wp\/v2\/posts\/2566\/revisions\/2572"}],"wp:featuredmedia":[{"embeddable":true,"href":"https:\/\/meteocameroon.gov.cm\/en\/wp-json\/wp\/v2\/media\/2570"}],"wp:attachment":[{"href":"https:\/\/meteocameroon.gov.cm\/en\/wp-json\/wp\/v2\/media?parent=2566"}],"wp:term":[{"taxonomy":"category","embeddable":true,"href":"https:\/\/meteocameroon.gov.cm\/en\/wp-json\/wp\/v2\/categories?post=2566"},{"taxonomy":"post_tag","embeddable":true,"href":"https:\/\/meteocameroon.gov.cm\/en\/wp-json\/wp\/v2\/tags?post=2566"}],"curies":[{"name":"wp","href":"https:\/\/api.w.org\/{rel}","templated":true}]}}