{"id":2585,"date":"2023-02-15T22:17:30","date_gmt":"2023-02-15T21:17:30","guid":{"rendered":"https:\/\/meteocameroon.gov.cm\/?p=2585"},"modified":"2023-02-15T22:41:28","modified_gmt":"2023-02-15T21:41:28","slug":"poussiere-alerte","status":"publish","type":"post","link":"https:\/\/meteocameroon.gov.cm\/en\/poussiere-alerte\/","title":{"rendered":"Press Release: Dust Storm Warning"},"content":{"rendered":"<p><strong>A huge plume of Saharan dust carried by the Harmattan from central Chad has crossed the territory via the Logone and Chari department (Far North) and will continue to move towards the North and Adamaoua regions. This phenomenon associated with moderate winds, will considerably reduce visibility and expose people to illnesses and other respiratory pathologies. The population is advised to limit outings or wear a face mask, protective eyewear, and to follow regular updates of the weather forecast.<\/strong><\/p>\n<p>Find more details in the alert bulletin No. 001 issued on February 15, 2023 and valid from Wednesday, February 15, 2023 at 1:00 pm to Friday, February 17, 2023 at 1:00 pm (local time) https:\/\/meteocameroon.gov.cm\/download\/bulletin-meteo-dalerte-no-001\/ <a href=\"https:\/\/meteocameroon.gov.cm\/en\/download\/bulletin-meteo-dalerte-no-001\/\">https:\/\/meteocameroon.gov.cm\/download\/bulletin-meteo-dalerte-no-001\/<\/a><\/p>","protected":false},"excerpt":{"rendered":"<p>A huge plume of Saharan dust carried by the Harmattan from central Chad has crossed the territory via the Logone and Chari department (Far North) and will continue to move towards the North and Adamaoua regions. This phenomenon associated with moderate winds, will considerably reduce visibility and expose people to illnesses and other respiratory pathologies. The population is advised to limit outings or wear a face mask, protective eyewear, and to follow regular updates of the weather forecast.<\/p>","protected":false},"author":6,"featured_media":2586,"comment_status":"open","ping_status":"open","sticky":false,"template":"","format":"standard","meta":{"footnotes":""},"categories":[18,1],"tags":[],"class_list":["post-2585","post","type-post","status-publish","format-standard","has-post-thumbnail","hentry","category-actualite","category-information"],"yoast_head":"<!-- This site is optimized with the Yoast SEO plugin v26.8 - https:\/\/yoast.com\/product\/yoast-seo-wordpress\/ -->\n<title>Communiqu\u00e9 radio-presse du Ministre des Transports : avertissement temp\u00eate de poussi\u00e8re - M\u00e9t\u00e9orologie Nationale du Cameroun<\/title>\n<meta name=\"description\" content=\"Un \u00e9norme panache de poussi\u00e8re saharienne transport\u00e9 par l\u2019Harmattan en provenance du Centre du Tchad.\" \/>\n<meta name=\"robots\" content=\"index, follow, max-snippet:-1, max-image-preview:large, max-video-preview:-1\" \/>\n<link rel=\"canonical\" href=\"https:\/\/meteocameroon.gov.cm\/en\/poussiere-alerte\/\" \/>\n<meta property=\"og:locale\" content=\"en_US\" \/>\n<meta property=\"og:type\" content=\"article\" \/>\n<meta property=\"og:title\" content=\"Communiqu\u00e9 radio-presse du Ministre des Transports : avertissement temp\u00eate de poussi\u00e8re - M\u00e9t\u00e9orologie Nationale du Cameroun\" \/>\n<meta property=\"og:description\" content=\"Un \u00e9norme panache de poussi\u00e8re saharienne transport\u00e9 par l\u2019Harmattan en provenance du Centre du Tchad.\" \/>\n<meta property=\"og:url\" content=\"https:\/\/meteocameroon.gov.cm\/en\/poussiere-alerte\/\" \/>\n<meta property=\"og:site_name\" content=\"M\u00e9t\u00e9orologie Nationale du Cameroun\" \/>\n<meta property=\"article:published_time\" content=\"2023-02-15T21:17:30+00:00\" \/>\n<meta property=\"article:modified_time\" content=\"2023-02-15T21:41:28+00:00\" \/>\n<meta property=\"og:image\" content=\"https:\/\/meteocameroon.gov.cm\/wp-content\/uploads\/2023\/02\/alerte-tempete-2-746x1024.png\" \/>\n\t<meta property=\"og:image:width\" content=\"746\" \/>\n\t<meta property=\"og:image:height\" content=\"1024\" \/>\n\t<meta property=\"og:image:type\" content=\"image\/png\" \/>\n<meta name=\"author\" content=\"ANDRE DJOUBDOUNA\" \/>\n<meta name=\"twitter:card\" content=\"summary_large_image\" \/>\n<meta name=\"twitter:label1\" content=\"Written by\" \/>\n\t<meta name=\"twitter:data1\" content=\"ANDRE DJOUBDOUNA\" \/>\n\t<meta name=\"twitter:label2\" content=\"Est. reading time\" \/>\n\t<meta name=\"twitter:data2\" content=\"1 minute\" \/>\n<script type=\"application\/ld+json\" class=\"yoast-schema-graph\">{\"@context\":\"https:\/\/schema.org\",\"@graph\":[{\"@type\":\"Article\",\"@id\":\"https:\/\/meteocameroon.gov.cm\/poussiere-alerte\/#article\",\"isPartOf\":{\"@id\":\"https:\/\/meteocameroon.gov.cm\/poussiere-alerte\/\"},\"author\":{\"name\":\"ANDRE DJOUBDOUNA\",\"@id\":\"https:\/\/meteocameroon.gov.cm\/#\/schema\/person\/5dfa736b9e05ff41e55a4dc24e6b411d\"},\"headline\":\"Communiqu\u00e9 radio-presse du Ministre des Transports : avertissement temp\u00eate de poussi\u00e8re\",\"datePublished\":\"2023-02-15T21:17:30+00:00\",\"dateModified\":\"2023-02-15T21:41:28+00:00\",\"mainEntityOfPage\":{\"@id\":\"https:\/\/meteocameroon.gov.cm\/poussiere-alerte\/\"},\"wordCount\":154,\"commentCount\":0,\"publisher\":{\"@id\":\"https:\/\/meteocameroon.gov.cm\/#organization\"},\"image\":{\"@id\":\"https:\/\/meteocameroon.gov.cm\/poussiere-alerte\/#primaryimage\"},\"thumbnailUrl\":\"https:\/\/meteocameroon.gov.cm\/wp-content\/uploads\/2023\/02\/alerte-tempete-2.png\",\"articleSection\":[\"Actualit\u00e9\",\"Information\"],\"inLanguage\":\"en-US\",\"potentialAction\":[{\"@type\":\"CommentAction\",\"name\":\"Comment\",\"target\":[\"https:\/\/meteocameroon.gov.cm\/poussiere-alerte\/#respond\"]}]},{\"@type\":\"WebPage\",\"@id\":\"https:\/\/meteocameroon.gov.cm\/poussiere-alerte\/\",\"url\":\"https:\/\/meteocameroon.gov.cm\/poussiere-alerte\/\",\"name\":\"Communiqu\u00e9 radio-presse du Ministre des Transports : avertissement temp\u00eate de poussi\u00e8re - M\u00e9t\u00e9orologie Nationale du Cameroun\",\"isPartOf\":{\"@id\":\"https:\/\/meteocameroon.gov.cm\/#website\"},\"primaryImageOfPage\":{\"@id\":\"https:\/\/meteocameroon.gov.cm\/poussiere-alerte\/#primaryimage\"},\"image\":{\"@id\":\"https:\/\/meteocameroon.gov.cm\/poussiere-alerte\/#primaryimage\"},\"thumbnailUrl\":\"https:\/\/meteocameroon.gov.cm\/wp-content\/uploads\/2023\/02\/alerte-tempete-2.png\",\"datePublished\":\"2023-02-15T21:17:30+00:00\",\"dateModified\":\"2023-02-15T21:41:28+00:00\",\"description\":\"Un \u00e9norme panache de poussi\u00e8re saharienne transport\u00e9 par l\u2019Harmattan en provenance du Centre du Tchad.\",\"breadcrumb\":{\"@id\":\"https:\/\/meteocameroon.gov.cm\/poussiere-alerte\/#breadcrumb\"},\"inLanguage\":\"en-US\",\"potentialAction\":[{\"@type\":\"ReadAction\",\"target\":[\"https:\/\/meteocameroon.gov.cm\/poussiere-alerte\/\"]}]},{\"@type\":\"ImageObject\",\"inLanguage\":\"en-US\",\"@id\":\"https:\/\/meteocameroon.gov.cm\/poussiere-alerte\/#primaryimage\",\"url\":\"https:\/\/meteocameroon.gov.cm\/wp-content\/uploads\/2023\/02\/alerte-tempete-2.png\",\"contentUrl\":\"https:\/\/meteocameroon.gov.cm\/wp-content\/uploads\/2023\/02\/alerte-tempete-2.png\",\"width\":1971,\"height\":2705},{\"@type\":\"BreadcrumbList\",\"@id\":\"https:\/\/meteocameroon.gov.cm\/poussiere-alerte\/#breadcrumb\",\"itemListElement\":[{\"@type\":\"ListItem\",\"position\":1,\"name\":\"Accueil\",\"item\":\"https:\/\/meteocameroon.gov.cm\/\"},{\"@type\":\"ListItem\",\"position\":2,\"name\":\"Communiqu\u00e9 radio-presse du Ministre des Transports : avertissement temp\u00eate de poussi\u00e8re\"}]},{\"@type\":\"WebSite\",\"@id\":\"https:\/\/meteocameroon.gov.cm\/#website\",\"url\":\"https:\/\/meteocameroon.gov.cm\/\",\"name\":\"M\u00e9t\u00e9orologie Nationale du Cameroun\",\"description\":\"La m\u00e9t\u00e9o un outils pour le d\u00e9veloppement\",\"publisher\":{\"@id\":\"https:\/\/meteocameroon.gov.cm\/#organization\"},\"potentialAction\":[{\"@type\":\"SearchAction\",\"target\":{\"@type\":\"EntryPoint\",\"urlTemplate\":\"https:\/\/meteocameroon.gov.cm\/?s={search_term_string}\"},\"query-input\":{\"@type\":\"PropertyValueSpecification\",\"valueRequired\":true,\"valueName\":\"search_term_string\"}}],\"inLanguage\":\"en-US\"},{\"@type\":\"Organization\",\"@id\":\"https:\/\/meteocameroon.gov.cm\/#organization\",\"name\":\"M\u00e9t\u00e9orologie Nationale du Cameroun\",\"url\":\"https:\/\/meteocameroon.gov.cm\/\",\"logo\":{\"@type\":\"ImageObject\",\"inLanguage\":\"en-US\",\"@id\":\"https:\/\/meteocameroon.gov.cm\/#\/schema\/logo\/image\/\",\"url\":\"https:\/\/meteocameroon.gov.cm\/wp-content\/uploads\/2022\/06\/Artboard-14x-renew.jpg\",\"contentUrl\":\"https:\/\/meteocameroon.gov.cm\/wp-content\/uploads\/2022\/06\/Artboard-14x-renew.jpg\",\"width\":519,\"height\":504,\"caption\":\"M\u00e9t\u00e9orologie Nationale du Cameroun\"},\"image\":{\"@id\":\"https:\/\/meteocameroon.gov.cm\/#\/schema\/logo\/image\/\"}},{\"@type\":\"Person\",\"@id\":\"https:\/\/meteocameroon.gov.cm\/#\/schema\/person\/5dfa736b9e05ff41e55a4dc24e6b411d\",\"name\":\"ANDRE DJOUBDOUNA\",\"image\":{\"@type\":\"ImageObject\",\"inLanguage\":\"en-US\",\"@id\":\"https:\/\/meteocameroon.gov.cm\/#\/schema\/person\/image\/\",\"url\":\"https:\/\/secure.gravatar.com\/avatar\/84fe48cfc89bc67ad607332365962bbeded76c64a26875f7e62c526afcfa68bb?s=96&d=mm&r=g\",\"contentUrl\":\"https:\/\/secure.gravatar.com\/avatar\/84fe48cfc89bc67ad607332365962bbeded76c64a26875f7e62c526afcfa68bb?s=96&d=mm&r=g\",\"caption\":\"ANDRE DJOUBDOUNA\"},\"url\":\"https:\/\/meteocameroon.gov.cm\/en\/author\/djoubdouna\/\"}]}<\/script>\n<!-- \/ Yoast SEO plugin. -->","yoast_head_json":{"title":"Communiqu\u00e9 radio-presse du Ministre des Transports : avertissement temp\u00eate de poussi\u00e8re - M\u00e9t\u00e9orologie Nationale du Cameroun","description":"Un \u00e9norme panache de poussi\u00e8re saharienne transport\u00e9 par l\u2019Harmattan en provenance du Centre du Tchad.","robots":{"index":"index","follow":"follow","max-snippet":"max-snippet:-1","max-image-preview":"max-image-preview:large","max-video-preview":"max-video-preview:-1"},"canonical":"https:\/\/meteocameroon.gov.cm\/en\/poussiere-alerte\/","og_locale":"en_US","og_type":"article","og_title":"Communiqu\u00e9 radio-presse du Ministre des Transports : avertissement temp\u00eate de poussi\u00e8re - M\u00e9t\u00e9orologie Nationale du Cameroun","og_description":"Un \u00e9norme panache de poussi\u00e8re saharienne transport\u00e9 par l\u2019Harmattan en provenance du Centre du Tchad.","og_url":"https:\/\/meteocameroon.gov.cm\/en\/poussiere-alerte\/","og_site_name":"M\u00e9t\u00e9orologie Nationale du Cameroun","article_published_time":"2023-02-15T21:17:30+00:00","article_modified_time":"2023-02-15T21:41:28+00:00","og_image":[{"width":746,"height":1024,"url":"https:\/\/meteocameroon.gov.cm\/wp-content\/uploads\/2023\/02\/alerte-tempete-2-746x1024.png","type":"image\/png"}],"author":"ANDRE DJOUBDOUNA","twitter_card":"summary_large_image","twitter_misc":{"Written by":"ANDRE DJOUBDOUNA","Est. reading time":"1 minute"},"schema":{"@context":"https:\/\/schema.org","@graph":[{"@type":"Article","@id":"https:\/\/meteocameroon.gov.cm\/poussiere-alerte\/#article","isPartOf":{"@id":"https:\/\/meteocameroon.gov.cm\/poussiere-alerte\/"},"author":{"name":"ANDRE DJOUBDOUNA","@id":"https:\/\/meteocameroon.gov.cm\/#\/schema\/person\/5dfa736b9e05ff41e55a4dc24e6b411d"},"headline":"Communiqu\u00e9 radio-presse du Ministre des Transports : avertissement temp\u00eate de poussi\u00e8re","datePublished":"2023-02-15T21:17:30+00:00","dateModified":"2023-02-15T21:41:28+00:00","mainEntityOfPage":{"@id":"https:\/\/meteocameroon.gov.cm\/poussiere-alerte\/"},"wordCount":154,"commentCount":0,"publisher":{"@id":"https:\/\/meteocameroon.gov.cm\/#organization"},"image":{"@id":"https:\/\/meteocameroon.gov.cm\/poussiere-alerte\/#primaryimage"},"thumbnailUrl":"https:\/\/meteocameroon.gov.cm\/wp-content\/uploads\/2023\/02\/alerte-tempete-2.png","articleSection":["Actualit\u00e9","Information"],"inLanguage":"en-US","potentialAction":[{"@type":"CommentAction","name":"Comment","target":["https:\/\/meteocameroon.gov.cm\/poussiere-alerte\/#respond"]}]},{"@type":"WebPage","@id":"https:\/\/meteocameroon.gov.cm\/poussiere-alerte\/","url":"https:\/\/meteocameroon.gov.cm\/poussiere-alerte\/","name":"Communiqu\u00e9 radio-presse du Ministre des Transports : avertissement temp\u00eate de poussi\u00e8re - M\u00e9t\u00e9orologie Nationale du Cameroun","isPartOf":{"@id":"https:\/\/meteocameroon.gov.cm\/#website"},"primaryImageOfPage":{"@id":"https:\/\/meteocameroon.gov.cm\/poussiere-alerte\/#primaryimage"},"image":{"@id":"https:\/\/meteocameroon.gov.cm\/poussiere-alerte\/#primaryimage"},"thumbnailUrl":"https:\/\/meteocameroon.gov.cm\/wp-content\/uploads\/2023\/02\/alerte-tempete-2.png","datePublished":"2023-02-15T21:17:30+00:00","dateModified":"2023-02-15T21:41:28+00:00","description":"Un \u00e9norme panache de poussi\u00e8re saharienne transport\u00e9 par l\u2019Harmattan en provenance du Centre du Tchad.","breadcrumb":{"@id":"https:\/\/meteocameroon.gov.cm\/poussiere-alerte\/#breadcrumb"},"inLanguage":"en-US","potentialAction":[{"@type":"ReadAction","target":["https:\/\/meteocameroon.gov.cm\/poussiere-alerte\/"]}]},{"@type":"ImageObject","inLanguage":"en-US","@id":"https:\/\/meteocameroon.gov.cm\/poussiere-alerte\/#primaryimage","url":"https:\/\/meteocameroon.gov.cm\/wp-content\/uploads\/2023\/02\/alerte-tempete-2.png","contentUrl":"https:\/\/meteocameroon.gov.cm\/wp-content\/uploads\/2023\/02\/alerte-tempete-2.png","width":1971,"height":2705},{"@type":"BreadcrumbList","@id":"https:\/\/meteocameroon.gov.cm\/poussiere-alerte\/#breadcrumb","itemListElement":[{"@type":"ListItem","position":1,"name":"Accueil","item":"https:\/\/meteocameroon.gov.cm\/"},{"@type":"ListItem","position":2,"name":"Communiqu\u00e9 radio-presse du Ministre des Transports : avertissement temp\u00eate de poussi\u00e8re"}]},{"@type":"WebSite","@id":"https:\/\/meteocameroon.gov.cm\/#website","url":"https:\/\/meteocameroon.gov.cm\/","name":"M\u00e9t\u00e9orologie Nationale du Cameroun","description":"La m\u00e9t\u00e9o un outils pour le d\u00e9veloppement","publisher":{"@id":"https:\/\/meteocameroon.gov.cm\/#organization"},"potentialAction":[{"@type":"SearchAction","target":{"@type":"EntryPoint","urlTemplate":"https:\/\/meteocameroon.gov.cm\/?s={search_term_string}"},"query-input":{"@type":"PropertyValueSpecification","valueRequired":true,"valueName":"search_term_string"}}],"inLanguage":"en-US"},{"@type":"Organization","@id":"https:\/\/meteocameroon.gov.cm\/#organization","name":"M\u00e9t\u00e9orologie Nationale du Cameroun","url":"https:\/\/meteocameroon.gov.cm\/","logo":{"@type":"ImageObject","inLanguage":"en-US","@id":"https:\/\/meteocameroon.gov.cm\/#\/schema\/logo\/image\/","url":"https:\/\/meteocameroon.gov.cm\/wp-content\/uploads\/2022\/06\/Artboard-14x-renew.jpg","contentUrl":"https:\/\/meteocameroon.gov.cm\/wp-content\/uploads\/2022\/06\/Artboard-14x-renew.jpg","width":519,"height":504,"caption":"M\u00e9t\u00e9orologie Nationale du Cameroun"},"image":{"@id":"https:\/\/meteocameroon.gov.cm\/#\/schema\/logo\/image\/"}},{"@type":"Person","@id":"https:\/\/meteocameroon.gov.cm\/#\/schema\/person\/5dfa736b9e05ff41e55a4dc24e6b411d","name":"ANDRE DJOUBDOUNA","image":{"@type":"ImageObject","inLanguage":"en-US","@id":"https:\/\/meteocameroon.gov.cm\/#\/schema\/person\/image\/","url":"https:\/\/secure.gravatar.com\/avatar\/84fe48cfc89bc67ad607332365962bbeded76c64a26875f7e62c526afcfa68bb?s=96&d=mm&r=g","contentUrl":"https:\/\/secure.gravatar.com\/avatar\/84fe48cfc89bc67ad607332365962bbeded76c64a26875f7e62c526afcfa68bb?s=96&d=mm&r=g","caption":"ANDRE DJOUBDOUNA"},"url":"https:\/\/meteocameroon.gov.cm\/en\/author\/djoubdouna\/"}]}},"rttpg_featured_image_url":{"full":["https:\/\/meteocameroon.gov.cm\/wp-content\/uploads\/2023\/02\/alerte-tempete-2.png",1971,2705,false],"landscape":["https:\/\/meteocameroon.gov.cm\/wp-content\/uploads\/2023\/02\/alerte-tempete-2.png",1971,2705,false],"portraits":["https:\/\/meteocameroon.gov.cm\/wp-content\/uploads\/2023\/02\/alerte-tempete-2.png",1971,2705,false],"thumbnail":["https:\/\/meteocameroon.gov.cm\/wp-content\/uploads\/2023\/02\/alerte-tempete-2-150x150.png",150,150,true],"medium":["https:\/\/meteocameroon.gov.cm\/wp-content\/uploads\/2023\/02\/alerte-tempete-2-219x300.png",219,300,true],"large":["https:\/\/meteocameroon.gov.cm\/wp-content\/uploads\/2023\/02\/alerte-tempete-2-746x1024.png",640,878,true],"1536x1536":["https:\/\/meteocameroon.gov.cm\/wp-content\/uploads\/2023\/02\/alerte-tempete-2-1119x1536.png",1119,1536,true],"2048x2048":["https:\/\/meteocameroon.gov.cm\/wp-content\/uploads\/2023\/02\/alerte-tempete-2-1492x2048.png",1492,2048,true],"trp-custom-language-flag":["https:\/\/meteocameroon.gov.cm\/wp-content\/uploads\/2023\/02\/alerte-tempete-2-9x12.png",9,12,true],"binit-portfolio":["https:\/\/meteocameroon.gov.cm\/wp-content\/uploads\/2023\/02\/alerte-tempete-2-600x700.png",600,700,true],"binit-portfolio-vertical":["https:\/\/meteocameroon.gov.cm\/wp-content\/uploads\/2023\/02\/alerte-tempete-2-380x564.png",380,564,true],"binit-blog":["https:\/\/meteocameroon.gov.cm\/wp-content\/uploads\/2023\/02\/alerte-tempete-2-600x420.png",600,420,true],"binit-team":["https:\/\/meteocameroon.gov.cm\/wp-content\/uploads\/2023\/02\/alerte-tempete-2-600x645.png",600,645,true],"binit-product":["https:\/\/meteocameroon.gov.cm\/wp-content\/uploads\/2023\/02\/alerte-tempete-2-360x440.png",360,440,true],"binit-event":["https:\/\/meteocameroon.gov.cm\/wp-content\/uploads\/2023\/02\/alerte-tempete-2-420x630.png",420,630,true]},"rttpg_author":{"display_name":"ANDRE DJOUBDOUNA","author_link":"https:\/\/meteocameroon.gov.cm\/en\/author\/djoubdouna\/"},"rttpg_comment":0,"rttpg_category":"<a href=\"https:\/\/meteocameroon.gov.cm\/en\/category\/actualite\/\" rel=\"category tag\">Actualit\u00e9<\/a> <a href=\"https:\/\/meteocameroon.gov.cm\/en\/category\/information\/\" rel=\"category tag\">Information<\/a>","rttpg_excerpt":"Un \u00e9norme panache de poussi\u00e8re saharienne transport\u00e9 par l\u2019Harmattan en provenance du Centre du Tchad a franchi le territoire via le d\u00e9partement du Logone et Chari (Extr\u00eame-Nord) et poursuivra son d\u00e9placement vers les r\u00e9gions du Nord et de l\u2019Adamaoua. Ce ph\u00e9nom\u00e8ne associ\u00e9 \u00e0 des vents mod\u00e9r\u00e9s, r\u00e9duira consid\u00e9rablement la visibilit\u00e9 et exposera les personnes aux&hellip;","_links":{"self":[{"href":"https:\/\/meteocameroon.gov.cm\/en\/wp-json\/wp\/v2\/posts\/2585","targetHints":{"allow":["GET"]}}],"collection":[{"href":"https:\/\/meteocameroon.gov.cm\/en\/wp-json\/wp\/v2\/posts"}],"about":[{"href":"https:\/\/meteocameroon.gov.cm\/en\/wp-json\/wp\/v2\/types\/post"}],"author":[{"embeddable":true,"href":"https:\/\/meteocameroon.gov.cm\/en\/wp-json\/wp\/v2\/users\/6"}],"replies":[{"embeddable":true,"href":"https:\/\/meteocameroon.gov.cm\/en\/wp-json\/wp\/v2\/comments?post=2585"}],"version-history":[{"count":8,"href":"https:\/\/meteocameroon.gov.cm\/en\/wp-json\/wp\/v2\/posts\/2585\/revisions"}],"predecessor-version":[{"id":2598,"href":"https:\/\/meteocameroon.gov.cm\/en\/wp-json\/wp\/v2\/posts\/2585\/revisions\/2598"}],"wp:featuredmedia":[{"embeddable":true,"href":"https:\/\/meteocameroon.gov.cm\/en\/wp-json\/wp\/v2\/media\/2586"}],"wp:attachment":[{"href":"https:\/\/meteocameroon.gov.cm\/en\/wp-json\/wp\/v2\/media?parent=2585"}],"wp:term":[{"taxonomy":"category","embeddable":true,"href":"https:\/\/meteocameroon.gov.cm\/en\/wp-json\/wp\/v2\/categories?post=2585"},{"taxonomy":"post_tag","embeddable":true,"href":"https:\/\/meteocameroon.gov.cm\/en\/wp-json\/wp\/v2\/tags?post=2585"}],"curies":[{"name":"wp","href":"https:\/\/api.w.org\/{rel}","templated":true}]}}