{"id":2699,"date":"2023-03-24T19:28:32","date_gmt":"2023-03-24T18:28:32","guid":{"rendered":"https:\/\/meteocameroon.gov.cm\/?p=2699"},"modified":"2023-03-24T19:47:00","modified_gmt":"2023-03-24T18:47:00","slug":"23-mars-journee-meteorologique-mondiale-cameroun","status":"publish","type":"post","link":"https:\/\/meteocameroon.gov.cm\/en\/23-mars-journee-meteorologique-mondiale-cameroun\/","title":{"rendered":"Journ\u00e9e  M\u00e9t\u00e9orologique Mondiale  : Le Minist\u00e8re des Transports organise une table ronde pour une synergie d&#8217;actions pour la protection de notre plan\u00e8te"},"content":{"rendered":"<p>Le Secr\u00e9taire g\u00e9n\u00e9ral du Minist\u00e8re des Transports, MVEIMANI SOMBO AMBA, repr\u00e9sentant le MINT, a pr\u00e9sid\u00e9 ce jeudi 23 mars 2023, \u00e0 l&#8217;\u00c9cole nationale sup\u00e9rieure polytechnique de Yaound\u00e9 (ENSPY), la table ronde relative \u00e0 la c\u00e9l\u00e9bration de la 63e \u00e9dition<br \/>\nde cette Journ\u00e9e.<\/p>\n<p>\u00c9taient pr\u00e9sents \u00e0 cette rencontre, l&#8217;Inspecteur n\u00b03, le Directeur de la M\u00e9t\u00e9orologie nationale (DIRMET), le Chef de division des \u00c9tudes, de la Planification, de la Programmation et de la Coop\u00e9ration, le Directeur de l&#8217;ENSPY, les acteurs de la soci\u00e9t\u00e9 civile, les repr\u00e9sentants du Minist\u00e8re de l&#8217;\u00c9levage, des P\u00eaches et des Industries animales (MINEPIA) et de l&#8217;Agence pour la S\u00e9curit\u00e9 de la Navigation a\u00e9rienne en Afrique et \u00e0 Madagascar (ASECNA) ainsi que les acteurs de la soci\u00e9t\u00e9 civile (Water for life Cameroon, Green horizon, etc.).<\/p>\n<p>Cette \u00e9dition se c\u00e9l\u00e8bre sur le th\u00e8me &#8220;L&#8217;avenir du temps, du climat et de l&#8217;eau \u00e0 travers les g\u00e9n\u00e9rations&#8221;. \u00c0 l&#8217;entame de la rencontre, le DIRMET a pr\u00e9sent\u00e9 le contexte dans lequel il a \u00e9t\u00e9 choisi. Ce th\u00e8me met en exergue l&#8217;importance du temps, du climat et de la gestion des ressources en eau pour le bien-\u00eatre des populations de la plan\u00e8te. Une s\u00e9rie d&#8217;expos\u00e9s, pr\u00e9sent\u00e9s par les cadres de la direction de la M\u00e9t\u00e9orologie nationale et les acteurs de la soci\u00e9t\u00e9 civile, sur plusieurs sous-th\u00e8mes notamment l&#8217;impact du climat sur l&#8217;\u00e9volution de la transhumance, l&#8217;urgence d&#8217;int\u00e9grer les services m\u00e9t\u00e9o aux enjeux climatiques pour les g\u00e9n\u00e9rations, l&#8217;influence du temps sur les activit\u00e9s urbaines, ont fait l&#8217;objet de la deuxi\u00e8me phase de cet \u00e9change. Cette table ronde a \u00e9t\u00e9 l&#8217;occasion idoine de pr\u00e9senter les causes et l&#8217;impact des changements climatiques. Les diff\u00e9rents intervenants n&#8217;ont pas manqu\u00e9 de pr\u00e9senter les efforts consentis par le Gouvernement camerounais pour le d\u00e9veloppement du secteur de la m\u00e9t\u00e9orologie et la lutte contre les changements climatiques.<br \/>\n\u00c0 ce sujet, le Secr\u00e9taire g\u00e9n\u00e9ral du MINT a rappel\u00e9 que cette c\u00e9l\u00e9bration est, une \u00e9ni\u00e8me fois, un appel \u00e0 une synergie d&#8217;actions de toute la soci\u00e9t\u00e9 en vue de la protection de notre \u00e9cosyst\u00e8me et par ricochet, la lutte contre les catastrophes m\u00e9t\u00e9orologiques qui ont pour premi\u00e8re cause l&#8217;Homme. Cette c\u00e9l\u00e9bration co\u00efncide avec le 150\u00e8me anniversaire de l&#8217;Organisation M\u00e9t\u00e9orologique Internationale (OMI) et le 60\u00e8me anniversaire de la Veille m\u00e9t\u00e9orologique mondiale.<\/p>","protected":false},"excerpt":{"rendered":"<p>Le Secr\u00e9taire g\u00e9n\u00e9ral du Minist\u00e8re  des Transports, MVEIMANI SOMBO AMBA, repr\u00e9sentant le  MINT, a pr\u00e9sid\u00e9 ce jeudi 23 mars 2023, \u00e0 l&#8217;\u00c9cole nationale sup\u00e9rieure polytechnique  de Yaound\u00e9 (ENSPY), la table ronde relative \u00e0 la c\u00e9l\u00e9bration de la 63e \u00e9dition<br \/>\nde cette Journ\u00e9e. <\/p>","protected":false},"author":6,"featured_media":2701,"comment_status":"open","ping_status":"open","sticky":false,"template":"","format":"standard","meta":{"footnotes":""},"categories":[18,1],"tags":[],"class_list":["post-2699","post","type-post","status-publish","format-standard","has-post-thumbnail","hentry","category-actualite","category-information"],"yoast_head":"<!-- This site is optimized with the Yoast SEO plugin v26.8 - https:\/\/yoast.com\/product\/yoast-seo-wordpress\/ -->\n<title>Journ\u00e9e M\u00e9t\u00e9orologique Mondiale : Le Minist\u00e8re des Transports organise une table ronde pour une synergie d&#039;actions pour la protection de notre plan\u00e8te -<\/title>\n<meta name=\"robots\" content=\"index, follow, max-snippet:-1, max-image-preview:large, max-video-preview:-1\" \/>\n<link rel=\"canonical\" href=\"https:\/\/meteocameroon.gov.cm\/en\/23-mars-journee-meteorologique-mondiale-cameroun\/\" \/>\n<meta property=\"og:locale\" content=\"en_US\" \/>\n<meta property=\"og:type\" content=\"article\" \/>\n<meta property=\"og:title\" content=\"Journ\u00e9e M\u00e9t\u00e9orologique Mondiale : Le Minist\u00e8re des Transports organise une table ronde pour une synergie d&#039;actions pour la protection de notre plan\u00e8te -\" \/>\n<meta property=\"og:description\" content=\"Le Secr\u00e9taire g\u00e9n\u00e9ral du Minist\u00e8re des Transports, MVEIMANI SOMBO AMBA, repr\u00e9sentant le MINT, a pr\u00e9sid\u00e9 ce jeudi 23 mars 2023, \u00e0 l&#039;\u00c9cole nationale sup\u00e9rieure polytechnique de Yaound\u00e9 (ENSPY), la table ronde relative \u00e0 la c\u00e9l\u00e9bration de la 63e \u00e9dition  de cette Journ\u00e9e.\" \/>\n<meta property=\"og:url\" content=\"https:\/\/meteocameroon.gov.cm\/en\/23-mars-journee-meteorologique-mondiale-cameroun\/\" \/>\n<meta property=\"og:site_name\" content=\"M\u00e9t\u00e9orologie Nationale du Cameroun\" \/>\n<meta property=\"article:published_time\" content=\"2023-03-24T18:28:32+00:00\" \/>\n<meta property=\"article:modified_time\" content=\"2023-03-24T18:47:00+00:00\" \/>\n<meta property=\"og:image\" content=\"https:\/\/meteocameroon.gov.cm\/wp-content\/uploads\/2023\/03\/WhatsApp-Image-2023-03-24-at-11.45.01.jpeg\" \/>\n\t<meta property=\"og:image:width\" content=\"996\" \/>\n\t<meta property=\"og:image:height\" content=\"664\" \/>\n\t<meta property=\"og:image:type\" content=\"image\/jpeg\" \/>\n<meta name=\"author\" content=\"ANDRE DJOUBDOUNA\" \/>\n<meta name=\"twitter:card\" content=\"summary_large_image\" \/>\n<meta name=\"twitter:label1\" content=\"Written by\" \/>\n\t<meta name=\"twitter:data1\" content=\"ANDRE DJOUBDOUNA\" \/>\n\t<meta name=\"twitter:label2\" content=\"Est. reading time\" \/>\n\t<meta name=\"twitter:data2\" content=\"2 minutes\" \/>\n<script type=\"application\/ld+json\" class=\"yoast-schema-graph\">{\"@context\":\"https:\/\/schema.org\",\"@graph\":[{\"@type\":\"Article\",\"@id\":\"https:\/\/meteocameroon.gov.cm\/23-mars-journee-meteorologique-mondiale-cameroun\/#article\",\"isPartOf\":{\"@id\":\"https:\/\/meteocameroon.gov.cm\/23-mars-journee-meteorologique-mondiale-cameroun\/\"},\"author\":{\"name\":\"ANDRE DJOUBDOUNA\",\"@id\":\"https:\/\/meteocameroon.gov.cm\/#\/schema\/person\/5dfa736b9e05ff41e55a4dc24e6b411d\"},\"headline\":\"Journ\u00e9e M\u00e9t\u00e9orologique Mondiale : Le Minist\u00e8re des Transports organise une table ronde pour une synergie d&#8217;actions pour la protection de notre plan\u00e8te\",\"datePublished\":\"2023-03-24T18:28:32+00:00\",\"dateModified\":\"2023-03-24T18:47:00+00:00\",\"mainEntityOfPage\":{\"@id\":\"https:\/\/meteocameroon.gov.cm\/23-mars-journee-meteorologique-mondiale-cameroun\/\"},\"wordCount\":454,\"commentCount\":0,\"publisher\":{\"@id\":\"https:\/\/meteocameroon.gov.cm\/#organization\"},\"image\":{\"@id\":\"https:\/\/meteocameroon.gov.cm\/23-mars-journee-meteorologique-mondiale-cameroun\/#primaryimage\"},\"thumbnailUrl\":\"https:\/\/meteocameroon.gov.cm\/wp-content\/uploads\/2023\/03\/WhatsApp-Image-2023-03-24-at-11.45.01.jpeg\",\"articleSection\":[\"Actualit\u00e9\",\"Information\"],\"inLanguage\":\"en-US\",\"potentialAction\":[{\"@type\":\"CommentAction\",\"name\":\"Comment\",\"target\":[\"https:\/\/meteocameroon.gov.cm\/23-mars-journee-meteorologique-mondiale-cameroun\/#respond\"]}]},{\"@type\":\"WebPage\",\"@id\":\"https:\/\/meteocameroon.gov.cm\/23-mars-journee-meteorologique-mondiale-cameroun\/\",\"url\":\"https:\/\/meteocameroon.gov.cm\/23-mars-journee-meteorologique-mondiale-cameroun\/\",\"name\":\"Journ\u00e9e M\u00e9t\u00e9orologique Mondiale : Le Minist\u00e8re des Transports organise une table ronde pour une synergie d'actions pour la protection de notre plan\u00e8te -\",\"isPartOf\":{\"@id\":\"https:\/\/meteocameroon.gov.cm\/#website\"},\"primaryImageOfPage\":{\"@id\":\"https:\/\/meteocameroon.gov.cm\/23-mars-journee-meteorologique-mondiale-cameroun\/#primaryimage\"},\"image\":{\"@id\":\"https:\/\/meteocameroon.gov.cm\/23-mars-journee-meteorologique-mondiale-cameroun\/#primaryimage\"},\"thumbnailUrl\":\"https:\/\/meteocameroon.gov.cm\/wp-content\/uploads\/2023\/03\/WhatsApp-Image-2023-03-24-at-11.45.01.jpeg\",\"datePublished\":\"2023-03-24T18:28:32+00:00\",\"dateModified\":\"2023-03-24T18:47:00+00:00\",\"breadcrumb\":{\"@id\":\"https:\/\/meteocameroon.gov.cm\/23-mars-journee-meteorologique-mondiale-cameroun\/#breadcrumb\"},\"inLanguage\":\"en-US\",\"potentialAction\":[{\"@type\":\"ReadAction\",\"target\":[\"https:\/\/meteocameroon.gov.cm\/23-mars-journee-meteorologique-mondiale-cameroun\/\"]}]},{\"@type\":\"ImageObject\",\"inLanguage\":\"en-US\",\"@id\":\"https:\/\/meteocameroon.gov.cm\/23-mars-journee-meteorologique-mondiale-cameroun\/#primaryimage\",\"url\":\"https:\/\/meteocameroon.gov.cm\/wp-content\/uploads\/2023\/03\/WhatsApp-Image-2023-03-24-at-11.45.01.jpeg\",\"contentUrl\":\"https:\/\/meteocameroon.gov.cm\/wp-content\/uploads\/2023\/03\/WhatsApp-Image-2023-03-24-at-11.45.01.jpeg\",\"width\":996,\"height\":664},{\"@type\":\"BreadcrumbList\",\"@id\":\"https:\/\/meteocameroon.gov.cm\/23-mars-journee-meteorologique-mondiale-cameroun\/#breadcrumb\",\"itemListElement\":[{\"@type\":\"ListItem\",\"position\":1,\"name\":\"Accueil\",\"item\":\"https:\/\/meteocameroon.gov.cm\/\"},{\"@type\":\"ListItem\",\"position\":2,\"name\":\"Journ\u00e9e M\u00e9t\u00e9orologique Mondiale : Le Minist\u00e8re des Transports organise une table ronde pour une synergie d&#8217;actions pour la protection de notre plan\u00e8te\"}]},{\"@type\":\"WebSite\",\"@id\":\"https:\/\/meteocameroon.gov.cm\/#website\",\"url\":\"https:\/\/meteocameroon.gov.cm\/\",\"name\":\"M\u00e9t\u00e9orologie Nationale du Cameroun\",\"description\":\"La m\u00e9t\u00e9o un outils pour le d\u00e9veloppement\",\"publisher\":{\"@id\":\"https:\/\/meteocameroon.gov.cm\/#organization\"},\"potentialAction\":[{\"@type\":\"SearchAction\",\"target\":{\"@type\":\"EntryPoint\",\"urlTemplate\":\"https:\/\/meteocameroon.gov.cm\/?s={search_term_string}\"},\"query-input\":{\"@type\":\"PropertyValueSpecification\",\"valueRequired\":true,\"valueName\":\"search_term_string\"}}],\"inLanguage\":\"en-US\"},{\"@type\":\"Organization\",\"@id\":\"https:\/\/meteocameroon.gov.cm\/#organization\",\"name\":\"M\u00e9t\u00e9orologie Nationale du Cameroun\",\"url\":\"https:\/\/meteocameroon.gov.cm\/\",\"logo\":{\"@type\":\"ImageObject\",\"inLanguage\":\"en-US\",\"@id\":\"https:\/\/meteocameroon.gov.cm\/#\/schema\/logo\/image\/\",\"url\":\"https:\/\/meteocameroon.gov.cm\/wp-content\/uploads\/2022\/06\/Artboard-14x-renew.jpg\",\"contentUrl\":\"https:\/\/meteocameroon.gov.cm\/wp-content\/uploads\/2022\/06\/Artboard-14x-renew.jpg\",\"width\":519,\"height\":504,\"caption\":\"M\u00e9t\u00e9orologie Nationale du Cameroun\"},\"image\":{\"@id\":\"https:\/\/meteocameroon.gov.cm\/#\/schema\/logo\/image\/\"}},{\"@type\":\"Person\",\"@id\":\"https:\/\/meteocameroon.gov.cm\/#\/schema\/person\/5dfa736b9e05ff41e55a4dc24e6b411d\",\"name\":\"ANDRE DJOUBDOUNA\",\"image\":{\"@type\":\"ImageObject\",\"inLanguage\":\"en-US\",\"@id\":\"https:\/\/meteocameroon.gov.cm\/#\/schema\/person\/image\/\",\"url\":\"https:\/\/secure.gravatar.com\/avatar\/84fe48cfc89bc67ad607332365962bbeded76c64a26875f7e62c526afcfa68bb?s=96&d=mm&r=g\",\"contentUrl\":\"https:\/\/secure.gravatar.com\/avatar\/84fe48cfc89bc67ad607332365962bbeded76c64a26875f7e62c526afcfa68bb?s=96&d=mm&r=g\",\"caption\":\"ANDRE DJOUBDOUNA\"},\"url\":\"https:\/\/meteocameroon.gov.cm\/en\/author\/djoubdouna\/\"}]}<\/script>\n<!-- \/ Yoast SEO plugin. -->","yoast_head_json":{"title":"Journ\u00e9e M\u00e9t\u00e9orologique Mondiale : Le Minist\u00e8re des Transports organise une table ronde pour une synergie d'actions pour la protection de notre plan\u00e8te -","robots":{"index":"index","follow":"follow","max-snippet":"max-snippet:-1","max-image-preview":"max-image-preview:large","max-video-preview":"max-video-preview:-1"},"canonical":"https:\/\/meteocameroon.gov.cm\/en\/23-mars-journee-meteorologique-mondiale-cameroun\/","og_locale":"en_US","og_type":"article","og_title":"Journ\u00e9e M\u00e9t\u00e9orologique Mondiale : Le Minist\u00e8re des Transports organise une table ronde pour une synergie d'actions pour la protection de notre plan\u00e8te -","og_description":"Le Secr\u00e9taire g\u00e9n\u00e9ral du Minist\u00e8re des Transports, MVEIMANI SOMBO AMBA, repr\u00e9sentant le MINT, a pr\u00e9sid\u00e9 ce jeudi 23 mars 2023, \u00e0 l'\u00c9cole nationale sup\u00e9rieure polytechnique de Yaound\u00e9 (ENSPY), la table ronde relative \u00e0 la c\u00e9l\u00e9bration de la 63e \u00e9dition  de cette Journ\u00e9e.","og_url":"https:\/\/meteocameroon.gov.cm\/en\/23-mars-journee-meteorologique-mondiale-cameroun\/","og_site_name":"M\u00e9t\u00e9orologie Nationale du Cameroun","article_published_time":"2023-03-24T18:28:32+00:00","article_modified_time":"2023-03-24T18:47:00+00:00","og_image":[{"width":996,"height":664,"url":"https:\/\/meteocameroon.gov.cm\/wp-content\/uploads\/2023\/03\/WhatsApp-Image-2023-03-24-at-11.45.01.jpeg","type":"image\/jpeg"}],"author":"ANDRE DJOUBDOUNA","twitter_card":"summary_large_image","twitter_misc":{"Written by":"ANDRE DJOUBDOUNA","Est. reading time":"2 minutes"},"schema":{"@context":"https:\/\/schema.org","@graph":[{"@type":"Article","@id":"https:\/\/meteocameroon.gov.cm\/23-mars-journee-meteorologique-mondiale-cameroun\/#article","isPartOf":{"@id":"https:\/\/meteocameroon.gov.cm\/23-mars-journee-meteorologique-mondiale-cameroun\/"},"author":{"name":"ANDRE DJOUBDOUNA","@id":"https:\/\/meteocameroon.gov.cm\/#\/schema\/person\/5dfa736b9e05ff41e55a4dc24e6b411d"},"headline":"Journ\u00e9e M\u00e9t\u00e9orologique Mondiale : Le Minist\u00e8re des Transports organise une table ronde pour une synergie d&#8217;actions pour la protection de notre plan\u00e8te","datePublished":"2023-03-24T18:28:32+00:00","dateModified":"2023-03-24T18:47:00+00:00","mainEntityOfPage":{"@id":"https:\/\/meteocameroon.gov.cm\/23-mars-journee-meteorologique-mondiale-cameroun\/"},"wordCount":454,"commentCount":0,"publisher":{"@id":"https:\/\/meteocameroon.gov.cm\/#organization"},"image":{"@id":"https:\/\/meteocameroon.gov.cm\/23-mars-journee-meteorologique-mondiale-cameroun\/#primaryimage"},"thumbnailUrl":"https:\/\/meteocameroon.gov.cm\/wp-content\/uploads\/2023\/03\/WhatsApp-Image-2023-03-24-at-11.45.01.jpeg","articleSection":["Actualit\u00e9","Information"],"inLanguage":"en-US","potentialAction":[{"@type":"CommentAction","name":"Comment","target":["https:\/\/meteocameroon.gov.cm\/23-mars-journee-meteorologique-mondiale-cameroun\/#respond"]}]},{"@type":"WebPage","@id":"https:\/\/meteocameroon.gov.cm\/23-mars-journee-meteorologique-mondiale-cameroun\/","url":"https:\/\/meteocameroon.gov.cm\/23-mars-journee-meteorologique-mondiale-cameroun\/","name":"Journ\u00e9e M\u00e9t\u00e9orologique Mondiale : Le Minist\u00e8re des Transports organise une table ronde pour une synergie d'actions pour la protection de notre plan\u00e8te -","isPartOf":{"@id":"https:\/\/meteocameroon.gov.cm\/#website"},"primaryImageOfPage":{"@id":"https:\/\/meteocameroon.gov.cm\/23-mars-journee-meteorologique-mondiale-cameroun\/#primaryimage"},"image":{"@id":"https:\/\/meteocameroon.gov.cm\/23-mars-journee-meteorologique-mondiale-cameroun\/#primaryimage"},"thumbnailUrl":"https:\/\/meteocameroon.gov.cm\/wp-content\/uploads\/2023\/03\/WhatsApp-Image-2023-03-24-at-11.45.01.jpeg","datePublished":"2023-03-24T18:28:32+00:00","dateModified":"2023-03-24T18:47:00+00:00","breadcrumb":{"@id":"https:\/\/meteocameroon.gov.cm\/23-mars-journee-meteorologique-mondiale-cameroun\/#breadcrumb"},"inLanguage":"en-US","potentialAction":[{"@type":"ReadAction","target":["https:\/\/meteocameroon.gov.cm\/23-mars-journee-meteorologique-mondiale-cameroun\/"]}]},{"@type":"ImageObject","inLanguage":"en-US","@id":"https:\/\/meteocameroon.gov.cm\/23-mars-journee-meteorologique-mondiale-cameroun\/#primaryimage","url":"https:\/\/meteocameroon.gov.cm\/wp-content\/uploads\/2023\/03\/WhatsApp-Image-2023-03-24-at-11.45.01.jpeg","contentUrl":"https:\/\/meteocameroon.gov.cm\/wp-content\/uploads\/2023\/03\/WhatsApp-Image-2023-03-24-at-11.45.01.jpeg","width":996,"height":664},{"@type":"BreadcrumbList","@id":"https:\/\/meteocameroon.gov.cm\/23-mars-journee-meteorologique-mondiale-cameroun\/#breadcrumb","itemListElement":[{"@type":"ListItem","position":1,"name":"Accueil","item":"https:\/\/meteocameroon.gov.cm\/"},{"@type":"ListItem","position":2,"name":"Journ\u00e9e M\u00e9t\u00e9orologique Mondiale : Le Minist\u00e8re des Transports organise une table ronde pour une synergie d&#8217;actions pour la protection de notre plan\u00e8te"}]},{"@type":"WebSite","@id":"https:\/\/meteocameroon.gov.cm\/#website","url":"https:\/\/meteocameroon.gov.cm\/","name":"M\u00e9t\u00e9orologie Nationale du Cameroun","description":"La m\u00e9t\u00e9o un outils pour le d\u00e9veloppement","publisher":{"@id":"https:\/\/meteocameroon.gov.cm\/#organization"},"potentialAction":[{"@type":"SearchAction","target":{"@type":"EntryPoint","urlTemplate":"https:\/\/meteocameroon.gov.cm\/?s={search_term_string}"},"query-input":{"@type":"PropertyValueSpecification","valueRequired":true,"valueName":"search_term_string"}}],"inLanguage":"en-US"},{"@type":"Organization","@id":"https:\/\/meteocameroon.gov.cm\/#organization","name":"M\u00e9t\u00e9orologie Nationale du Cameroun","url":"https:\/\/meteocameroon.gov.cm\/","logo":{"@type":"ImageObject","inLanguage":"en-US","@id":"https:\/\/meteocameroon.gov.cm\/#\/schema\/logo\/image\/","url":"https:\/\/meteocameroon.gov.cm\/wp-content\/uploads\/2022\/06\/Artboard-14x-renew.jpg","contentUrl":"https:\/\/meteocameroon.gov.cm\/wp-content\/uploads\/2022\/06\/Artboard-14x-renew.jpg","width":519,"height":504,"caption":"M\u00e9t\u00e9orologie Nationale du Cameroun"},"image":{"@id":"https:\/\/meteocameroon.gov.cm\/#\/schema\/logo\/image\/"}},{"@type":"Person","@id":"https:\/\/meteocameroon.gov.cm\/#\/schema\/person\/5dfa736b9e05ff41e55a4dc24e6b411d","name":"ANDRE DJOUBDOUNA","image":{"@type":"ImageObject","inLanguage":"en-US","@id":"https:\/\/meteocameroon.gov.cm\/#\/schema\/person\/image\/","url":"https:\/\/secure.gravatar.com\/avatar\/84fe48cfc89bc67ad607332365962bbeded76c64a26875f7e62c526afcfa68bb?s=96&d=mm&r=g","contentUrl":"https:\/\/secure.gravatar.com\/avatar\/84fe48cfc89bc67ad607332365962bbeded76c64a26875f7e62c526afcfa68bb?s=96&d=mm&r=g","caption":"ANDRE DJOUBDOUNA"},"url":"https:\/\/meteocameroon.gov.cm\/en\/author\/djoubdouna\/"}]}},"rttpg_featured_image_url":{"full":["https:\/\/meteocameroon.gov.cm\/wp-content\/uploads\/2023\/03\/WhatsApp-Image-2023-03-24-at-11.45.01.jpeg",996,664,false],"landscape":["https:\/\/meteocameroon.gov.cm\/wp-content\/uploads\/2023\/03\/WhatsApp-Image-2023-03-24-at-11.45.01.jpeg",996,664,false],"portraits":["https:\/\/meteocameroon.gov.cm\/wp-content\/uploads\/2023\/03\/WhatsApp-Image-2023-03-24-at-11.45.01.jpeg",996,664,false],"thumbnail":["https:\/\/meteocameroon.gov.cm\/wp-content\/uploads\/2023\/03\/WhatsApp-Image-2023-03-24-at-11.45.01-150x150.jpeg",150,150,true],"medium":["https:\/\/meteocameroon.gov.cm\/wp-content\/uploads\/2023\/03\/WhatsApp-Image-2023-03-24-at-11.45.01-300x200.jpeg",300,200,true],"large":["https:\/\/meteocameroon.gov.cm\/wp-content\/uploads\/2023\/03\/WhatsApp-Image-2023-03-24-at-11.45.01.jpeg",640,427,false],"1536x1536":["https:\/\/meteocameroon.gov.cm\/wp-content\/uploads\/2023\/03\/WhatsApp-Image-2023-03-24-at-11.45.01.jpeg",996,664,false],"2048x2048":["https:\/\/meteocameroon.gov.cm\/wp-content\/uploads\/2023\/03\/WhatsApp-Image-2023-03-24-at-11.45.01.jpeg",996,664,false],"trp-custom-language-flag":["https:\/\/meteocameroon.gov.cm\/wp-content\/uploads\/2023\/03\/WhatsApp-Image-2023-03-24-at-11.45.01-18x12.jpeg",18,12,true],"binit-portfolio":["https:\/\/meteocameroon.gov.cm\/wp-content\/uploads\/2023\/03\/WhatsApp-Image-2023-03-24-at-11.45.01-600x664.jpeg",600,664,true],"binit-portfolio-vertical":["https:\/\/meteocameroon.gov.cm\/wp-content\/uploads\/2023\/03\/WhatsApp-Image-2023-03-24-at-11.45.01-380x564.jpeg",380,564,true],"binit-blog":["https:\/\/meteocameroon.gov.cm\/wp-content\/uploads\/2023\/03\/WhatsApp-Image-2023-03-24-at-11.45.01-600x420.jpeg",600,420,true],"binit-team":["https:\/\/meteocameroon.gov.cm\/wp-content\/uploads\/2023\/03\/WhatsApp-Image-2023-03-24-at-11.45.01-600x645.jpeg",600,645,true],"binit-product":["https:\/\/meteocameroon.gov.cm\/wp-content\/uploads\/2023\/03\/WhatsApp-Image-2023-03-24-at-11.45.01-360x440.jpeg",360,440,true],"binit-event":["https:\/\/meteocameroon.gov.cm\/wp-content\/uploads\/2023\/03\/WhatsApp-Image-2023-03-24-at-11.45.01-420x630.jpeg",420,630,true]},"rttpg_author":{"display_name":"ANDRE DJOUBDOUNA","author_link":"https:\/\/meteocameroon.gov.cm\/en\/author\/djoubdouna\/"},"rttpg_comment":0,"rttpg_category":"<a href=\"https:\/\/meteocameroon.gov.cm\/en\/category\/actualite\/\" rel=\"category tag\">Actualit\u00e9<\/a> <a href=\"https:\/\/meteocameroon.gov.cm\/en\/category\/information\/\" rel=\"category tag\">Information<\/a>","rttpg_excerpt":"Le Secr\u00e9taire g\u00e9n\u00e9ral du Minist\u00e8re des Transports, MVEIMANI SOMBO AMBA, repr\u00e9sentant le MINT, a pr\u00e9sid\u00e9 ce jeudi 23 mars 2023, \u00e0 l'\u00c9cole nationale sup\u00e9rieure polytechnique de Yaound\u00e9 (ENSPY), la table ronde relative \u00e0 la c\u00e9l\u00e9bration de la 63e \u00e9dition de cette Journ\u00e9e.","_links":{"self":[{"href":"https:\/\/meteocameroon.gov.cm\/en\/wp-json\/wp\/v2\/posts\/2699","targetHints":{"allow":["GET"]}}],"collection":[{"href":"https:\/\/meteocameroon.gov.cm\/en\/wp-json\/wp\/v2\/posts"}],"about":[{"href":"https:\/\/meteocameroon.gov.cm\/en\/wp-json\/wp\/v2\/types\/post"}],"author":[{"embeddable":true,"href":"https:\/\/meteocameroon.gov.cm\/en\/wp-json\/wp\/v2\/users\/6"}],"replies":[{"embeddable":true,"href":"https:\/\/meteocameroon.gov.cm\/en\/wp-json\/wp\/v2\/comments?post=2699"}],"version-history":[{"count":3,"href":"https:\/\/meteocameroon.gov.cm\/en\/wp-json\/wp\/v2\/posts\/2699\/revisions"}],"predecessor-version":[{"id":2712,"href":"https:\/\/meteocameroon.gov.cm\/en\/wp-json\/wp\/v2\/posts\/2699\/revisions\/2712"}],"wp:featuredmedia":[{"embeddable":true,"href":"https:\/\/meteocameroon.gov.cm\/en\/wp-json\/wp\/v2\/media\/2701"}],"wp:attachment":[{"href":"https:\/\/meteocameroon.gov.cm\/en\/wp-json\/wp\/v2\/media?parent=2699"}],"wp:term":[{"taxonomy":"category","embeddable":true,"href":"https:\/\/meteocameroon.gov.cm\/en\/wp-json\/wp\/v2\/categories?post=2699"},{"taxonomy":"post_tag","embeddable":true,"href":"https:\/\/meteocameroon.gov.cm\/en\/wp-json\/wp\/v2\/tags?post=2699"}],"curies":[{"name":"wp","href":"https:\/\/api.w.org\/{rel}","templated":true}]}}