{"id":2703,"date":"2023-03-22T19:33:20","date_gmt":"2023-03-22T18:33:20","guid":{"rendered":"https:\/\/meteocameroon.gov.cm\/?p=2703"},"modified":"2023-03-24T19:47:50","modified_gmt":"2023-03-24T18:47:50","slug":"visite-lycee-etoug-ebe-meteorologistes-direction-de-la-meteorologie-nationale","status":"publish","type":"post","link":"https:\/\/meteocameroon.gov.cm\/en\/visite-lycee-etoug-ebe-meteorologistes-direction-de-la-meteorologie-nationale\/","title":{"rendered":"Journ\u00e9e M\u00e9t\u00e9orologique Mondiale  : descente d&#8217;une \u00e9quipe de m\u00e9t\u00e9orologistes au Lyc\u00e9e Bilingue d&#8217;Etoug-Ebe"},"content":{"rendered":"<p>En pr\u00e9lude de la Journ\u00e9e M\u00e9t\u00e9orologique Mondiale (JMM) qui se c\u00e9l\u00e8bre ce 23 mars 2023, une descente d&#8217;une \u00e9quipe compos\u00e9e des personnels de la DIRMET et de l&#8217;ASECNA, a \u00e9t\u00e9 effectu\u00e9e le 22 mars 2023 au Lyc\u00e9e Bilingue d&#8217;Etoug-Ebe en vue d&#8217;\u00e9difier et de sensibiliser les \u00e9l\u00e8ves sur des questions m\u00e9t\u00e9orologiques, ainsi que sur le th\u00e8me de cette 63e \u00e9dition &lt;&lt;L&#8217;avenir du Temps, du Climat et de l&#8217;Eau \u00e0 travers les g\u00e9n\u00e9rations&gt;&gt;.<\/p>\n<p>Apr\u00e8s un mot de bienvenue, Madame la repr\u00e9sentante du Proviseur a remerci\u00e9 le Ministre des Transports pour avoir port\u00e9 son choix sur le Lyc\u00e9e Bilingue d&#8217;Etoug-Ebe. L&#8217;\u00e9quipe a par la suite \u00e9difi\u00e9 et sensibilis\u00e9 les \u00e9l\u00e8ves \u00e0 travers deux pr\u00e9sentations portant respectivement sur l&#8217;importance des param\u00e8tres m\u00e9t\u00e9orologiques dans diff\u00e9rents domaines d&#8217;applications, et sur le th\u00e8me de la JMM 2023 en question.<\/p>\n<p>Au terme des \u00e9changes, les \u00e9l\u00e8ves ont \u00e9t\u00e9 satisfait de cette sensibilisation qui leur a permis de conna\u00eetre les divers champs d&#8217;applications de la M\u00e9t\u00e9orologie, suscitant ainsi en eux des vocations professionnelles. En effet, la plupart des \u00e9l\u00e8ves et des enseignants pr\u00e9sents pensaient juste que la M\u00e9t\u00e9orologie se limitait \u00e0 dire &#8220;il va pleuvoir ou pas&#8221;.<\/p>\n<p>Voici quelques images de cette descente!<\/p>\n<p><img loading=\"lazy\" decoding=\"async\" class=\"alignnone wp-image-2704\" src=\"https:\/\/meteocameroon.gov.cm\/wp-content\/uploads\/2023\/03\/WhatsApp-Image-2023-03-24-at-19.37.08-1-300x225.jpeg\" alt=\"\" width=\"186\" height=\"140\" \/><img loading=\"lazy\" decoding=\"async\" class=\"alignnone size-medium wp-image-2706\" src=\"https:\/\/meteocameroon.gov.cm\/wp-content\/uploads\/2023\/03\/WhatsApp-Image-2023-03-24-at-19.37.07-300x135.jpeg\" alt=\"\" width=\"300\" height=\"135\" \/><img loading=\"lazy\" decoding=\"async\" class=\"alignnone wp-image-2705\" src=\"https:\/\/meteocameroon.gov.cm\/wp-content\/uploads\/2023\/03\/WhatsApp-Image-2023-03-24-at-19.37.08-300x146.jpeg\" alt=\"\" width=\"271\" height=\"132\" \/><\/p>","protected":false},"excerpt":{"rendered":"<p>Dans le cadre de la journ\u00e9e m\u00e9t\u00e9orologique mondiale, une \u00e9quipe de m\u00e9t\u00e9orologistes de la Direction de la M\u00e9t\u00e9orologie Nationale a effectu\u00e9 une descente au Lyc\u00e9e d&#8217;Etoug-Ebe<\/p>","protected":false},"author":6,"featured_media":2704,"comment_status":"open","ping_status":"open","sticky":false,"template":"","format":"standard","meta":{"footnotes":""},"categories":[18,1],"tags":[],"class_list":["post-2703","post","type-post","status-publish","format-standard","has-post-thumbnail","hentry","category-actualite","category-information"],"yoast_head":"<!-- This site is optimized with the Yoast SEO plugin v26.8 - https:\/\/yoast.com\/product\/yoast-seo-wordpress\/ -->\n<title>Journ\u00e9e M\u00e9t\u00e9orologique Mondiale : descente d&#039;une \u00e9quipe de m\u00e9t\u00e9orologistes au Lyc\u00e9e Bilingue d&#039;Etoug-Ebe -<\/title>\n<meta name=\"robots\" content=\"index, follow, max-snippet:-1, max-image-preview:large, max-video-preview:-1\" \/>\n<link rel=\"canonical\" href=\"https:\/\/meteocameroon.gov.cm\/en\/visite-lycee-etoug-ebe-meteorologistes-direction-de-la-meteorologie-nationale\/\" \/>\n<meta property=\"og:locale\" content=\"en_US\" \/>\n<meta property=\"og:type\" content=\"article\" \/>\n<meta property=\"og:title\" content=\"Journ\u00e9e M\u00e9t\u00e9orologique Mondiale : descente d&#039;une \u00e9quipe de m\u00e9t\u00e9orologistes au Lyc\u00e9e Bilingue d&#039;Etoug-Ebe -\" \/>\n<meta property=\"og:description\" content=\"Dans le cadre de la journ\u00e9e m\u00e9t\u00e9orologique mondiale, une \u00e9quipe de m\u00e9t\u00e9orologistes de la Direction de la M\u00e9t\u00e9orologie Nationale a effectu\u00e9 une descente au Lyc\u00e9e d&#039;Etoug-Ebe\" \/>\n<meta property=\"og:url\" content=\"https:\/\/meteocameroon.gov.cm\/en\/visite-lycee-etoug-ebe-meteorologistes-direction-de-la-meteorologie-nationale\/\" \/>\n<meta property=\"og:site_name\" content=\"M\u00e9t\u00e9orologie Nationale du Cameroun\" \/>\n<meta property=\"article:published_time\" content=\"2023-03-22T18:33:20+00:00\" \/>\n<meta property=\"article:modified_time\" content=\"2023-03-24T18:47:50+00:00\" \/>\n<meta property=\"og:image\" content=\"https:\/\/meteocameroon.gov.cm\/wp-content\/uploads\/2023\/03\/WhatsApp-Image-2023-03-24-at-19.37.08-1.jpeg\" \/>\n\t<meta property=\"og:image:width\" content=\"1080\" \/>\n\t<meta property=\"og:image:height\" content=\"809\" \/>\n\t<meta property=\"og:image:type\" content=\"image\/jpeg\" \/>\n<meta name=\"author\" content=\"ANDRE DJOUBDOUNA\" \/>\n<meta name=\"twitter:card\" content=\"summary_large_image\" \/>\n<meta name=\"twitter:label1\" content=\"Written by\" \/>\n\t<meta name=\"twitter:data1\" content=\"ANDRE DJOUBDOUNA\" \/>\n\t<meta name=\"twitter:label2\" content=\"Est. reading time\" \/>\n\t<meta name=\"twitter:data2\" content=\"2 minutes\" \/>\n<script type=\"application\/ld+json\" class=\"yoast-schema-graph\">{\"@context\":\"https:\/\/schema.org\",\"@graph\":[{\"@type\":\"Article\",\"@id\":\"https:\/\/meteocameroon.gov.cm\/visite-lycee-etoug-ebe-meteorologistes-direction-de-la-meteorologie-nationale\/#article\",\"isPartOf\":{\"@id\":\"https:\/\/meteocameroon.gov.cm\/visite-lycee-etoug-ebe-meteorologistes-direction-de-la-meteorologie-nationale\/\"},\"author\":{\"name\":\"ANDRE DJOUBDOUNA\",\"@id\":\"https:\/\/meteocameroon.gov.cm\/#\/schema\/person\/5dfa736b9e05ff41e55a4dc24e6b411d\"},\"headline\":\"Journ\u00e9e M\u00e9t\u00e9orologique Mondiale : descente d&#8217;une \u00e9quipe de m\u00e9t\u00e9orologistes au Lyc\u00e9e Bilingue d&#8217;Etoug-Ebe\",\"datePublished\":\"2023-03-22T18:33:20+00:00\",\"dateModified\":\"2023-03-24T18:47:50+00:00\",\"mainEntityOfPage\":{\"@id\":\"https:\/\/meteocameroon.gov.cm\/visite-lycee-etoug-ebe-meteorologistes-direction-de-la-meteorologie-nationale\/\"},\"wordCount\":244,\"commentCount\":0,\"publisher\":{\"@id\":\"https:\/\/meteocameroon.gov.cm\/#organization\"},\"image\":{\"@id\":\"https:\/\/meteocameroon.gov.cm\/visite-lycee-etoug-ebe-meteorologistes-direction-de-la-meteorologie-nationale\/#primaryimage\"},\"thumbnailUrl\":\"https:\/\/meteocameroon.gov.cm\/wp-content\/uploads\/2023\/03\/WhatsApp-Image-2023-03-24-at-19.37.08-1.jpeg\",\"articleSection\":[\"Actualit\u00e9\",\"Information\"],\"inLanguage\":\"en-US\",\"potentialAction\":[{\"@type\":\"CommentAction\",\"name\":\"Comment\",\"target\":[\"https:\/\/meteocameroon.gov.cm\/visite-lycee-etoug-ebe-meteorologistes-direction-de-la-meteorologie-nationale\/#respond\"]}]},{\"@type\":\"WebPage\",\"@id\":\"https:\/\/meteocameroon.gov.cm\/visite-lycee-etoug-ebe-meteorologistes-direction-de-la-meteorologie-nationale\/\",\"url\":\"https:\/\/meteocameroon.gov.cm\/visite-lycee-etoug-ebe-meteorologistes-direction-de-la-meteorologie-nationale\/\",\"name\":\"Journ\u00e9e M\u00e9t\u00e9orologique Mondiale : descente d'une \u00e9quipe de m\u00e9t\u00e9orologistes au Lyc\u00e9e Bilingue d'Etoug-Ebe -\",\"isPartOf\":{\"@id\":\"https:\/\/meteocameroon.gov.cm\/#website\"},\"primaryImageOfPage\":{\"@id\":\"https:\/\/meteocameroon.gov.cm\/visite-lycee-etoug-ebe-meteorologistes-direction-de-la-meteorologie-nationale\/#primaryimage\"},\"image\":{\"@id\":\"https:\/\/meteocameroon.gov.cm\/visite-lycee-etoug-ebe-meteorologistes-direction-de-la-meteorologie-nationale\/#primaryimage\"},\"thumbnailUrl\":\"https:\/\/meteocameroon.gov.cm\/wp-content\/uploads\/2023\/03\/WhatsApp-Image-2023-03-24-at-19.37.08-1.jpeg\",\"datePublished\":\"2023-03-22T18:33:20+00:00\",\"dateModified\":\"2023-03-24T18:47:50+00:00\",\"breadcrumb\":{\"@id\":\"https:\/\/meteocameroon.gov.cm\/visite-lycee-etoug-ebe-meteorologistes-direction-de-la-meteorologie-nationale\/#breadcrumb\"},\"inLanguage\":\"en-US\",\"potentialAction\":[{\"@type\":\"ReadAction\",\"target\":[\"https:\/\/meteocameroon.gov.cm\/visite-lycee-etoug-ebe-meteorologistes-direction-de-la-meteorologie-nationale\/\"]}]},{\"@type\":\"ImageObject\",\"inLanguage\":\"en-US\",\"@id\":\"https:\/\/meteocameroon.gov.cm\/visite-lycee-etoug-ebe-meteorologistes-direction-de-la-meteorologie-nationale\/#primaryimage\",\"url\":\"https:\/\/meteocameroon.gov.cm\/wp-content\/uploads\/2023\/03\/WhatsApp-Image-2023-03-24-at-19.37.08-1.jpeg\",\"contentUrl\":\"https:\/\/meteocameroon.gov.cm\/wp-content\/uploads\/2023\/03\/WhatsApp-Image-2023-03-24-at-19.37.08-1.jpeg\",\"width\":1080,\"height\":809},{\"@type\":\"BreadcrumbList\",\"@id\":\"https:\/\/meteocameroon.gov.cm\/visite-lycee-etoug-ebe-meteorologistes-direction-de-la-meteorologie-nationale\/#breadcrumb\",\"itemListElement\":[{\"@type\":\"ListItem\",\"position\":1,\"name\":\"Accueil\",\"item\":\"https:\/\/meteocameroon.gov.cm\/\"},{\"@type\":\"ListItem\",\"position\":2,\"name\":\"Journ\u00e9e M\u00e9t\u00e9orologique Mondiale : descente d&#8217;une \u00e9quipe de m\u00e9t\u00e9orologistes au Lyc\u00e9e Bilingue d&#8217;Etoug-Ebe\"}]},{\"@type\":\"WebSite\",\"@id\":\"https:\/\/meteocameroon.gov.cm\/#website\",\"url\":\"https:\/\/meteocameroon.gov.cm\/\",\"name\":\"M\u00e9t\u00e9orologie Nationale du Cameroun\",\"description\":\"La m\u00e9t\u00e9o un outils pour le d\u00e9veloppement\",\"publisher\":{\"@id\":\"https:\/\/meteocameroon.gov.cm\/#organization\"},\"potentialAction\":[{\"@type\":\"SearchAction\",\"target\":{\"@type\":\"EntryPoint\",\"urlTemplate\":\"https:\/\/meteocameroon.gov.cm\/?s={search_term_string}\"},\"query-input\":{\"@type\":\"PropertyValueSpecification\",\"valueRequired\":true,\"valueName\":\"search_term_string\"}}],\"inLanguage\":\"en-US\"},{\"@type\":\"Organization\",\"@id\":\"https:\/\/meteocameroon.gov.cm\/#organization\",\"name\":\"M\u00e9t\u00e9orologie Nationale du Cameroun\",\"url\":\"https:\/\/meteocameroon.gov.cm\/\",\"logo\":{\"@type\":\"ImageObject\",\"inLanguage\":\"en-US\",\"@id\":\"https:\/\/meteocameroon.gov.cm\/#\/schema\/logo\/image\/\",\"url\":\"https:\/\/meteocameroon.gov.cm\/wp-content\/uploads\/2022\/06\/Artboard-14x-renew.jpg\",\"contentUrl\":\"https:\/\/meteocameroon.gov.cm\/wp-content\/uploads\/2022\/06\/Artboard-14x-renew.jpg\",\"width\":519,\"height\":504,\"caption\":\"M\u00e9t\u00e9orologie Nationale du Cameroun\"},\"image\":{\"@id\":\"https:\/\/meteocameroon.gov.cm\/#\/schema\/logo\/image\/\"}},{\"@type\":\"Person\",\"@id\":\"https:\/\/meteocameroon.gov.cm\/#\/schema\/person\/5dfa736b9e05ff41e55a4dc24e6b411d\",\"name\":\"ANDRE DJOUBDOUNA\",\"image\":{\"@type\":\"ImageObject\",\"inLanguage\":\"en-US\",\"@id\":\"https:\/\/meteocameroon.gov.cm\/#\/schema\/person\/image\/\",\"url\":\"https:\/\/secure.gravatar.com\/avatar\/84fe48cfc89bc67ad607332365962bbeded76c64a26875f7e62c526afcfa68bb?s=96&d=mm&r=g\",\"contentUrl\":\"https:\/\/secure.gravatar.com\/avatar\/84fe48cfc89bc67ad607332365962bbeded76c64a26875f7e62c526afcfa68bb?s=96&d=mm&r=g\",\"caption\":\"ANDRE DJOUBDOUNA\"},\"url\":\"https:\/\/meteocameroon.gov.cm\/en\/author\/djoubdouna\/\"}]}<\/script>\n<!-- \/ Yoast SEO plugin. -->","yoast_head_json":{"title":"Journ\u00e9e M\u00e9t\u00e9orologique Mondiale : descente d'une \u00e9quipe de m\u00e9t\u00e9orologistes au Lyc\u00e9e Bilingue d'Etoug-Ebe -","robots":{"index":"index","follow":"follow","max-snippet":"max-snippet:-1","max-image-preview":"max-image-preview:large","max-video-preview":"max-video-preview:-1"},"canonical":"https:\/\/meteocameroon.gov.cm\/en\/visite-lycee-etoug-ebe-meteorologistes-direction-de-la-meteorologie-nationale\/","og_locale":"en_US","og_type":"article","og_title":"Journ\u00e9e M\u00e9t\u00e9orologique Mondiale : descente d'une \u00e9quipe de m\u00e9t\u00e9orologistes au Lyc\u00e9e Bilingue d'Etoug-Ebe -","og_description":"Dans le cadre de la journ\u00e9e m\u00e9t\u00e9orologique mondiale, une \u00e9quipe de m\u00e9t\u00e9orologistes de la Direction de la M\u00e9t\u00e9orologie Nationale a effectu\u00e9 une descente au Lyc\u00e9e d'Etoug-Ebe","og_url":"https:\/\/meteocameroon.gov.cm\/en\/visite-lycee-etoug-ebe-meteorologistes-direction-de-la-meteorologie-nationale\/","og_site_name":"M\u00e9t\u00e9orologie Nationale du Cameroun","article_published_time":"2023-03-22T18:33:20+00:00","article_modified_time":"2023-03-24T18:47:50+00:00","og_image":[{"width":1080,"height":809,"url":"https:\/\/meteocameroon.gov.cm\/wp-content\/uploads\/2023\/03\/WhatsApp-Image-2023-03-24-at-19.37.08-1.jpeg","type":"image\/jpeg"}],"author":"ANDRE DJOUBDOUNA","twitter_card":"summary_large_image","twitter_misc":{"Written by":"ANDRE DJOUBDOUNA","Est. reading time":"2 minutes"},"schema":{"@context":"https:\/\/schema.org","@graph":[{"@type":"Article","@id":"https:\/\/meteocameroon.gov.cm\/visite-lycee-etoug-ebe-meteorologistes-direction-de-la-meteorologie-nationale\/#article","isPartOf":{"@id":"https:\/\/meteocameroon.gov.cm\/visite-lycee-etoug-ebe-meteorologistes-direction-de-la-meteorologie-nationale\/"},"author":{"name":"ANDRE DJOUBDOUNA","@id":"https:\/\/meteocameroon.gov.cm\/#\/schema\/person\/5dfa736b9e05ff41e55a4dc24e6b411d"},"headline":"Journ\u00e9e M\u00e9t\u00e9orologique Mondiale : descente d&#8217;une \u00e9quipe de m\u00e9t\u00e9orologistes au Lyc\u00e9e Bilingue d&#8217;Etoug-Ebe","datePublished":"2023-03-22T18:33:20+00:00","dateModified":"2023-03-24T18:47:50+00:00","mainEntityOfPage":{"@id":"https:\/\/meteocameroon.gov.cm\/visite-lycee-etoug-ebe-meteorologistes-direction-de-la-meteorologie-nationale\/"},"wordCount":244,"commentCount":0,"publisher":{"@id":"https:\/\/meteocameroon.gov.cm\/#organization"},"image":{"@id":"https:\/\/meteocameroon.gov.cm\/visite-lycee-etoug-ebe-meteorologistes-direction-de-la-meteorologie-nationale\/#primaryimage"},"thumbnailUrl":"https:\/\/meteocameroon.gov.cm\/wp-content\/uploads\/2023\/03\/WhatsApp-Image-2023-03-24-at-19.37.08-1.jpeg","articleSection":["Actualit\u00e9","Information"],"inLanguage":"en-US","potentialAction":[{"@type":"CommentAction","name":"Comment","target":["https:\/\/meteocameroon.gov.cm\/visite-lycee-etoug-ebe-meteorologistes-direction-de-la-meteorologie-nationale\/#respond"]}]},{"@type":"WebPage","@id":"https:\/\/meteocameroon.gov.cm\/visite-lycee-etoug-ebe-meteorologistes-direction-de-la-meteorologie-nationale\/","url":"https:\/\/meteocameroon.gov.cm\/visite-lycee-etoug-ebe-meteorologistes-direction-de-la-meteorologie-nationale\/","name":"Journ\u00e9e M\u00e9t\u00e9orologique Mondiale : descente d'une \u00e9quipe de m\u00e9t\u00e9orologistes au Lyc\u00e9e Bilingue d'Etoug-Ebe -","isPartOf":{"@id":"https:\/\/meteocameroon.gov.cm\/#website"},"primaryImageOfPage":{"@id":"https:\/\/meteocameroon.gov.cm\/visite-lycee-etoug-ebe-meteorologistes-direction-de-la-meteorologie-nationale\/#primaryimage"},"image":{"@id":"https:\/\/meteocameroon.gov.cm\/visite-lycee-etoug-ebe-meteorologistes-direction-de-la-meteorologie-nationale\/#primaryimage"},"thumbnailUrl":"https:\/\/meteocameroon.gov.cm\/wp-content\/uploads\/2023\/03\/WhatsApp-Image-2023-03-24-at-19.37.08-1.jpeg","datePublished":"2023-03-22T18:33:20+00:00","dateModified":"2023-03-24T18:47:50+00:00","breadcrumb":{"@id":"https:\/\/meteocameroon.gov.cm\/visite-lycee-etoug-ebe-meteorologistes-direction-de-la-meteorologie-nationale\/#breadcrumb"},"inLanguage":"en-US","potentialAction":[{"@type":"ReadAction","target":["https:\/\/meteocameroon.gov.cm\/visite-lycee-etoug-ebe-meteorologistes-direction-de-la-meteorologie-nationale\/"]}]},{"@type":"ImageObject","inLanguage":"en-US","@id":"https:\/\/meteocameroon.gov.cm\/visite-lycee-etoug-ebe-meteorologistes-direction-de-la-meteorologie-nationale\/#primaryimage","url":"https:\/\/meteocameroon.gov.cm\/wp-content\/uploads\/2023\/03\/WhatsApp-Image-2023-03-24-at-19.37.08-1.jpeg","contentUrl":"https:\/\/meteocameroon.gov.cm\/wp-content\/uploads\/2023\/03\/WhatsApp-Image-2023-03-24-at-19.37.08-1.jpeg","width":1080,"height":809},{"@type":"BreadcrumbList","@id":"https:\/\/meteocameroon.gov.cm\/visite-lycee-etoug-ebe-meteorologistes-direction-de-la-meteorologie-nationale\/#breadcrumb","itemListElement":[{"@type":"ListItem","position":1,"name":"Accueil","item":"https:\/\/meteocameroon.gov.cm\/"},{"@type":"ListItem","position":2,"name":"Journ\u00e9e M\u00e9t\u00e9orologique Mondiale : descente d&#8217;une \u00e9quipe de m\u00e9t\u00e9orologistes au Lyc\u00e9e Bilingue d&#8217;Etoug-Ebe"}]},{"@type":"WebSite","@id":"https:\/\/meteocameroon.gov.cm\/#website","url":"https:\/\/meteocameroon.gov.cm\/","name":"M\u00e9t\u00e9orologie Nationale du Cameroun","description":"La m\u00e9t\u00e9o un outils pour le d\u00e9veloppement","publisher":{"@id":"https:\/\/meteocameroon.gov.cm\/#organization"},"potentialAction":[{"@type":"SearchAction","target":{"@type":"EntryPoint","urlTemplate":"https:\/\/meteocameroon.gov.cm\/?s={search_term_string}"},"query-input":{"@type":"PropertyValueSpecification","valueRequired":true,"valueName":"search_term_string"}}],"inLanguage":"en-US"},{"@type":"Organization","@id":"https:\/\/meteocameroon.gov.cm\/#organization","name":"M\u00e9t\u00e9orologie Nationale du Cameroun","url":"https:\/\/meteocameroon.gov.cm\/","logo":{"@type":"ImageObject","inLanguage":"en-US","@id":"https:\/\/meteocameroon.gov.cm\/#\/schema\/logo\/image\/","url":"https:\/\/meteocameroon.gov.cm\/wp-content\/uploads\/2022\/06\/Artboard-14x-renew.jpg","contentUrl":"https:\/\/meteocameroon.gov.cm\/wp-content\/uploads\/2022\/06\/Artboard-14x-renew.jpg","width":519,"height":504,"caption":"M\u00e9t\u00e9orologie Nationale du Cameroun"},"image":{"@id":"https:\/\/meteocameroon.gov.cm\/#\/schema\/logo\/image\/"}},{"@type":"Person","@id":"https:\/\/meteocameroon.gov.cm\/#\/schema\/person\/5dfa736b9e05ff41e55a4dc24e6b411d","name":"ANDRE DJOUBDOUNA","image":{"@type":"ImageObject","inLanguage":"en-US","@id":"https:\/\/meteocameroon.gov.cm\/#\/schema\/person\/image\/","url":"https:\/\/secure.gravatar.com\/avatar\/84fe48cfc89bc67ad607332365962bbeded76c64a26875f7e62c526afcfa68bb?s=96&d=mm&r=g","contentUrl":"https:\/\/secure.gravatar.com\/avatar\/84fe48cfc89bc67ad607332365962bbeded76c64a26875f7e62c526afcfa68bb?s=96&d=mm&r=g","caption":"ANDRE DJOUBDOUNA"},"url":"https:\/\/meteocameroon.gov.cm\/en\/author\/djoubdouna\/"}]}},"rttpg_featured_image_url":{"full":["https:\/\/meteocameroon.gov.cm\/wp-content\/uploads\/2023\/03\/WhatsApp-Image-2023-03-24-at-19.37.08-1.jpeg",1080,809,false],"landscape":["https:\/\/meteocameroon.gov.cm\/wp-content\/uploads\/2023\/03\/WhatsApp-Image-2023-03-24-at-19.37.08-1.jpeg",1080,809,false],"portraits":["https:\/\/meteocameroon.gov.cm\/wp-content\/uploads\/2023\/03\/WhatsApp-Image-2023-03-24-at-19.37.08-1.jpeg",1080,809,false],"thumbnail":["https:\/\/meteocameroon.gov.cm\/wp-content\/uploads\/2023\/03\/WhatsApp-Image-2023-03-24-at-19.37.08-1-150x150.jpeg",150,150,true],"medium":["https:\/\/meteocameroon.gov.cm\/wp-content\/uploads\/2023\/03\/WhatsApp-Image-2023-03-24-at-19.37.08-1-300x225.jpeg",300,225,true],"large":["https:\/\/meteocameroon.gov.cm\/wp-content\/uploads\/2023\/03\/WhatsApp-Image-2023-03-24-at-19.37.08-1-1024x767.jpeg",640,479,true],"1536x1536":["https:\/\/meteocameroon.gov.cm\/wp-content\/uploads\/2023\/03\/WhatsApp-Image-2023-03-24-at-19.37.08-1.jpeg",1080,809,false],"2048x2048":["https:\/\/meteocameroon.gov.cm\/wp-content\/uploads\/2023\/03\/WhatsApp-Image-2023-03-24-at-19.37.08-1.jpeg",1080,809,false],"trp-custom-language-flag":["https:\/\/meteocameroon.gov.cm\/wp-content\/uploads\/2023\/03\/WhatsApp-Image-2023-03-24-at-19.37.08-1-16x12.jpeg",16,12,true],"binit-portfolio":["https:\/\/meteocameroon.gov.cm\/wp-content\/uploads\/2023\/03\/WhatsApp-Image-2023-03-24-at-19.37.08-1-600x700.jpeg",600,700,true],"binit-portfolio-vertical":["https:\/\/meteocameroon.gov.cm\/wp-content\/uploads\/2023\/03\/WhatsApp-Image-2023-03-24-at-19.37.08-1-380x564.jpeg",380,564,true],"binit-blog":["https:\/\/meteocameroon.gov.cm\/wp-content\/uploads\/2023\/03\/WhatsApp-Image-2023-03-24-at-19.37.08-1-600x420.jpeg",600,420,true],"binit-team":["https:\/\/meteocameroon.gov.cm\/wp-content\/uploads\/2023\/03\/WhatsApp-Image-2023-03-24-at-19.37.08-1-600x645.jpeg",600,645,true],"binit-product":["https:\/\/meteocameroon.gov.cm\/wp-content\/uploads\/2023\/03\/WhatsApp-Image-2023-03-24-at-19.37.08-1-360x440.jpeg",360,440,true],"binit-event":["https:\/\/meteocameroon.gov.cm\/wp-content\/uploads\/2023\/03\/WhatsApp-Image-2023-03-24-at-19.37.08-1-420x630.jpeg",420,630,true]},"rttpg_author":{"display_name":"ANDRE DJOUBDOUNA","author_link":"https:\/\/meteocameroon.gov.cm\/en\/author\/djoubdouna\/"},"rttpg_comment":1,"rttpg_category":"<a href=\"https:\/\/meteocameroon.gov.cm\/en\/category\/actualite\/\" rel=\"category tag\">Actualit\u00e9<\/a> <a href=\"https:\/\/meteocameroon.gov.cm\/en\/category\/information\/\" rel=\"category tag\">Information<\/a>","rttpg_excerpt":"Dans le cadre de la journ\u00e9e m\u00e9t\u00e9orologique mondiale, une \u00e9quipe de m\u00e9t\u00e9orologistes de la Direction de la M\u00e9t\u00e9orologie Nationale a effectu\u00e9 une descente au Lyc\u00e9e d'Etoug-Ebe","_links":{"self":[{"href":"https:\/\/meteocameroon.gov.cm\/en\/wp-json\/wp\/v2\/posts\/2703","targetHints":{"allow":["GET"]}}],"collection":[{"href":"https:\/\/meteocameroon.gov.cm\/en\/wp-json\/wp\/v2\/posts"}],"about":[{"href":"https:\/\/meteocameroon.gov.cm\/en\/wp-json\/wp\/v2\/types\/post"}],"author":[{"embeddable":true,"href":"https:\/\/meteocameroon.gov.cm\/en\/wp-json\/wp\/v2\/users\/6"}],"replies":[{"embeddable":true,"href":"https:\/\/meteocameroon.gov.cm\/en\/wp-json\/wp\/v2\/comments?post=2703"}],"version-history":[{"count":4,"href":"https:\/\/meteocameroon.gov.cm\/en\/wp-json\/wp\/v2\/posts\/2703\/revisions"}],"predecessor-version":[{"id":2713,"href":"https:\/\/meteocameroon.gov.cm\/en\/wp-json\/wp\/v2\/posts\/2703\/revisions\/2713"}],"wp:featuredmedia":[{"embeddable":true,"href":"https:\/\/meteocameroon.gov.cm\/en\/wp-json\/wp\/v2\/media\/2704"}],"wp:attachment":[{"href":"https:\/\/meteocameroon.gov.cm\/en\/wp-json\/wp\/v2\/media?parent=2703"}],"wp:term":[{"taxonomy":"category","embeddable":true,"href":"https:\/\/meteocameroon.gov.cm\/en\/wp-json\/wp\/v2\/categories?post=2703"},{"taxonomy":"post_tag","embeddable":true,"href":"https:\/\/meteocameroon.gov.cm\/en\/wp-json\/wp\/v2\/tags?post=2703"}],"curies":[{"name":"wp","href":"https:\/\/api.w.org\/{rel}","templated":true}]}}