{"id":2832,"date":"2023-05-16T10:46:53","date_gmt":"2023-05-16T09:46:53","guid":{"rendered":"https:\/\/meteocameroon.gov.cm\/?p=2832"},"modified":"2023-05-22T10:54:59","modified_gmt":"2023-05-22T09:54:59","slug":"accord-cadre-algerie","status":"publish","type":"post","link":"https:\/\/meteocameroon.gov.cm\/en\/accord-cadre-algerie\/","title":{"rendered":"Cooperation: Signing of the Framework Agreement between Cameroon and Algeria in the field of Transport and Meteorology"},"content":{"rendered":"<p>Suite au TRES HAUT ACCORD de Monsieur le Pr\u00e9sident de la R\u00e9publique, Son Excellence Paul Biya, le Ministre des Transports du Cameroun, Monsieur Jean Ernest Mass\u00e9na NGALL\u00c8 BIB\u00c9H\u00c8 a sign\u00e9 le 15 mai 2023 en Alg\u00e9rie \u00e0 l\u2019h\u00f4tel EL AURASSI d\u2019Alger, avec son homologue Alg\u00e9rien M. Youcef CHERFA, un Accord-cadre de coop\u00e9ration entre le Cameroun et l\u2019Alg\u00e9rie dans le domaine des Transports et de la M\u00e9t\u00e9orologie.<\/p>\n<p>&nbsp;<\/p>\n<p>Cet accord repose sur une base d\u2019int\u00e9r\u00eat mutuel, dans le respect de la l\u00e9gislation et de la r\u00e9glementation en vigueur dans les deux pays, et participe \u00e9galement \u00e0 la consolidation des liens entre le Cameroun et l\u2019Alg\u00e9rie. Les domaines de coop\u00e9ration vis\u00e9s portent entre autres sur l\u2019encouragement de l\u2019\u00e9tablissement d\u2019une coop\u00e9ration entre les instituts de recherche et de formation des deux pays dans le domaine des transports et de la m\u00e9t\u00e9orologie ; la d\u00e9finition des programmes de recherche communs ; l\u2019\u00e9change d\u2019exp\u00e9riences et d\u2019expertises entre les structures de r\u00e9gulation et de supervision, notamment dans les domaines a\u00e9rien et maritime ; l\u2019organisation de stages de formation au profit des \u00e9tudiants et stagiaires des deux pays dans les \u00e9tablissements publics ; la mise en place d\u2019un cadre juridique pouvant renforcer les \u00e9changes entre les deux pays, notamment dans les domaines des transports a\u00e9rien et maritime. Cet Accord-cadre vient \u00e0 cet effet consolider et renforcer les relations diplomatiques entre le Cameroun et l\u2019Alg\u00e9rie. Par ailleurs, il s\u2019inscrit en droite ligne de la politique de diversification des partenaires ch\u00e8res \u00e0 Monsieur le Pr\u00e9sident de la R\u00e9publique, Son Excellence PAUL BIYA.<\/p>\n<p>&nbsp;<\/p>\n<p>En pr\u00e9lude \u00e0 la c\u00e9r\u00e9monie de signature proprement dite de cet accord, le Ministre alg\u00e9rien a accord\u00e9 une audience \u00e0 son homologue camerounais, et des travaux techniques se sont tenus entre les experts des deux pays sous la coordination des deux membres du Gouvernement. Ces \u00e9changes ont port\u00e9 sur les domaines du transport a\u00e9rien, maritime, ferroviaire, routier et de la m\u00e9t\u00e9orologie. Il s\u2019est agi, pour les deux pays, de faire un \u00e9tat des lieux et de pr\u00e9senter les axes de coop\u00e9ration \u00e0 d\u00e9velopper dans ces diff\u00e9rents domaines.<br \/>\nDes discussions se sont \u00e9galement tenues entre les responsables de Camair-Co et Air-Algerie dans la perspective de la conclusion d\u2019un m\u00e9morandum d\u2019entente dans le domaine de la maintenance des a\u00e9ronefs, de la formation, de relation commerciale pour un partenariat gagnant\/gagnant.<\/p>\n<p>&nbsp;<\/p>\n<p>La suite du programme de la journ\u00e9e a \u00e9t\u00e9 marqu\u00e9e par les visites des ateliers de maintenance des a\u00e9ronefs de la Compagnie a\u00e9rienne Air Alg\u00e9rie o\u00f9 le Ministre des Transports a pu appr\u00e9cier le savoir-faire Alg\u00e9rien \u00e0 travers, entre autres, les ateliers de pneumatique, de test des moteurs, et d\u2019assemblage des moteurs d\u2019avions, et ce pour divers types d\u2019a\u00e9ronefs notamment Boeing 737 et Airbus A330. L\u2019organisme de maintenance de Air Alg\u00e9rie dispose \u00e9galement d\u2019agr\u00e9ments de l\u2019Agence Europ\u00e9enne de S\u00e9curit\u00e9 A\u00e9rienne (EASA).<br \/>\nLe Ministre des Transports du Cameroun a \u00e9galement visit\u00e9 l\u2019Office National de la M\u00e9t\u00e9orologie, structure autonome en charge de la fourniture des services m\u00e9t\u00e9orologiques en Alg\u00e9rie. Outre les calculateurs, le Centre de donn\u00e9es, et les salles des pr\u00e9visions pour lesquelles des pr\u00e9sentations techniques ont \u00e9t\u00e9 faites au Ministre des Transports, un point d\u2019honneur a \u00e9t\u00e9 donn\u00e9 \u00e0 la pr\u00e9sentation d\u2019une innovation alg\u00e9rienne \u00e0 savoir la fabrication d\u2019un mar\u00e9graphe \u00e0 haute fr\u00e9quence de mesure qui permet de lire de mani\u00e8re automatique et visuelle le niveau de la mer par rapport \u00e0 un quai. Le Ministre des Transports a \u00e9t\u00e9 \u00e9difi\u00e9 sur le mod\u00e8le de financement de l\u2019Office National de la M\u00e9t\u00e9orologie, qui compte 1029 employ\u00e9s et g\u00e9n\u00e8re ses propres ressources financi\u00e8res.<br \/>\nLe s\u00e9jour de la d\u00e9l\u00e9gation camerounaise s\u2019est poursuivie le 16 mai 2023 avec la visite du Port d\u2019Alger et de l\u2019Ecole Nationale Sup\u00e9rieure Maritime.<\/p>\n<p>&nbsp;<\/p>\n<p>S\u2019agissant de la visite du Port d\u2019Alger, elle a \u00e9t\u00e9 marqu\u00e9e par : une pr\u00e9sentation vid\u00e9o des performances du Groupe SERPORT qui est une entit\u00e9 compos\u00e9e de dix entreprises portuaires charg\u00e9es de l\u2019exploitation des ports ; une pr\u00e9sentation du centre de formation BMT qui est dot\u00e9 des simulateurs modernes et est d\u00e9di\u00e9 \u00e0 la formation aux m\u00e9tiers des conducteurs de portiques de quai, des grues mobiles portuaires et des portiques sur pneumatiques ; une pr\u00e9sentation de l\u2019APCS (Algerian Port Community System) qui est une plate-forme communautaire portuaire d\u2019\u00e9changes de donn\u00e9es num\u00e9riques ; et la visite du navire sp\u00e9cialis\u00e9 dans le transport des passagers. Dans le cadre de cette visite le Ministre des Transports a eu droit \u00e0 un tour en mer au bord d\u2019un remorqueur, en toute s\u00e9curit\u00e9.<br \/>\nL\u2019Ecole Nationale Sup\u00e9rieure Maritime visit\u00e9e par le Ministre des Transports a \u00e9t\u00e9 cr\u00e9\u00e9e depuis 1976. Elle a d\u00e9j\u00e0 d\u00e9livr\u00e9 environ 5372 dipl\u00f4mes parmi lesquels 5078 Ing\u00e9nieurs d\u2019Etat dont un Camerounais, 200 PGS et 94 formations qualifiantes. La D\u00e9l\u00e9gation a pu visiter au sein de cette \u00e9cole, des laboratoires, des salles de simulations, des salles de cours et un centre de certification des m\u00e9tiers maritimes et portuaires.<\/p>\n<p>Cette derni\u00e8re journ\u00e9e s\u2019est achev\u00e9e par un d\u00eener offert au Ministre des Transports par le patronat Alg\u00e9rien.<\/p>","protected":false},"excerpt":{"rendered":"<p>Suite au TRES HAUT ACCORD de Monsieur le Pr\u00e9sident de la R\u00e9publique, Son Excellence Paul Biya, le Ministre des Transports du Cameroun, Monsieur Jean Ernest Mass\u00e9na NGALL\u00c8 BIB\u00c9H\u00c8 a sign\u00e9 le 15 mai 2023 en Alg\u00e9rie \u00e0 l\u2019h\u00f4tel EL AURASSI d\u2019Alger, avec son homologue Alg\u00e9rien M. Youcef CHERFA, un Accord-cadre de coop\u00e9ration entre le Cameroun et l\u2019Alg\u00e9rie dans le domaine des Transports et de la M\u00e9t\u00e9orologie.<\/p>","protected":false},"author":6,"featured_media":2839,"comment_status":"open","ping_status":"open","sticky":false,"template":"","format":"standard","meta":{"footnotes":""},"categories":[18,1],"tags":[],"class_list":["post-2832","post","type-post","status-publish","format-standard","has-post-thumbnail","hentry","category-actualite","category-information"],"yoast_head":"<!-- This site is optimized with the Yoast SEO plugin v26.8 - https:\/\/yoast.com\/product\/yoast-seo-wordpress\/ -->\n<title>Coop\u00e9ration: Signature de l\u2019Accord-Cadre entre le Cameroun et l\u2019Alg\u00e9rie dans le domaine des Transports et de la M\u00e9t\u00e9orologie -<\/title>\n<meta name=\"description\" content=\"Suite au TRES HAUT ACCORD de Monsieur le Pr\u00e9sident de la R\u00e9publique, Son Excellence Paul Biya, le Ministre des Transports du Cameroun, Monsieur Jean Ernest Mass\u00e9na NGALL\u00c8 BIB\u00c9H\u00c8 a sign\u00e9 le 15 mai 2023 en Alg\u00e9rie \u00e0 l\u2019h\u00f4tel EL AURASSI d\u2019Alger, avec son homologue Alg\u00e9rien M. Youcef CHERFA, un Accord-cadre de coop\u00e9ration entre le Cameroun et l\u2019Alg\u00e9rie dans le domaine des Transports et de la M\u00e9t\u00e9orologie.\" \/>\n<meta name=\"robots\" content=\"index, follow, max-snippet:-1, max-image-preview:large, max-video-preview:-1\" \/>\n<link rel=\"canonical\" href=\"https:\/\/meteocameroon.gov.cm\/en\/accord-cadre-algerie\/\" \/>\n<meta property=\"og:locale\" content=\"en_US\" \/>\n<meta property=\"og:type\" content=\"article\" \/>\n<meta property=\"og:title\" content=\"Coop\u00e9ration: Signature de l\u2019Accord-Cadre entre le Cameroun et l\u2019Alg\u00e9rie dans le domaine des Transports et de la M\u00e9t\u00e9orologie -\" \/>\n<meta property=\"og:description\" content=\"Suite au TRES HAUT ACCORD de Monsieur le Pr\u00e9sident de la R\u00e9publique, Son Excellence Paul Biya, le Ministre des Transports du Cameroun, Monsieur Jean Ernest Mass\u00e9na NGALL\u00c8 BIB\u00c9H\u00c8 a sign\u00e9 le 15 mai 2023 en Alg\u00e9rie \u00e0 l\u2019h\u00f4tel EL AURASSI d\u2019Alger, avec son homologue Alg\u00e9rien M. Youcef CHERFA, un Accord-cadre de coop\u00e9ration entre le Cameroun et l\u2019Alg\u00e9rie dans le domaine des Transports et de la M\u00e9t\u00e9orologie.\" \/>\n<meta property=\"og:url\" content=\"https:\/\/meteocameroon.gov.cm\/en\/accord-cadre-algerie\/\" \/>\n<meta property=\"og:site_name\" content=\"M\u00e9t\u00e9orologie Nationale du Cameroun\" \/>\n<meta property=\"article:published_time\" content=\"2023-05-16T09:46:53+00:00\" \/>\n<meta property=\"article:modified_time\" content=\"2023-05-22T09:54:59+00:00\" \/>\n<meta property=\"og:image\" content=\"https:\/\/meteocameroon.gov.cm\/wp-content\/uploads\/2023\/05\/WhatsApp-Image-2023-05-17-at-08.10.29.jpeg\" \/>\n\t<meta property=\"og:image:width\" content=\"1000\" \/>\n\t<meta property=\"og:image:height\" content=\"750\" \/>\n\t<meta property=\"og:image:type\" content=\"image\/jpeg\" \/>\n<meta name=\"author\" content=\"ANDRE DJOUBDOUNA\" \/>\n<meta name=\"twitter:card\" content=\"summary_large_image\" \/>\n<meta name=\"twitter:label1\" content=\"Written by\" \/>\n\t<meta name=\"twitter:data1\" content=\"ANDRE DJOUBDOUNA\" \/>\n\t<meta name=\"twitter:label2\" content=\"Est. reading time\" \/>\n\t<meta name=\"twitter:data2\" content=\"5 minutes\" \/>\n<script type=\"application\/ld+json\" class=\"yoast-schema-graph\">{\"@context\":\"https:\/\/schema.org\",\"@graph\":[{\"@type\":\"Article\",\"@id\":\"https:\/\/meteocameroon.gov.cm\/accord-cadre-algerie\/#article\",\"isPartOf\":{\"@id\":\"https:\/\/meteocameroon.gov.cm\/accord-cadre-algerie\/\"},\"author\":{\"name\":\"ANDRE DJOUBDOUNA\",\"@id\":\"https:\/\/meteocameroon.gov.cm\/#\/schema\/person\/5dfa736b9e05ff41e55a4dc24e6b411d\"},\"headline\":\"Coop\u00e9ration: Signature de l\u2019Accord-Cadre entre le Cameroun et l\u2019Alg\u00e9rie dans le domaine des Transports et de la M\u00e9t\u00e9orologie\",\"datePublished\":\"2023-05-16T09:46:53+00:00\",\"dateModified\":\"2023-05-22T09:54:59+00:00\",\"mainEntityOfPage\":{\"@id\":\"https:\/\/meteocameroon.gov.cm\/accord-cadre-algerie\/\"},\"wordCount\":960,\"commentCount\":0,\"publisher\":{\"@id\":\"https:\/\/meteocameroon.gov.cm\/#organization\"},\"image\":{\"@id\":\"https:\/\/meteocameroon.gov.cm\/accord-cadre-algerie\/#primaryimage\"},\"thumbnailUrl\":\"https:\/\/meteocameroon.gov.cm\/wp-content\/uploads\/2023\/05\/WhatsApp-Image-2023-05-17-at-08.10.29.jpeg\",\"articleSection\":[\"Actualit\u00e9\",\"Information\"],\"inLanguage\":\"en-US\",\"potentialAction\":[{\"@type\":\"CommentAction\",\"name\":\"Comment\",\"target\":[\"https:\/\/meteocameroon.gov.cm\/accord-cadre-algerie\/#respond\"]}]},{\"@type\":\"WebPage\",\"@id\":\"https:\/\/meteocameroon.gov.cm\/accord-cadre-algerie\/\",\"url\":\"https:\/\/meteocameroon.gov.cm\/accord-cadre-algerie\/\",\"name\":\"Coop\u00e9ration: Signature de l\u2019Accord-Cadre entre le Cameroun et l\u2019Alg\u00e9rie dans le domaine des Transports et de la M\u00e9t\u00e9orologie -\",\"isPartOf\":{\"@id\":\"https:\/\/meteocameroon.gov.cm\/#website\"},\"primaryImageOfPage\":{\"@id\":\"https:\/\/meteocameroon.gov.cm\/accord-cadre-algerie\/#primaryimage\"},\"image\":{\"@id\":\"https:\/\/meteocameroon.gov.cm\/accord-cadre-algerie\/#primaryimage\"},\"thumbnailUrl\":\"https:\/\/meteocameroon.gov.cm\/wp-content\/uploads\/2023\/05\/WhatsApp-Image-2023-05-17-at-08.10.29.jpeg\",\"datePublished\":\"2023-05-16T09:46:53+00:00\",\"dateModified\":\"2023-05-22T09:54:59+00:00\",\"description\":\"Suite au TRES HAUT ACCORD de Monsieur le Pr\u00e9sident de la R\u00e9publique, Son Excellence Paul Biya, le Ministre des Transports du Cameroun, Monsieur Jean Ernest Mass\u00e9na NGALL\u00c8 BIB\u00c9H\u00c8 a sign\u00e9 le 15 mai 2023 en Alg\u00e9rie \u00e0 l\u2019h\u00f4tel EL AURASSI d\u2019Alger, avec son homologue Alg\u00e9rien M. Youcef CHERFA, un Accord-cadre de coop\u00e9ration entre le Cameroun et l\u2019Alg\u00e9rie dans le domaine des Transports et de la M\u00e9t\u00e9orologie.\",\"breadcrumb\":{\"@id\":\"https:\/\/meteocameroon.gov.cm\/accord-cadre-algerie\/#breadcrumb\"},\"inLanguage\":\"en-US\",\"potentialAction\":[{\"@type\":\"ReadAction\",\"target\":[\"https:\/\/meteocameroon.gov.cm\/accord-cadre-algerie\/\"]}]},{\"@type\":\"ImageObject\",\"inLanguage\":\"en-US\",\"@id\":\"https:\/\/meteocameroon.gov.cm\/accord-cadre-algerie\/#primaryimage\",\"url\":\"https:\/\/meteocameroon.gov.cm\/wp-content\/uploads\/2023\/05\/WhatsApp-Image-2023-05-17-at-08.10.29.jpeg\",\"contentUrl\":\"https:\/\/meteocameroon.gov.cm\/wp-content\/uploads\/2023\/05\/WhatsApp-Image-2023-05-17-at-08.10.29.jpeg\",\"width\":1000,\"height\":750},{\"@type\":\"BreadcrumbList\",\"@id\":\"https:\/\/meteocameroon.gov.cm\/accord-cadre-algerie\/#breadcrumb\",\"itemListElement\":[{\"@type\":\"ListItem\",\"position\":1,\"name\":\"Accueil\",\"item\":\"https:\/\/meteocameroon.gov.cm\/\"},{\"@type\":\"ListItem\",\"position\":2,\"name\":\"Coop\u00e9ration: Signature de l\u2019Accord-Cadre entre le Cameroun et l\u2019Alg\u00e9rie dans le domaine des Transports et de la M\u00e9t\u00e9orologie\"}]},{\"@type\":\"WebSite\",\"@id\":\"https:\/\/meteocameroon.gov.cm\/#website\",\"url\":\"https:\/\/meteocameroon.gov.cm\/\",\"name\":\"M\u00e9t\u00e9orologie Nationale du Cameroun\",\"description\":\"La m\u00e9t\u00e9o un outils pour le d\u00e9veloppement\",\"publisher\":{\"@id\":\"https:\/\/meteocameroon.gov.cm\/#organization\"},\"potentialAction\":[{\"@type\":\"SearchAction\",\"target\":{\"@type\":\"EntryPoint\",\"urlTemplate\":\"https:\/\/meteocameroon.gov.cm\/?s={search_term_string}\"},\"query-input\":{\"@type\":\"PropertyValueSpecification\",\"valueRequired\":true,\"valueName\":\"search_term_string\"}}],\"inLanguage\":\"en-US\"},{\"@type\":\"Organization\",\"@id\":\"https:\/\/meteocameroon.gov.cm\/#organization\",\"name\":\"M\u00e9t\u00e9orologie Nationale du Cameroun\",\"url\":\"https:\/\/meteocameroon.gov.cm\/\",\"logo\":{\"@type\":\"ImageObject\",\"inLanguage\":\"en-US\",\"@id\":\"https:\/\/meteocameroon.gov.cm\/#\/schema\/logo\/image\/\",\"url\":\"https:\/\/meteocameroon.gov.cm\/wp-content\/uploads\/2022\/06\/Artboard-14x-renew.jpg\",\"contentUrl\":\"https:\/\/meteocameroon.gov.cm\/wp-content\/uploads\/2022\/06\/Artboard-14x-renew.jpg\",\"width\":519,\"height\":504,\"caption\":\"M\u00e9t\u00e9orologie Nationale du Cameroun\"},\"image\":{\"@id\":\"https:\/\/meteocameroon.gov.cm\/#\/schema\/logo\/image\/\"}},{\"@type\":\"Person\",\"@id\":\"https:\/\/meteocameroon.gov.cm\/#\/schema\/person\/5dfa736b9e05ff41e55a4dc24e6b411d\",\"name\":\"ANDRE DJOUBDOUNA\",\"image\":{\"@type\":\"ImageObject\",\"inLanguage\":\"en-US\",\"@id\":\"https:\/\/meteocameroon.gov.cm\/#\/schema\/person\/image\/\",\"url\":\"https:\/\/secure.gravatar.com\/avatar\/84fe48cfc89bc67ad607332365962bbeded76c64a26875f7e62c526afcfa68bb?s=96&d=mm&r=g\",\"contentUrl\":\"https:\/\/secure.gravatar.com\/avatar\/84fe48cfc89bc67ad607332365962bbeded76c64a26875f7e62c526afcfa68bb?s=96&d=mm&r=g\",\"caption\":\"ANDRE DJOUBDOUNA\"},\"url\":\"https:\/\/meteocameroon.gov.cm\/en\/author\/djoubdouna\/\"}]}<\/script>\n<!-- \/ Yoast SEO plugin. -->","yoast_head_json":{"title":"Coop\u00e9ration: Signature de l\u2019Accord-Cadre entre le Cameroun et l\u2019Alg\u00e9rie dans le domaine des Transports et de la M\u00e9t\u00e9orologie -","description":"Suite au TRES HAUT ACCORD de Monsieur le Pr\u00e9sident de la R\u00e9publique, Son Excellence Paul Biya, le Ministre des Transports du Cameroun, Monsieur Jean Ernest Mass\u00e9na NGALL\u00c8 BIB\u00c9H\u00c8 a sign\u00e9 le 15 mai 2023 en Alg\u00e9rie \u00e0 l\u2019h\u00f4tel EL AURASSI d\u2019Alger, avec son homologue Alg\u00e9rien M. Youcef CHERFA, un Accord-cadre de coop\u00e9ration entre le Cameroun et l\u2019Alg\u00e9rie dans le domaine des Transports et de la M\u00e9t\u00e9orologie.","robots":{"index":"index","follow":"follow","max-snippet":"max-snippet:-1","max-image-preview":"max-image-preview:large","max-video-preview":"max-video-preview:-1"},"canonical":"https:\/\/meteocameroon.gov.cm\/en\/accord-cadre-algerie\/","og_locale":"en_US","og_type":"article","og_title":"Coop\u00e9ration: Signature de l\u2019Accord-Cadre entre le Cameroun et l\u2019Alg\u00e9rie dans le domaine des Transports et de la M\u00e9t\u00e9orologie -","og_description":"Suite au TRES HAUT ACCORD de Monsieur le Pr\u00e9sident de la R\u00e9publique, Son Excellence Paul Biya, le Ministre des Transports du Cameroun, Monsieur Jean Ernest Mass\u00e9na NGALL\u00c8 BIB\u00c9H\u00c8 a sign\u00e9 le 15 mai 2023 en Alg\u00e9rie \u00e0 l\u2019h\u00f4tel EL AURASSI d\u2019Alger, avec son homologue Alg\u00e9rien M. Youcef CHERFA, un Accord-cadre de coop\u00e9ration entre le Cameroun et l\u2019Alg\u00e9rie dans le domaine des Transports et de la M\u00e9t\u00e9orologie.","og_url":"https:\/\/meteocameroon.gov.cm\/en\/accord-cadre-algerie\/","og_site_name":"M\u00e9t\u00e9orologie Nationale du Cameroun","article_published_time":"2023-05-16T09:46:53+00:00","article_modified_time":"2023-05-22T09:54:59+00:00","og_image":[{"width":1000,"height":750,"url":"https:\/\/meteocameroon.gov.cm\/wp-content\/uploads\/2023\/05\/WhatsApp-Image-2023-05-17-at-08.10.29.jpeg","type":"image\/jpeg"}],"author":"ANDRE DJOUBDOUNA","twitter_card":"summary_large_image","twitter_misc":{"Written by":"ANDRE DJOUBDOUNA","Est. reading time":"5 minutes"},"schema":{"@context":"https:\/\/schema.org","@graph":[{"@type":"Article","@id":"https:\/\/meteocameroon.gov.cm\/accord-cadre-algerie\/#article","isPartOf":{"@id":"https:\/\/meteocameroon.gov.cm\/accord-cadre-algerie\/"},"author":{"name":"ANDRE DJOUBDOUNA","@id":"https:\/\/meteocameroon.gov.cm\/#\/schema\/person\/5dfa736b9e05ff41e55a4dc24e6b411d"},"headline":"Coop\u00e9ration: Signature de l\u2019Accord-Cadre entre le Cameroun et l\u2019Alg\u00e9rie dans le domaine des Transports et de la M\u00e9t\u00e9orologie","datePublished":"2023-05-16T09:46:53+00:00","dateModified":"2023-05-22T09:54:59+00:00","mainEntityOfPage":{"@id":"https:\/\/meteocameroon.gov.cm\/accord-cadre-algerie\/"},"wordCount":960,"commentCount":0,"publisher":{"@id":"https:\/\/meteocameroon.gov.cm\/#organization"},"image":{"@id":"https:\/\/meteocameroon.gov.cm\/accord-cadre-algerie\/#primaryimage"},"thumbnailUrl":"https:\/\/meteocameroon.gov.cm\/wp-content\/uploads\/2023\/05\/WhatsApp-Image-2023-05-17-at-08.10.29.jpeg","articleSection":["Actualit\u00e9","Information"],"inLanguage":"en-US","potentialAction":[{"@type":"CommentAction","name":"Comment","target":["https:\/\/meteocameroon.gov.cm\/accord-cadre-algerie\/#respond"]}]},{"@type":"WebPage","@id":"https:\/\/meteocameroon.gov.cm\/accord-cadre-algerie\/","url":"https:\/\/meteocameroon.gov.cm\/accord-cadre-algerie\/","name":"Coop\u00e9ration: Signature de l\u2019Accord-Cadre entre le Cameroun et l\u2019Alg\u00e9rie dans le domaine des Transports et de la M\u00e9t\u00e9orologie -","isPartOf":{"@id":"https:\/\/meteocameroon.gov.cm\/#website"},"primaryImageOfPage":{"@id":"https:\/\/meteocameroon.gov.cm\/accord-cadre-algerie\/#primaryimage"},"image":{"@id":"https:\/\/meteocameroon.gov.cm\/accord-cadre-algerie\/#primaryimage"},"thumbnailUrl":"https:\/\/meteocameroon.gov.cm\/wp-content\/uploads\/2023\/05\/WhatsApp-Image-2023-05-17-at-08.10.29.jpeg","datePublished":"2023-05-16T09:46:53+00:00","dateModified":"2023-05-22T09:54:59+00:00","description":"Suite au TRES HAUT ACCORD de Monsieur le Pr\u00e9sident de la R\u00e9publique, Son Excellence Paul Biya, le Ministre des Transports du Cameroun, Monsieur Jean Ernest Mass\u00e9na NGALL\u00c8 BIB\u00c9H\u00c8 a sign\u00e9 le 15 mai 2023 en Alg\u00e9rie \u00e0 l\u2019h\u00f4tel EL AURASSI d\u2019Alger, avec son homologue Alg\u00e9rien M. Youcef CHERFA, un Accord-cadre de coop\u00e9ration entre le Cameroun et l\u2019Alg\u00e9rie dans le domaine des Transports et de la M\u00e9t\u00e9orologie.","breadcrumb":{"@id":"https:\/\/meteocameroon.gov.cm\/accord-cadre-algerie\/#breadcrumb"},"inLanguage":"en-US","potentialAction":[{"@type":"ReadAction","target":["https:\/\/meteocameroon.gov.cm\/accord-cadre-algerie\/"]}]},{"@type":"ImageObject","inLanguage":"en-US","@id":"https:\/\/meteocameroon.gov.cm\/accord-cadre-algerie\/#primaryimage","url":"https:\/\/meteocameroon.gov.cm\/wp-content\/uploads\/2023\/05\/WhatsApp-Image-2023-05-17-at-08.10.29.jpeg","contentUrl":"https:\/\/meteocameroon.gov.cm\/wp-content\/uploads\/2023\/05\/WhatsApp-Image-2023-05-17-at-08.10.29.jpeg","width":1000,"height":750},{"@type":"BreadcrumbList","@id":"https:\/\/meteocameroon.gov.cm\/accord-cadre-algerie\/#breadcrumb","itemListElement":[{"@type":"ListItem","position":1,"name":"Accueil","item":"https:\/\/meteocameroon.gov.cm\/"},{"@type":"ListItem","position":2,"name":"Coop\u00e9ration: Signature de l\u2019Accord-Cadre entre le Cameroun et l\u2019Alg\u00e9rie dans le domaine des Transports et de la M\u00e9t\u00e9orologie"}]},{"@type":"WebSite","@id":"https:\/\/meteocameroon.gov.cm\/#website","url":"https:\/\/meteocameroon.gov.cm\/","name":"M\u00e9t\u00e9orologie Nationale du Cameroun","description":"La m\u00e9t\u00e9o un outils pour le d\u00e9veloppement","publisher":{"@id":"https:\/\/meteocameroon.gov.cm\/#organization"},"potentialAction":[{"@type":"SearchAction","target":{"@type":"EntryPoint","urlTemplate":"https:\/\/meteocameroon.gov.cm\/?s={search_term_string}"},"query-input":{"@type":"PropertyValueSpecification","valueRequired":true,"valueName":"search_term_string"}}],"inLanguage":"en-US"},{"@type":"Organization","@id":"https:\/\/meteocameroon.gov.cm\/#organization","name":"M\u00e9t\u00e9orologie Nationale du Cameroun","url":"https:\/\/meteocameroon.gov.cm\/","logo":{"@type":"ImageObject","inLanguage":"en-US","@id":"https:\/\/meteocameroon.gov.cm\/#\/schema\/logo\/image\/","url":"https:\/\/meteocameroon.gov.cm\/wp-content\/uploads\/2022\/06\/Artboard-14x-renew.jpg","contentUrl":"https:\/\/meteocameroon.gov.cm\/wp-content\/uploads\/2022\/06\/Artboard-14x-renew.jpg","width":519,"height":504,"caption":"M\u00e9t\u00e9orologie Nationale du Cameroun"},"image":{"@id":"https:\/\/meteocameroon.gov.cm\/#\/schema\/logo\/image\/"}},{"@type":"Person","@id":"https:\/\/meteocameroon.gov.cm\/#\/schema\/person\/5dfa736b9e05ff41e55a4dc24e6b411d","name":"ANDRE DJOUBDOUNA","image":{"@type":"ImageObject","inLanguage":"en-US","@id":"https:\/\/meteocameroon.gov.cm\/#\/schema\/person\/image\/","url":"https:\/\/secure.gravatar.com\/avatar\/84fe48cfc89bc67ad607332365962bbeded76c64a26875f7e62c526afcfa68bb?s=96&d=mm&r=g","contentUrl":"https:\/\/secure.gravatar.com\/avatar\/84fe48cfc89bc67ad607332365962bbeded76c64a26875f7e62c526afcfa68bb?s=96&d=mm&r=g","caption":"ANDRE DJOUBDOUNA"},"url":"https:\/\/meteocameroon.gov.cm\/en\/author\/djoubdouna\/"}]}},"rttpg_featured_image_url":{"full":["https:\/\/meteocameroon.gov.cm\/wp-content\/uploads\/2023\/05\/WhatsApp-Image-2023-05-17-at-08.10.29.jpeg",1000,750,false],"landscape":["https:\/\/meteocameroon.gov.cm\/wp-content\/uploads\/2023\/05\/WhatsApp-Image-2023-05-17-at-08.10.29.jpeg",1000,750,false],"portraits":["https:\/\/meteocameroon.gov.cm\/wp-content\/uploads\/2023\/05\/WhatsApp-Image-2023-05-17-at-08.10.29.jpeg",1000,750,false],"thumbnail":["https:\/\/meteocameroon.gov.cm\/wp-content\/uploads\/2023\/05\/WhatsApp-Image-2023-05-17-at-08.10.29-150x150.jpeg",150,150,true],"medium":["https:\/\/meteocameroon.gov.cm\/wp-content\/uploads\/2023\/05\/WhatsApp-Image-2023-05-17-at-08.10.29-300x225.jpeg",300,225,true],"large":["https:\/\/meteocameroon.gov.cm\/wp-content\/uploads\/2023\/05\/WhatsApp-Image-2023-05-17-at-08.10.29.jpeg",640,480,false],"1536x1536":["https:\/\/meteocameroon.gov.cm\/wp-content\/uploads\/2023\/05\/WhatsApp-Image-2023-05-17-at-08.10.29.jpeg",1000,750,false],"2048x2048":["https:\/\/meteocameroon.gov.cm\/wp-content\/uploads\/2023\/05\/WhatsApp-Image-2023-05-17-at-08.10.29.jpeg",1000,750,false],"trp-custom-language-flag":["https:\/\/meteocameroon.gov.cm\/wp-content\/uploads\/2023\/05\/WhatsApp-Image-2023-05-17-at-08.10.29-16x12.jpeg",16,12,true],"binit-portfolio":["https:\/\/meteocameroon.gov.cm\/wp-content\/uploads\/2023\/05\/WhatsApp-Image-2023-05-17-at-08.10.29-600x700.jpeg",600,700,true],"binit-portfolio-vertical":["https:\/\/meteocameroon.gov.cm\/wp-content\/uploads\/2023\/05\/WhatsApp-Image-2023-05-17-at-08.10.29-380x564.jpeg",380,564,true],"binit-blog":["https:\/\/meteocameroon.gov.cm\/wp-content\/uploads\/2023\/05\/WhatsApp-Image-2023-05-17-at-08.10.29-600x420.jpeg",600,420,true],"binit-team":["https:\/\/meteocameroon.gov.cm\/wp-content\/uploads\/2023\/05\/WhatsApp-Image-2023-05-17-at-08.10.29-600x645.jpeg",600,645,true],"binit-product":["https:\/\/meteocameroon.gov.cm\/wp-content\/uploads\/2023\/05\/WhatsApp-Image-2023-05-17-at-08.10.29-360x440.jpeg",360,440,true],"binit-event":["https:\/\/meteocameroon.gov.cm\/wp-content\/uploads\/2023\/05\/WhatsApp-Image-2023-05-17-at-08.10.29-420x630.jpeg",420,630,true]},"rttpg_author":{"display_name":"ANDRE DJOUBDOUNA","author_link":"https:\/\/meteocameroon.gov.cm\/en\/author\/djoubdouna\/"},"rttpg_comment":0,"rttpg_category":"<a href=\"https:\/\/meteocameroon.gov.cm\/en\/category\/actualite\/\" rel=\"category tag\">Actualit\u00e9<\/a> <a href=\"https:\/\/meteocameroon.gov.cm\/en\/category\/information\/\" rel=\"category tag\">Information<\/a>","rttpg_excerpt":"Suite au TRES HAUT ACCORD de Monsieur le Pr\u00e9sident de la R\u00e9publique, Son Excellence Paul Biya, le Ministre des Transports du Cameroun, Monsieur Jean Ernest Mass\u00e9na NGALL\u00c8 BIB\u00c9H\u00c8 a sign\u00e9 le 15 mai 2023 en Alg\u00e9rie \u00e0 l\u2019h\u00f4tel EL AURASSI d\u2019Alger, avec son homologue Alg\u00e9rien M. Youcef CHERFA, un Accord-cadre de coop\u00e9ration entre le Cameroun&hellip;","_links":{"self":[{"href":"https:\/\/meteocameroon.gov.cm\/en\/wp-json\/wp\/v2\/posts\/2832","targetHints":{"allow":["GET"]}}],"collection":[{"href":"https:\/\/meteocameroon.gov.cm\/en\/wp-json\/wp\/v2\/posts"}],"about":[{"href":"https:\/\/meteocameroon.gov.cm\/en\/wp-json\/wp\/v2\/types\/post"}],"author":[{"embeddable":true,"href":"https:\/\/meteocameroon.gov.cm\/en\/wp-json\/wp\/v2\/users\/6"}],"replies":[{"embeddable":true,"href":"https:\/\/meteocameroon.gov.cm\/en\/wp-json\/wp\/v2\/comments?post=2832"}],"version-history":[{"count":4,"href":"https:\/\/meteocameroon.gov.cm\/en\/wp-json\/wp\/v2\/posts\/2832\/revisions"}],"predecessor-version":[{"id":2843,"href":"https:\/\/meteocameroon.gov.cm\/en\/wp-json\/wp\/v2\/posts\/2832\/revisions\/2843"}],"wp:featuredmedia":[{"embeddable":true,"href":"https:\/\/meteocameroon.gov.cm\/en\/wp-json\/wp\/v2\/media\/2839"}],"wp:attachment":[{"href":"https:\/\/meteocameroon.gov.cm\/en\/wp-json\/wp\/v2\/media?parent=2832"}],"wp:term":[{"taxonomy":"category","embeddable":true,"href":"https:\/\/meteocameroon.gov.cm\/en\/wp-json\/wp\/v2\/categories?post=2832"},{"taxonomy":"post_tag","embeddable":true,"href":"https:\/\/meteocameroon.gov.cm\/en\/wp-json\/wp\/v2\/tags?post=2832"}],"curies":[{"name":"wp","href":"https:\/\/api.w.org\/{rel}","templated":true}]}}