{"id":3000,"date":"2023-06-02T10:31:13","date_gmt":"2023-06-02T09:31:13","guid":{"rendered":"https:\/\/meteocameroon.gov.cm\/?p=3000"},"modified":"2023-07-20T10:52:23","modified_gmt":"2023-07-20T09:52:23","slug":"19eme-congres-meteorologique-mondial","status":"publish","type":"post","link":"https:\/\/meteocameroon.gov.cm\/en\/19eme-congres-meteorologique-mondial\/","title":{"rendered":"19\u00e8me Congr\u00e8s m\u00e9t\u00e9orologique mondial"},"content":{"rendered":"<p>Le DIRMET, Repr\u00e9sentant permanent du Cameroun aupr\u00e8s de l\u2019Organisation M\u00e9t\u00e9orologique Mondiale (OMM), a particip\u00e9 avec le Conseiller hydrologique du Cameroun aupr\u00e8s de l\u2019OMM, d\u2019une part au 19\u00e8me Congr\u00e8s m\u00e9t\u00e9orologique mondial qui s\u2019est tenue du 22 mai au 02 juin 2023, au cours duquel il a \u00e9t\u00e9 \u00e9lu membre du conseil ex\u00e9cutif de l\u2019OMM, d\u2019autre part, \u00e0 la 77\u00e8me session du Conseil Ex\u00e9cutif de l\u2019OMM, du 5 au 6 juin 2023, \u00e0 Gen\u00e8ve (Suisse).<\/p>\n<p>En marge des travaux du 19\u00e8me Congr\u00e8s M\u00e9t\u00e9orologique Mondial, au cours d\u2019une c\u00e9r\u00e9monie qui s\u2019est tenue le 26 mai 2023, au Centre International de Conf\u00e9rences de Gen\u00e8ve, le Repr\u00e9sentant permanent de l\u2019Allemagne aupr\u00e8s de l\u2019OMM a proc\u00e9d\u00e9 \u00e0 la r\u00e9trocession officielle des donn\u00e9es du Cameroun datant de la p\u00e9riode coloniale 1885-1939.<\/p>\n<p><img loading=\"lazy\" decoding=\"async\" class=\"size-medium wp-image-3009 aligncenter\" src=\"https:\/\/meteocameroon.gov.cm\/wp-content\/uploads\/2023\/06\/WhatsApp-Image-2023-07-19-at-14.09.54-225x300.jpeg\" alt=\"\" width=\"225\" height=\"300\" \/><\/p>\n<p style=\"text-align: center;\"><em>R\u00e9trocession officielle des donn\u00e9es<\/em><\/p>","protected":false},"excerpt":{"rendered":"<p>Le DIRMET, Repr\u00e9sentant permanent du Cameroun aupr\u00e8s de l\u2019Organisation M\u00e9t\u00e9orologique Mondiale (OMM), a particip\u00e9 avec le Conseiller hydrologique du Cameroun aupr\u00e8s de l\u2019OMM, d\u2019une part au 19\u00e8me Congr\u00e8s m\u00e9t\u00e9orologique mondial [&hellip;]<\/p>","protected":false},"author":6,"featured_media":3002,"comment_status":"open","ping_status":"open","sticky":false,"template":"","format":"standard","meta":{"footnotes":""},"categories":[18,1],"tags":[],"class_list":["post-3000","post","type-post","status-publish","format-standard","has-post-thumbnail","hentry","category-actualite","category-information"],"yoast_head":"<!-- This site is optimized with the Yoast SEO plugin v26.8 - https:\/\/yoast.com\/product\/yoast-seo-wordpress\/ -->\n<title>19\u00e8me Congr\u00e8s m\u00e9t\u00e9orologique mondial -<\/title>\n<meta name=\"robots\" content=\"index, follow, max-snippet:-1, max-image-preview:large, max-video-preview:-1\" \/>\n<link rel=\"canonical\" href=\"https:\/\/meteocameroon.gov.cm\/en\/19eme-congres-meteorologique-mondial\/\" \/>\n<meta property=\"og:locale\" content=\"en_US\" \/>\n<meta property=\"og:type\" content=\"article\" \/>\n<meta property=\"og:title\" content=\"19\u00e8me Congr\u00e8s m\u00e9t\u00e9orologique mondial -\" \/>\n<meta property=\"og:description\" content=\"Le DIRMET, Repr\u00e9sentant permanent du Cameroun aupr\u00e8s de l\u2019Organisation M\u00e9t\u00e9orologique Mondiale (OMM), a particip\u00e9 avec le Conseiller hydrologique du Cameroun aupr\u00e8s de l\u2019OMM, d\u2019une part au 19\u00e8me Congr\u00e8s m\u00e9t\u00e9orologique mondial [&hellip;]\" \/>\n<meta property=\"og:url\" content=\"https:\/\/meteocameroon.gov.cm\/en\/19eme-congres-meteorologique-mondial\/\" \/>\n<meta property=\"og:site_name\" content=\"M\u00e9t\u00e9orologie Nationale du Cameroun\" \/>\n<meta property=\"article:published_time\" content=\"2023-06-02T09:31:13+00:00\" \/>\n<meta property=\"article:modified_time\" content=\"2023-07-20T09:52:23+00:00\" \/>\n<meta property=\"og:image\" content=\"https:\/\/meteocameroon.gov.cm\/wp-content\/uploads\/2023\/07\/WhatsApp-Image-2023-07-19-at-13.43.29.jpeg\" \/>\n\t<meta property=\"og:image:width\" content=\"1600\" \/>\n\t<meta property=\"og:image:height\" content=\"1054\" \/>\n\t<meta property=\"og:image:type\" content=\"image\/jpeg\" \/>\n<meta name=\"author\" content=\"ANDRE DJOUBDOUNA\" \/>\n<meta name=\"twitter:card\" content=\"summary_large_image\" \/>\n<meta name=\"twitter:label1\" content=\"Written by\" \/>\n\t<meta name=\"twitter:data1\" content=\"ANDRE DJOUBDOUNA\" \/>\n\t<meta name=\"twitter:label2\" content=\"Est. reading time\" \/>\n\t<meta name=\"twitter:data2\" content=\"1 minute\" \/>\n<script type=\"application\/ld+json\" class=\"yoast-schema-graph\">{\"@context\":\"https:\/\/schema.org\",\"@graph\":[{\"@type\":\"Article\",\"@id\":\"https:\/\/meteocameroon.gov.cm\/19eme-congres-meteorologique-mondial\/#article\",\"isPartOf\":{\"@id\":\"https:\/\/meteocameroon.gov.cm\/19eme-congres-meteorologique-mondial\/\"},\"author\":{\"name\":\"ANDRE DJOUBDOUNA\",\"@id\":\"https:\/\/meteocameroon.gov.cm\/#\/schema\/person\/5dfa736b9e05ff41e55a4dc24e6b411d\"},\"headline\":\"19\u00e8me Congr\u00e8s m\u00e9t\u00e9orologique mondial\",\"datePublished\":\"2023-06-02T09:31:13+00:00\",\"dateModified\":\"2023-07-20T09:52:23+00:00\",\"mainEntityOfPage\":{\"@id\":\"https:\/\/meteocameroon.gov.cm\/19eme-congres-meteorologique-mondial\/\"},\"wordCount\":161,\"commentCount\":0,\"publisher\":{\"@id\":\"https:\/\/meteocameroon.gov.cm\/#organization\"},\"image\":{\"@id\":\"https:\/\/meteocameroon.gov.cm\/19eme-congres-meteorologique-mondial\/#primaryimage\"},\"thumbnailUrl\":\"https:\/\/meteocameroon.gov.cm\/wp-content\/uploads\/2023\/07\/WhatsApp-Image-2023-07-19-at-13.43.29.jpeg\",\"articleSection\":[\"Actualit\u00e9\",\"Information\"],\"inLanguage\":\"en-US\",\"potentialAction\":[{\"@type\":\"CommentAction\",\"name\":\"Comment\",\"target\":[\"https:\/\/meteocameroon.gov.cm\/19eme-congres-meteorologique-mondial\/#respond\"]}]},{\"@type\":\"WebPage\",\"@id\":\"https:\/\/meteocameroon.gov.cm\/19eme-congres-meteorologique-mondial\/\",\"url\":\"https:\/\/meteocameroon.gov.cm\/19eme-congres-meteorologique-mondial\/\",\"name\":\"19\u00e8me Congr\u00e8s m\u00e9t\u00e9orologique mondial -\",\"isPartOf\":{\"@id\":\"https:\/\/meteocameroon.gov.cm\/#website\"},\"primaryImageOfPage\":{\"@id\":\"https:\/\/meteocameroon.gov.cm\/19eme-congres-meteorologique-mondial\/#primaryimage\"},\"image\":{\"@id\":\"https:\/\/meteocameroon.gov.cm\/19eme-congres-meteorologique-mondial\/#primaryimage\"},\"thumbnailUrl\":\"https:\/\/meteocameroon.gov.cm\/wp-content\/uploads\/2023\/07\/WhatsApp-Image-2023-07-19-at-13.43.29.jpeg\",\"datePublished\":\"2023-06-02T09:31:13+00:00\",\"dateModified\":\"2023-07-20T09:52:23+00:00\",\"breadcrumb\":{\"@id\":\"https:\/\/meteocameroon.gov.cm\/19eme-congres-meteorologique-mondial\/#breadcrumb\"},\"inLanguage\":\"en-US\",\"potentialAction\":[{\"@type\":\"ReadAction\",\"target\":[\"https:\/\/meteocameroon.gov.cm\/19eme-congres-meteorologique-mondial\/\"]}]},{\"@type\":\"ImageObject\",\"inLanguage\":\"en-US\",\"@id\":\"https:\/\/meteocameroon.gov.cm\/19eme-congres-meteorologique-mondial\/#primaryimage\",\"url\":\"https:\/\/meteocameroon.gov.cm\/wp-content\/uploads\/2023\/07\/WhatsApp-Image-2023-07-19-at-13.43.29.jpeg\",\"contentUrl\":\"https:\/\/meteocameroon.gov.cm\/wp-content\/uploads\/2023\/07\/WhatsApp-Image-2023-07-19-at-13.43.29.jpeg\",\"width\":1600,\"height\":1054},{\"@type\":\"BreadcrumbList\",\"@id\":\"https:\/\/meteocameroon.gov.cm\/19eme-congres-meteorologique-mondial\/#breadcrumb\",\"itemListElement\":[{\"@type\":\"ListItem\",\"position\":1,\"name\":\"Accueil\",\"item\":\"https:\/\/meteocameroon.gov.cm\/\"},{\"@type\":\"ListItem\",\"position\":2,\"name\":\"19\u00e8me Congr\u00e8s m\u00e9t\u00e9orologique mondial\"}]},{\"@type\":\"WebSite\",\"@id\":\"https:\/\/meteocameroon.gov.cm\/#website\",\"url\":\"https:\/\/meteocameroon.gov.cm\/\",\"name\":\"M\u00e9t\u00e9orologie Nationale du Cameroun\",\"description\":\"La m\u00e9t\u00e9o un outils pour le d\u00e9veloppement\",\"publisher\":{\"@id\":\"https:\/\/meteocameroon.gov.cm\/#organization\"},\"potentialAction\":[{\"@type\":\"SearchAction\",\"target\":{\"@type\":\"EntryPoint\",\"urlTemplate\":\"https:\/\/meteocameroon.gov.cm\/?s={search_term_string}\"},\"query-input\":{\"@type\":\"PropertyValueSpecification\",\"valueRequired\":true,\"valueName\":\"search_term_string\"}}],\"inLanguage\":\"en-US\"},{\"@type\":\"Organization\",\"@id\":\"https:\/\/meteocameroon.gov.cm\/#organization\",\"name\":\"M\u00e9t\u00e9orologie Nationale du Cameroun\",\"url\":\"https:\/\/meteocameroon.gov.cm\/\",\"logo\":{\"@type\":\"ImageObject\",\"inLanguage\":\"en-US\",\"@id\":\"https:\/\/meteocameroon.gov.cm\/#\/schema\/logo\/image\/\",\"url\":\"https:\/\/meteocameroon.gov.cm\/wp-content\/uploads\/2022\/06\/Artboard-14x-renew.jpg\",\"contentUrl\":\"https:\/\/meteocameroon.gov.cm\/wp-content\/uploads\/2022\/06\/Artboard-14x-renew.jpg\",\"width\":519,\"height\":504,\"caption\":\"M\u00e9t\u00e9orologie Nationale du Cameroun\"},\"image\":{\"@id\":\"https:\/\/meteocameroon.gov.cm\/#\/schema\/logo\/image\/\"}},{\"@type\":\"Person\",\"@id\":\"https:\/\/meteocameroon.gov.cm\/#\/schema\/person\/5dfa736b9e05ff41e55a4dc24e6b411d\",\"name\":\"ANDRE DJOUBDOUNA\",\"image\":{\"@type\":\"ImageObject\",\"inLanguage\":\"en-US\",\"@id\":\"https:\/\/meteocameroon.gov.cm\/#\/schema\/person\/image\/\",\"url\":\"https:\/\/secure.gravatar.com\/avatar\/84fe48cfc89bc67ad607332365962bbeded76c64a26875f7e62c526afcfa68bb?s=96&d=mm&r=g\",\"contentUrl\":\"https:\/\/secure.gravatar.com\/avatar\/84fe48cfc89bc67ad607332365962bbeded76c64a26875f7e62c526afcfa68bb?s=96&d=mm&r=g\",\"caption\":\"ANDRE DJOUBDOUNA\"},\"url\":\"https:\/\/meteocameroon.gov.cm\/en\/author\/djoubdouna\/\"}]}<\/script>\n<!-- \/ Yoast SEO plugin. -->","yoast_head_json":{"title":"19\u00e8me Congr\u00e8s m\u00e9t\u00e9orologique mondial -","robots":{"index":"index","follow":"follow","max-snippet":"max-snippet:-1","max-image-preview":"max-image-preview:large","max-video-preview":"max-video-preview:-1"},"canonical":"https:\/\/meteocameroon.gov.cm\/en\/19eme-congres-meteorologique-mondial\/","og_locale":"en_US","og_type":"article","og_title":"19\u00e8me Congr\u00e8s m\u00e9t\u00e9orologique mondial -","og_description":"Le DIRMET, Repr\u00e9sentant permanent du Cameroun aupr\u00e8s de l\u2019Organisation M\u00e9t\u00e9orologique Mondiale (OMM), a particip\u00e9 avec le Conseiller hydrologique du Cameroun aupr\u00e8s de l\u2019OMM, d\u2019une part au 19\u00e8me Congr\u00e8s m\u00e9t\u00e9orologique mondial [&hellip;]","og_url":"https:\/\/meteocameroon.gov.cm\/en\/19eme-congres-meteorologique-mondial\/","og_site_name":"M\u00e9t\u00e9orologie Nationale du Cameroun","article_published_time":"2023-06-02T09:31:13+00:00","article_modified_time":"2023-07-20T09:52:23+00:00","og_image":[{"width":1600,"height":1054,"url":"https:\/\/meteocameroon.gov.cm\/wp-content\/uploads\/2023\/07\/WhatsApp-Image-2023-07-19-at-13.43.29.jpeg","type":"image\/jpeg"}],"author":"ANDRE DJOUBDOUNA","twitter_card":"summary_large_image","twitter_misc":{"Written by":"ANDRE DJOUBDOUNA","Est. reading time":"1 minute"},"schema":{"@context":"https:\/\/schema.org","@graph":[{"@type":"Article","@id":"https:\/\/meteocameroon.gov.cm\/19eme-congres-meteorologique-mondial\/#article","isPartOf":{"@id":"https:\/\/meteocameroon.gov.cm\/19eme-congres-meteorologique-mondial\/"},"author":{"name":"ANDRE DJOUBDOUNA","@id":"https:\/\/meteocameroon.gov.cm\/#\/schema\/person\/5dfa736b9e05ff41e55a4dc24e6b411d"},"headline":"19\u00e8me Congr\u00e8s m\u00e9t\u00e9orologique mondial","datePublished":"2023-06-02T09:31:13+00:00","dateModified":"2023-07-20T09:52:23+00:00","mainEntityOfPage":{"@id":"https:\/\/meteocameroon.gov.cm\/19eme-congres-meteorologique-mondial\/"},"wordCount":161,"commentCount":0,"publisher":{"@id":"https:\/\/meteocameroon.gov.cm\/#organization"},"image":{"@id":"https:\/\/meteocameroon.gov.cm\/19eme-congres-meteorologique-mondial\/#primaryimage"},"thumbnailUrl":"https:\/\/meteocameroon.gov.cm\/wp-content\/uploads\/2023\/07\/WhatsApp-Image-2023-07-19-at-13.43.29.jpeg","articleSection":["Actualit\u00e9","Information"],"inLanguage":"en-US","potentialAction":[{"@type":"CommentAction","name":"Comment","target":["https:\/\/meteocameroon.gov.cm\/19eme-congres-meteorologique-mondial\/#respond"]}]},{"@type":"WebPage","@id":"https:\/\/meteocameroon.gov.cm\/19eme-congres-meteorologique-mondial\/","url":"https:\/\/meteocameroon.gov.cm\/19eme-congres-meteorologique-mondial\/","name":"19\u00e8me Congr\u00e8s m\u00e9t\u00e9orologique mondial -","isPartOf":{"@id":"https:\/\/meteocameroon.gov.cm\/#website"},"primaryImageOfPage":{"@id":"https:\/\/meteocameroon.gov.cm\/19eme-congres-meteorologique-mondial\/#primaryimage"},"image":{"@id":"https:\/\/meteocameroon.gov.cm\/19eme-congres-meteorologique-mondial\/#primaryimage"},"thumbnailUrl":"https:\/\/meteocameroon.gov.cm\/wp-content\/uploads\/2023\/07\/WhatsApp-Image-2023-07-19-at-13.43.29.jpeg","datePublished":"2023-06-02T09:31:13+00:00","dateModified":"2023-07-20T09:52:23+00:00","breadcrumb":{"@id":"https:\/\/meteocameroon.gov.cm\/19eme-congres-meteorologique-mondial\/#breadcrumb"},"inLanguage":"en-US","potentialAction":[{"@type":"ReadAction","target":["https:\/\/meteocameroon.gov.cm\/19eme-congres-meteorologique-mondial\/"]}]},{"@type":"ImageObject","inLanguage":"en-US","@id":"https:\/\/meteocameroon.gov.cm\/19eme-congres-meteorologique-mondial\/#primaryimage","url":"https:\/\/meteocameroon.gov.cm\/wp-content\/uploads\/2023\/07\/WhatsApp-Image-2023-07-19-at-13.43.29.jpeg","contentUrl":"https:\/\/meteocameroon.gov.cm\/wp-content\/uploads\/2023\/07\/WhatsApp-Image-2023-07-19-at-13.43.29.jpeg","width":1600,"height":1054},{"@type":"BreadcrumbList","@id":"https:\/\/meteocameroon.gov.cm\/19eme-congres-meteorologique-mondial\/#breadcrumb","itemListElement":[{"@type":"ListItem","position":1,"name":"Accueil","item":"https:\/\/meteocameroon.gov.cm\/"},{"@type":"ListItem","position":2,"name":"19\u00e8me Congr\u00e8s m\u00e9t\u00e9orologique mondial"}]},{"@type":"WebSite","@id":"https:\/\/meteocameroon.gov.cm\/#website","url":"https:\/\/meteocameroon.gov.cm\/","name":"M\u00e9t\u00e9orologie Nationale du Cameroun","description":"La m\u00e9t\u00e9o un outils pour le d\u00e9veloppement","publisher":{"@id":"https:\/\/meteocameroon.gov.cm\/#organization"},"potentialAction":[{"@type":"SearchAction","target":{"@type":"EntryPoint","urlTemplate":"https:\/\/meteocameroon.gov.cm\/?s={search_term_string}"},"query-input":{"@type":"PropertyValueSpecification","valueRequired":true,"valueName":"search_term_string"}}],"inLanguage":"en-US"},{"@type":"Organization","@id":"https:\/\/meteocameroon.gov.cm\/#organization","name":"M\u00e9t\u00e9orologie Nationale du Cameroun","url":"https:\/\/meteocameroon.gov.cm\/","logo":{"@type":"ImageObject","inLanguage":"en-US","@id":"https:\/\/meteocameroon.gov.cm\/#\/schema\/logo\/image\/","url":"https:\/\/meteocameroon.gov.cm\/wp-content\/uploads\/2022\/06\/Artboard-14x-renew.jpg","contentUrl":"https:\/\/meteocameroon.gov.cm\/wp-content\/uploads\/2022\/06\/Artboard-14x-renew.jpg","width":519,"height":504,"caption":"M\u00e9t\u00e9orologie Nationale du Cameroun"},"image":{"@id":"https:\/\/meteocameroon.gov.cm\/#\/schema\/logo\/image\/"}},{"@type":"Person","@id":"https:\/\/meteocameroon.gov.cm\/#\/schema\/person\/5dfa736b9e05ff41e55a4dc24e6b411d","name":"ANDRE DJOUBDOUNA","image":{"@type":"ImageObject","inLanguage":"en-US","@id":"https:\/\/meteocameroon.gov.cm\/#\/schema\/person\/image\/","url":"https:\/\/secure.gravatar.com\/avatar\/84fe48cfc89bc67ad607332365962bbeded76c64a26875f7e62c526afcfa68bb?s=96&d=mm&r=g","contentUrl":"https:\/\/secure.gravatar.com\/avatar\/84fe48cfc89bc67ad607332365962bbeded76c64a26875f7e62c526afcfa68bb?s=96&d=mm&r=g","caption":"ANDRE DJOUBDOUNA"},"url":"https:\/\/meteocameroon.gov.cm\/en\/author\/djoubdouna\/"}]}},"rttpg_featured_image_url":{"full":["https:\/\/meteocameroon.gov.cm\/wp-content\/uploads\/2023\/07\/WhatsApp-Image-2023-07-19-at-13.43.29.jpeg",1600,1054,false],"landscape":["https:\/\/meteocameroon.gov.cm\/wp-content\/uploads\/2023\/07\/WhatsApp-Image-2023-07-19-at-13.43.29.jpeg",1600,1054,false],"portraits":["https:\/\/meteocameroon.gov.cm\/wp-content\/uploads\/2023\/07\/WhatsApp-Image-2023-07-19-at-13.43.29.jpeg",1600,1054,false],"thumbnail":["https:\/\/meteocameroon.gov.cm\/wp-content\/uploads\/2023\/07\/WhatsApp-Image-2023-07-19-at-13.43.29-150x150.jpeg",150,150,true],"medium":["https:\/\/meteocameroon.gov.cm\/wp-content\/uploads\/2023\/07\/WhatsApp-Image-2023-07-19-at-13.43.29-300x198.jpeg",300,198,true],"large":["https:\/\/meteocameroon.gov.cm\/wp-content\/uploads\/2023\/07\/WhatsApp-Image-2023-07-19-at-13.43.29-1024x675.jpeg",640,422,true],"1536x1536":["https:\/\/meteocameroon.gov.cm\/wp-content\/uploads\/2023\/07\/WhatsApp-Image-2023-07-19-at-13.43.29-1536x1012.jpeg",1536,1012,true],"2048x2048":["https:\/\/meteocameroon.gov.cm\/wp-content\/uploads\/2023\/07\/WhatsApp-Image-2023-07-19-at-13.43.29.jpeg",1600,1054,false],"trp-custom-language-flag":["https:\/\/meteocameroon.gov.cm\/wp-content\/uploads\/2023\/07\/WhatsApp-Image-2023-07-19-at-13.43.29-18x12.jpeg",18,12,true],"binit-portfolio":["https:\/\/meteocameroon.gov.cm\/wp-content\/uploads\/2023\/07\/WhatsApp-Image-2023-07-19-at-13.43.29-600x700.jpeg",600,700,true],"binit-portfolio-vertical":["https:\/\/meteocameroon.gov.cm\/wp-content\/uploads\/2023\/07\/WhatsApp-Image-2023-07-19-at-13.43.29-380x564.jpeg",380,564,true],"binit-blog":["https:\/\/meteocameroon.gov.cm\/wp-content\/uploads\/2023\/07\/WhatsApp-Image-2023-07-19-at-13.43.29-600x420.jpeg",600,420,true],"binit-team":["https:\/\/meteocameroon.gov.cm\/wp-content\/uploads\/2023\/07\/WhatsApp-Image-2023-07-19-at-13.43.29-600x645.jpeg",600,645,true],"binit-product":["https:\/\/meteocameroon.gov.cm\/wp-content\/uploads\/2023\/07\/WhatsApp-Image-2023-07-19-at-13.43.29-360x440.jpeg",360,440,true],"binit-event":["https:\/\/meteocameroon.gov.cm\/wp-content\/uploads\/2023\/07\/WhatsApp-Image-2023-07-19-at-13.43.29-420x630.jpeg",420,630,true]},"rttpg_author":{"display_name":"ANDRE DJOUBDOUNA","author_link":"https:\/\/meteocameroon.gov.cm\/en\/author\/djoubdouna\/"},"rttpg_comment":0,"rttpg_category":"<a href=\"https:\/\/meteocameroon.gov.cm\/en\/category\/actualite\/\" rel=\"category tag\">Actualit\u00e9<\/a> <a href=\"https:\/\/meteocameroon.gov.cm\/en\/category\/information\/\" rel=\"category tag\">Information<\/a>","rttpg_excerpt":"Le DIRMET, Repr\u00e9sentant permanent du Cameroun aupr\u00e8s de l\u2019Organisation M\u00e9t\u00e9orologique Mondiale (OMM), a particip\u00e9 avec le Conseiller hydrologique du Cameroun aupr\u00e8s de l\u2019OMM, d\u2019une part au 19\u00e8me Congr\u00e8s m\u00e9t\u00e9orologique mondial [&hellip;]","_links":{"self":[{"href":"https:\/\/meteocameroon.gov.cm\/en\/wp-json\/wp\/v2\/posts\/3000","targetHints":{"allow":["GET"]}}],"collection":[{"href":"https:\/\/meteocameroon.gov.cm\/en\/wp-json\/wp\/v2\/posts"}],"about":[{"href":"https:\/\/meteocameroon.gov.cm\/en\/wp-json\/wp\/v2\/types\/post"}],"author":[{"embeddable":true,"href":"https:\/\/meteocameroon.gov.cm\/en\/wp-json\/wp\/v2\/users\/6"}],"replies":[{"embeddable":true,"href":"https:\/\/meteocameroon.gov.cm\/en\/wp-json\/wp\/v2\/comments?post=3000"}],"version-history":[{"count":3,"href":"https:\/\/meteocameroon.gov.cm\/en\/wp-json\/wp\/v2\/posts\/3000\/revisions"}],"predecessor-version":[{"id":3011,"href":"https:\/\/meteocameroon.gov.cm\/en\/wp-json\/wp\/v2\/posts\/3000\/revisions\/3011"}],"wp:featuredmedia":[{"embeddable":true,"href":"https:\/\/meteocameroon.gov.cm\/en\/wp-json\/wp\/v2\/media\/3002"}],"wp:attachment":[{"href":"https:\/\/meteocameroon.gov.cm\/en\/wp-json\/wp\/v2\/media?parent=3000"}],"wp:term":[{"taxonomy":"category","embeddable":true,"href":"https:\/\/meteocameroon.gov.cm\/en\/wp-json\/wp\/v2\/categories?post=3000"},{"taxonomy":"post_tag","embeddable":true,"href":"https:\/\/meteocameroon.gov.cm\/en\/wp-json\/wp\/v2\/tags?post=3000"}],"curies":[{"name":"wp","href":"https:\/\/api.w.org\/{rel}","templated":true}]}}