{"id":3004,"date":"2023-03-15T10:45:38","date_gmt":"2023-03-15T09:45:38","guid":{"rendered":"https:\/\/meteocameroon.gov.cm\/?p=3004"},"modified":"2023-07-20T10:46:08","modified_gmt":"2023-07-20T09:46:08","slug":"vers-une-collaboration-renforcee-entre-le-cameroun-et-lorganisation-meteorologique-mondiale-consultations-pour-le-developpement-des-formations-en-meteorologie","status":"publish","type":"post","link":"https:\/\/meteocameroon.gov.cm\/en\/vers-une-collaboration-renforcee-entre-le-cameroun-et-lorganisation-meteorologique-mondiale-consultations-pour-le-developpement-des-formations-en-meteorologie\/","title":{"rendered":"Vers une Collaboration Renforc\u00e9e entre le Cameroun et l&#8217;Organisation M\u00e9t\u00e9orologique Mondiale : Consultations pour le D\u00e9veloppement des Formations en M\u00e9t\u00e9orologie"},"content":{"rendered":"<p>Dans le cadre des concertations en vue de la reconnaissance et de l\u2019accompagnement des formations universitaires en mati\u00e8re de m\u00e9t\u00e9orologie effectu\u00e9es au Cameroun par l\u2019Organisation M\u00e9t\u00e9orologique Mondiale (OMM), Dr Paul Bugeac, Expert de ladite organisation a s\u00e9journ\u00e9 au Cameroun, du 13 au 15 mars 2023.<br \/>\nL\u2019objectif de cette visite \u00e9tait de mener des consultations au niveau de la Direction de la M\u00e9t\u00e9orologie Nationale (DMN) et des Ecoles Nationales Sup\u00e9rieures Polytechniques (ENSP) offrant les formations en m\u00e9t\u00e9orologie, sur les besoins de d\u00e9veloppement sp\u00e9cifiques qui pourraient conduire \u00e0 des programmes d&#8217;\u00e9ducation et de formation durables sur la base d&#8217;une collaboration non seulement avec l&#8217;OMM mais aussi avec d&#8217;autres \u00e9tablissements d&#8217;enseignement et de formation de la r\u00e9gion.<br \/>\nAinsi, dans le cadre de l&#8217;\u00e9valuation des aspects n\u00e9cessitant un soutien et une collaboration entre les ENSP de Yaound\u00e9 et de Maroua et l\u2019OMM, une r\u00e9union pr\u00e9sid\u00e9e par le Directeur de la M\u00e9t\u00e9orologie Nationale s\u2019est tenue le Lundi 13 mars 2023, avec lesdites Ecoles, le Minist\u00e8re des Transports (MINT), l\u2019expert de l\u2019OMM et le Minist\u00e8re de l&#8217;Enseignement sup\u00e9rieur\u00a0 (MINESUP).<\/p>","protected":false},"excerpt":{"rendered":"<p>Dans le cadre des concertations en vue de la reconnaissance et de l\u2019accompagnement des formations universitaires en mati\u00e8re de m\u00e9t\u00e9orologie effectu\u00e9es au Cameroun par l\u2019Organisation M\u00e9t\u00e9orologique Mondiale (OMM), Dr Paul [&hellip;]<\/p>","protected":false},"author":6,"featured_media":3006,"comment_status":"open","ping_status":"open","sticky":false,"template":"","format":"standard","meta":{"footnotes":""},"categories":[18,1],"tags":[],"class_list":["post-3004","post","type-post","status-publish","format-standard","has-post-thumbnail","hentry","category-actualite","category-information"],"yoast_head":"<!-- This site is optimized with the Yoast SEO plugin v26.8 - https:\/\/yoast.com\/product\/yoast-seo-wordpress\/ -->\n<title>Vers une Collaboration Renforc\u00e9e entre le Cameroun et l&#039;Organisation M\u00e9t\u00e9orologique Mondiale : Consultations pour le D\u00e9veloppement des Formations en M\u00e9t\u00e9orologie -<\/title>\n<meta name=\"robots\" content=\"index, follow, max-snippet:-1, max-image-preview:large, max-video-preview:-1\" \/>\n<link rel=\"canonical\" href=\"https:\/\/meteocameroon.gov.cm\/en\/vers-une-collaboration-renforcee-entre-le-cameroun-et-lorganisation-meteorologique-mondiale-consultations-pour-le-developpement-des-formations-en-meteorologie\/\" \/>\n<meta property=\"og:locale\" content=\"en_US\" \/>\n<meta property=\"og:type\" content=\"article\" \/>\n<meta property=\"og:title\" content=\"Vers une Collaboration Renforc\u00e9e entre le Cameroun et l&#039;Organisation M\u00e9t\u00e9orologique Mondiale : Consultations pour le D\u00e9veloppement des Formations en M\u00e9t\u00e9orologie -\" \/>\n<meta property=\"og:description\" content=\"Dans le cadre des concertations en vue de la reconnaissance et de l\u2019accompagnement des formations universitaires en mati\u00e8re de m\u00e9t\u00e9orologie effectu\u00e9es au Cameroun par l\u2019Organisation M\u00e9t\u00e9orologique Mondiale (OMM), Dr Paul [&hellip;]\" \/>\n<meta property=\"og:url\" content=\"https:\/\/meteocameroon.gov.cm\/en\/vers-une-collaboration-renforcee-entre-le-cameroun-et-lorganisation-meteorologique-mondiale-consultations-pour-le-developpement-des-formations-en-meteorologie\/\" \/>\n<meta property=\"og:site_name\" content=\"M\u00e9t\u00e9orologie Nationale du Cameroun\" \/>\n<meta property=\"article:published_time\" content=\"2023-03-15T09:45:38+00:00\" \/>\n<meta property=\"article:modified_time\" content=\"2023-07-20T09:46:08+00:00\" \/>\n<meta property=\"og:image\" content=\"https:\/\/meteocameroon.gov.cm\/wp-content\/uploads\/2023\/07\/WhatsApp-Image-2023-07-19-at-13.49.58-1.jpeg\" \/>\n\t<meta property=\"og:image:width\" content=\"450\" \/>\n\t<meta property=\"og:image:height\" content=\"1024\" \/>\n\t<meta property=\"og:image:type\" content=\"image\/jpeg\" \/>\n<meta name=\"author\" content=\"ANDRE DJOUBDOUNA\" \/>\n<meta name=\"twitter:card\" content=\"summary_large_image\" \/>\n<meta name=\"twitter:label1\" content=\"Written by\" \/>\n\t<meta name=\"twitter:data1\" content=\"ANDRE DJOUBDOUNA\" \/>\n\t<meta name=\"twitter:label2\" content=\"Est. reading time\" \/>\n\t<meta name=\"twitter:data2\" content=\"1 minute\" \/>\n<script type=\"application\/ld+json\" class=\"yoast-schema-graph\">{\"@context\":\"https:\/\/schema.org\",\"@graph\":[{\"@type\":\"Article\",\"@id\":\"https:\/\/meteocameroon.gov.cm\/vers-une-collaboration-renforcee-entre-le-cameroun-et-lorganisation-meteorologique-mondiale-consultations-pour-le-developpement-des-formations-en-meteorologie\/#article\",\"isPartOf\":{\"@id\":\"https:\/\/meteocameroon.gov.cm\/vers-une-collaboration-renforcee-entre-le-cameroun-et-lorganisation-meteorologique-mondiale-consultations-pour-le-developpement-des-formations-en-meteorologie\/\"},\"author\":{\"name\":\"ANDRE DJOUBDOUNA\",\"@id\":\"https:\/\/meteocameroon.gov.cm\/#\/schema\/person\/5dfa736b9e05ff41e55a4dc24e6b411d\"},\"headline\":\"Vers une Collaboration Renforc\u00e9e entre le Cameroun et l&#8217;Organisation M\u00e9t\u00e9orologique Mondiale : Consultations pour le D\u00e9veloppement des Formations en M\u00e9t\u00e9orologie\",\"datePublished\":\"2023-03-15T09:45:38+00:00\",\"dateModified\":\"2023-07-20T09:46:08+00:00\",\"mainEntityOfPage\":{\"@id\":\"https:\/\/meteocameroon.gov.cm\/vers-une-collaboration-renforcee-entre-le-cameroun-et-lorganisation-meteorologique-mondiale-consultations-pour-le-developpement-des-formations-en-meteorologie\/\"},\"wordCount\":225,\"commentCount\":0,\"publisher\":{\"@id\":\"https:\/\/meteocameroon.gov.cm\/#organization\"},\"image\":{\"@id\":\"https:\/\/meteocameroon.gov.cm\/vers-une-collaboration-renforcee-entre-le-cameroun-et-lorganisation-meteorologique-mondiale-consultations-pour-le-developpement-des-formations-en-meteorologie\/#primaryimage\"},\"thumbnailUrl\":\"https:\/\/meteocameroon.gov.cm\/wp-content\/uploads\/2023\/07\/WhatsApp-Image-2023-07-19-at-13.49.58-1.jpeg\",\"articleSection\":[\"Actualit\u00e9\",\"Information\"],\"inLanguage\":\"en-US\",\"potentialAction\":[{\"@type\":\"CommentAction\",\"name\":\"Comment\",\"target\":[\"https:\/\/meteocameroon.gov.cm\/vers-une-collaboration-renforcee-entre-le-cameroun-et-lorganisation-meteorologique-mondiale-consultations-pour-le-developpement-des-formations-en-meteorologie\/#respond\"]}]},{\"@type\":\"WebPage\",\"@id\":\"https:\/\/meteocameroon.gov.cm\/vers-une-collaboration-renforcee-entre-le-cameroun-et-lorganisation-meteorologique-mondiale-consultations-pour-le-developpement-des-formations-en-meteorologie\/\",\"url\":\"https:\/\/meteocameroon.gov.cm\/vers-une-collaboration-renforcee-entre-le-cameroun-et-lorganisation-meteorologique-mondiale-consultations-pour-le-developpement-des-formations-en-meteorologie\/\",\"name\":\"Vers une Collaboration Renforc\u00e9e entre le Cameroun et l'Organisation M\u00e9t\u00e9orologique Mondiale : Consultations pour le D\u00e9veloppement des Formations en M\u00e9t\u00e9orologie -\",\"isPartOf\":{\"@id\":\"https:\/\/meteocameroon.gov.cm\/#website\"},\"primaryImageOfPage\":{\"@id\":\"https:\/\/meteocameroon.gov.cm\/vers-une-collaboration-renforcee-entre-le-cameroun-et-lorganisation-meteorologique-mondiale-consultations-pour-le-developpement-des-formations-en-meteorologie\/#primaryimage\"},\"image\":{\"@id\":\"https:\/\/meteocameroon.gov.cm\/vers-une-collaboration-renforcee-entre-le-cameroun-et-lorganisation-meteorologique-mondiale-consultations-pour-le-developpement-des-formations-en-meteorologie\/#primaryimage\"},\"thumbnailUrl\":\"https:\/\/meteocameroon.gov.cm\/wp-content\/uploads\/2023\/07\/WhatsApp-Image-2023-07-19-at-13.49.58-1.jpeg\",\"datePublished\":\"2023-03-15T09:45:38+00:00\",\"dateModified\":\"2023-07-20T09:46:08+00:00\",\"breadcrumb\":{\"@id\":\"https:\/\/meteocameroon.gov.cm\/vers-une-collaboration-renforcee-entre-le-cameroun-et-lorganisation-meteorologique-mondiale-consultations-pour-le-developpement-des-formations-en-meteorologie\/#breadcrumb\"},\"inLanguage\":\"en-US\",\"potentialAction\":[{\"@type\":\"ReadAction\",\"target\":[\"https:\/\/meteocameroon.gov.cm\/vers-une-collaboration-renforcee-entre-le-cameroun-et-lorganisation-meteorologique-mondiale-consultations-pour-le-developpement-des-formations-en-meteorologie\/\"]}]},{\"@type\":\"ImageObject\",\"inLanguage\":\"en-US\",\"@id\":\"https:\/\/meteocameroon.gov.cm\/vers-une-collaboration-renforcee-entre-le-cameroun-et-lorganisation-meteorologique-mondiale-consultations-pour-le-developpement-des-formations-en-meteorologie\/#primaryimage\",\"url\":\"https:\/\/meteocameroon.gov.cm\/wp-content\/uploads\/2023\/07\/WhatsApp-Image-2023-07-19-at-13.49.58-1.jpeg\",\"contentUrl\":\"https:\/\/meteocameroon.gov.cm\/wp-content\/uploads\/2023\/07\/WhatsApp-Image-2023-07-19-at-13.49.58-1.jpeg\",\"width\":450,\"height\":1024},{\"@type\":\"BreadcrumbList\",\"@id\":\"https:\/\/meteocameroon.gov.cm\/vers-une-collaboration-renforcee-entre-le-cameroun-et-lorganisation-meteorologique-mondiale-consultations-pour-le-developpement-des-formations-en-meteorologie\/#breadcrumb\",\"itemListElement\":[{\"@type\":\"ListItem\",\"position\":1,\"name\":\"Accueil\",\"item\":\"https:\/\/meteocameroon.gov.cm\/\"},{\"@type\":\"ListItem\",\"position\":2,\"name\":\"Vers une Collaboration Renforc\u00e9e entre le Cameroun et l&#8217;Organisation M\u00e9t\u00e9orologique Mondiale : Consultations pour le D\u00e9veloppement des Formations en M\u00e9t\u00e9orologie\"}]},{\"@type\":\"WebSite\",\"@id\":\"https:\/\/meteocameroon.gov.cm\/#website\",\"url\":\"https:\/\/meteocameroon.gov.cm\/\",\"name\":\"M\u00e9t\u00e9orologie Nationale du Cameroun\",\"description\":\"La m\u00e9t\u00e9o un outils pour le d\u00e9veloppement\",\"publisher\":{\"@id\":\"https:\/\/meteocameroon.gov.cm\/#organization\"},\"potentialAction\":[{\"@type\":\"SearchAction\",\"target\":{\"@type\":\"EntryPoint\",\"urlTemplate\":\"https:\/\/meteocameroon.gov.cm\/?s={search_term_string}\"},\"query-input\":{\"@type\":\"PropertyValueSpecification\",\"valueRequired\":true,\"valueName\":\"search_term_string\"}}],\"inLanguage\":\"en-US\"},{\"@type\":\"Organization\",\"@id\":\"https:\/\/meteocameroon.gov.cm\/#organization\",\"name\":\"M\u00e9t\u00e9orologie Nationale du Cameroun\",\"url\":\"https:\/\/meteocameroon.gov.cm\/\",\"logo\":{\"@type\":\"ImageObject\",\"inLanguage\":\"en-US\",\"@id\":\"https:\/\/meteocameroon.gov.cm\/#\/schema\/logo\/image\/\",\"url\":\"https:\/\/meteocameroon.gov.cm\/wp-content\/uploads\/2022\/06\/Artboard-14x-renew.jpg\",\"contentUrl\":\"https:\/\/meteocameroon.gov.cm\/wp-content\/uploads\/2022\/06\/Artboard-14x-renew.jpg\",\"width\":519,\"height\":504,\"caption\":\"M\u00e9t\u00e9orologie Nationale du Cameroun\"},\"image\":{\"@id\":\"https:\/\/meteocameroon.gov.cm\/#\/schema\/logo\/image\/\"}},{\"@type\":\"Person\",\"@id\":\"https:\/\/meteocameroon.gov.cm\/#\/schema\/person\/5dfa736b9e05ff41e55a4dc24e6b411d\",\"name\":\"ANDRE DJOUBDOUNA\",\"image\":{\"@type\":\"ImageObject\",\"inLanguage\":\"en-US\",\"@id\":\"https:\/\/meteocameroon.gov.cm\/#\/schema\/person\/image\/\",\"url\":\"https:\/\/secure.gravatar.com\/avatar\/84fe48cfc89bc67ad607332365962bbeded76c64a26875f7e62c526afcfa68bb?s=96&d=mm&r=g\",\"contentUrl\":\"https:\/\/secure.gravatar.com\/avatar\/84fe48cfc89bc67ad607332365962bbeded76c64a26875f7e62c526afcfa68bb?s=96&d=mm&r=g\",\"caption\":\"ANDRE DJOUBDOUNA\"},\"url\":\"https:\/\/meteocameroon.gov.cm\/en\/author\/djoubdouna\/\"}]}<\/script>\n<!-- \/ Yoast SEO plugin. -->","yoast_head_json":{"title":"Vers une Collaboration Renforc\u00e9e entre le Cameroun et l'Organisation M\u00e9t\u00e9orologique Mondiale : Consultations pour le D\u00e9veloppement des Formations en M\u00e9t\u00e9orologie -","robots":{"index":"index","follow":"follow","max-snippet":"max-snippet:-1","max-image-preview":"max-image-preview:large","max-video-preview":"max-video-preview:-1"},"canonical":"https:\/\/meteocameroon.gov.cm\/en\/vers-une-collaboration-renforcee-entre-le-cameroun-et-lorganisation-meteorologique-mondiale-consultations-pour-le-developpement-des-formations-en-meteorologie\/","og_locale":"en_US","og_type":"article","og_title":"Vers une Collaboration Renforc\u00e9e entre le Cameroun et l'Organisation M\u00e9t\u00e9orologique Mondiale : Consultations pour le D\u00e9veloppement des Formations en M\u00e9t\u00e9orologie -","og_description":"Dans le cadre des concertations en vue de la reconnaissance et de l\u2019accompagnement des formations universitaires en mati\u00e8re de m\u00e9t\u00e9orologie effectu\u00e9es au Cameroun par l\u2019Organisation M\u00e9t\u00e9orologique Mondiale (OMM), Dr Paul [&hellip;]","og_url":"https:\/\/meteocameroon.gov.cm\/en\/vers-une-collaboration-renforcee-entre-le-cameroun-et-lorganisation-meteorologique-mondiale-consultations-pour-le-developpement-des-formations-en-meteorologie\/","og_site_name":"M\u00e9t\u00e9orologie Nationale du Cameroun","article_published_time":"2023-03-15T09:45:38+00:00","article_modified_time":"2023-07-20T09:46:08+00:00","og_image":[{"width":450,"height":1024,"url":"https:\/\/meteocameroon.gov.cm\/wp-content\/uploads\/2023\/07\/WhatsApp-Image-2023-07-19-at-13.49.58-1.jpeg","type":"image\/jpeg"}],"author":"ANDRE DJOUBDOUNA","twitter_card":"summary_large_image","twitter_misc":{"Written by":"ANDRE DJOUBDOUNA","Est. reading time":"1 minute"},"schema":{"@context":"https:\/\/schema.org","@graph":[{"@type":"Article","@id":"https:\/\/meteocameroon.gov.cm\/vers-une-collaboration-renforcee-entre-le-cameroun-et-lorganisation-meteorologique-mondiale-consultations-pour-le-developpement-des-formations-en-meteorologie\/#article","isPartOf":{"@id":"https:\/\/meteocameroon.gov.cm\/vers-une-collaboration-renforcee-entre-le-cameroun-et-lorganisation-meteorologique-mondiale-consultations-pour-le-developpement-des-formations-en-meteorologie\/"},"author":{"name":"ANDRE DJOUBDOUNA","@id":"https:\/\/meteocameroon.gov.cm\/#\/schema\/person\/5dfa736b9e05ff41e55a4dc24e6b411d"},"headline":"Vers une Collaboration Renforc\u00e9e entre le Cameroun et l&#8217;Organisation M\u00e9t\u00e9orologique Mondiale : Consultations pour le D\u00e9veloppement des Formations en M\u00e9t\u00e9orologie","datePublished":"2023-03-15T09:45:38+00:00","dateModified":"2023-07-20T09:46:08+00:00","mainEntityOfPage":{"@id":"https:\/\/meteocameroon.gov.cm\/vers-une-collaboration-renforcee-entre-le-cameroun-et-lorganisation-meteorologique-mondiale-consultations-pour-le-developpement-des-formations-en-meteorologie\/"},"wordCount":225,"commentCount":0,"publisher":{"@id":"https:\/\/meteocameroon.gov.cm\/#organization"},"image":{"@id":"https:\/\/meteocameroon.gov.cm\/vers-une-collaboration-renforcee-entre-le-cameroun-et-lorganisation-meteorologique-mondiale-consultations-pour-le-developpement-des-formations-en-meteorologie\/#primaryimage"},"thumbnailUrl":"https:\/\/meteocameroon.gov.cm\/wp-content\/uploads\/2023\/07\/WhatsApp-Image-2023-07-19-at-13.49.58-1.jpeg","articleSection":["Actualit\u00e9","Information"],"inLanguage":"en-US","potentialAction":[{"@type":"CommentAction","name":"Comment","target":["https:\/\/meteocameroon.gov.cm\/vers-une-collaboration-renforcee-entre-le-cameroun-et-lorganisation-meteorologique-mondiale-consultations-pour-le-developpement-des-formations-en-meteorologie\/#respond"]}]},{"@type":"WebPage","@id":"https:\/\/meteocameroon.gov.cm\/vers-une-collaboration-renforcee-entre-le-cameroun-et-lorganisation-meteorologique-mondiale-consultations-pour-le-developpement-des-formations-en-meteorologie\/","url":"https:\/\/meteocameroon.gov.cm\/vers-une-collaboration-renforcee-entre-le-cameroun-et-lorganisation-meteorologique-mondiale-consultations-pour-le-developpement-des-formations-en-meteorologie\/","name":"Vers une Collaboration Renforc\u00e9e entre le Cameroun et l'Organisation M\u00e9t\u00e9orologique Mondiale : Consultations pour le D\u00e9veloppement des Formations en M\u00e9t\u00e9orologie -","isPartOf":{"@id":"https:\/\/meteocameroon.gov.cm\/#website"},"primaryImageOfPage":{"@id":"https:\/\/meteocameroon.gov.cm\/vers-une-collaboration-renforcee-entre-le-cameroun-et-lorganisation-meteorologique-mondiale-consultations-pour-le-developpement-des-formations-en-meteorologie\/#primaryimage"},"image":{"@id":"https:\/\/meteocameroon.gov.cm\/vers-une-collaboration-renforcee-entre-le-cameroun-et-lorganisation-meteorologique-mondiale-consultations-pour-le-developpement-des-formations-en-meteorologie\/#primaryimage"},"thumbnailUrl":"https:\/\/meteocameroon.gov.cm\/wp-content\/uploads\/2023\/07\/WhatsApp-Image-2023-07-19-at-13.49.58-1.jpeg","datePublished":"2023-03-15T09:45:38+00:00","dateModified":"2023-07-20T09:46:08+00:00","breadcrumb":{"@id":"https:\/\/meteocameroon.gov.cm\/vers-une-collaboration-renforcee-entre-le-cameroun-et-lorganisation-meteorologique-mondiale-consultations-pour-le-developpement-des-formations-en-meteorologie\/#breadcrumb"},"inLanguage":"en-US","potentialAction":[{"@type":"ReadAction","target":["https:\/\/meteocameroon.gov.cm\/vers-une-collaboration-renforcee-entre-le-cameroun-et-lorganisation-meteorologique-mondiale-consultations-pour-le-developpement-des-formations-en-meteorologie\/"]}]},{"@type":"ImageObject","inLanguage":"en-US","@id":"https:\/\/meteocameroon.gov.cm\/vers-une-collaboration-renforcee-entre-le-cameroun-et-lorganisation-meteorologique-mondiale-consultations-pour-le-developpement-des-formations-en-meteorologie\/#primaryimage","url":"https:\/\/meteocameroon.gov.cm\/wp-content\/uploads\/2023\/07\/WhatsApp-Image-2023-07-19-at-13.49.58-1.jpeg","contentUrl":"https:\/\/meteocameroon.gov.cm\/wp-content\/uploads\/2023\/07\/WhatsApp-Image-2023-07-19-at-13.49.58-1.jpeg","width":450,"height":1024},{"@type":"BreadcrumbList","@id":"https:\/\/meteocameroon.gov.cm\/vers-une-collaboration-renforcee-entre-le-cameroun-et-lorganisation-meteorologique-mondiale-consultations-pour-le-developpement-des-formations-en-meteorologie\/#breadcrumb","itemListElement":[{"@type":"ListItem","position":1,"name":"Accueil","item":"https:\/\/meteocameroon.gov.cm\/"},{"@type":"ListItem","position":2,"name":"Vers une Collaboration Renforc\u00e9e entre le Cameroun et l&#8217;Organisation M\u00e9t\u00e9orologique Mondiale : Consultations pour le D\u00e9veloppement des Formations en M\u00e9t\u00e9orologie"}]},{"@type":"WebSite","@id":"https:\/\/meteocameroon.gov.cm\/#website","url":"https:\/\/meteocameroon.gov.cm\/","name":"M\u00e9t\u00e9orologie Nationale du Cameroun","description":"La m\u00e9t\u00e9o un outils pour le d\u00e9veloppement","publisher":{"@id":"https:\/\/meteocameroon.gov.cm\/#organization"},"potentialAction":[{"@type":"SearchAction","target":{"@type":"EntryPoint","urlTemplate":"https:\/\/meteocameroon.gov.cm\/?s={search_term_string}"},"query-input":{"@type":"PropertyValueSpecification","valueRequired":true,"valueName":"search_term_string"}}],"inLanguage":"en-US"},{"@type":"Organization","@id":"https:\/\/meteocameroon.gov.cm\/#organization","name":"M\u00e9t\u00e9orologie Nationale du Cameroun","url":"https:\/\/meteocameroon.gov.cm\/","logo":{"@type":"ImageObject","inLanguage":"en-US","@id":"https:\/\/meteocameroon.gov.cm\/#\/schema\/logo\/image\/","url":"https:\/\/meteocameroon.gov.cm\/wp-content\/uploads\/2022\/06\/Artboard-14x-renew.jpg","contentUrl":"https:\/\/meteocameroon.gov.cm\/wp-content\/uploads\/2022\/06\/Artboard-14x-renew.jpg","width":519,"height":504,"caption":"M\u00e9t\u00e9orologie Nationale du Cameroun"},"image":{"@id":"https:\/\/meteocameroon.gov.cm\/#\/schema\/logo\/image\/"}},{"@type":"Person","@id":"https:\/\/meteocameroon.gov.cm\/#\/schema\/person\/5dfa736b9e05ff41e55a4dc24e6b411d","name":"ANDRE DJOUBDOUNA","image":{"@type":"ImageObject","inLanguage":"en-US","@id":"https:\/\/meteocameroon.gov.cm\/#\/schema\/person\/image\/","url":"https:\/\/secure.gravatar.com\/avatar\/84fe48cfc89bc67ad607332365962bbeded76c64a26875f7e62c526afcfa68bb?s=96&d=mm&r=g","contentUrl":"https:\/\/secure.gravatar.com\/avatar\/84fe48cfc89bc67ad607332365962bbeded76c64a26875f7e62c526afcfa68bb?s=96&d=mm&r=g","caption":"ANDRE DJOUBDOUNA"},"url":"https:\/\/meteocameroon.gov.cm\/en\/author\/djoubdouna\/"}]}},"rttpg_featured_image_url":{"full":["https:\/\/meteocameroon.gov.cm\/wp-content\/uploads\/2023\/07\/WhatsApp-Image-2023-07-19-at-13.49.58-1.jpeg",450,1024,false],"landscape":["https:\/\/meteocameroon.gov.cm\/wp-content\/uploads\/2023\/07\/WhatsApp-Image-2023-07-19-at-13.49.58-1.jpeg",450,1024,false],"portraits":["https:\/\/meteocameroon.gov.cm\/wp-content\/uploads\/2023\/07\/WhatsApp-Image-2023-07-19-at-13.49.58-1.jpeg",450,1024,false],"thumbnail":["https:\/\/meteocameroon.gov.cm\/wp-content\/uploads\/2023\/07\/WhatsApp-Image-2023-07-19-at-13.49.58-1-150x150.jpeg",150,150,true],"medium":["https:\/\/meteocameroon.gov.cm\/wp-content\/uploads\/2023\/07\/WhatsApp-Image-2023-07-19-at-13.49.58-1-132x300.jpeg",132,300,true],"large":["https:\/\/meteocameroon.gov.cm\/wp-content\/uploads\/2023\/07\/WhatsApp-Image-2023-07-19-at-13.49.58-1.jpeg",450,1024,false],"1536x1536":["https:\/\/meteocameroon.gov.cm\/wp-content\/uploads\/2023\/07\/WhatsApp-Image-2023-07-19-at-13.49.58-1.jpeg",450,1024,false],"2048x2048":["https:\/\/meteocameroon.gov.cm\/wp-content\/uploads\/2023\/07\/WhatsApp-Image-2023-07-19-at-13.49.58-1.jpeg",450,1024,false],"trp-custom-language-flag":["https:\/\/meteocameroon.gov.cm\/wp-content\/uploads\/2023\/07\/WhatsApp-Image-2023-07-19-at-13.49.58-1-5x12.jpeg",5,12,true],"binit-portfolio":["https:\/\/meteocameroon.gov.cm\/wp-content\/uploads\/2023\/07\/WhatsApp-Image-2023-07-19-at-13.49.58-1-450x700.jpeg",450,700,true],"binit-portfolio-vertical":["https:\/\/meteocameroon.gov.cm\/wp-content\/uploads\/2023\/07\/WhatsApp-Image-2023-07-19-at-13.49.58-1-380x564.jpeg",380,564,true],"binit-blog":["https:\/\/meteocameroon.gov.cm\/wp-content\/uploads\/2023\/07\/WhatsApp-Image-2023-07-19-at-13.49.58-1-450x420.jpeg",450,420,true],"binit-team":["https:\/\/meteocameroon.gov.cm\/wp-content\/uploads\/2023\/07\/WhatsApp-Image-2023-07-19-at-13.49.58-1-450x645.jpeg",450,645,true],"binit-product":["https:\/\/meteocameroon.gov.cm\/wp-content\/uploads\/2023\/07\/WhatsApp-Image-2023-07-19-at-13.49.58-1-360x440.jpeg",360,440,true],"binit-event":["https:\/\/meteocameroon.gov.cm\/wp-content\/uploads\/2023\/07\/WhatsApp-Image-2023-07-19-at-13.49.58-1-420x630.jpeg",420,630,true]},"rttpg_author":{"display_name":"ANDRE DJOUBDOUNA","author_link":"https:\/\/meteocameroon.gov.cm\/en\/author\/djoubdouna\/"},"rttpg_comment":1,"rttpg_category":"<a href=\"https:\/\/meteocameroon.gov.cm\/en\/category\/actualite\/\" rel=\"category tag\">Actualit\u00e9<\/a> <a href=\"https:\/\/meteocameroon.gov.cm\/en\/category\/information\/\" rel=\"category tag\">Information<\/a>","rttpg_excerpt":"Dans le cadre des concertations en vue de la reconnaissance et de l\u2019accompagnement des formations universitaires en mati\u00e8re de m\u00e9t\u00e9orologie effectu\u00e9es au Cameroun par l\u2019Organisation M\u00e9t\u00e9orologique Mondiale (OMM), Dr Paul [&hellip;]","_links":{"self":[{"href":"https:\/\/meteocameroon.gov.cm\/en\/wp-json\/wp\/v2\/posts\/3004","targetHints":{"allow":["GET"]}}],"collection":[{"href":"https:\/\/meteocameroon.gov.cm\/en\/wp-json\/wp\/v2\/posts"}],"about":[{"href":"https:\/\/meteocameroon.gov.cm\/en\/wp-json\/wp\/v2\/types\/post"}],"author":[{"embeddable":true,"href":"https:\/\/meteocameroon.gov.cm\/en\/wp-json\/wp\/v2\/users\/6"}],"replies":[{"embeddable":true,"href":"https:\/\/meteocameroon.gov.cm\/en\/wp-json\/wp\/v2\/comments?post=3004"}],"version-history":[{"count":1,"href":"https:\/\/meteocameroon.gov.cm\/en\/wp-json\/wp\/v2\/posts\/3004\/revisions"}],"predecessor-version":[{"id":3008,"href":"https:\/\/meteocameroon.gov.cm\/en\/wp-json\/wp\/v2\/posts\/3004\/revisions\/3008"}],"wp:featuredmedia":[{"embeddable":true,"href":"https:\/\/meteocameroon.gov.cm\/en\/wp-json\/wp\/v2\/media\/3006"}],"wp:attachment":[{"href":"https:\/\/meteocameroon.gov.cm\/en\/wp-json\/wp\/v2\/media?parent=3004"}],"wp:term":[{"taxonomy":"category","embeddable":true,"href":"https:\/\/meteocameroon.gov.cm\/en\/wp-json\/wp\/v2\/categories?post=3004"},{"taxonomy":"post_tag","embeddable":true,"href":"https:\/\/meteocameroon.gov.cm\/en\/wp-json\/wp\/v2\/tags?post=3004"}],"curies":[{"name":"wp","href":"https:\/\/api.w.org\/{rel}","templated":true}]}}