{"id":3192,"date":"2023-09-09T13:20:41","date_gmt":"2023-09-09T12:20:41","guid":{"rendered":"https:\/\/meteocameroon.gov.cm\/?p=3192"},"modified":"2023-12-07T12:23:42","modified_gmt":"2023-12-07T11:23:42","slug":"semaine-africaine-du-climat-sommet-africain-sur-le-climat","status":"publish","type":"post","link":"https:\/\/meteocameroon.gov.cm\/en\/semaine-africaine-du-climat-sommet-africain-sur-le-climat\/","title":{"rendered":"SEMAINE AFRICAINE DU CLIMAT \/ SOMMET AFRICAIN SUR LE CLIMAT"},"content":{"rendered":"<p>Marqu\u00e9e par un remarquable Discours du Pr\u00e9sident Kenyan William RUTO, la pl\u00e9ni\u00e8re d&#8217;ouverture du Segment minist\u00e9riel du Sommet Africain du Climat coupl\u00e9e \u00e0 la Semaine Africaine du Climat s&#8217;est tenue le lundi 04 septembre 2023 \u00e0 Nairobi au Kenya.<\/p>\n<p>C&#8217;\u00e9tait en pr\u00e9sence de la D\u00e9l\u00e9gation Camerounaise constitu\u00e9e du Ministre en Charge de l&#8217;Environnement HELE Pierre, chef de la d\u00e9l\u00e9gation, du Ministre des Transports NGALLE BIBEHE, du Consul du Cameroun \u00e0 Nairobi Dr NAIN Vivian, du Point Focal de la Convention Cadre des Nations Unies sur les Changements Climatiques au Minist\u00e8re de l&#8217;Environnement Timoth\u00e9e KAGONBE et d&#8217;autres Experts concern\u00e9s.<\/p>\n<p>Le Ministre HELE Pierre et deux Experts Camerounais ont par la suite pris part \u00e0 la Table Ronde minist\u00e9rielle sur la COP 28 prochaine pr\u00e9vue aux Emirats Arabes Unis. Articulation du Sommet Africain sur le Climat, l&#8217;\u00e9v\u00e9nement s&#8217;est tenu \u00e0 la Kenyatta International Convention Center de Nairobi, durant une heure d&#8217;horloge.<\/p>\n<p>Objectif de cette assise, l&#8217;examen des questions relatives \u00e0 la pr\u00e9paration de la CoP 28 (les attentes, les d\u00e9fis \u00e0 relever et les strat\u00e9gies ou mesures \u00e0 proposer), aux aspects des n\u00e9gociations \u00e0 venir et aux r\u00e9sultats attendus du premier bilan mondial.<\/p>\n<p><img loading=\"lazy\" decoding=\"async\" class=\"size-full wp-image-3197 aligncenter\" src=\"https:\/\/meteocameroon.gov.cm\/wp-content\/uploads\/2023\/09\/ph2-1.png\" alt=\"\" width=\"1190\" height=\"595\" \/><\/p>\n<p>Les activit\u00e9s marquant la Semaine Africaine du Climat et le Sommet Africain sur la Climat, organis\u00e9s en parall\u00e8le, se poursuivent ce mardi avec une Session de Haut niveau en pr\u00e9sence des Chefs d&#8217;\u00c9tats des pays membres de la Convention Cadre des Nations Unies sur le Changement Climatique (CCNUCC).\u00a0 \u00a0 CELCOM MINEPDED<\/p>\n<p>&nbsp;<\/p>","protected":false},"excerpt":{"rendered":"<p>Marqu\u00e9e par un remarquable Discours du Pr\u00e9sident Kenyan William RUTO, la pl\u00e9ni\u00e8re d&#8217;ouverture du Segment minist\u00e9riel du Sommet Africain du Climat coupl\u00e9e \u00e0 la Semaine Africaine du Climat s&#8217;est tenue [&hellip;]<\/p>","protected":false},"author":7,"featured_media":3194,"comment_status":"open","ping_status":"open","sticky":false,"template":"","format":"standard","meta":{"footnotes":""},"categories":[18,1],"tags":[],"class_list":["post-3192","post","type-post","status-publish","format-standard","has-post-thumbnail","hentry","category-actualite","category-information"],"yoast_head":"<!-- This site is optimized with the Yoast SEO plugin v26.8 - https:\/\/yoast.com\/product\/yoast-seo-wordpress\/ -->\n<title>SEMAINE AFRICAINE DU CLIMAT \/ SOMMET AFRICAIN SUR LE CLIMAT - M\u00e9t\u00e9orologie Nationale du Cameroun<\/title>\n<meta name=\"robots\" content=\"index, follow, max-snippet:-1, max-image-preview:large, max-video-preview:-1\" \/>\n<link rel=\"canonical\" href=\"https:\/\/meteocameroon.gov.cm\/en\/semaine-africaine-du-climat-sommet-africain-sur-le-climat\/\" \/>\n<meta property=\"og:locale\" content=\"en_US\" \/>\n<meta property=\"og:type\" content=\"article\" \/>\n<meta property=\"og:title\" content=\"SEMAINE AFRICAINE DU CLIMAT \/ SOMMET AFRICAIN SUR LE CLIMAT - M\u00e9t\u00e9orologie Nationale du Cameroun\" \/>\n<meta property=\"og:description\" content=\"Marqu\u00e9e par un remarquable Discours du Pr\u00e9sident Kenyan William RUTO, la pl\u00e9ni\u00e8re d&#8217;ouverture du Segment minist\u00e9riel du Sommet Africain du Climat coupl\u00e9e \u00e0 la Semaine Africaine du Climat s&#8217;est tenue [&hellip;]\" \/>\n<meta property=\"og:url\" content=\"https:\/\/meteocameroon.gov.cm\/en\/semaine-africaine-du-climat-sommet-africain-sur-le-climat\/\" \/>\n<meta property=\"og:site_name\" content=\"M\u00e9t\u00e9orologie Nationale du Cameroun\" \/>\n<meta property=\"article:published_time\" content=\"2023-09-09T12:20:41+00:00\" \/>\n<meta property=\"article:modified_time\" content=\"2023-12-07T11:23:42+00:00\" \/>\n<meta property=\"og:image\" content=\"https:\/\/meteocameroon.gov.cm\/wp-content\/uploads\/2023\/09\/ph2.png\" \/>\n\t<meta property=\"og:image:width\" content=\"1140\" \/>\n\t<meta property=\"og:image:height\" content=\"570\" \/>\n\t<meta property=\"og:image:type\" content=\"image\/png\" \/>\n<meta name=\"author\" content=\"Ramses Landry BELL EPIPE\" \/>\n<meta name=\"twitter:card\" content=\"summary_large_image\" \/>\n<meta name=\"twitter:label1\" content=\"Written by\" \/>\n\t<meta name=\"twitter:data1\" content=\"Ramses Landry BELL EPIPE\" \/>\n\t<meta name=\"twitter:label2\" content=\"Est. reading time\" \/>\n\t<meta name=\"twitter:data2\" content=\"2 minutes\" \/>\n<script type=\"application\/ld+json\" class=\"yoast-schema-graph\">{\"@context\":\"https:\/\/schema.org\",\"@graph\":[{\"@type\":\"Article\",\"@id\":\"https:\/\/meteocameroon.gov.cm\/semaine-africaine-du-climat-sommet-africain-sur-le-climat\/#article\",\"isPartOf\":{\"@id\":\"https:\/\/meteocameroon.gov.cm\/semaine-africaine-du-climat-sommet-africain-sur-le-climat\/\"},\"author\":{\"name\":\"Ramses Landry BELL EPIPE\",\"@id\":\"https:\/\/meteocameroon.gov.cm\/#\/schema\/person\/659cc0f0e2f18cdf0b91651c76411785\"},\"headline\":\"SEMAINE AFRICAINE DU CLIMAT \/ SOMMET AFRICAIN SUR LE CLIMAT\",\"datePublished\":\"2023-09-09T12:20:41+00:00\",\"dateModified\":\"2023-12-07T11:23:42+00:00\",\"mainEntityOfPage\":{\"@id\":\"https:\/\/meteocameroon.gov.cm\/semaine-africaine-du-climat-sommet-africain-sur-le-climat\/\"},\"wordCount\":268,\"commentCount\":0,\"publisher\":{\"@id\":\"https:\/\/meteocameroon.gov.cm\/#organization\"},\"image\":{\"@id\":\"https:\/\/meteocameroon.gov.cm\/semaine-africaine-du-climat-sommet-africain-sur-le-climat\/#primaryimage\"},\"thumbnailUrl\":\"https:\/\/meteocameroon.gov.cm\/wp-content\/uploads\/2023\/09\/ph2.png\",\"articleSection\":[\"Actualit\u00e9\",\"Information\"],\"inLanguage\":\"en-US\",\"potentialAction\":[{\"@type\":\"CommentAction\",\"name\":\"Comment\",\"target\":[\"https:\/\/meteocameroon.gov.cm\/semaine-africaine-du-climat-sommet-africain-sur-le-climat\/#respond\"]}]},{\"@type\":\"WebPage\",\"@id\":\"https:\/\/meteocameroon.gov.cm\/semaine-africaine-du-climat-sommet-africain-sur-le-climat\/\",\"url\":\"https:\/\/meteocameroon.gov.cm\/semaine-africaine-du-climat-sommet-africain-sur-le-climat\/\",\"name\":\"SEMAINE AFRICAINE DU CLIMAT \/ SOMMET AFRICAIN SUR LE CLIMAT - M\u00e9t\u00e9orologie Nationale du Cameroun\",\"isPartOf\":{\"@id\":\"https:\/\/meteocameroon.gov.cm\/#website\"},\"primaryImageOfPage\":{\"@id\":\"https:\/\/meteocameroon.gov.cm\/semaine-africaine-du-climat-sommet-africain-sur-le-climat\/#primaryimage\"},\"image\":{\"@id\":\"https:\/\/meteocameroon.gov.cm\/semaine-africaine-du-climat-sommet-africain-sur-le-climat\/#primaryimage\"},\"thumbnailUrl\":\"https:\/\/meteocameroon.gov.cm\/wp-content\/uploads\/2023\/09\/ph2.png\",\"datePublished\":\"2023-09-09T12:20:41+00:00\",\"dateModified\":\"2023-12-07T11:23:42+00:00\",\"breadcrumb\":{\"@id\":\"https:\/\/meteocameroon.gov.cm\/semaine-africaine-du-climat-sommet-africain-sur-le-climat\/#breadcrumb\"},\"inLanguage\":\"en-US\",\"potentialAction\":[{\"@type\":\"ReadAction\",\"target\":[\"https:\/\/meteocameroon.gov.cm\/semaine-africaine-du-climat-sommet-africain-sur-le-climat\/\"]}]},{\"@type\":\"ImageObject\",\"inLanguage\":\"en-US\",\"@id\":\"https:\/\/meteocameroon.gov.cm\/semaine-africaine-du-climat-sommet-africain-sur-le-climat\/#primaryimage\",\"url\":\"https:\/\/meteocameroon.gov.cm\/wp-content\/uploads\/2023\/09\/ph2.png\",\"contentUrl\":\"https:\/\/meteocameroon.gov.cm\/wp-content\/uploads\/2023\/09\/ph2.png\",\"width\":1140,\"height\":570},{\"@type\":\"BreadcrumbList\",\"@id\":\"https:\/\/meteocameroon.gov.cm\/semaine-africaine-du-climat-sommet-africain-sur-le-climat\/#breadcrumb\",\"itemListElement\":[{\"@type\":\"ListItem\",\"position\":1,\"name\":\"Accueil\",\"item\":\"https:\/\/meteocameroon.gov.cm\/\"},{\"@type\":\"ListItem\",\"position\":2,\"name\":\"SEMAINE AFRICAINE DU CLIMAT \/ SOMMET AFRICAIN SUR LE CLIMAT\"}]},{\"@type\":\"WebSite\",\"@id\":\"https:\/\/meteocameroon.gov.cm\/#website\",\"url\":\"https:\/\/meteocameroon.gov.cm\/\",\"name\":\"M\u00e9t\u00e9orologie Nationale du Cameroun\",\"description\":\"La m\u00e9t\u00e9o un outils pour le d\u00e9veloppement\",\"publisher\":{\"@id\":\"https:\/\/meteocameroon.gov.cm\/#organization\"},\"potentialAction\":[{\"@type\":\"SearchAction\",\"target\":{\"@type\":\"EntryPoint\",\"urlTemplate\":\"https:\/\/meteocameroon.gov.cm\/?s={search_term_string}\"},\"query-input\":{\"@type\":\"PropertyValueSpecification\",\"valueRequired\":true,\"valueName\":\"search_term_string\"}}],\"inLanguage\":\"en-US\"},{\"@type\":\"Organization\",\"@id\":\"https:\/\/meteocameroon.gov.cm\/#organization\",\"name\":\"M\u00e9t\u00e9orologie Nationale du Cameroun\",\"url\":\"https:\/\/meteocameroon.gov.cm\/\",\"logo\":{\"@type\":\"ImageObject\",\"inLanguage\":\"en-US\",\"@id\":\"https:\/\/meteocameroon.gov.cm\/#\/schema\/logo\/image\/\",\"url\":\"https:\/\/meteocameroon.gov.cm\/wp-content\/uploads\/2022\/06\/Artboard-14x-renew.jpg\",\"contentUrl\":\"https:\/\/meteocameroon.gov.cm\/wp-content\/uploads\/2022\/06\/Artboard-14x-renew.jpg\",\"width\":519,\"height\":504,\"caption\":\"M\u00e9t\u00e9orologie Nationale du Cameroun\"},\"image\":{\"@id\":\"https:\/\/meteocameroon.gov.cm\/#\/schema\/logo\/image\/\"}},{\"@type\":\"Person\",\"@id\":\"https:\/\/meteocameroon.gov.cm\/#\/schema\/person\/659cc0f0e2f18cdf0b91651c76411785\",\"name\":\"Ramses Landry BELL EPIPE\",\"image\":{\"@type\":\"ImageObject\",\"inLanguage\":\"en-US\",\"@id\":\"https:\/\/meteocameroon.gov.cm\/#\/schema\/person\/image\/\",\"url\":\"https:\/\/secure.gravatar.com\/avatar\/a21a20808b4c2c9c09679c226bd9f55c66dcbdfe8f8a97c3d1bb809ad03b7626?s=96&d=mm&r=g\",\"contentUrl\":\"https:\/\/secure.gravatar.com\/avatar\/a21a20808b4c2c9c09679c226bd9f55c66dcbdfe8f8a97c3d1bb809ad03b7626?s=96&d=mm&r=g\",\"caption\":\"Ramses Landry BELL EPIPE\"},\"url\":\"https:\/\/meteocameroon.gov.cm\/en\/author\/ramses\/\"}]}<\/script>\n<!-- \/ Yoast SEO plugin. -->","yoast_head_json":{"title":"SEMAINE AFRICAINE DU CLIMAT \/ SOMMET AFRICAIN SUR LE CLIMAT - M\u00e9t\u00e9orologie Nationale du Cameroun","robots":{"index":"index","follow":"follow","max-snippet":"max-snippet:-1","max-image-preview":"max-image-preview:large","max-video-preview":"max-video-preview:-1"},"canonical":"https:\/\/meteocameroon.gov.cm\/en\/semaine-africaine-du-climat-sommet-africain-sur-le-climat\/","og_locale":"en_US","og_type":"article","og_title":"SEMAINE AFRICAINE DU CLIMAT \/ SOMMET AFRICAIN SUR LE CLIMAT - M\u00e9t\u00e9orologie Nationale du Cameroun","og_description":"Marqu\u00e9e par un remarquable Discours du Pr\u00e9sident Kenyan William RUTO, la pl\u00e9ni\u00e8re d&#8217;ouverture du Segment minist\u00e9riel du Sommet Africain du Climat coupl\u00e9e \u00e0 la Semaine Africaine du Climat s&#8217;est tenue [&hellip;]","og_url":"https:\/\/meteocameroon.gov.cm\/en\/semaine-africaine-du-climat-sommet-africain-sur-le-climat\/","og_site_name":"M\u00e9t\u00e9orologie Nationale du Cameroun","article_published_time":"2023-09-09T12:20:41+00:00","article_modified_time":"2023-12-07T11:23:42+00:00","og_image":[{"width":1140,"height":570,"url":"https:\/\/meteocameroon.gov.cm\/wp-content\/uploads\/2023\/09\/ph2.png","type":"image\/png"}],"author":"Ramses Landry BELL EPIPE","twitter_card":"summary_large_image","twitter_misc":{"Written by":"Ramses Landry BELL EPIPE","Est. reading time":"2 minutes"},"schema":{"@context":"https:\/\/schema.org","@graph":[{"@type":"Article","@id":"https:\/\/meteocameroon.gov.cm\/semaine-africaine-du-climat-sommet-africain-sur-le-climat\/#article","isPartOf":{"@id":"https:\/\/meteocameroon.gov.cm\/semaine-africaine-du-climat-sommet-africain-sur-le-climat\/"},"author":{"name":"Ramses Landry BELL EPIPE","@id":"https:\/\/meteocameroon.gov.cm\/#\/schema\/person\/659cc0f0e2f18cdf0b91651c76411785"},"headline":"SEMAINE AFRICAINE DU CLIMAT \/ SOMMET AFRICAIN SUR LE CLIMAT","datePublished":"2023-09-09T12:20:41+00:00","dateModified":"2023-12-07T11:23:42+00:00","mainEntityOfPage":{"@id":"https:\/\/meteocameroon.gov.cm\/semaine-africaine-du-climat-sommet-africain-sur-le-climat\/"},"wordCount":268,"commentCount":0,"publisher":{"@id":"https:\/\/meteocameroon.gov.cm\/#organization"},"image":{"@id":"https:\/\/meteocameroon.gov.cm\/semaine-africaine-du-climat-sommet-africain-sur-le-climat\/#primaryimage"},"thumbnailUrl":"https:\/\/meteocameroon.gov.cm\/wp-content\/uploads\/2023\/09\/ph2.png","articleSection":["Actualit\u00e9","Information"],"inLanguage":"en-US","potentialAction":[{"@type":"CommentAction","name":"Comment","target":["https:\/\/meteocameroon.gov.cm\/semaine-africaine-du-climat-sommet-africain-sur-le-climat\/#respond"]}]},{"@type":"WebPage","@id":"https:\/\/meteocameroon.gov.cm\/semaine-africaine-du-climat-sommet-africain-sur-le-climat\/","url":"https:\/\/meteocameroon.gov.cm\/semaine-africaine-du-climat-sommet-africain-sur-le-climat\/","name":"SEMAINE AFRICAINE DU CLIMAT \/ SOMMET AFRICAIN SUR LE CLIMAT - M\u00e9t\u00e9orologie Nationale du Cameroun","isPartOf":{"@id":"https:\/\/meteocameroon.gov.cm\/#website"},"primaryImageOfPage":{"@id":"https:\/\/meteocameroon.gov.cm\/semaine-africaine-du-climat-sommet-africain-sur-le-climat\/#primaryimage"},"image":{"@id":"https:\/\/meteocameroon.gov.cm\/semaine-africaine-du-climat-sommet-africain-sur-le-climat\/#primaryimage"},"thumbnailUrl":"https:\/\/meteocameroon.gov.cm\/wp-content\/uploads\/2023\/09\/ph2.png","datePublished":"2023-09-09T12:20:41+00:00","dateModified":"2023-12-07T11:23:42+00:00","breadcrumb":{"@id":"https:\/\/meteocameroon.gov.cm\/semaine-africaine-du-climat-sommet-africain-sur-le-climat\/#breadcrumb"},"inLanguage":"en-US","potentialAction":[{"@type":"ReadAction","target":["https:\/\/meteocameroon.gov.cm\/semaine-africaine-du-climat-sommet-africain-sur-le-climat\/"]}]},{"@type":"ImageObject","inLanguage":"en-US","@id":"https:\/\/meteocameroon.gov.cm\/semaine-africaine-du-climat-sommet-africain-sur-le-climat\/#primaryimage","url":"https:\/\/meteocameroon.gov.cm\/wp-content\/uploads\/2023\/09\/ph2.png","contentUrl":"https:\/\/meteocameroon.gov.cm\/wp-content\/uploads\/2023\/09\/ph2.png","width":1140,"height":570},{"@type":"BreadcrumbList","@id":"https:\/\/meteocameroon.gov.cm\/semaine-africaine-du-climat-sommet-africain-sur-le-climat\/#breadcrumb","itemListElement":[{"@type":"ListItem","position":1,"name":"Accueil","item":"https:\/\/meteocameroon.gov.cm\/"},{"@type":"ListItem","position":2,"name":"SEMAINE AFRICAINE DU CLIMAT \/ SOMMET AFRICAIN SUR LE CLIMAT"}]},{"@type":"WebSite","@id":"https:\/\/meteocameroon.gov.cm\/#website","url":"https:\/\/meteocameroon.gov.cm\/","name":"M\u00e9t\u00e9orologie Nationale du Cameroun","description":"La m\u00e9t\u00e9o un outils pour le d\u00e9veloppement","publisher":{"@id":"https:\/\/meteocameroon.gov.cm\/#organization"},"potentialAction":[{"@type":"SearchAction","target":{"@type":"EntryPoint","urlTemplate":"https:\/\/meteocameroon.gov.cm\/?s={search_term_string}"},"query-input":{"@type":"PropertyValueSpecification","valueRequired":true,"valueName":"search_term_string"}}],"inLanguage":"en-US"},{"@type":"Organization","@id":"https:\/\/meteocameroon.gov.cm\/#organization","name":"M\u00e9t\u00e9orologie Nationale du Cameroun","url":"https:\/\/meteocameroon.gov.cm\/","logo":{"@type":"ImageObject","inLanguage":"en-US","@id":"https:\/\/meteocameroon.gov.cm\/#\/schema\/logo\/image\/","url":"https:\/\/meteocameroon.gov.cm\/wp-content\/uploads\/2022\/06\/Artboard-14x-renew.jpg","contentUrl":"https:\/\/meteocameroon.gov.cm\/wp-content\/uploads\/2022\/06\/Artboard-14x-renew.jpg","width":519,"height":504,"caption":"M\u00e9t\u00e9orologie Nationale du Cameroun"},"image":{"@id":"https:\/\/meteocameroon.gov.cm\/#\/schema\/logo\/image\/"}},{"@type":"Person","@id":"https:\/\/meteocameroon.gov.cm\/#\/schema\/person\/659cc0f0e2f18cdf0b91651c76411785","name":"Ramses Landry BELL EPIPE","image":{"@type":"ImageObject","inLanguage":"en-US","@id":"https:\/\/meteocameroon.gov.cm\/#\/schema\/person\/image\/","url":"https:\/\/secure.gravatar.com\/avatar\/a21a20808b4c2c9c09679c226bd9f55c66dcbdfe8f8a97c3d1bb809ad03b7626?s=96&d=mm&r=g","contentUrl":"https:\/\/secure.gravatar.com\/avatar\/a21a20808b4c2c9c09679c226bd9f55c66dcbdfe8f8a97c3d1bb809ad03b7626?s=96&d=mm&r=g","caption":"Ramses Landry BELL EPIPE"},"url":"https:\/\/meteocameroon.gov.cm\/en\/author\/ramses\/"}]}},"rttpg_featured_image_url":{"full":["https:\/\/meteocameroon.gov.cm\/wp-content\/uploads\/2023\/09\/ph2.png",1140,570,false],"landscape":["https:\/\/meteocameroon.gov.cm\/wp-content\/uploads\/2023\/09\/ph2.png",1140,570,false],"portraits":["https:\/\/meteocameroon.gov.cm\/wp-content\/uploads\/2023\/09\/ph2.png",1140,570,false],"thumbnail":["https:\/\/meteocameroon.gov.cm\/wp-content\/uploads\/2023\/09\/ph2-150x150.png",150,150,true],"medium":["https:\/\/meteocameroon.gov.cm\/wp-content\/uploads\/2023\/09\/ph2-300x150.png",300,150,true],"large":["https:\/\/meteocameroon.gov.cm\/wp-content\/uploads\/2023\/09\/ph2-1024x512.png",640,320,true],"1536x1536":["https:\/\/meteocameroon.gov.cm\/wp-content\/uploads\/2023\/09\/ph2.png",1140,570,false],"2048x2048":["https:\/\/meteocameroon.gov.cm\/wp-content\/uploads\/2023\/09\/ph2.png",1140,570,false],"trp-custom-language-flag":["https:\/\/meteocameroon.gov.cm\/wp-content\/uploads\/2023\/09\/ph2-18x9.png",18,9,true],"binit-portfolio":["https:\/\/meteocameroon.gov.cm\/wp-content\/uploads\/2023\/09\/ph2-600x570.png",600,570,true],"binit-portfolio-vertical":["https:\/\/meteocameroon.gov.cm\/wp-content\/uploads\/2023\/09\/ph2-380x564.png",380,564,true],"binit-blog":["https:\/\/meteocameroon.gov.cm\/wp-content\/uploads\/2023\/09\/ph2-600x420.png",600,420,true],"binit-team":["https:\/\/meteocameroon.gov.cm\/wp-content\/uploads\/2023\/09\/ph2-600x570.png",600,570,true],"binit-product":["https:\/\/meteocameroon.gov.cm\/wp-content\/uploads\/2023\/09\/ph2-360x440.png",360,440,true],"binit-event":["https:\/\/meteocameroon.gov.cm\/wp-content\/uploads\/2023\/09\/ph2-420x570.png",420,570,true]},"rttpg_author":{"display_name":"Ramses Landry BELL EPIPE","author_link":"https:\/\/meteocameroon.gov.cm\/en\/author\/ramses\/"},"rttpg_comment":0,"rttpg_category":"<a href=\"https:\/\/meteocameroon.gov.cm\/en\/category\/actualite\/\" rel=\"category tag\">Actualit\u00e9<\/a> <a href=\"https:\/\/meteocameroon.gov.cm\/en\/category\/information\/\" rel=\"category tag\">Information<\/a>","rttpg_excerpt":"Marqu\u00e9e par un remarquable Discours du Pr\u00e9sident Kenyan William RUTO, la pl\u00e9ni\u00e8re d&#8217;ouverture du Segment minist\u00e9riel du Sommet Africain du Climat coupl\u00e9e \u00e0 la Semaine Africaine du Climat s&#8217;est tenue [&hellip;]","_links":{"self":[{"href":"https:\/\/meteocameroon.gov.cm\/en\/wp-json\/wp\/v2\/posts\/3192","targetHints":{"allow":["GET"]}}],"collection":[{"href":"https:\/\/meteocameroon.gov.cm\/en\/wp-json\/wp\/v2\/posts"}],"about":[{"href":"https:\/\/meteocameroon.gov.cm\/en\/wp-json\/wp\/v2\/types\/post"}],"author":[{"embeddable":true,"href":"https:\/\/meteocameroon.gov.cm\/en\/wp-json\/wp\/v2\/users\/7"}],"replies":[{"embeddable":true,"href":"https:\/\/meteocameroon.gov.cm\/en\/wp-json\/wp\/v2\/comments?post=3192"}],"version-history":[{"count":4,"href":"https:\/\/meteocameroon.gov.cm\/en\/wp-json\/wp\/v2\/posts\/3192\/revisions"}],"predecessor-version":[{"id":3198,"href":"https:\/\/meteocameroon.gov.cm\/en\/wp-json\/wp\/v2\/posts\/3192\/revisions\/3198"}],"wp:featuredmedia":[{"embeddable":true,"href":"https:\/\/meteocameroon.gov.cm\/en\/wp-json\/wp\/v2\/media\/3194"}],"wp:attachment":[{"href":"https:\/\/meteocameroon.gov.cm\/en\/wp-json\/wp\/v2\/media?parent=3192"}],"wp:term":[{"taxonomy":"category","embeddable":true,"href":"https:\/\/meteocameroon.gov.cm\/en\/wp-json\/wp\/v2\/categories?post=3192"},{"taxonomy":"post_tag","embeddable":true,"href":"https:\/\/meteocameroon.gov.cm\/en\/wp-json\/wp\/v2\/tags?post=3192"}],"curies":[{"name":"wp","href":"https:\/\/api.w.org\/{rel}","templated":true}]}}