{"id":3199,"date":"2023-09-13T10:55:20","date_gmt":"2023-09-13T09:55:20","guid":{"rendered":"https:\/\/meteocameroon.gov.cm\/?p=3199"},"modified":"2023-12-07T12:22:58","modified_gmt":"2023-12-07T11:22:58","slug":"vagues-meurtrieres-a-kribi-un-phenomene-annonce-par-la-direction-de-la-meteorologie-nationale","status":"publish","type":"post","link":"https:\/\/meteocameroon.gov.cm\/en\/vagues-meurtrieres-a-kribi-un-phenomene-annonce-par-la-direction-de-la-meteorologie-nationale\/","title":{"rendered":"VAGUES MEURTRI\u00c8RES A KRIBI\u00a0: Un ph\u00e9nom\u00e8ne annonc\u00e9 par la Direction de la M\u00e9t\u00e9orologie Nationale."},"content":{"rendered":"<p align=\"justify\"><span style=\"font-family: Verdana, serif;\"><span style=\"font-size: medium;\">La ville baln\u00e9aire de Kribi, situ\u00e9e sur la c\u00f4te sud du pays, dans le d\u00e9partement de l\u2019Oc\u00e9an (R\u00e9gion du Sud) a subi il y\u2019a quelques jours d\u2019important d\u00e9g\u00e2ts li\u00e9s \u00e0 la fureur de la mer.<\/span><\/span><\/p>\n<p align=\"justify\"><span style=\"font-family: Verdana, serif;\"><span style=\"font-size: medium;\">En effet, \u00e0 partir du 15 ao\u00fbt 2023, les habitants de cette localit\u00e9 ont d\u00e9couvert une autre image de leur cit\u00e9 touristique connue pour ses plages au sable fin et ses chutes exceptionnelles. Les constats font \u00e9tat de quatre (04) d\u00e9c\u00e8s enregistr\u00e9s (tous des p\u00eacheurs), la destruction de la fa\u00e7ade principale d\u2019un restaurant (pieds dans l\u2019eau) ainsi que la terrasse et le bar d\u2019un des h\u00f4tels de la place. Par ailleurs, un camp de p\u00eacheurs a \u00e9t\u00e9 compl\u00e8tement ras\u00e9, des pirogues emport\u00e9es et cass\u00e9es, les murs de certaines maisons \u00e9croul\u00e9s et des inondations observ\u00e9es aux p\u00e9riph\u00e9ries de la ville. <\/span><\/span><\/p>\n<p align=\"justify\"><span style=\"font-family: Verdana, serif;\"><span style=\"font-size: medium;\">La compr\u00e9hension de tels ph\u00e9nom\u00e8nes \u00e0 fort impact n\u00e9cessite une analyse des \u00e9l\u00e9ments explicatifs bas\u00e9e sur les pr\u00e9visions \u00e9tablies et les observations pendant cette p\u00e9riode.<\/span><\/span><\/p>\n<p align=\"justify\"><span style=\"font-family: Verdana, serif;\"><span style=\"font-size: medium;\">La Direction de la M\u00e9t\u00e9orologie Nationale, a \u00e9mis des avis dans ses pr\u00e9visions m\u00e9t\u00e9o-marines quotidiennes des 12, 13, 14 et 15 ao\u00fbt 2023. Il \u00e9tait annonc\u00e9 une mer agit\u00e9e le long de la c\u00f4te, particuli\u00e8rement dans la partie sud. La pr\u00e9vision sp\u00e9cifique du 14 ao\u00fbt valide jusqu\u2019au 15 ao\u00fbt contenait un <\/span><\/span><span style=\"font-family: Verdana, serif;\"><span style=\"font-size: medium;\"><b>AVERTISSEMENT relatif \u00e0 l\u2019agitation de la mer avec des vagues sup\u00e9rieures \u00e0 deux m\u00e8tres<\/b><\/span><\/span><span style=\"font-family: Verdana, serif;\"><span style=\"font-size: medium;\">. Il a m\u00eame \u00e9t\u00e9 d\u00e9conseill\u00e9 de mener les activit\u00e9s maritimes dans cette zone, surtout pour les petites embarcations.<\/span><\/span><\/p>\n<p align=\"justify\"><img loading=\"lazy\" decoding=\"async\" class=\"size-full wp-image-3200 alignleft\" src=\"https:\/\/meteocameroon.gov.cm\/wp-content\/uploads\/2023\/09\/Screenshot_20230913_104925.png\" alt=\"\" width=\"645\" height=\"883\" \/><\/p>\n<p align=\"justify\"><span style=\"font-family: Verdana, serif;\"><span style=\"font-size: medium;\">De l\u2019analyse des donn\u00e9es en cette p\u00e9riode, il ressort que la hauteur des vagues variait entre 4.2 et 8.5 pieds, soit entre 1.3 et 2.5 m\u00e8tres. Ce type de ph\u00e9nom\u00e8ne en co\u00efncidence avec des mar\u00e9es hautes de l\u2019ordre de 1.6 m\u00e8tre a g\u00e9n\u00e9r\u00e9 des inondations dans certaines zones de Kribi, d\u00e9truit certaines constructions fragiles, tandis que les petites embarcations se trouvant en mer tel qu\u2019annonc\u00e9, ont subi <\/span><\/span><span style=\"font-family: Verdana, serif;\"><span style=\"font-size: medium;\">la fureur de l\u2019agitation emportant les vies de qu<\/span><\/span><span style=\"font-family: Verdana, serif;\"><span style=\"font-size: medium;\">atre (04) p\u00eacheurs qui s\u2019y trouvaient.\u00a0<\/span><\/span><\/p>\n<p align=\"justify\"><span style=\"font-family: Verdana, serif;\"><span style=\"font-size: medium;\">Cette situation qui a attrist\u00e9 plusieurs familles, soul\u00e8ve de nouveau la question de prise en compte des informations m\u00e9t\u00e9orologiques dans la planification et la r\u00e9alisation des diverses activit\u00e9s, surtout dans un contexte marqu\u00e9 par la recrudescence des ph\u00e9nom\u00e8nes m\u00e9t\u00e9orologiques extr\u00eame. <\/span><\/span><span style=\"font-family: Verdana, serif;\"><span style=\"font-size: medium;\"><b>Le Minist\u00e8re des Transports<\/b><\/span><\/span><span style=\"font-family: Verdana, serif;\"><span style=\"font-size: medium;\"> via la Direction de la M\u00e9t\u00e9orologie Nationale continue d\u2019\u0153uvrer pour la fourniture des pr\u00e9visions et autres services m\u00e9t\u00e9orologiques fiables \u00e0 divers secteurs tributaires du temps (<\/span><\/span><span style=\"font-family: Calibri, serif;\"><span style=\"font-family: Verdana, serif;\"><span style=\"font-size: medium;\"><span lang=\"fr-FR\"><i><b>BOUH SALLA Achille Romeo, <\/b><\/i><\/span><\/span><\/span><\/span><span style=\"font-family: Calibri, serif;\"><span style=\"font-family: Verdana, serif;\"><span style=\"font-size: medium;\"><span lang=\"fr-FR\"><i>Ing\u00e9nieur des travaux de la M\u00e9t\u00e9orologie, <\/i><\/span><\/span><\/span><\/span><span style=\"font-family: Calibri, serif;\"><span style=\"font-family: Verdana, serif;\"><span style=\"font-size: medium;\"><span lang=\"fr-FR\"><i>Chef de Service de l\u2019Assistance M\u00e9t\u00e9orologique <\/i><\/span><\/span><\/span><\/span><span style=\"font-family: Calibri, serif;\"><span style=\"font-family: Verdana, serif;\"><span style=\"font-size: medium;\"><span lang=\"fr-FR\"><i>\u00e0 la S\u00e9curit\u00e9 des Transports).<img loading=\"lazy\" decoding=\"async\" class=\"alignnone size-full wp-image-3201\" src=\"https:\/\/meteocameroon.gov.cm\/wp-content\/uploads\/2023\/09\/Screenshot_20230913_105031.png\" alt=\"\" width=\"668\" height=\"392\" \/><\/i><\/span><\/span><\/span><\/span><\/p>","protected":false},"excerpt":{"rendered":"<p>La ville baln\u00e9aire de Kribi, situ\u00e9e sur la c\u00f4te sud du pays, dans le d\u00e9partement de l\u2019Oc\u00e9an (R\u00e9gion du Sud) a subi il y\u2019a quelques jours d\u2019important d\u00e9g\u00e2ts li\u00e9s \u00e0 [&hellip;]<\/p>","protected":false},"author":7,"featured_media":3200,"comment_status":"open","ping_status":"open","sticky":false,"template":"","format":"standard","meta":{"footnotes":""},"categories":[18,1],"tags":[],"class_list":["post-3199","post","type-post","status-publish","format-standard","has-post-thumbnail","hentry","category-actualite","category-information"],"yoast_head":"<!-- This site is optimized with the Yoast SEO plugin v26.8 - https:\/\/yoast.com\/product\/yoast-seo-wordpress\/ -->\n<title>VAGUES MEURTRI\u00c8RES A KRIBI\u00a0: Un ph\u00e9nom\u00e8ne annonc\u00e9 par la Direction de la M\u00e9t\u00e9orologie Nationale. - M\u00e9t\u00e9orologie Nationale du Cameroun<\/title>\n<meta name=\"robots\" content=\"index, follow, max-snippet:-1, max-image-preview:large, max-video-preview:-1\" \/>\n<link rel=\"canonical\" href=\"https:\/\/meteocameroon.gov.cm\/en\/vagues-meurtrieres-a-kribi-un-phenomene-annonce-par-la-direction-de-la-meteorologie-nationale\/\" \/>\n<meta property=\"og:locale\" content=\"en_US\" \/>\n<meta property=\"og:type\" content=\"article\" \/>\n<meta property=\"og:title\" content=\"VAGUES MEURTRI\u00c8RES A KRIBI\u00a0: Un ph\u00e9nom\u00e8ne annonc\u00e9 par la Direction de la M\u00e9t\u00e9orologie Nationale. - M\u00e9t\u00e9orologie Nationale du Cameroun\" \/>\n<meta property=\"og:description\" content=\"La ville baln\u00e9aire de Kribi, situ\u00e9e sur la c\u00f4te sud du pays, dans le d\u00e9partement de l\u2019Oc\u00e9an (R\u00e9gion du Sud) a subi il y\u2019a quelques jours d\u2019important d\u00e9g\u00e2ts li\u00e9s \u00e0 [&hellip;]\" \/>\n<meta property=\"og:url\" content=\"https:\/\/meteocameroon.gov.cm\/en\/vagues-meurtrieres-a-kribi-un-phenomene-annonce-par-la-direction-de-la-meteorologie-nationale\/\" \/>\n<meta property=\"og:site_name\" content=\"M\u00e9t\u00e9orologie Nationale du Cameroun\" \/>\n<meta property=\"article:published_time\" content=\"2023-09-13T09:55:20+00:00\" \/>\n<meta property=\"article:modified_time\" content=\"2023-12-07T11:22:58+00:00\" \/>\n<meta property=\"og:image\" content=\"https:\/\/meteocameroon.gov.cm\/wp-content\/uploads\/2023\/09\/Screenshot_20230913_104925.png\" \/>\n\t<meta property=\"og:image:width\" content=\"645\" \/>\n\t<meta property=\"og:image:height\" content=\"883\" \/>\n\t<meta property=\"og:image:type\" content=\"image\/png\" \/>\n<meta name=\"author\" content=\"Ramses Landry BELL EPIPE\" \/>\n<meta name=\"twitter:card\" content=\"summary_large_image\" \/>\n<meta name=\"twitter:label1\" content=\"Written by\" \/>\n\t<meta name=\"twitter:data1\" content=\"Ramses Landry BELL EPIPE\" \/>\n\t<meta name=\"twitter:label2\" content=\"Est. reading time\" \/>\n\t<meta name=\"twitter:data2\" content=\"3 minutes\" \/>\n<script type=\"application\/ld+json\" class=\"yoast-schema-graph\">{\"@context\":\"https:\/\/schema.org\",\"@graph\":[{\"@type\":\"Article\",\"@id\":\"https:\/\/meteocameroon.gov.cm\/vagues-meurtrieres-a-kribi-un-phenomene-annonce-par-la-direction-de-la-meteorologie-nationale\/#article\",\"isPartOf\":{\"@id\":\"https:\/\/meteocameroon.gov.cm\/vagues-meurtrieres-a-kribi-un-phenomene-annonce-par-la-direction-de-la-meteorologie-nationale\/\"},\"author\":{\"name\":\"Ramses Landry BELL EPIPE\",\"@id\":\"https:\/\/meteocameroon.gov.cm\/#\/schema\/person\/659cc0f0e2f18cdf0b91651c76411785\"},\"headline\":\"VAGUES MEURTRI\u00c8RES A KRIBI\u00a0: Un ph\u00e9nom\u00e8ne annonc\u00e9 par la Direction de la M\u00e9t\u00e9orologie Nationale.\",\"datePublished\":\"2023-09-13T09:55:20+00:00\",\"dateModified\":\"2023-12-07T11:22:58+00:00\",\"mainEntityOfPage\":{\"@id\":\"https:\/\/meteocameroon.gov.cm\/vagues-meurtrieres-a-kribi-un-phenomene-annonce-par-la-direction-de-la-meteorologie-nationale\/\"},\"wordCount\":510,\"commentCount\":0,\"publisher\":{\"@id\":\"https:\/\/meteocameroon.gov.cm\/#organization\"},\"image\":{\"@id\":\"https:\/\/meteocameroon.gov.cm\/vagues-meurtrieres-a-kribi-un-phenomene-annonce-par-la-direction-de-la-meteorologie-nationale\/#primaryimage\"},\"thumbnailUrl\":\"https:\/\/meteocameroon.gov.cm\/wp-content\/uploads\/2023\/09\/Screenshot_20230913_104925.png\",\"articleSection\":[\"Actualit\u00e9\",\"Information\"],\"inLanguage\":\"en-US\",\"potentialAction\":[{\"@type\":\"CommentAction\",\"name\":\"Comment\",\"target\":[\"https:\/\/meteocameroon.gov.cm\/vagues-meurtrieres-a-kribi-un-phenomene-annonce-par-la-direction-de-la-meteorologie-nationale\/#respond\"]}]},{\"@type\":\"WebPage\",\"@id\":\"https:\/\/meteocameroon.gov.cm\/vagues-meurtrieres-a-kribi-un-phenomene-annonce-par-la-direction-de-la-meteorologie-nationale\/\",\"url\":\"https:\/\/meteocameroon.gov.cm\/vagues-meurtrieres-a-kribi-un-phenomene-annonce-par-la-direction-de-la-meteorologie-nationale\/\",\"name\":\"VAGUES MEURTRI\u00c8RES A KRIBI\u00a0: Un ph\u00e9nom\u00e8ne annonc\u00e9 par la Direction de la M\u00e9t\u00e9orologie Nationale. - M\u00e9t\u00e9orologie Nationale du Cameroun\",\"isPartOf\":{\"@id\":\"https:\/\/meteocameroon.gov.cm\/#website\"},\"primaryImageOfPage\":{\"@id\":\"https:\/\/meteocameroon.gov.cm\/vagues-meurtrieres-a-kribi-un-phenomene-annonce-par-la-direction-de-la-meteorologie-nationale\/#primaryimage\"},\"image\":{\"@id\":\"https:\/\/meteocameroon.gov.cm\/vagues-meurtrieres-a-kribi-un-phenomene-annonce-par-la-direction-de-la-meteorologie-nationale\/#primaryimage\"},\"thumbnailUrl\":\"https:\/\/meteocameroon.gov.cm\/wp-content\/uploads\/2023\/09\/Screenshot_20230913_104925.png\",\"datePublished\":\"2023-09-13T09:55:20+00:00\",\"dateModified\":\"2023-12-07T11:22:58+00:00\",\"breadcrumb\":{\"@id\":\"https:\/\/meteocameroon.gov.cm\/vagues-meurtrieres-a-kribi-un-phenomene-annonce-par-la-direction-de-la-meteorologie-nationale\/#breadcrumb\"},\"inLanguage\":\"en-US\",\"potentialAction\":[{\"@type\":\"ReadAction\",\"target\":[\"https:\/\/meteocameroon.gov.cm\/vagues-meurtrieres-a-kribi-un-phenomene-annonce-par-la-direction-de-la-meteorologie-nationale\/\"]}]},{\"@type\":\"ImageObject\",\"inLanguage\":\"en-US\",\"@id\":\"https:\/\/meteocameroon.gov.cm\/vagues-meurtrieres-a-kribi-un-phenomene-annonce-par-la-direction-de-la-meteorologie-nationale\/#primaryimage\",\"url\":\"https:\/\/meteocameroon.gov.cm\/wp-content\/uploads\/2023\/09\/Screenshot_20230913_104925.png\",\"contentUrl\":\"https:\/\/meteocameroon.gov.cm\/wp-content\/uploads\/2023\/09\/Screenshot_20230913_104925.png\",\"width\":645,\"height\":883},{\"@type\":\"BreadcrumbList\",\"@id\":\"https:\/\/meteocameroon.gov.cm\/vagues-meurtrieres-a-kribi-un-phenomene-annonce-par-la-direction-de-la-meteorologie-nationale\/#breadcrumb\",\"itemListElement\":[{\"@type\":\"ListItem\",\"position\":1,\"name\":\"Accueil\",\"item\":\"https:\/\/meteocameroon.gov.cm\/\"},{\"@type\":\"ListItem\",\"position\":2,\"name\":\"VAGUES MEURTRI\u00c8RES A KRIBI\u00a0: Un ph\u00e9nom\u00e8ne annonc\u00e9 par la Direction de la M\u00e9t\u00e9orologie Nationale.\"}]},{\"@type\":\"WebSite\",\"@id\":\"https:\/\/meteocameroon.gov.cm\/#website\",\"url\":\"https:\/\/meteocameroon.gov.cm\/\",\"name\":\"M\u00e9t\u00e9orologie Nationale du Cameroun\",\"description\":\"La m\u00e9t\u00e9o un outils pour le d\u00e9veloppement\",\"publisher\":{\"@id\":\"https:\/\/meteocameroon.gov.cm\/#organization\"},\"potentialAction\":[{\"@type\":\"SearchAction\",\"target\":{\"@type\":\"EntryPoint\",\"urlTemplate\":\"https:\/\/meteocameroon.gov.cm\/?s={search_term_string}\"},\"query-input\":{\"@type\":\"PropertyValueSpecification\",\"valueRequired\":true,\"valueName\":\"search_term_string\"}}],\"inLanguage\":\"en-US\"},{\"@type\":\"Organization\",\"@id\":\"https:\/\/meteocameroon.gov.cm\/#organization\",\"name\":\"M\u00e9t\u00e9orologie Nationale du Cameroun\",\"url\":\"https:\/\/meteocameroon.gov.cm\/\",\"logo\":{\"@type\":\"ImageObject\",\"inLanguage\":\"en-US\",\"@id\":\"https:\/\/meteocameroon.gov.cm\/#\/schema\/logo\/image\/\",\"url\":\"https:\/\/meteocameroon.gov.cm\/wp-content\/uploads\/2022\/06\/Artboard-14x-renew.jpg\",\"contentUrl\":\"https:\/\/meteocameroon.gov.cm\/wp-content\/uploads\/2022\/06\/Artboard-14x-renew.jpg\",\"width\":519,\"height\":504,\"caption\":\"M\u00e9t\u00e9orologie Nationale du Cameroun\"},\"image\":{\"@id\":\"https:\/\/meteocameroon.gov.cm\/#\/schema\/logo\/image\/\"}},{\"@type\":\"Person\",\"@id\":\"https:\/\/meteocameroon.gov.cm\/#\/schema\/person\/659cc0f0e2f18cdf0b91651c76411785\",\"name\":\"Ramses Landry BELL EPIPE\",\"image\":{\"@type\":\"ImageObject\",\"inLanguage\":\"en-US\",\"@id\":\"https:\/\/meteocameroon.gov.cm\/#\/schema\/person\/image\/\",\"url\":\"https:\/\/secure.gravatar.com\/avatar\/a21a20808b4c2c9c09679c226bd9f55c66dcbdfe8f8a97c3d1bb809ad03b7626?s=96&d=mm&r=g\",\"contentUrl\":\"https:\/\/secure.gravatar.com\/avatar\/a21a20808b4c2c9c09679c226bd9f55c66dcbdfe8f8a97c3d1bb809ad03b7626?s=96&d=mm&r=g\",\"caption\":\"Ramses Landry BELL EPIPE\"},\"url\":\"https:\/\/meteocameroon.gov.cm\/en\/author\/ramses\/\"}]}<\/script>\n<!-- \/ Yoast SEO plugin. -->","yoast_head_json":{"title":"VAGUES MEURTRI\u00c8RES A KRIBI\u00a0: Un ph\u00e9nom\u00e8ne annonc\u00e9 par la Direction de la M\u00e9t\u00e9orologie Nationale. - M\u00e9t\u00e9orologie Nationale du Cameroun","robots":{"index":"index","follow":"follow","max-snippet":"max-snippet:-1","max-image-preview":"max-image-preview:large","max-video-preview":"max-video-preview:-1"},"canonical":"https:\/\/meteocameroon.gov.cm\/en\/vagues-meurtrieres-a-kribi-un-phenomene-annonce-par-la-direction-de-la-meteorologie-nationale\/","og_locale":"en_US","og_type":"article","og_title":"VAGUES MEURTRI\u00c8RES A KRIBI\u00a0: Un ph\u00e9nom\u00e8ne annonc\u00e9 par la Direction de la M\u00e9t\u00e9orologie Nationale. - M\u00e9t\u00e9orologie Nationale du Cameroun","og_description":"La ville baln\u00e9aire de Kribi, situ\u00e9e sur la c\u00f4te sud du pays, dans le d\u00e9partement de l\u2019Oc\u00e9an (R\u00e9gion du Sud) a subi il y\u2019a quelques jours d\u2019important d\u00e9g\u00e2ts li\u00e9s \u00e0 [&hellip;]","og_url":"https:\/\/meteocameroon.gov.cm\/en\/vagues-meurtrieres-a-kribi-un-phenomene-annonce-par-la-direction-de-la-meteorologie-nationale\/","og_site_name":"M\u00e9t\u00e9orologie Nationale du Cameroun","article_published_time":"2023-09-13T09:55:20+00:00","article_modified_time":"2023-12-07T11:22:58+00:00","og_image":[{"width":645,"height":883,"url":"https:\/\/meteocameroon.gov.cm\/wp-content\/uploads\/2023\/09\/Screenshot_20230913_104925.png","type":"image\/png"}],"author":"Ramses Landry BELL EPIPE","twitter_card":"summary_large_image","twitter_misc":{"Written by":"Ramses Landry BELL EPIPE","Est. reading time":"3 minutes"},"schema":{"@context":"https:\/\/schema.org","@graph":[{"@type":"Article","@id":"https:\/\/meteocameroon.gov.cm\/vagues-meurtrieres-a-kribi-un-phenomene-annonce-par-la-direction-de-la-meteorologie-nationale\/#article","isPartOf":{"@id":"https:\/\/meteocameroon.gov.cm\/vagues-meurtrieres-a-kribi-un-phenomene-annonce-par-la-direction-de-la-meteorologie-nationale\/"},"author":{"name":"Ramses Landry BELL EPIPE","@id":"https:\/\/meteocameroon.gov.cm\/#\/schema\/person\/659cc0f0e2f18cdf0b91651c76411785"},"headline":"VAGUES MEURTRI\u00c8RES A KRIBI\u00a0: Un ph\u00e9nom\u00e8ne annonc\u00e9 par la Direction de la M\u00e9t\u00e9orologie Nationale.","datePublished":"2023-09-13T09:55:20+00:00","dateModified":"2023-12-07T11:22:58+00:00","mainEntityOfPage":{"@id":"https:\/\/meteocameroon.gov.cm\/vagues-meurtrieres-a-kribi-un-phenomene-annonce-par-la-direction-de-la-meteorologie-nationale\/"},"wordCount":510,"commentCount":0,"publisher":{"@id":"https:\/\/meteocameroon.gov.cm\/#organization"},"image":{"@id":"https:\/\/meteocameroon.gov.cm\/vagues-meurtrieres-a-kribi-un-phenomene-annonce-par-la-direction-de-la-meteorologie-nationale\/#primaryimage"},"thumbnailUrl":"https:\/\/meteocameroon.gov.cm\/wp-content\/uploads\/2023\/09\/Screenshot_20230913_104925.png","articleSection":["Actualit\u00e9","Information"],"inLanguage":"en-US","potentialAction":[{"@type":"CommentAction","name":"Comment","target":["https:\/\/meteocameroon.gov.cm\/vagues-meurtrieres-a-kribi-un-phenomene-annonce-par-la-direction-de-la-meteorologie-nationale\/#respond"]}]},{"@type":"WebPage","@id":"https:\/\/meteocameroon.gov.cm\/vagues-meurtrieres-a-kribi-un-phenomene-annonce-par-la-direction-de-la-meteorologie-nationale\/","url":"https:\/\/meteocameroon.gov.cm\/vagues-meurtrieres-a-kribi-un-phenomene-annonce-par-la-direction-de-la-meteorologie-nationale\/","name":"VAGUES MEURTRI\u00c8RES A KRIBI\u00a0: Un ph\u00e9nom\u00e8ne annonc\u00e9 par la Direction de la M\u00e9t\u00e9orologie Nationale. - M\u00e9t\u00e9orologie Nationale du Cameroun","isPartOf":{"@id":"https:\/\/meteocameroon.gov.cm\/#website"},"primaryImageOfPage":{"@id":"https:\/\/meteocameroon.gov.cm\/vagues-meurtrieres-a-kribi-un-phenomene-annonce-par-la-direction-de-la-meteorologie-nationale\/#primaryimage"},"image":{"@id":"https:\/\/meteocameroon.gov.cm\/vagues-meurtrieres-a-kribi-un-phenomene-annonce-par-la-direction-de-la-meteorologie-nationale\/#primaryimage"},"thumbnailUrl":"https:\/\/meteocameroon.gov.cm\/wp-content\/uploads\/2023\/09\/Screenshot_20230913_104925.png","datePublished":"2023-09-13T09:55:20+00:00","dateModified":"2023-12-07T11:22:58+00:00","breadcrumb":{"@id":"https:\/\/meteocameroon.gov.cm\/vagues-meurtrieres-a-kribi-un-phenomene-annonce-par-la-direction-de-la-meteorologie-nationale\/#breadcrumb"},"inLanguage":"en-US","potentialAction":[{"@type":"ReadAction","target":["https:\/\/meteocameroon.gov.cm\/vagues-meurtrieres-a-kribi-un-phenomene-annonce-par-la-direction-de-la-meteorologie-nationale\/"]}]},{"@type":"ImageObject","inLanguage":"en-US","@id":"https:\/\/meteocameroon.gov.cm\/vagues-meurtrieres-a-kribi-un-phenomene-annonce-par-la-direction-de-la-meteorologie-nationale\/#primaryimage","url":"https:\/\/meteocameroon.gov.cm\/wp-content\/uploads\/2023\/09\/Screenshot_20230913_104925.png","contentUrl":"https:\/\/meteocameroon.gov.cm\/wp-content\/uploads\/2023\/09\/Screenshot_20230913_104925.png","width":645,"height":883},{"@type":"BreadcrumbList","@id":"https:\/\/meteocameroon.gov.cm\/vagues-meurtrieres-a-kribi-un-phenomene-annonce-par-la-direction-de-la-meteorologie-nationale\/#breadcrumb","itemListElement":[{"@type":"ListItem","position":1,"name":"Accueil","item":"https:\/\/meteocameroon.gov.cm\/"},{"@type":"ListItem","position":2,"name":"VAGUES MEURTRI\u00c8RES A KRIBI\u00a0: Un ph\u00e9nom\u00e8ne annonc\u00e9 par la Direction de la M\u00e9t\u00e9orologie Nationale."}]},{"@type":"WebSite","@id":"https:\/\/meteocameroon.gov.cm\/#website","url":"https:\/\/meteocameroon.gov.cm\/","name":"M\u00e9t\u00e9orologie Nationale du Cameroun","description":"La m\u00e9t\u00e9o un outils pour le d\u00e9veloppement","publisher":{"@id":"https:\/\/meteocameroon.gov.cm\/#organization"},"potentialAction":[{"@type":"SearchAction","target":{"@type":"EntryPoint","urlTemplate":"https:\/\/meteocameroon.gov.cm\/?s={search_term_string}"},"query-input":{"@type":"PropertyValueSpecification","valueRequired":true,"valueName":"search_term_string"}}],"inLanguage":"en-US"},{"@type":"Organization","@id":"https:\/\/meteocameroon.gov.cm\/#organization","name":"M\u00e9t\u00e9orologie Nationale du Cameroun","url":"https:\/\/meteocameroon.gov.cm\/","logo":{"@type":"ImageObject","inLanguage":"en-US","@id":"https:\/\/meteocameroon.gov.cm\/#\/schema\/logo\/image\/","url":"https:\/\/meteocameroon.gov.cm\/wp-content\/uploads\/2022\/06\/Artboard-14x-renew.jpg","contentUrl":"https:\/\/meteocameroon.gov.cm\/wp-content\/uploads\/2022\/06\/Artboard-14x-renew.jpg","width":519,"height":504,"caption":"M\u00e9t\u00e9orologie Nationale du Cameroun"},"image":{"@id":"https:\/\/meteocameroon.gov.cm\/#\/schema\/logo\/image\/"}},{"@type":"Person","@id":"https:\/\/meteocameroon.gov.cm\/#\/schema\/person\/659cc0f0e2f18cdf0b91651c76411785","name":"Ramses Landry BELL EPIPE","image":{"@type":"ImageObject","inLanguage":"en-US","@id":"https:\/\/meteocameroon.gov.cm\/#\/schema\/person\/image\/","url":"https:\/\/secure.gravatar.com\/avatar\/a21a20808b4c2c9c09679c226bd9f55c66dcbdfe8f8a97c3d1bb809ad03b7626?s=96&d=mm&r=g","contentUrl":"https:\/\/secure.gravatar.com\/avatar\/a21a20808b4c2c9c09679c226bd9f55c66dcbdfe8f8a97c3d1bb809ad03b7626?s=96&d=mm&r=g","caption":"Ramses Landry BELL EPIPE"},"url":"https:\/\/meteocameroon.gov.cm\/en\/author\/ramses\/"}]}},"rttpg_featured_image_url":{"full":["https:\/\/meteocameroon.gov.cm\/wp-content\/uploads\/2023\/09\/Screenshot_20230913_104925.png",645,883,false],"landscape":["https:\/\/meteocameroon.gov.cm\/wp-content\/uploads\/2023\/09\/Screenshot_20230913_104925.png",645,883,false],"portraits":["https:\/\/meteocameroon.gov.cm\/wp-content\/uploads\/2023\/09\/Screenshot_20230913_104925.png",645,883,false],"thumbnail":["https:\/\/meteocameroon.gov.cm\/wp-content\/uploads\/2023\/09\/Screenshot_20230913_104925-150x150.png",150,150,true],"medium":["https:\/\/meteocameroon.gov.cm\/wp-content\/uploads\/2023\/09\/Screenshot_20230913_104925-219x300.png",219,300,true],"large":["https:\/\/meteocameroon.gov.cm\/wp-content\/uploads\/2023\/09\/Screenshot_20230913_104925.png",640,876,false],"1536x1536":["https:\/\/meteocameroon.gov.cm\/wp-content\/uploads\/2023\/09\/Screenshot_20230913_104925.png",645,883,false],"2048x2048":["https:\/\/meteocameroon.gov.cm\/wp-content\/uploads\/2023\/09\/Screenshot_20230913_104925.png",645,883,false],"trp-custom-language-flag":["https:\/\/meteocameroon.gov.cm\/wp-content\/uploads\/2023\/09\/Screenshot_20230913_104925-9x12.png",9,12,true],"binit-portfolio":["https:\/\/meteocameroon.gov.cm\/wp-content\/uploads\/2023\/09\/Screenshot_20230913_104925-600x700.png",600,700,true],"binit-portfolio-vertical":["https:\/\/meteocameroon.gov.cm\/wp-content\/uploads\/2023\/09\/Screenshot_20230913_104925-380x564.png",380,564,true],"binit-blog":["https:\/\/meteocameroon.gov.cm\/wp-content\/uploads\/2023\/09\/Screenshot_20230913_104925-600x420.png",600,420,true],"binit-team":["https:\/\/meteocameroon.gov.cm\/wp-content\/uploads\/2023\/09\/Screenshot_20230913_104925-600x645.png",600,645,true],"binit-product":["https:\/\/meteocameroon.gov.cm\/wp-content\/uploads\/2023\/09\/Screenshot_20230913_104925-360x440.png",360,440,true],"binit-event":["https:\/\/meteocameroon.gov.cm\/wp-content\/uploads\/2023\/09\/Screenshot_20230913_104925-420x630.png",420,630,true]},"rttpg_author":{"display_name":"Ramses Landry BELL EPIPE","author_link":"https:\/\/meteocameroon.gov.cm\/en\/author\/ramses\/"},"rttpg_comment":0,"rttpg_category":"<a href=\"https:\/\/meteocameroon.gov.cm\/en\/category\/actualite\/\" rel=\"category tag\">Actualit\u00e9<\/a> <a href=\"https:\/\/meteocameroon.gov.cm\/en\/category\/information\/\" rel=\"category tag\">Information<\/a>","rttpg_excerpt":"La ville baln\u00e9aire de Kribi, situ\u00e9e sur la c\u00f4te sud du pays, dans le d\u00e9partement de l\u2019Oc\u00e9an (R\u00e9gion du Sud) a subi il y\u2019a quelques jours d\u2019important d\u00e9g\u00e2ts li\u00e9s \u00e0 [&hellip;]","_links":{"self":[{"href":"https:\/\/meteocameroon.gov.cm\/en\/wp-json\/wp\/v2\/posts\/3199","targetHints":{"allow":["GET"]}}],"collection":[{"href":"https:\/\/meteocameroon.gov.cm\/en\/wp-json\/wp\/v2\/posts"}],"about":[{"href":"https:\/\/meteocameroon.gov.cm\/en\/wp-json\/wp\/v2\/types\/post"}],"author":[{"embeddable":true,"href":"https:\/\/meteocameroon.gov.cm\/en\/wp-json\/wp\/v2\/users\/7"}],"replies":[{"embeddable":true,"href":"https:\/\/meteocameroon.gov.cm\/en\/wp-json\/wp\/v2\/comments?post=3199"}],"version-history":[{"count":1,"href":"https:\/\/meteocameroon.gov.cm\/en\/wp-json\/wp\/v2\/posts\/3199\/revisions"}],"predecessor-version":[{"id":3202,"href":"https:\/\/meteocameroon.gov.cm\/en\/wp-json\/wp\/v2\/posts\/3199\/revisions\/3202"}],"wp:featuredmedia":[{"embeddable":true,"href":"https:\/\/meteocameroon.gov.cm\/en\/wp-json\/wp\/v2\/media\/3200"}],"wp:attachment":[{"href":"https:\/\/meteocameroon.gov.cm\/en\/wp-json\/wp\/v2\/media?parent=3199"}],"wp:term":[{"taxonomy":"category","embeddable":true,"href":"https:\/\/meteocameroon.gov.cm\/en\/wp-json\/wp\/v2\/categories?post=3199"},{"taxonomy":"post_tag","embeddable":true,"href":"https:\/\/meteocameroon.gov.cm\/en\/wp-json\/wp\/v2\/tags?post=3199"}],"curies":[{"name":"wp","href":"https:\/\/api.w.org\/{rel}","templated":true}]}}