{"id":3226,"date":"2023-10-11T12:11:05","date_gmt":"2023-10-11T11:11:05","guid":{"rendered":"https:\/\/meteocameroon.gov.cm\/?p=3226"},"modified":"2023-12-07T12:21:04","modified_gmt":"2023-12-07T11:21:04","slug":"meteorologie-nationale-le-mint-signe-une-convention-cadre-avec-la-sodepa","status":"publish","type":"post","link":"https:\/\/meteocameroon.gov.cm\/en\/meteorologie-nationale-le-mint-signe-une-convention-cadre-avec-la-sodepa\/","title":{"rendered":"M\u00e9t\u00e9orologie Nationale : le MINT signe une convention &#8211; Cadre avec la SODEPA."},"content":{"rendered":"<p>C&#8217;est dans sa responsabilit\u00e9 d&#8217;\u00e9laborer et de mettre en \u0153uvre la politique du Gouvernement en mati\u00e8re de m\u00e9t\u00e9orologie et des transports, que le Ministre des Transports, Jean Ernest Mass\u00e9na NGALLE BIBEHE, a sign\u00e9 ce mardi 10 octobre 2023, dans la salle de conf\u00e9rences du d\u00e9partement minist\u00e9riel dont il a la charge, la Convention cadre avec la Soci\u00e9t\u00e9 de D\u00e9veloppement et d&#8217;Exploitation des Productions Animales (SODEPA). Le but de cette convention est d&#8217;accompagner la SODEPA dans la fourniture des informations m\u00e9t\u00e9orologiques n\u00e9cessaires \u00e0 l&#8217;am\u00e9lioration de la production animale, dans un contexte o\u00f9 les changements climatiques entra\u00eenent la recrudescence des ph\u00e9nom\u00e8nes m\u00e9t\u00e9orologiques extr\u00eames.<br \/>\nOnt pris part \u00e0 cette c\u00e9r\u00e9monie, le Ministre d\u00e9l\u00e9gu\u00e9 aupr\u00e8s du MINT, le Secr\u00e9taire g\u00e9n\u00e9ral, l&#8217;Inspecteur g\u00e9n\u00e9ral, le Directeur de la M\u00e9t\u00e9orologie nationale et le Directeur g\u00e9n\u00e9ral de la SODEPA.<\/p>\n<p><img loading=\"lazy\" decoding=\"async\" class=\"size-full wp-image-3230 aligncenter\" src=\"https:\/\/meteocameroon.gov.cm\/wp-content\/uploads\/2023\/10\/WhatsApp-Image-2023-10-10-at-22.51.20.jpeg\" alt=\"\" width=\"1080\" height=\"810\" \/><\/p>\n<p>Cette convention, faut-il le rappeler, va en droite ligne avec la vision du Pr\u00e9sident de la R\u00e9publique, Chef de l&#8217;Etat, S.E. Paul BIYA, d&#8217;assurer le d\u00e9veloppement durable de notre pays pour le conduire vers l&#8217;\u00e9mergence.<\/p>\n<p><img loading=\"lazy\" decoding=\"async\" class=\"size-full wp-image-3229 aligncenter\" src=\"https:\/\/meteocameroon.gov.cm\/wp-content\/uploads\/2023\/10\/WhatsApp-Image-2023-10-10-at-22.51.19.jpeg\" alt=\"\" width=\"1080\" height=\"766\" \/> <img loading=\"lazy\" decoding=\"async\" class=\"size-full wp-image-3228 aligncenter\" src=\"https:\/\/meteocameroon.gov.cm\/wp-content\/uploads\/2023\/10\/WhatsApp-Image-2023-10-10-at-22.51.17.jpeg\" alt=\"\" width=\"1000\" height=\"750\" \/> <img loading=\"lazy\" decoding=\"async\" class=\"size-full wp-image-3227 aligncenter\" src=\"https:\/\/meteocameroon.gov.cm\/wp-content\/uploads\/2023\/10\/WhatsApp-Image-2023-10-10-at-22.51.18.jpeg\" alt=\"\" width=\"1080\" height=\"810\" \/> <img loading=\"lazy\" decoding=\"async\" class=\"size-full wp-image-3231 aligncenter\" src=\"https:\/\/meteocameroon.gov.cm\/wp-content\/uploads\/2023\/10\/WhatsApp-Image-2023-10-11-at-12.03.50.jpeg\" alt=\"\" width=\"720\" height=\"742\" \/><\/p>","protected":false},"excerpt":{"rendered":"<p>C&#8217;est dans sa responsabilit\u00e9 d&#8217;\u00e9laborer et de mettre en \u0153uvre la politique du Gouvernement en mati\u00e8re de m\u00e9t\u00e9orologie et des transports, que le Ministre des Transports, Jean Ernest Mass\u00e9na NGALLE [&hellip;]<\/p>","protected":false},"author":7,"featured_media":3230,"comment_status":"open","ping_status":"open","sticky":false,"template":"","format":"standard","meta":{"footnotes":""},"categories":[18,1],"tags":[],"class_list":["post-3226","post","type-post","status-publish","format-standard","has-post-thumbnail","hentry","category-actualite","category-information"],"yoast_head":"<!-- This site is optimized with the Yoast SEO plugin v26.8 - https:\/\/yoast.com\/product\/yoast-seo-wordpress\/ -->\n<title>M\u00e9t\u00e9orologie Nationale : le MINT signe une convention - Cadre avec la SODEPA. - M\u00e9t\u00e9orologie Nationale du Cameroun<\/title>\n<meta name=\"description\" content=\"C&#039;est dans sa responsabilit\u00e9 d&#039;\u00e9laborer et de mettre en \u0153uvre la politique du Gouvernement en mati\u00e8re de m\u00e9t\u00e9orologie et des transports, que le Ministre des Transports, Jean Ernest Mass\u00e9na NGALLE BIBEHE, a sign\u00e9 ce mardi 10 octobre 2023, dans la salle de conf\u00e9rences du d\u00e9partement minist\u00e9riel dont il a la charge, la Convention cadre avec la Soci\u00e9t\u00e9 de D\u00e9veloppement et d&#039;Exploitation des Productions Animales (SODEPA). Le but de cette convention est d&#039;accompagner la SODEPA dans la fourniture des informations m\u00e9t\u00e9orologiques n\u00e9cessaires \u00e0 l&#039;am\u00e9lioration de la production animale, dans un contexte o\u00f9 les changements climatiques entra\u00eenent la recrudescence des ph\u00e9nom\u00e8nes m\u00e9t\u00e9orologiques extr\u00eames.\" \/>\n<meta name=\"robots\" content=\"index, follow, max-snippet:-1, max-image-preview:large, max-video-preview:-1\" \/>\n<link rel=\"canonical\" href=\"https:\/\/meteocameroon.gov.cm\/en\/meteorologie-nationale-le-mint-signe-une-convention-cadre-avec-la-sodepa\/\" \/>\n<meta property=\"og:locale\" content=\"en_US\" \/>\n<meta property=\"og:type\" content=\"article\" \/>\n<meta property=\"og:title\" content=\"M\u00e9t\u00e9orologie Nationale : le MINT signe une convention - Cadre avec la SODEPA. - M\u00e9t\u00e9orologie Nationale du Cameroun\" \/>\n<meta property=\"og:description\" content=\"C&#039;est dans sa responsabilit\u00e9 d&#039;\u00e9laborer et de mettre en \u0153uvre la politique du Gouvernement en mati\u00e8re de m\u00e9t\u00e9orologie et des transports, que le Ministre des Transports, Jean Ernest Mass\u00e9na NGALLE BIBEHE, a sign\u00e9 ce mardi 10 octobre 2023, dans la salle de conf\u00e9rences du d\u00e9partement minist\u00e9riel dont il a la charge, la Convention cadre avec la Soci\u00e9t\u00e9 de D\u00e9veloppement et d&#039;Exploitation des Productions Animales (SODEPA). Le but de cette convention est d&#039;accompagner la SODEPA dans la fourniture des informations m\u00e9t\u00e9orologiques n\u00e9cessaires \u00e0 l&#039;am\u00e9lioration de la production animale, dans un contexte o\u00f9 les changements climatiques entra\u00eenent la recrudescence des ph\u00e9nom\u00e8nes m\u00e9t\u00e9orologiques extr\u00eames.\" \/>\n<meta property=\"og:url\" content=\"https:\/\/meteocameroon.gov.cm\/en\/meteorologie-nationale-le-mint-signe-une-convention-cadre-avec-la-sodepa\/\" \/>\n<meta property=\"og:site_name\" content=\"M\u00e9t\u00e9orologie Nationale du Cameroun\" \/>\n<meta property=\"article:published_time\" content=\"2023-10-11T11:11:05+00:00\" \/>\n<meta property=\"article:modified_time\" content=\"2023-12-07T11:21:04+00:00\" \/>\n<meta property=\"og:image\" content=\"https:\/\/meteocameroon.gov.cm\/wp-content\/uploads\/2023\/10\/WhatsApp-Image-2023-10-10-at-22.51.20.jpeg\" \/>\n\t<meta property=\"og:image:width\" content=\"1080\" \/>\n\t<meta property=\"og:image:height\" content=\"810\" \/>\n\t<meta property=\"og:image:type\" content=\"image\/jpeg\" \/>\n<meta name=\"author\" content=\"Ramses Landry BELL EPIPE\" \/>\n<meta name=\"twitter:card\" content=\"summary_large_image\" \/>\n<meta name=\"twitter:label1\" content=\"Written by\" \/>\n\t<meta name=\"twitter:data1\" content=\"Ramses Landry BELL EPIPE\" \/>\n\t<meta name=\"twitter:label2\" content=\"Est. reading time\" \/>\n\t<meta name=\"twitter:data2\" content=\"2 minutes\" \/>\n<script type=\"application\/ld+json\" class=\"yoast-schema-graph\">{\"@context\":\"https:\/\/schema.org\",\"@graph\":[{\"@type\":\"Article\",\"@id\":\"https:\/\/meteocameroon.gov.cm\/meteorologie-nationale-le-mint-signe-une-convention-cadre-avec-la-sodepa\/#article\",\"isPartOf\":{\"@id\":\"https:\/\/meteocameroon.gov.cm\/meteorologie-nationale-le-mint-signe-une-convention-cadre-avec-la-sodepa\/\"},\"author\":{\"name\":\"Ramses Landry BELL EPIPE\",\"@id\":\"https:\/\/meteocameroon.gov.cm\/#\/schema\/person\/659cc0f0e2f18cdf0b91651c76411785\"},\"headline\":\"M\u00e9t\u00e9orologie Nationale : le MINT signe une convention &#8211; Cadre avec la SODEPA.\",\"datePublished\":\"2023-10-11T11:11:05+00:00\",\"dateModified\":\"2023-12-07T11:21:04+00:00\",\"mainEntityOfPage\":{\"@id\":\"https:\/\/meteocameroon.gov.cm\/meteorologie-nationale-le-mint-signe-une-convention-cadre-avec-la-sodepa\/\"},\"wordCount\":215,\"commentCount\":0,\"publisher\":{\"@id\":\"https:\/\/meteocameroon.gov.cm\/#organization\"},\"image\":{\"@id\":\"https:\/\/meteocameroon.gov.cm\/meteorologie-nationale-le-mint-signe-une-convention-cadre-avec-la-sodepa\/#primaryimage\"},\"thumbnailUrl\":\"https:\/\/meteocameroon.gov.cm\/wp-content\/uploads\/2023\/10\/WhatsApp-Image-2023-10-10-at-22.51.20.jpeg\",\"articleSection\":[\"Actualit\u00e9\",\"Information\"],\"inLanguage\":\"en-US\",\"potentialAction\":[{\"@type\":\"CommentAction\",\"name\":\"Comment\",\"target\":[\"https:\/\/meteocameroon.gov.cm\/meteorologie-nationale-le-mint-signe-une-convention-cadre-avec-la-sodepa\/#respond\"]}]},{\"@type\":\"WebPage\",\"@id\":\"https:\/\/meteocameroon.gov.cm\/meteorologie-nationale-le-mint-signe-une-convention-cadre-avec-la-sodepa\/\",\"url\":\"https:\/\/meteocameroon.gov.cm\/meteorologie-nationale-le-mint-signe-une-convention-cadre-avec-la-sodepa\/\",\"name\":\"M\u00e9t\u00e9orologie Nationale : le MINT signe une convention - Cadre avec la SODEPA. - M\u00e9t\u00e9orologie Nationale du Cameroun\",\"isPartOf\":{\"@id\":\"https:\/\/meteocameroon.gov.cm\/#website\"},\"primaryImageOfPage\":{\"@id\":\"https:\/\/meteocameroon.gov.cm\/meteorologie-nationale-le-mint-signe-une-convention-cadre-avec-la-sodepa\/#primaryimage\"},\"image\":{\"@id\":\"https:\/\/meteocameroon.gov.cm\/meteorologie-nationale-le-mint-signe-une-convention-cadre-avec-la-sodepa\/#primaryimage\"},\"thumbnailUrl\":\"https:\/\/meteocameroon.gov.cm\/wp-content\/uploads\/2023\/10\/WhatsApp-Image-2023-10-10-at-22.51.20.jpeg\",\"datePublished\":\"2023-10-11T11:11:05+00:00\",\"dateModified\":\"2023-12-07T11:21:04+00:00\",\"description\":\"C'est dans sa responsabilit\u00e9 d'\u00e9laborer et de mettre en \u0153uvre la politique du Gouvernement en mati\u00e8re de m\u00e9t\u00e9orologie et des transports, que le Ministre des Transports, Jean Ernest Mass\u00e9na NGALLE BIBEHE, a sign\u00e9 ce mardi 10 octobre 2023, dans la salle de conf\u00e9rences du d\u00e9partement minist\u00e9riel dont il a la charge, la Convention cadre avec la Soci\u00e9t\u00e9 de D\u00e9veloppement et d'Exploitation des Productions Animales (SODEPA). Le but de cette convention est d'accompagner la SODEPA dans la fourniture des informations m\u00e9t\u00e9orologiques n\u00e9cessaires \u00e0 l'am\u00e9lioration de la production animale, dans un contexte o\u00f9 les changements climatiques entra\u00eenent la recrudescence des ph\u00e9nom\u00e8nes m\u00e9t\u00e9orologiques extr\u00eames.\",\"breadcrumb\":{\"@id\":\"https:\/\/meteocameroon.gov.cm\/meteorologie-nationale-le-mint-signe-une-convention-cadre-avec-la-sodepa\/#breadcrumb\"},\"inLanguage\":\"en-US\",\"potentialAction\":[{\"@type\":\"ReadAction\",\"target\":[\"https:\/\/meteocameroon.gov.cm\/meteorologie-nationale-le-mint-signe-une-convention-cadre-avec-la-sodepa\/\"]}]},{\"@type\":\"ImageObject\",\"inLanguage\":\"en-US\",\"@id\":\"https:\/\/meteocameroon.gov.cm\/meteorologie-nationale-le-mint-signe-une-convention-cadre-avec-la-sodepa\/#primaryimage\",\"url\":\"https:\/\/meteocameroon.gov.cm\/wp-content\/uploads\/2023\/10\/WhatsApp-Image-2023-10-10-at-22.51.20.jpeg\",\"contentUrl\":\"https:\/\/meteocameroon.gov.cm\/wp-content\/uploads\/2023\/10\/WhatsApp-Image-2023-10-10-at-22.51.20.jpeg\",\"width\":1080,\"height\":810},{\"@type\":\"BreadcrumbList\",\"@id\":\"https:\/\/meteocameroon.gov.cm\/meteorologie-nationale-le-mint-signe-une-convention-cadre-avec-la-sodepa\/#breadcrumb\",\"itemListElement\":[{\"@type\":\"ListItem\",\"position\":1,\"name\":\"Accueil\",\"item\":\"https:\/\/meteocameroon.gov.cm\/\"},{\"@type\":\"ListItem\",\"position\":2,\"name\":\"M\u00e9t\u00e9orologie Nationale : le MINT signe une convention &#8211; Cadre avec la SODEPA.\"}]},{\"@type\":\"WebSite\",\"@id\":\"https:\/\/meteocameroon.gov.cm\/#website\",\"url\":\"https:\/\/meteocameroon.gov.cm\/\",\"name\":\"M\u00e9t\u00e9orologie Nationale du Cameroun\",\"description\":\"La m\u00e9t\u00e9o un outils pour le d\u00e9veloppement\",\"publisher\":{\"@id\":\"https:\/\/meteocameroon.gov.cm\/#organization\"},\"potentialAction\":[{\"@type\":\"SearchAction\",\"target\":{\"@type\":\"EntryPoint\",\"urlTemplate\":\"https:\/\/meteocameroon.gov.cm\/?s={search_term_string}\"},\"query-input\":{\"@type\":\"PropertyValueSpecification\",\"valueRequired\":true,\"valueName\":\"search_term_string\"}}],\"inLanguage\":\"en-US\"},{\"@type\":\"Organization\",\"@id\":\"https:\/\/meteocameroon.gov.cm\/#organization\",\"name\":\"M\u00e9t\u00e9orologie Nationale du Cameroun\",\"url\":\"https:\/\/meteocameroon.gov.cm\/\",\"logo\":{\"@type\":\"ImageObject\",\"inLanguage\":\"en-US\",\"@id\":\"https:\/\/meteocameroon.gov.cm\/#\/schema\/logo\/image\/\",\"url\":\"https:\/\/meteocameroon.gov.cm\/wp-content\/uploads\/2022\/06\/Artboard-14x-renew.jpg\",\"contentUrl\":\"https:\/\/meteocameroon.gov.cm\/wp-content\/uploads\/2022\/06\/Artboard-14x-renew.jpg\",\"width\":519,\"height\":504,\"caption\":\"M\u00e9t\u00e9orologie Nationale du Cameroun\"},\"image\":{\"@id\":\"https:\/\/meteocameroon.gov.cm\/#\/schema\/logo\/image\/\"}},{\"@type\":\"Person\",\"@id\":\"https:\/\/meteocameroon.gov.cm\/#\/schema\/person\/659cc0f0e2f18cdf0b91651c76411785\",\"name\":\"Ramses Landry BELL EPIPE\",\"image\":{\"@type\":\"ImageObject\",\"inLanguage\":\"en-US\",\"@id\":\"https:\/\/meteocameroon.gov.cm\/#\/schema\/person\/image\/\",\"url\":\"https:\/\/secure.gravatar.com\/avatar\/a21a20808b4c2c9c09679c226bd9f55c66dcbdfe8f8a97c3d1bb809ad03b7626?s=96&d=mm&r=g\",\"contentUrl\":\"https:\/\/secure.gravatar.com\/avatar\/a21a20808b4c2c9c09679c226bd9f55c66dcbdfe8f8a97c3d1bb809ad03b7626?s=96&d=mm&r=g\",\"caption\":\"Ramses Landry BELL EPIPE\"},\"url\":\"https:\/\/meteocameroon.gov.cm\/en\/author\/ramses\/\"}]}<\/script>\n<!-- \/ Yoast SEO plugin. -->","yoast_head_json":{"title":"M\u00e9t\u00e9orologie Nationale : le MINT signe une convention - Cadre avec la SODEPA. - M\u00e9t\u00e9orologie Nationale du Cameroun","description":"C'est dans sa responsabilit\u00e9 d'\u00e9laborer et de mettre en \u0153uvre la politique du Gouvernement en mati\u00e8re de m\u00e9t\u00e9orologie et des transports, que le Ministre des Transports, Jean Ernest Mass\u00e9na NGALLE BIBEHE, a sign\u00e9 ce mardi 10 octobre 2023, dans la salle de conf\u00e9rences du d\u00e9partement minist\u00e9riel dont il a la charge, la Convention cadre avec la Soci\u00e9t\u00e9 de D\u00e9veloppement et d'Exploitation des Productions Animales (SODEPA). Le but de cette convention est d'accompagner la SODEPA dans la fourniture des informations m\u00e9t\u00e9orologiques n\u00e9cessaires \u00e0 l'am\u00e9lioration de la production animale, dans un contexte o\u00f9 les changements climatiques entra\u00eenent la recrudescence des ph\u00e9nom\u00e8nes m\u00e9t\u00e9orologiques extr\u00eames.","robots":{"index":"index","follow":"follow","max-snippet":"max-snippet:-1","max-image-preview":"max-image-preview:large","max-video-preview":"max-video-preview:-1"},"canonical":"https:\/\/meteocameroon.gov.cm\/en\/meteorologie-nationale-le-mint-signe-une-convention-cadre-avec-la-sodepa\/","og_locale":"en_US","og_type":"article","og_title":"M\u00e9t\u00e9orologie Nationale : le MINT signe une convention - Cadre avec la SODEPA. - M\u00e9t\u00e9orologie Nationale du Cameroun","og_description":"C'est dans sa responsabilit\u00e9 d'\u00e9laborer et de mettre en \u0153uvre la politique du Gouvernement en mati\u00e8re de m\u00e9t\u00e9orologie et des transports, que le Ministre des Transports, Jean Ernest Mass\u00e9na NGALLE BIBEHE, a sign\u00e9 ce mardi 10 octobre 2023, dans la salle de conf\u00e9rences du d\u00e9partement minist\u00e9riel dont il a la charge, la Convention cadre avec la Soci\u00e9t\u00e9 de D\u00e9veloppement et d'Exploitation des Productions Animales (SODEPA). Le but de cette convention est d'accompagner la SODEPA dans la fourniture des informations m\u00e9t\u00e9orologiques n\u00e9cessaires \u00e0 l'am\u00e9lioration de la production animale, dans un contexte o\u00f9 les changements climatiques entra\u00eenent la recrudescence des ph\u00e9nom\u00e8nes m\u00e9t\u00e9orologiques extr\u00eames.","og_url":"https:\/\/meteocameroon.gov.cm\/en\/meteorologie-nationale-le-mint-signe-une-convention-cadre-avec-la-sodepa\/","og_site_name":"M\u00e9t\u00e9orologie Nationale du Cameroun","article_published_time":"2023-10-11T11:11:05+00:00","article_modified_time":"2023-12-07T11:21:04+00:00","og_image":[{"width":1080,"height":810,"url":"https:\/\/meteocameroon.gov.cm\/wp-content\/uploads\/2023\/10\/WhatsApp-Image-2023-10-10-at-22.51.20.jpeg","type":"image\/jpeg"}],"author":"Ramses Landry BELL EPIPE","twitter_card":"summary_large_image","twitter_misc":{"Written by":"Ramses Landry BELL EPIPE","Est. reading time":"2 minutes"},"schema":{"@context":"https:\/\/schema.org","@graph":[{"@type":"Article","@id":"https:\/\/meteocameroon.gov.cm\/meteorologie-nationale-le-mint-signe-une-convention-cadre-avec-la-sodepa\/#article","isPartOf":{"@id":"https:\/\/meteocameroon.gov.cm\/meteorologie-nationale-le-mint-signe-une-convention-cadre-avec-la-sodepa\/"},"author":{"name":"Ramses Landry BELL EPIPE","@id":"https:\/\/meteocameroon.gov.cm\/#\/schema\/person\/659cc0f0e2f18cdf0b91651c76411785"},"headline":"M\u00e9t\u00e9orologie Nationale : le MINT signe une convention &#8211; Cadre avec la SODEPA.","datePublished":"2023-10-11T11:11:05+00:00","dateModified":"2023-12-07T11:21:04+00:00","mainEntityOfPage":{"@id":"https:\/\/meteocameroon.gov.cm\/meteorologie-nationale-le-mint-signe-une-convention-cadre-avec-la-sodepa\/"},"wordCount":215,"commentCount":0,"publisher":{"@id":"https:\/\/meteocameroon.gov.cm\/#organization"},"image":{"@id":"https:\/\/meteocameroon.gov.cm\/meteorologie-nationale-le-mint-signe-une-convention-cadre-avec-la-sodepa\/#primaryimage"},"thumbnailUrl":"https:\/\/meteocameroon.gov.cm\/wp-content\/uploads\/2023\/10\/WhatsApp-Image-2023-10-10-at-22.51.20.jpeg","articleSection":["Actualit\u00e9","Information"],"inLanguage":"en-US","potentialAction":[{"@type":"CommentAction","name":"Comment","target":["https:\/\/meteocameroon.gov.cm\/meteorologie-nationale-le-mint-signe-une-convention-cadre-avec-la-sodepa\/#respond"]}]},{"@type":"WebPage","@id":"https:\/\/meteocameroon.gov.cm\/meteorologie-nationale-le-mint-signe-une-convention-cadre-avec-la-sodepa\/","url":"https:\/\/meteocameroon.gov.cm\/meteorologie-nationale-le-mint-signe-une-convention-cadre-avec-la-sodepa\/","name":"M\u00e9t\u00e9orologie Nationale : le MINT signe une convention - Cadre avec la SODEPA. - M\u00e9t\u00e9orologie Nationale du Cameroun","isPartOf":{"@id":"https:\/\/meteocameroon.gov.cm\/#website"},"primaryImageOfPage":{"@id":"https:\/\/meteocameroon.gov.cm\/meteorologie-nationale-le-mint-signe-une-convention-cadre-avec-la-sodepa\/#primaryimage"},"image":{"@id":"https:\/\/meteocameroon.gov.cm\/meteorologie-nationale-le-mint-signe-une-convention-cadre-avec-la-sodepa\/#primaryimage"},"thumbnailUrl":"https:\/\/meteocameroon.gov.cm\/wp-content\/uploads\/2023\/10\/WhatsApp-Image-2023-10-10-at-22.51.20.jpeg","datePublished":"2023-10-11T11:11:05+00:00","dateModified":"2023-12-07T11:21:04+00:00","description":"C'est dans sa responsabilit\u00e9 d'\u00e9laborer et de mettre en \u0153uvre la politique du Gouvernement en mati\u00e8re de m\u00e9t\u00e9orologie et des transports, que le Ministre des Transports, Jean Ernest Mass\u00e9na NGALLE BIBEHE, a sign\u00e9 ce mardi 10 octobre 2023, dans la salle de conf\u00e9rences du d\u00e9partement minist\u00e9riel dont il a la charge, la Convention cadre avec la Soci\u00e9t\u00e9 de D\u00e9veloppement et d'Exploitation des Productions Animales (SODEPA). Le but de cette convention est d'accompagner la SODEPA dans la fourniture des informations m\u00e9t\u00e9orologiques n\u00e9cessaires \u00e0 l'am\u00e9lioration de la production animale, dans un contexte o\u00f9 les changements climatiques entra\u00eenent la recrudescence des ph\u00e9nom\u00e8nes m\u00e9t\u00e9orologiques extr\u00eames.","breadcrumb":{"@id":"https:\/\/meteocameroon.gov.cm\/meteorologie-nationale-le-mint-signe-une-convention-cadre-avec-la-sodepa\/#breadcrumb"},"inLanguage":"en-US","potentialAction":[{"@type":"ReadAction","target":["https:\/\/meteocameroon.gov.cm\/meteorologie-nationale-le-mint-signe-une-convention-cadre-avec-la-sodepa\/"]}]},{"@type":"ImageObject","inLanguage":"en-US","@id":"https:\/\/meteocameroon.gov.cm\/meteorologie-nationale-le-mint-signe-une-convention-cadre-avec-la-sodepa\/#primaryimage","url":"https:\/\/meteocameroon.gov.cm\/wp-content\/uploads\/2023\/10\/WhatsApp-Image-2023-10-10-at-22.51.20.jpeg","contentUrl":"https:\/\/meteocameroon.gov.cm\/wp-content\/uploads\/2023\/10\/WhatsApp-Image-2023-10-10-at-22.51.20.jpeg","width":1080,"height":810},{"@type":"BreadcrumbList","@id":"https:\/\/meteocameroon.gov.cm\/meteorologie-nationale-le-mint-signe-une-convention-cadre-avec-la-sodepa\/#breadcrumb","itemListElement":[{"@type":"ListItem","position":1,"name":"Accueil","item":"https:\/\/meteocameroon.gov.cm\/"},{"@type":"ListItem","position":2,"name":"M\u00e9t\u00e9orologie Nationale : le MINT signe une convention &#8211; Cadre avec la SODEPA."}]},{"@type":"WebSite","@id":"https:\/\/meteocameroon.gov.cm\/#website","url":"https:\/\/meteocameroon.gov.cm\/","name":"M\u00e9t\u00e9orologie Nationale du Cameroun","description":"La m\u00e9t\u00e9o un outils pour le d\u00e9veloppement","publisher":{"@id":"https:\/\/meteocameroon.gov.cm\/#organization"},"potentialAction":[{"@type":"SearchAction","target":{"@type":"EntryPoint","urlTemplate":"https:\/\/meteocameroon.gov.cm\/?s={search_term_string}"},"query-input":{"@type":"PropertyValueSpecification","valueRequired":true,"valueName":"search_term_string"}}],"inLanguage":"en-US"},{"@type":"Organization","@id":"https:\/\/meteocameroon.gov.cm\/#organization","name":"M\u00e9t\u00e9orologie Nationale du Cameroun","url":"https:\/\/meteocameroon.gov.cm\/","logo":{"@type":"ImageObject","inLanguage":"en-US","@id":"https:\/\/meteocameroon.gov.cm\/#\/schema\/logo\/image\/","url":"https:\/\/meteocameroon.gov.cm\/wp-content\/uploads\/2022\/06\/Artboard-14x-renew.jpg","contentUrl":"https:\/\/meteocameroon.gov.cm\/wp-content\/uploads\/2022\/06\/Artboard-14x-renew.jpg","width":519,"height":504,"caption":"M\u00e9t\u00e9orologie Nationale du Cameroun"},"image":{"@id":"https:\/\/meteocameroon.gov.cm\/#\/schema\/logo\/image\/"}},{"@type":"Person","@id":"https:\/\/meteocameroon.gov.cm\/#\/schema\/person\/659cc0f0e2f18cdf0b91651c76411785","name":"Ramses Landry BELL EPIPE","image":{"@type":"ImageObject","inLanguage":"en-US","@id":"https:\/\/meteocameroon.gov.cm\/#\/schema\/person\/image\/","url":"https:\/\/secure.gravatar.com\/avatar\/a21a20808b4c2c9c09679c226bd9f55c66dcbdfe8f8a97c3d1bb809ad03b7626?s=96&d=mm&r=g","contentUrl":"https:\/\/secure.gravatar.com\/avatar\/a21a20808b4c2c9c09679c226bd9f55c66dcbdfe8f8a97c3d1bb809ad03b7626?s=96&d=mm&r=g","caption":"Ramses Landry BELL EPIPE"},"url":"https:\/\/meteocameroon.gov.cm\/en\/author\/ramses\/"}]}},"rttpg_featured_image_url":{"full":["https:\/\/meteocameroon.gov.cm\/wp-content\/uploads\/2023\/10\/WhatsApp-Image-2023-10-10-at-22.51.20.jpeg",1080,810,false],"landscape":["https:\/\/meteocameroon.gov.cm\/wp-content\/uploads\/2023\/10\/WhatsApp-Image-2023-10-10-at-22.51.20.jpeg",1080,810,false],"portraits":["https:\/\/meteocameroon.gov.cm\/wp-content\/uploads\/2023\/10\/WhatsApp-Image-2023-10-10-at-22.51.20.jpeg",1080,810,false],"thumbnail":["https:\/\/meteocameroon.gov.cm\/wp-content\/uploads\/2023\/10\/WhatsApp-Image-2023-10-10-at-22.51.20-150x150.jpeg",150,150,true],"medium":["https:\/\/meteocameroon.gov.cm\/wp-content\/uploads\/2023\/10\/WhatsApp-Image-2023-10-10-at-22.51.20-300x225.jpeg",300,225,true],"large":["https:\/\/meteocameroon.gov.cm\/wp-content\/uploads\/2023\/10\/WhatsApp-Image-2023-10-10-at-22.51.20-1024x768.jpeg",640,480,true],"1536x1536":["https:\/\/meteocameroon.gov.cm\/wp-content\/uploads\/2023\/10\/WhatsApp-Image-2023-10-10-at-22.51.20.jpeg",1080,810,false],"2048x2048":["https:\/\/meteocameroon.gov.cm\/wp-content\/uploads\/2023\/10\/WhatsApp-Image-2023-10-10-at-22.51.20.jpeg",1080,810,false],"trp-custom-language-flag":["https:\/\/meteocameroon.gov.cm\/wp-content\/uploads\/2023\/10\/WhatsApp-Image-2023-10-10-at-22.51.20-16x12.jpeg",16,12,true],"binit-portfolio":["https:\/\/meteocameroon.gov.cm\/wp-content\/uploads\/2023\/10\/WhatsApp-Image-2023-10-10-at-22.51.20-600x700.jpeg",600,700,true],"binit-portfolio-vertical":["https:\/\/meteocameroon.gov.cm\/wp-content\/uploads\/2023\/10\/WhatsApp-Image-2023-10-10-at-22.51.20-380x564.jpeg",380,564,true],"binit-blog":["https:\/\/meteocameroon.gov.cm\/wp-content\/uploads\/2023\/10\/WhatsApp-Image-2023-10-10-at-22.51.20-600x420.jpeg",600,420,true],"binit-team":["https:\/\/meteocameroon.gov.cm\/wp-content\/uploads\/2023\/10\/WhatsApp-Image-2023-10-10-at-22.51.20-600x645.jpeg",600,645,true],"binit-product":["https:\/\/meteocameroon.gov.cm\/wp-content\/uploads\/2023\/10\/WhatsApp-Image-2023-10-10-at-22.51.20-360x440.jpeg",360,440,true],"binit-event":["https:\/\/meteocameroon.gov.cm\/wp-content\/uploads\/2023\/10\/WhatsApp-Image-2023-10-10-at-22.51.20-420x630.jpeg",420,630,true]},"rttpg_author":{"display_name":"Ramses Landry BELL EPIPE","author_link":"https:\/\/meteocameroon.gov.cm\/en\/author\/ramses\/"},"rttpg_comment":0,"rttpg_category":"<a href=\"https:\/\/meteocameroon.gov.cm\/en\/category\/actualite\/\" rel=\"category tag\">Actualit\u00e9<\/a> <a href=\"https:\/\/meteocameroon.gov.cm\/en\/category\/information\/\" rel=\"category tag\">Information<\/a>","rttpg_excerpt":"C&#8217;est dans sa responsabilit\u00e9 d&#8217;\u00e9laborer et de mettre en \u0153uvre la politique du Gouvernement en mati\u00e8re de m\u00e9t\u00e9orologie et des transports, que le Ministre des Transports, Jean Ernest Mass\u00e9na NGALLE [&hellip;]","_links":{"self":[{"href":"https:\/\/meteocameroon.gov.cm\/en\/wp-json\/wp\/v2\/posts\/3226","targetHints":{"allow":["GET"]}}],"collection":[{"href":"https:\/\/meteocameroon.gov.cm\/en\/wp-json\/wp\/v2\/posts"}],"about":[{"href":"https:\/\/meteocameroon.gov.cm\/en\/wp-json\/wp\/v2\/types\/post"}],"author":[{"embeddable":true,"href":"https:\/\/meteocameroon.gov.cm\/en\/wp-json\/wp\/v2\/users\/7"}],"replies":[{"embeddable":true,"href":"https:\/\/meteocameroon.gov.cm\/en\/wp-json\/wp\/v2\/comments?post=3226"}],"version-history":[{"count":1,"href":"https:\/\/meteocameroon.gov.cm\/en\/wp-json\/wp\/v2\/posts\/3226\/revisions"}],"predecessor-version":[{"id":3232,"href":"https:\/\/meteocameroon.gov.cm\/en\/wp-json\/wp\/v2\/posts\/3226\/revisions\/3232"}],"wp:featuredmedia":[{"embeddable":true,"href":"https:\/\/meteocameroon.gov.cm\/en\/wp-json\/wp\/v2\/media\/3230"}],"wp:attachment":[{"href":"https:\/\/meteocameroon.gov.cm\/en\/wp-json\/wp\/v2\/media?parent=3226"}],"wp:term":[{"taxonomy":"category","embeddable":true,"href":"https:\/\/meteocameroon.gov.cm\/en\/wp-json\/wp\/v2\/categories?post=3226"},{"taxonomy":"post_tag","embeddable":true,"href":"https:\/\/meteocameroon.gov.cm\/en\/wp-json\/wp\/v2\/tags?post=3226"}],"curies":[{"name":"wp","href":"https:\/\/api.w.org\/{rel}","templated":true}]}}