{"id":3238,"date":"2023-10-10T16:00:31","date_gmt":"2023-10-10T15:00:31","guid":{"rendered":"https:\/\/meteocameroon.gov.cm\/?p=3238"},"modified":"2023-10-22T02:20:42","modified_gmt":"2023-10-22T01:20:42","slug":"conventionmintsodepa","status":"publish","type":"post","link":"https:\/\/meteocameroon.gov.cm\/en\/conventionmintsodepa\/","title":{"rendered":"M\u00e9t\u00e9orologie Nationale : le MINT signe une Convention &#8211; Cadre avec la SODEPA."},"content":{"rendered":"<p><strong>C&#8217;est une nouvelle aube dans les secteurs de la m\u00e9t\u00e9orologie et de l&#8217;agriculture<\/strong><strong>. <\/strong><\/p>\n<p>Ce mercredi 10 octobre 2023, le Minist\u00e8re des Transports repr\u00e9sent\u00e9 par le Ministre Jean Ernest Mass\u00e9na NGALLE BIBEHE et la Soci\u00e9t\u00e9 de D\u00e9veloppement et d&#8217;Exploitation des Productions Animales (SODEPA), repr\u00e9sent\u00e9e par le Directeur G\u00e9n\u00e9ral de l&#8217;institution, Monsieur KOULAGNA KOULOU Denis, ont sign\u00e9 une Convention-Cadre de Collaboration.<\/p>\n<p><img loading=\"lazy\" decoding=\"async\" class=\"aligncenter wp-image-3231 size-full\" src=\"https:\/\/meteocameroon.gov.cm\/wp-content\/uploads\/2023\/10\/WhatsApp-Image-2023-10-11-at-12.03.50.jpeg\" alt=\"\" width=\"720\" height=\"742\" \/><\/p>\n<p>Sign\u00e9e en pr\u00e9sence du Ministre d\u00e9l\u00e9gu\u00e9 aupr\u00e8s du Ministre des Transports, du Secr\u00e9taire G\u00e9n\u00e9ral, de l&#8217;Inspecteur G\u00e9n\u00e9ral et d&#8217;autres responsables du <a href=\"https:\/\/mintransports.cm\/#\">Ministry of Transport<\/a> et de la <a href=\"https:\/\/sodepa.cm\/\">SODEPA<\/a>, la Convention-Cadre de collaboration a pour objet de d\u00e9finir un cadre de collaboration, de concertation, de promotion, d&#8217;\u00e9change d&#8217;informations m\u00e9t\u00e9orologiques, de suivi des activit\u00e9s applicables \u00e0 l&#8217;\u00e9levage, d&#8217;appui \u00e0 la SODEPA par le Minist\u00e8re des Transports dans la r\u00e9gulation et la gestion du mat\u00e9riel roulant, ainsi que dans le transport terrestre, maritime et a\u00e9rien des produits animaux.<\/p>\n<p>Selon le Ministre Jean Ernest Mass\u00e9na NGALLE BIBEHE, la signature de cet accord s&#8217;inscrit dans la vision du Pr\u00e9sident de la R\u00e9publique, d&#8217;assurer le d\u00e9veloppement durable du pays, et de marcher vers l&#8217;\u00e9mergence.<\/p>\n<p><img loading=\"lazy\" decoding=\"async\" class=\"aligncenter wp-image-3230 size-large\" title=\"Photo de famille\" src=\"https:\/\/meteocameroon.gov.cm\/wp-content\/uploads\/2023\/10\/WhatsApp-Image-2023-10-10-at-22.51.20-1024x768.jpeg\" alt=\"\" width=\"640\" height=\"480\" \/><\/p>\n<p>Le Ministre est \u00e9galement convaincu que les actions qui seront mises en \u0153uvre dans le cadre de cette Convention-Cadre contribueront efficacement \u00e0 la politique d&#8217;import-substitution pilot\u00e9e par le Gouvernement.<\/p>\n<p>&nbsp;<\/p>\n<p>\u270d\ud83c\udffe CELCOM\/MINT<\/p>","protected":false},"excerpt":{"rendered":"<p>C&#8217;est une nouvelle aube dans les secteurs de la m\u00e9t\u00e9orologie et de l&#8217;agriculture. Ce mercredi 10 octobre 2023, le Minist\u00e8re des Transports repr\u00e9sent\u00e9 par le Ministre Jean Ernest Mass\u00e9na NGALLE [&hellip;]<\/p>","protected":false},"author":5,"featured_media":3244,"comment_status":"open","ping_status":"open","sticky":true,"template":"","format":"standard","meta":{"footnotes":""},"categories":[18,1],"tags":[],"class_list":["post-3238","post","type-post","status-publish","format-standard","has-post-thumbnail","hentry","category-actualite","category-information"],"yoast_head":"<!-- This site is optimized with the Yoast SEO plugin v26.8 - https:\/\/yoast.com\/product\/yoast-seo-wordpress\/ -->\n<title>M\u00e9t\u00e9orologie Nationale : le MINT signe une Convention - Cadre avec la SODEPA. - M\u00e9t\u00e9orologie Nationale du Cameroun<\/title>\n<meta name=\"description\" content=\"Le MINT et la SODEPA ont sign\u00e9 une Convention-Cadre de Collaboration pour le suivi des activit\u00e9s applicables \u00e0 l&#039;\u00e9levage\" \/>\n<meta name=\"robots\" content=\"index, follow, max-snippet:-1, max-image-preview:large, max-video-preview:-1\" \/>\n<link rel=\"canonical\" href=\"https:\/\/meteocameroon.gov.cm\/en\/conventionmintsodepa\/\" \/>\n<meta property=\"og:locale\" content=\"en_US\" \/>\n<meta property=\"og:type\" content=\"article\" \/>\n<meta property=\"og:title\" content=\"M\u00e9t\u00e9orologie Nationale : le MINT signe une Convention - Cadre avec la SODEPA. - M\u00e9t\u00e9orologie Nationale du Cameroun\" \/>\n<meta property=\"og:description\" content=\"Le MINT et la SODEPA ont sign\u00e9 une Convention-Cadre de Collaboration pour le suivi des activit\u00e9s applicables \u00e0 l&#039;\u00e9levage\" \/>\n<meta property=\"og:url\" content=\"https:\/\/meteocameroon.gov.cm\/en\/conventionmintsodepa\/\" \/>\n<meta property=\"og:site_name\" content=\"M\u00e9t\u00e9orologie Nationale du Cameroun\" \/>\n<meta property=\"article:published_time\" content=\"2023-10-10T15:00:31+00:00\" \/>\n<meta property=\"article:modified_time\" content=\"2023-10-22T01:20:42+00:00\" \/>\n<meta property=\"og:image\" content=\"https:\/\/meteocameroon.gov.cm\/wp-content\/uploads\/2023\/10\/WhatsApp-Image-2023-10-10-at-22.37.51.jpeg\" \/>\n\t<meta property=\"og:image:width\" content=\"1080\" \/>\n\t<meta property=\"og:image:height\" content=\"766\" \/>\n\t<meta property=\"og:image:type\" content=\"image\/jpeg\" \/>\n<meta name=\"author\" content=\"Serena MELIE TIOMELA\" \/>\n<meta name=\"twitter:card\" content=\"summary_large_image\" \/>\n<meta name=\"twitter:label1\" content=\"Written by\" \/>\n\t<meta name=\"twitter:data1\" content=\"Serena MELIE TIOMELA\" \/>\n\t<meta name=\"twitter:label2\" content=\"Est. reading time\" \/>\n\t<meta name=\"twitter:data2\" content=\"2 minutes\" \/>\n<script type=\"application\/ld+json\" class=\"yoast-schema-graph\">{\"@context\":\"https:\/\/schema.org\",\"@graph\":[{\"@type\":\"Article\",\"@id\":\"https:\/\/meteocameroon.gov.cm\/conventionmintsodepa\/#article\",\"isPartOf\":{\"@id\":\"https:\/\/meteocameroon.gov.cm\/conventionmintsodepa\/\"},\"author\":{\"name\":\"Serena MELIE TIOMELA\",\"@id\":\"https:\/\/meteocameroon.gov.cm\/#\/schema\/person\/4d320279c526d80e64c24ca2b100c401\"},\"headline\":\"M\u00e9t\u00e9orologie Nationale : le MINT signe une Convention &#8211; Cadre avec la SODEPA.\",\"datePublished\":\"2023-10-10T15:00:31+00:00\",\"dateModified\":\"2023-10-22T01:20:42+00:00\",\"mainEntityOfPage\":{\"@id\":\"https:\/\/meteocameroon.gov.cm\/conventionmintsodepa\/\"},\"wordCount\":256,\"commentCount\":0,\"publisher\":{\"@id\":\"https:\/\/meteocameroon.gov.cm\/#organization\"},\"image\":{\"@id\":\"https:\/\/meteocameroon.gov.cm\/conventionmintsodepa\/#primaryimage\"},\"thumbnailUrl\":\"https:\/\/meteocameroon.gov.cm\/wp-content\/uploads\/2023\/10\/WhatsApp-Image-2023-10-10-at-22.37.51.jpeg\",\"articleSection\":[\"Actualit\u00e9\",\"Information\"],\"inLanguage\":\"en-US\",\"potentialAction\":[{\"@type\":\"CommentAction\",\"name\":\"Comment\",\"target\":[\"https:\/\/meteocameroon.gov.cm\/conventionmintsodepa\/#respond\"]}]},{\"@type\":\"WebPage\",\"@id\":\"https:\/\/meteocameroon.gov.cm\/conventionmintsodepa\/\",\"url\":\"https:\/\/meteocameroon.gov.cm\/conventionmintsodepa\/\",\"name\":\"M\u00e9t\u00e9orologie Nationale : le MINT signe une Convention - Cadre avec la SODEPA. - M\u00e9t\u00e9orologie Nationale du Cameroun\",\"isPartOf\":{\"@id\":\"https:\/\/meteocameroon.gov.cm\/#website\"},\"primaryImageOfPage\":{\"@id\":\"https:\/\/meteocameroon.gov.cm\/conventionmintsodepa\/#primaryimage\"},\"image\":{\"@id\":\"https:\/\/meteocameroon.gov.cm\/conventionmintsodepa\/#primaryimage\"},\"thumbnailUrl\":\"https:\/\/meteocameroon.gov.cm\/wp-content\/uploads\/2023\/10\/WhatsApp-Image-2023-10-10-at-22.37.51.jpeg\",\"datePublished\":\"2023-10-10T15:00:31+00:00\",\"dateModified\":\"2023-10-22T01:20:42+00:00\",\"description\":\"Le MINT et la SODEPA ont sign\u00e9 une Convention-Cadre de Collaboration pour le suivi des activit\u00e9s applicables \u00e0 l'\u00e9levage\",\"breadcrumb\":{\"@id\":\"https:\/\/meteocameroon.gov.cm\/conventionmintsodepa\/#breadcrumb\"},\"inLanguage\":\"en-US\",\"potentialAction\":[{\"@type\":\"ReadAction\",\"target\":[\"https:\/\/meteocameroon.gov.cm\/conventionmintsodepa\/\"]}]},{\"@type\":\"ImageObject\",\"inLanguage\":\"en-US\",\"@id\":\"https:\/\/meteocameroon.gov.cm\/conventionmintsodepa\/#primaryimage\",\"url\":\"https:\/\/meteocameroon.gov.cm\/wp-content\/uploads\/2023\/10\/WhatsApp-Image-2023-10-10-at-22.37.51.jpeg\",\"contentUrl\":\"https:\/\/meteocameroon.gov.cm\/wp-content\/uploads\/2023\/10\/WhatsApp-Image-2023-10-10-at-22.37.51.jpeg\",\"width\":1080,\"height\":766},{\"@type\":\"BreadcrumbList\",\"@id\":\"https:\/\/meteocameroon.gov.cm\/conventionmintsodepa\/#breadcrumb\",\"itemListElement\":[{\"@type\":\"ListItem\",\"position\":1,\"name\":\"Accueil\",\"item\":\"https:\/\/meteocameroon.gov.cm\/\"},{\"@type\":\"ListItem\",\"position\":2,\"name\":\"M\u00e9t\u00e9orologie Nationale : le MINT signe une Convention &#8211; Cadre avec la SODEPA.\"}]},{\"@type\":\"WebSite\",\"@id\":\"https:\/\/meteocameroon.gov.cm\/#website\",\"url\":\"https:\/\/meteocameroon.gov.cm\/\",\"name\":\"M\u00e9t\u00e9orologie Nationale du Cameroun\",\"description\":\"La m\u00e9t\u00e9o un outils pour le d\u00e9veloppement\",\"publisher\":{\"@id\":\"https:\/\/meteocameroon.gov.cm\/#organization\"},\"potentialAction\":[{\"@type\":\"SearchAction\",\"target\":{\"@type\":\"EntryPoint\",\"urlTemplate\":\"https:\/\/meteocameroon.gov.cm\/?s={search_term_string}\"},\"query-input\":{\"@type\":\"PropertyValueSpecification\",\"valueRequired\":true,\"valueName\":\"search_term_string\"}}],\"inLanguage\":\"en-US\"},{\"@type\":\"Organization\",\"@id\":\"https:\/\/meteocameroon.gov.cm\/#organization\",\"name\":\"M\u00e9t\u00e9orologie Nationale du Cameroun\",\"url\":\"https:\/\/meteocameroon.gov.cm\/\",\"logo\":{\"@type\":\"ImageObject\",\"inLanguage\":\"en-US\",\"@id\":\"https:\/\/meteocameroon.gov.cm\/#\/schema\/logo\/image\/\",\"url\":\"https:\/\/meteocameroon.gov.cm\/wp-content\/uploads\/2022\/06\/Artboard-14x-renew.jpg\",\"contentUrl\":\"https:\/\/meteocameroon.gov.cm\/wp-content\/uploads\/2022\/06\/Artboard-14x-renew.jpg\",\"width\":519,\"height\":504,\"caption\":\"M\u00e9t\u00e9orologie Nationale du Cameroun\"},\"image\":{\"@id\":\"https:\/\/meteocameroon.gov.cm\/#\/schema\/logo\/image\/\"}},{\"@type\":\"Person\",\"@id\":\"https:\/\/meteocameroon.gov.cm\/#\/schema\/person\/4d320279c526d80e64c24ca2b100c401\",\"name\":\"Serena MELIE TIOMELA\",\"image\":{\"@type\":\"ImageObject\",\"inLanguage\":\"en-US\",\"@id\":\"https:\/\/meteocameroon.gov.cm\/#\/schema\/person\/image\/\",\"url\":\"https:\/\/secure.gravatar.com\/avatar\/3e4736f037c956a53360995aff940fd3ec9087b2d20f2de45ded9acffb99272b?s=96&d=mm&r=g\",\"contentUrl\":\"https:\/\/secure.gravatar.com\/avatar\/3e4736f037c956a53360995aff940fd3ec9087b2d20f2de45ded9acffb99272b?s=96&d=mm&r=g\",\"caption\":\"Serena MELIE TIOMELA\"},\"url\":\"https:\/\/meteocameroon.gov.cm\/en\/author\/serenamelie2gmail-com\/\"}]}<\/script>\n<!-- \/ Yoast SEO plugin. -->","yoast_head_json":{"title":"M\u00e9t\u00e9orologie Nationale : le MINT signe une Convention - Cadre avec la SODEPA. - M\u00e9t\u00e9orologie Nationale du Cameroun","description":"Le MINT et la SODEPA ont sign\u00e9 une Convention-Cadre de Collaboration pour le suivi des activit\u00e9s applicables \u00e0 l'\u00e9levage","robots":{"index":"index","follow":"follow","max-snippet":"max-snippet:-1","max-image-preview":"max-image-preview:large","max-video-preview":"max-video-preview:-1"},"canonical":"https:\/\/meteocameroon.gov.cm\/en\/conventionmintsodepa\/","og_locale":"en_US","og_type":"article","og_title":"M\u00e9t\u00e9orologie Nationale : le MINT signe une Convention - Cadre avec la SODEPA. - M\u00e9t\u00e9orologie Nationale du Cameroun","og_description":"Le MINT et la SODEPA ont sign\u00e9 une Convention-Cadre de Collaboration pour le suivi des activit\u00e9s applicables \u00e0 l'\u00e9levage","og_url":"https:\/\/meteocameroon.gov.cm\/en\/conventionmintsodepa\/","og_site_name":"M\u00e9t\u00e9orologie Nationale du Cameroun","article_published_time":"2023-10-10T15:00:31+00:00","article_modified_time":"2023-10-22T01:20:42+00:00","og_image":[{"width":1080,"height":766,"url":"https:\/\/meteocameroon.gov.cm\/wp-content\/uploads\/2023\/10\/WhatsApp-Image-2023-10-10-at-22.37.51.jpeg","type":"image\/jpeg"}],"author":"Serena MELIE TIOMELA","twitter_card":"summary_large_image","twitter_misc":{"Written by":"Serena MELIE TIOMELA","Est. reading time":"2 minutes"},"schema":{"@context":"https:\/\/schema.org","@graph":[{"@type":"Article","@id":"https:\/\/meteocameroon.gov.cm\/conventionmintsodepa\/#article","isPartOf":{"@id":"https:\/\/meteocameroon.gov.cm\/conventionmintsodepa\/"},"author":{"name":"Serena MELIE TIOMELA","@id":"https:\/\/meteocameroon.gov.cm\/#\/schema\/person\/4d320279c526d80e64c24ca2b100c401"},"headline":"M\u00e9t\u00e9orologie Nationale : le MINT signe une Convention &#8211; Cadre avec la SODEPA.","datePublished":"2023-10-10T15:00:31+00:00","dateModified":"2023-10-22T01:20:42+00:00","mainEntityOfPage":{"@id":"https:\/\/meteocameroon.gov.cm\/conventionmintsodepa\/"},"wordCount":256,"commentCount":0,"publisher":{"@id":"https:\/\/meteocameroon.gov.cm\/#organization"},"image":{"@id":"https:\/\/meteocameroon.gov.cm\/conventionmintsodepa\/#primaryimage"},"thumbnailUrl":"https:\/\/meteocameroon.gov.cm\/wp-content\/uploads\/2023\/10\/WhatsApp-Image-2023-10-10-at-22.37.51.jpeg","articleSection":["Actualit\u00e9","Information"],"inLanguage":"en-US","potentialAction":[{"@type":"CommentAction","name":"Comment","target":["https:\/\/meteocameroon.gov.cm\/conventionmintsodepa\/#respond"]}]},{"@type":"WebPage","@id":"https:\/\/meteocameroon.gov.cm\/conventionmintsodepa\/","url":"https:\/\/meteocameroon.gov.cm\/conventionmintsodepa\/","name":"M\u00e9t\u00e9orologie Nationale : le MINT signe une Convention - Cadre avec la SODEPA. - M\u00e9t\u00e9orologie Nationale du Cameroun","isPartOf":{"@id":"https:\/\/meteocameroon.gov.cm\/#website"},"primaryImageOfPage":{"@id":"https:\/\/meteocameroon.gov.cm\/conventionmintsodepa\/#primaryimage"},"image":{"@id":"https:\/\/meteocameroon.gov.cm\/conventionmintsodepa\/#primaryimage"},"thumbnailUrl":"https:\/\/meteocameroon.gov.cm\/wp-content\/uploads\/2023\/10\/WhatsApp-Image-2023-10-10-at-22.37.51.jpeg","datePublished":"2023-10-10T15:00:31+00:00","dateModified":"2023-10-22T01:20:42+00:00","description":"Le MINT et la SODEPA ont sign\u00e9 une Convention-Cadre de Collaboration pour le suivi des activit\u00e9s applicables \u00e0 l'\u00e9levage","breadcrumb":{"@id":"https:\/\/meteocameroon.gov.cm\/conventionmintsodepa\/#breadcrumb"},"inLanguage":"en-US","potentialAction":[{"@type":"ReadAction","target":["https:\/\/meteocameroon.gov.cm\/conventionmintsodepa\/"]}]},{"@type":"ImageObject","inLanguage":"en-US","@id":"https:\/\/meteocameroon.gov.cm\/conventionmintsodepa\/#primaryimage","url":"https:\/\/meteocameroon.gov.cm\/wp-content\/uploads\/2023\/10\/WhatsApp-Image-2023-10-10-at-22.37.51.jpeg","contentUrl":"https:\/\/meteocameroon.gov.cm\/wp-content\/uploads\/2023\/10\/WhatsApp-Image-2023-10-10-at-22.37.51.jpeg","width":1080,"height":766},{"@type":"BreadcrumbList","@id":"https:\/\/meteocameroon.gov.cm\/conventionmintsodepa\/#breadcrumb","itemListElement":[{"@type":"ListItem","position":1,"name":"Accueil","item":"https:\/\/meteocameroon.gov.cm\/"},{"@type":"ListItem","position":2,"name":"M\u00e9t\u00e9orologie Nationale : le MINT signe une Convention &#8211; Cadre avec la SODEPA."}]},{"@type":"WebSite","@id":"https:\/\/meteocameroon.gov.cm\/#website","url":"https:\/\/meteocameroon.gov.cm\/","name":"M\u00e9t\u00e9orologie Nationale du Cameroun","description":"La m\u00e9t\u00e9o un outils pour le d\u00e9veloppement","publisher":{"@id":"https:\/\/meteocameroon.gov.cm\/#organization"},"potentialAction":[{"@type":"SearchAction","target":{"@type":"EntryPoint","urlTemplate":"https:\/\/meteocameroon.gov.cm\/?s={search_term_string}"},"query-input":{"@type":"PropertyValueSpecification","valueRequired":true,"valueName":"search_term_string"}}],"inLanguage":"en-US"},{"@type":"Organization","@id":"https:\/\/meteocameroon.gov.cm\/#organization","name":"M\u00e9t\u00e9orologie Nationale du Cameroun","url":"https:\/\/meteocameroon.gov.cm\/","logo":{"@type":"ImageObject","inLanguage":"en-US","@id":"https:\/\/meteocameroon.gov.cm\/#\/schema\/logo\/image\/","url":"https:\/\/meteocameroon.gov.cm\/wp-content\/uploads\/2022\/06\/Artboard-14x-renew.jpg","contentUrl":"https:\/\/meteocameroon.gov.cm\/wp-content\/uploads\/2022\/06\/Artboard-14x-renew.jpg","width":519,"height":504,"caption":"M\u00e9t\u00e9orologie Nationale du Cameroun"},"image":{"@id":"https:\/\/meteocameroon.gov.cm\/#\/schema\/logo\/image\/"}},{"@type":"Person","@id":"https:\/\/meteocameroon.gov.cm\/#\/schema\/person\/4d320279c526d80e64c24ca2b100c401","name":"Serena MELIE TIOMELA","image":{"@type":"ImageObject","inLanguage":"en-US","@id":"https:\/\/meteocameroon.gov.cm\/#\/schema\/person\/image\/","url":"https:\/\/secure.gravatar.com\/avatar\/3e4736f037c956a53360995aff940fd3ec9087b2d20f2de45ded9acffb99272b?s=96&d=mm&r=g","contentUrl":"https:\/\/secure.gravatar.com\/avatar\/3e4736f037c956a53360995aff940fd3ec9087b2d20f2de45ded9acffb99272b?s=96&d=mm&r=g","caption":"Serena MELIE TIOMELA"},"url":"https:\/\/meteocameroon.gov.cm\/en\/author\/serenamelie2gmail-com\/"}]}},"rttpg_featured_image_url":{"full":["https:\/\/meteocameroon.gov.cm\/wp-content\/uploads\/2023\/10\/WhatsApp-Image-2023-10-10-at-22.37.51.jpeg",1080,766,false],"landscape":["https:\/\/meteocameroon.gov.cm\/wp-content\/uploads\/2023\/10\/WhatsApp-Image-2023-10-10-at-22.37.51.jpeg",1080,766,false],"portraits":["https:\/\/meteocameroon.gov.cm\/wp-content\/uploads\/2023\/10\/WhatsApp-Image-2023-10-10-at-22.37.51.jpeg",1080,766,false],"thumbnail":["https:\/\/meteocameroon.gov.cm\/wp-content\/uploads\/2023\/10\/WhatsApp-Image-2023-10-10-at-22.37.51-150x150.jpeg",150,150,true],"medium":["https:\/\/meteocameroon.gov.cm\/wp-content\/uploads\/2023\/10\/WhatsApp-Image-2023-10-10-at-22.37.51-300x213.jpeg",300,213,true],"large":["https:\/\/meteocameroon.gov.cm\/wp-content\/uploads\/2023\/10\/WhatsApp-Image-2023-10-10-at-22.37.51-1024x726.jpeg",640,454,true],"1536x1536":["https:\/\/meteocameroon.gov.cm\/wp-content\/uploads\/2023\/10\/WhatsApp-Image-2023-10-10-at-22.37.51.jpeg",1080,766,false],"2048x2048":["https:\/\/meteocameroon.gov.cm\/wp-content\/uploads\/2023\/10\/WhatsApp-Image-2023-10-10-at-22.37.51.jpeg",1080,766,false],"trp-custom-language-flag":["https:\/\/meteocameroon.gov.cm\/wp-content\/uploads\/2023\/10\/WhatsApp-Image-2023-10-10-at-22.37.51-18x12.jpeg",18,12,true],"binit-portfolio":["https:\/\/meteocameroon.gov.cm\/wp-content\/uploads\/2023\/10\/WhatsApp-Image-2023-10-10-at-22.37.51-600x700.jpeg",600,700,true],"binit-portfolio-vertical":["https:\/\/meteocameroon.gov.cm\/wp-content\/uploads\/2023\/10\/WhatsApp-Image-2023-10-10-at-22.37.51-380x564.jpeg",380,564,true],"binit-blog":["https:\/\/meteocameroon.gov.cm\/wp-content\/uploads\/2023\/10\/WhatsApp-Image-2023-10-10-at-22.37.51-600x420.jpeg",600,420,true],"binit-team":["https:\/\/meteocameroon.gov.cm\/wp-content\/uploads\/2023\/10\/WhatsApp-Image-2023-10-10-at-22.37.51-600x645.jpeg",600,645,true],"binit-product":["https:\/\/meteocameroon.gov.cm\/wp-content\/uploads\/2023\/10\/WhatsApp-Image-2023-10-10-at-22.37.51-360x440.jpeg",360,440,true],"binit-event":["https:\/\/meteocameroon.gov.cm\/wp-content\/uploads\/2023\/10\/WhatsApp-Image-2023-10-10-at-22.37.51-420x630.jpeg",420,630,true]},"rttpg_author":{"display_name":"Serena MELIE TIOMELA","author_link":"https:\/\/meteocameroon.gov.cm\/en\/author\/serenamelie2gmail-com\/"},"rttpg_comment":0,"rttpg_category":"<a href=\"https:\/\/meteocameroon.gov.cm\/en\/category\/actualite\/\" rel=\"category tag\">Actualit\u00e9<\/a> <a href=\"https:\/\/meteocameroon.gov.cm\/en\/category\/information\/\" rel=\"category tag\">Information<\/a>","rttpg_excerpt":"C&#8217;est une nouvelle aube dans les secteurs de la m\u00e9t\u00e9orologie et de l&#8217;agriculture. Ce mercredi 10 octobre 2023, le Minist\u00e8re des Transports repr\u00e9sent\u00e9 par le Ministre Jean Ernest Mass\u00e9na NGALLE [&hellip;]","_links":{"self":[{"href":"https:\/\/meteocameroon.gov.cm\/en\/wp-json\/wp\/v2\/posts\/3238","targetHints":{"allow":["GET"]}}],"collection":[{"href":"https:\/\/meteocameroon.gov.cm\/en\/wp-json\/wp\/v2\/posts"}],"about":[{"href":"https:\/\/meteocameroon.gov.cm\/en\/wp-json\/wp\/v2\/types\/post"}],"author":[{"embeddable":true,"href":"https:\/\/meteocameroon.gov.cm\/en\/wp-json\/wp\/v2\/users\/5"}],"replies":[{"embeddable":true,"href":"https:\/\/meteocameroon.gov.cm\/en\/wp-json\/wp\/v2\/comments?post=3238"}],"version-history":[{"count":4,"href":"https:\/\/meteocameroon.gov.cm\/en\/wp-json\/wp\/v2\/posts\/3238\/revisions"}],"predecessor-version":[{"id":3267,"href":"https:\/\/meteocameroon.gov.cm\/en\/wp-json\/wp\/v2\/posts\/3238\/revisions\/3267"}],"wp:featuredmedia":[{"embeddable":true,"href":"https:\/\/meteocameroon.gov.cm\/en\/wp-json\/wp\/v2\/media\/3244"}],"wp:attachment":[{"href":"https:\/\/meteocameroon.gov.cm\/en\/wp-json\/wp\/v2\/media?parent=3238"}],"wp:term":[{"taxonomy":"category","embeddable":true,"href":"https:\/\/meteocameroon.gov.cm\/en\/wp-json\/wp\/v2\/categories?post=3238"},{"taxonomy":"post_tag","embeddable":true,"href":"https:\/\/meteocameroon.gov.cm\/en\/wp-json\/wp\/v2\/tags?post=3238"}],"curies":[{"name":"wp","href":"https:\/\/api.w.org\/{rel}","templated":true}]}}