{"id":3361,"date":"2023-12-07T12:50:08","date_gmt":"2023-12-07T11:50:08","guid":{"rendered":"https:\/\/meteocameroon.gov.cm\/?p=3361"},"modified":"2023-12-08T14:07:35","modified_gmt":"2023-12-08T13:07:35","slug":"selection-de-deux-sites-pour-linstallation-de-deux-stations-agrometeorologiques-a-waza-dans-le-cadre-du-projet-accroitre-la-resilience-des-communautes-locales-au-changement-climatique","status":"publish","type":"post","link":"https:\/\/meteocameroon.gov.cm\/en\/selection-de-deux-sites-pour-linstallation-de-deux-stations-agrometeorologiques-a-waza-dans-le-cadre-du-projet-accroitre-la-resilience-des-communautes-locales-au-changement-climatique\/","title":{"rendered":"S\u00e9lection de deux sites pour l\u2019installation de deux stations agrom\u00e9t\u00e9orologiques \u00e0 Waza dans le cadre du projet \u00ab Accro\u00eetre la R\u00e9silience des Communaut\u00e9s Locales au Changement Climatique gr\u00e2ce \u00e0 l\u2019Entrepreneuriat des Jeunes et la Gestion Int\u00e9gr\u00e9e des Ressources Naturelles\u00bb"},"content":{"rendered":"<p>Dans le cadre du projet \u00ab Accro\u00eetre la R\u00e9silience des Communaut\u00e9s Locales au Changement Climatique gr\u00e2ce \u00e0 l\u2019Entrepreneuriat des Jeunes et la Gestion Int\u00e9gr\u00e9e des Ressources Naturelles \u00bb (ACREGIR), une descente de terrain conjointe entre les responsables du projet ACREGIR, le personnel de la Direction de la M\u00e9t\u00e9orologie Nationale (DMN) et le personnel de l\u2019Observatoire National sur les Changements Climatiques (ONACC) a eu lieu dans la zone de Waza, du 04 au 06 d\u00e9cembre 2023.<\/p>\n<p>L\u2019objectif de cette visite \u00e9tait d\u2019effectuer la s\u00e9lection des sites destin\u00e9s \u00e0 accueillir deux (02) stations agrom\u00e9t\u00e9orologiques.<\/p>\n<p>Rappelons qu\u2019en date du 03 novembre 2023, une r\u00e9union s\u2019est tenue entre le personnel de la Direction de la m\u00e9t\u00e9orologie Nationale et une \u00e9quipe du projet ACREGIR afin de collaborer dans l\u2019ex\u00e9cution des missions dudit projet, dont l\u2019un des extrants majeurs est l\u2019acquisition de stations agrom\u00e9t\u00e9orologiques aux alentours de certaines aires prot\u00e9g\u00e9es du Cameroun.<\/p>\n<p>Cette descente a ainsi permis d\u2019identifier 3 sites potentiels pour chacune des deux stations en cours d\u2019acquisition, de s\u2019assurer du respect des normes de distanciation minimale entre les sites et de relever les coordonn\u00e9es GPS exactes et d\u00e9finitives pour les emplacements les plus appropri\u00e9s<\/p>\n<p>Quelques images de la descente vous sont pr\u00e9sent\u00e9es ci-apr\u00e8s.<\/p>\n<p><img loading=\"lazy\" decoding=\"async\" class=\"alignnone wp-image-3366\" src=\"https:\/\/meteocameroon.gov.cm\/wp-content\/uploads\/2023\/12\/WhatsApp-Image-2023-12-06-at-14.06.40.jpeg\" alt=\"\" width=\"1384\" height=\"623\" \/> <img loading=\"lazy\" decoding=\"async\" class=\"alignnone wp-image-3365\" src=\"https:\/\/meteocameroon.gov.cm\/wp-content\/uploads\/2023\/12\/WhatsApp-Image-2023-12-06-at-14.06.43-1-1.jpeg\" alt=\"\" width=\"1382\" height=\"622\" \/> <img loading=\"lazy\" decoding=\"async\" class=\"wp-image-3364 aligncenter\" src=\"https:\/\/meteocameroon.gov.cm\/wp-content\/uploads\/2023\/12\/WhatsApp-Image-2023-12-06-at-14.06.43.jpeg\" alt=\"\" width=\"943\" height=\"2096\" \/> <img loading=\"lazy\" decoding=\"async\" class=\"wp-image-3363 aligncenter\" src=\"https:\/\/meteocameroon.gov.cm\/wp-content\/uploads\/2023\/12\/WhatsApp-Image-2023-12-06-at-14.06.44.jpeg\" alt=\"\" width=\"1183\" height=\"1578\" \/><\/p>","protected":false},"excerpt":{"rendered":"<p>Dans le cadre du projet \u00ab Accro\u00eetre la R\u00e9silience des Communaut\u00e9s Locales au Changement Climatique gr\u00e2ce \u00e0 l\u2019Entrepreneuriat des Jeunes et la Gestion Int\u00e9gr\u00e9e des Ressources Naturelles \u00bb (ACREGIR), une [&hellip;]<\/p>","protected":false},"author":7,"featured_media":3367,"comment_status":"open","ping_status":"open","sticky":false,"template":"","format":"standard","meta":{"footnotes":""},"categories":[18,1],"tags":[],"class_list":["post-3361","post","type-post","status-publish","format-standard","has-post-thumbnail","hentry","category-actualite","category-information"],"yoast_head":"<!-- This site is optimized with the Yoast SEO plugin v26.8 - https:\/\/yoast.com\/product\/yoast-seo-wordpress\/ -->\n<title>S\u00e9lection de deux sites pour l\u2019installation de deux stations agrom\u00e9t\u00e9orologiques \u00e0 Waza dans le cadre du projet \u00ab Accro\u00eetre la R\u00e9silience des Communaut\u00e9s Locales au Changement Climatique gr\u00e2ce \u00e0 l\u2019Entrepreneuriat des Jeunes et la Gestion Int\u00e9gr\u00e9e des Ressources Naturelles\u00bb - M\u00e9t\u00e9orologie Nationale du Cameroun<\/title>\n<meta name=\"description\" content=\"Dans le cadre du projet \u00ab Accro\u00eetre la R\u00e9silience des Communaut\u00e9s Locales au Changement Climatique gr\u00e2ce \u00e0 l\u2019Entrepreneuriat des Jeunes et la Gestion Int\u00e9gr\u00e9e des Ressources Naturelles \u00bb (ACREGIR), une descente de terrain conjointe entre les responsables du projet ACREGIR, le personnel de la Direction de la M\u00e9t\u00e9orologie Nationale (DMN) et le personnel de l\u2019Observatoire National sur les Changements Climatiques (ONACC) a eu lieu dans la zone de Waza, du 04 au 06 d\u00e9cembre 2023.L\u2019objectif de cette visite \u00e9tait d\u2019effectuer la s\u00e9lection des sites destin\u00e9s \u00e0 accueillir deux (02) stations agrom\u00e9t\u00e9orologiques.Rappelons qu\u2019en date du 03 novembre 2023, une r\u00e9union s\u2019est tenue entre le personnel de la Direction de la m\u00e9t\u00e9orologie Nationale et une \u00e9quipe du projet ACREGIR afin de collaborer dans l\u2019ex\u00e9cution des missions dudit projet, dont l\u2019un des extrants majeurs est l\u2019acquisition de stations agrom\u00e9t\u00e9orologiques aux alentours de certaines aires prot\u00e9g\u00e9es du Cameroun.Cette descente a ainsi permis d\u2019identifier 3 sites potentiels pour chacune des deux stations en cours d\u2019acquisition, de s\u2019assurer du respect des normes de distanciation minimale entre les sites et de relever les coordonn\u00e9es GPS exactes et d\u00e9finitives pour les emplacements les plus appropri\u00e9sQuelques images de la descente vous sont pr\u00e9sent\u00e9es ci-apr\u00e8s.\" \/>\n<meta name=\"robots\" content=\"index, follow, max-snippet:-1, max-image-preview:large, max-video-preview:-1\" \/>\n<link rel=\"canonical\" href=\"https:\/\/meteocameroon.gov.cm\/en\/selection-de-deux-sites-pour-linstallation-de-deux-stations-agrometeorologiques-a-waza-dans-le-cadre-du-projet-accroitre-la-resilience-des-communautes-locales-au-changement-climatique\/\" \/>\n<meta property=\"og:locale\" content=\"en_US\" \/>\n<meta property=\"og:type\" content=\"article\" \/>\n<meta property=\"og:title\" content=\"S\u00e9lection de deux sites pour l\u2019installation de deux stations agrom\u00e9t\u00e9orologiques \u00e0 Waza dans le cadre du projet \u00ab Accro\u00eetre la R\u00e9silience des Communaut\u00e9s Locales au Changement Climatique gr\u00e2ce \u00e0 l\u2019Entrepreneuriat des Jeunes et la Gestion Int\u00e9gr\u00e9e des Ressources Naturelles\u00bb - M\u00e9t\u00e9orologie Nationale du Cameroun\" \/>\n<meta property=\"og:description\" content=\"Dans le cadre du projet \u00ab Accro\u00eetre la R\u00e9silience des Communaut\u00e9s Locales au Changement Climatique gr\u00e2ce \u00e0 l\u2019Entrepreneuriat des Jeunes et la Gestion Int\u00e9gr\u00e9e des Ressources Naturelles \u00bb (ACREGIR), une descente de terrain conjointe entre les responsables du projet ACREGIR, le personnel de la Direction de la M\u00e9t\u00e9orologie Nationale (DMN) et le personnel de l\u2019Observatoire National sur les Changements Climatiques (ONACC) a eu lieu dans la zone de Waza, du 04 au 06 d\u00e9cembre 2023.L\u2019objectif de cette visite \u00e9tait d\u2019effectuer la s\u00e9lection des sites destin\u00e9s \u00e0 accueillir deux (02) stations agrom\u00e9t\u00e9orologiques.Rappelons qu\u2019en date du 03 novembre 2023, une r\u00e9union s\u2019est tenue entre le personnel de la Direction de la m\u00e9t\u00e9orologie Nationale et une \u00e9quipe du projet ACREGIR afin de collaborer dans l\u2019ex\u00e9cution des missions dudit projet, dont l\u2019un des extrants majeurs est l\u2019acquisition de stations agrom\u00e9t\u00e9orologiques aux alentours de certaines aires prot\u00e9g\u00e9es du Cameroun.Cette descente a ainsi permis d\u2019identifier 3 sites potentiels pour chacune des deux stations en cours d\u2019acquisition, de s\u2019assurer du respect des normes de distanciation minimale entre les sites et de relever les coordonn\u00e9es GPS exactes et d\u00e9finitives pour les emplacements les plus appropri\u00e9sQuelques images de la descente vous sont pr\u00e9sent\u00e9es ci-apr\u00e8s.\" \/>\n<meta property=\"og:url\" content=\"https:\/\/meteocameroon.gov.cm\/en\/selection-de-deux-sites-pour-linstallation-de-deux-stations-agrometeorologiques-a-waza-dans-le-cadre-du-projet-accroitre-la-resilience-des-communautes-locales-au-changement-climatique\/\" \/>\n<meta property=\"og:site_name\" content=\"M\u00e9t\u00e9orologie Nationale du Cameroun\" \/>\n<meta property=\"article:published_time\" content=\"2023-12-07T11:50:08+00:00\" \/>\n<meta property=\"article:modified_time\" content=\"2023-12-08T13:07:35+00:00\" \/>\n<meta property=\"og:image\" content=\"https:\/\/meteocameroon.gov.cm\/wp-content\/uploads\/2023\/12\/WhatsApp-Image-2023-12-06-at-14.06.43-1-2.jpeg\" \/>\n\t<meta property=\"og:image:width\" content=\"1080\" \/>\n\t<meta property=\"og:image:height\" content=\"486\" \/>\n\t<meta property=\"og:image:type\" content=\"image\/jpeg\" \/>\n<meta name=\"author\" content=\"Ramses Landry BELL EPIPE\" \/>\n<meta name=\"twitter:card\" content=\"summary_large_image\" \/>\n<meta name=\"twitter:label1\" content=\"Written by\" \/>\n\t<meta name=\"twitter:data1\" content=\"Ramses Landry BELL EPIPE\" \/>\n\t<meta name=\"twitter:label2\" content=\"Est. reading time\" \/>\n\t<meta name=\"twitter:data2\" content=\"2 minutes\" \/>\n<script type=\"application\/ld+json\" class=\"yoast-schema-graph\">{\"@context\":\"https:\/\/schema.org\",\"@graph\":[{\"@type\":\"Article\",\"@id\":\"https:\/\/meteocameroon.gov.cm\/selection-de-deux-sites-pour-linstallation-de-deux-stations-agrometeorologiques-a-waza-dans-le-cadre-du-projet-accroitre-la-resilience-des-communautes-locales-au-changement-climatique\/#article\",\"isPartOf\":{\"@id\":\"https:\/\/meteocameroon.gov.cm\/selection-de-deux-sites-pour-linstallation-de-deux-stations-agrometeorologiques-a-waza-dans-le-cadre-du-projet-accroitre-la-resilience-des-communautes-locales-au-changement-climatique\/\"},\"author\":{\"name\":\"Ramses Landry BELL EPIPE\",\"@id\":\"https:\/\/meteocameroon.gov.cm\/#\/schema\/person\/659cc0f0e2f18cdf0b91651c76411785\"},\"headline\":\"S\u00e9lection de deux sites pour l\u2019installation de deux stations agrom\u00e9t\u00e9orologiques \u00e0 Waza dans le cadre du projet \u00ab Accro\u00eetre la R\u00e9silience des Communaut\u00e9s Locales au Changement Climatique gr\u00e2ce \u00e0 l\u2019Entrepreneuriat des Jeunes et la Gestion Int\u00e9gr\u00e9e des Ressources Naturelles\u00bb\",\"datePublished\":\"2023-12-07T11:50:08+00:00\",\"dateModified\":\"2023-12-08T13:07:35+00:00\",\"mainEntityOfPage\":{\"@id\":\"https:\/\/meteocameroon.gov.cm\/selection-de-deux-sites-pour-linstallation-de-deux-stations-agrometeorologiques-a-waza-dans-le-cadre-du-projet-accroitre-la-resilience-des-communautes-locales-au-changement-climatique\/\"},\"wordCount\":274,\"commentCount\":0,\"publisher\":{\"@id\":\"https:\/\/meteocameroon.gov.cm\/#organization\"},\"image\":{\"@id\":\"https:\/\/meteocameroon.gov.cm\/selection-de-deux-sites-pour-linstallation-de-deux-stations-agrometeorologiques-a-waza-dans-le-cadre-du-projet-accroitre-la-resilience-des-communautes-locales-au-changement-climatique\/#primaryimage\"},\"thumbnailUrl\":\"https:\/\/meteocameroon.gov.cm\/wp-content\/uploads\/2023\/12\/WhatsApp-Image-2023-12-06-at-14.06.43-1-2.jpeg\",\"articleSection\":[\"Actualit\u00e9\",\"Information\"],\"inLanguage\":\"en-US\",\"potentialAction\":[{\"@type\":\"CommentAction\",\"name\":\"Comment\",\"target\":[\"https:\/\/meteocameroon.gov.cm\/selection-de-deux-sites-pour-linstallation-de-deux-stations-agrometeorologiques-a-waza-dans-le-cadre-du-projet-accroitre-la-resilience-des-communautes-locales-au-changement-climatique\/#respond\"]}]},{\"@type\":\"WebPage\",\"@id\":\"https:\/\/meteocameroon.gov.cm\/selection-de-deux-sites-pour-linstallation-de-deux-stations-agrometeorologiques-a-waza-dans-le-cadre-du-projet-accroitre-la-resilience-des-communautes-locales-au-changement-climatique\/\",\"url\":\"https:\/\/meteocameroon.gov.cm\/selection-de-deux-sites-pour-linstallation-de-deux-stations-agrometeorologiques-a-waza-dans-le-cadre-du-projet-accroitre-la-resilience-des-communautes-locales-au-changement-climatique\/\",\"name\":\"S\u00e9lection de deux sites pour l\u2019installation de deux stations agrom\u00e9t\u00e9orologiques \u00e0 Waza dans le cadre du projet \u00ab Accro\u00eetre la R\u00e9silience des Communaut\u00e9s Locales au Changement Climatique gr\u00e2ce \u00e0 l\u2019Entrepreneuriat des Jeunes et la Gestion Int\u00e9gr\u00e9e des Ressources Naturelles\u00bb - M\u00e9t\u00e9orologie Nationale du Cameroun\",\"isPartOf\":{\"@id\":\"https:\/\/meteocameroon.gov.cm\/#website\"},\"primaryImageOfPage\":{\"@id\":\"https:\/\/meteocameroon.gov.cm\/selection-de-deux-sites-pour-linstallation-de-deux-stations-agrometeorologiques-a-waza-dans-le-cadre-du-projet-accroitre-la-resilience-des-communautes-locales-au-changement-climatique\/#primaryimage\"},\"image\":{\"@id\":\"https:\/\/meteocameroon.gov.cm\/selection-de-deux-sites-pour-linstallation-de-deux-stations-agrometeorologiques-a-waza-dans-le-cadre-du-projet-accroitre-la-resilience-des-communautes-locales-au-changement-climatique\/#primaryimage\"},\"thumbnailUrl\":\"https:\/\/meteocameroon.gov.cm\/wp-content\/uploads\/2023\/12\/WhatsApp-Image-2023-12-06-at-14.06.43-1-2.jpeg\",\"datePublished\":\"2023-12-07T11:50:08+00:00\",\"dateModified\":\"2023-12-08T13:07:35+00:00\",\"description\":\"Dans le cadre du projet \u00ab Accro\u00eetre la R\u00e9silience des Communaut\u00e9s Locales au Changement Climatique gr\u00e2ce \u00e0 l\u2019Entrepreneuriat des Jeunes et la Gestion Int\u00e9gr\u00e9e des Ressources Naturelles \u00bb (ACREGIR), une descente de terrain conjointe entre les responsables du projet ACREGIR, le personnel de la Direction de la M\u00e9t\u00e9orologie Nationale (DMN) et le personnel de l\u2019Observatoire National sur les Changements Climatiques (ONACC) a eu lieu dans la zone de Waza, du 04 au 06 d\u00e9cembre 2023.L\u2019objectif de cette visite \u00e9tait d\u2019effectuer la s\u00e9lection des sites destin\u00e9s \u00e0 accueillir deux (02) stations agrom\u00e9t\u00e9orologiques.Rappelons qu\u2019en date du 03 novembre 2023, une r\u00e9union s\u2019est tenue entre le personnel de la Direction de la m\u00e9t\u00e9orologie Nationale et une \u00e9quipe du projet ACREGIR afin de collaborer dans l\u2019ex\u00e9cution des missions dudit projet, dont l\u2019un des extrants majeurs est l\u2019acquisition de stations agrom\u00e9t\u00e9orologiques aux alentours de certaines aires prot\u00e9g\u00e9es du Cameroun.Cette descente a ainsi permis d\u2019identifier 3 sites potentiels pour chacune des deux stations en cours d\u2019acquisition, de s\u2019assurer du respect des normes de distanciation minimale entre les sites et de relever les coordonn\u00e9es GPS exactes et d\u00e9finitives pour les emplacements les plus appropri\u00e9sQuelques images de la descente vous sont pr\u00e9sent\u00e9es ci-apr\u00e8s.\",\"breadcrumb\":{\"@id\":\"https:\/\/meteocameroon.gov.cm\/selection-de-deux-sites-pour-linstallation-de-deux-stations-agrometeorologiques-a-waza-dans-le-cadre-du-projet-accroitre-la-resilience-des-communautes-locales-au-changement-climatique\/#breadcrumb\"},\"inLanguage\":\"en-US\",\"potentialAction\":[{\"@type\":\"ReadAction\",\"target\":[\"https:\/\/meteocameroon.gov.cm\/selection-de-deux-sites-pour-linstallation-de-deux-stations-agrometeorologiques-a-waza-dans-le-cadre-du-projet-accroitre-la-resilience-des-communautes-locales-au-changement-climatique\/\"]}]},{\"@type\":\"ImageObject\",\"inLanguage\":\"en-US\",\"@id\":\"https:\/\/meteocameroon.gov.cm\/selection-de-deux-sites-pour-linstallation-de-deux-stations-agrometeorologiques-a-waza-dans-le-cadre-du-projet-accroitre-la-resilience-des-communautes-locales-au-changement-climatique\/#primaryimage\",\"url\":\"https:\/\/meteocameroon.gov.cm\/wp-content\/uploads\/2023\/12\/WhatsApp-Image-2023-12-06-at-14.06.43-1-2.jpeg\",\"contentUrl\":\"https:\/\/meteocameroon.gov.cm\/wp-content\/uploads\/2023\/12\/WhatsApp-Image-2023-12-06-at-14.06.43-1-2.jpeg\",\"width\":1080,\"height\":486},{\"@type\":\"BreadcrumbList\",\"@id\":\"https:\/\/meteocameroon.gov.cm\/selection-de-deux-sites-pour-linstallation-de-deux-stations-agrometeorologiques-a-waza-dans-le-cadre-du-projet-accroitre-la-resilience-des-communautes-locales-au-changement-climatique\/#breadcrumb\",\"itemListElement\":[{\"@type\":\"ListItem\",\"position\":1,\"name\":\"Accueil\",\"item\":\"https:\/\/meteocameroon.gov.cm\/\"},{\"@type\":\"ListItem\",\"position\":2,\"name\":\"S\u00e9lection de deux sites pour l\u2019installation de deux stations agrom\u00e9t\u00e9orologiques \u00e0 Waza dans le cadre du projet \u00ab Accro\u00eetre la R\u00e9silience des Communaut\u00e9s Locales au Changement Climatique gr\u00e2ce \u00e0 l\u2019Entrepreneuriat des Jeunes et la Gestion Int\u00e9gr\u00e9e des Ressources Naturelles\u00bb\"}]},{\"@type\":\"WebSite\",\"@id\":\"https:\/\/meteocameroon.gov.cm\/#website\",\"url\":\"https:\/\/meteocameroon.gov.cm\/\",\"name\":\"M\u00e9t\u00e9orologie Nationale du Cameroun\",\"description\":\"La m\u00e9t\u00e9o un outils pour le d\u00e9veloppement\",\"publisher\":{\"@id\":\"https:\/\/meteocameroon.gov.cm\/#organization\"},\"potentialAction\":[{\"@type\":\"SearchAction\",\"target\":{\"@type\":\"EntryPoint\",\"urlTemplate\":\"https:\/\/meteocameroon.gov.cm\/?s={search_term_string}\"},\"query-input\":{\"@type\":\"PropertyValueSpecification\",\"valueRequired\":true,\"valueName\":\"search_term_string\"}}],\"inLanguage\":\"en-US\"},{\"@type\":\"Organization\",\"@id\":\"https:\/\/meteocameroon.gov.cm\/#organization\",\"name\":\"M\u00e9t\u00e9orologie Nationale du Cameroun\",\"url\":\"https:\/\/meteocameroon.gov.cm\/\",\"logo\":{\"@type\":\"ImageObject\",\"inLanguage\":\"en-US\",\"@id\":\"https:\/\/meteocameroon.gov.cm\/#\/schema\/logo\/image\/\",\"url\":\"https:\/\/meteocameroon.gov.cm\/wp-content\/uploads\/2022\/06\/Artboard-14x-renew.jpg\",\"contentUrl\":\"https:\/\/meteocameroon.gov.cm\/wp-content\/uploads\/2022\/06\/Artboard-14x-renew.jpg\",\"width\":519,\"height\":504,\"caption\":\"M\u00e9t\u00e9orologie Nationale du Cameroun\"},\"image\":{\"@id\":\"https:\/\/meteocameroon.gov.cm\/#\/schema\/logo\/image\/\"}},{\"@type\":\"Person\",\"@id\":\"https:\/\/meteocameroon.gov.cm\/#\/schema\/person\/659cc0f0e2f18cdf0b91651c76411785\",\"name\":\"Ramses Landry BELL EPIPE\",\"image\":{\"@type\":\"ImageObject\",\"inLanguage\":\"en-US\",\"@id\":\"https:\/\/meteocameroon.gov.cm\/#\/schema\/person\/image\/\",\"url\":\"https:\/\/secure.gravatar.com\/avatar\/a21a20808b4c2c9c09679c226bd9f55c66dcbdfe8f8a97c3d1bb809ad03b7626?s=96&d=mm&r=g\",\"contentUrl\":\"https:\/\/secure.gravatar.com\/avatar\/a21a20808b4c2c9c09679c226bd9f55c66dcbdfe8f8a97c3d1bb809ad03b7626?s=96&d=mm&r=g\",\"caption\":\"Ramses Landry BELL EPIPE\"},\"url\":\"https:\/\/meteocameroon.gov.cm\/en\/author\/ramses\/\"}]}<\/script>\n<!-- \/ Yoast SEO plugin. -->","yoast_head_json":{"title":"S\u00e9lection de deux sites pour l\u2019installation de deux stations agrom\u00e9t\u00e9orologiques \u00e0 Waza dans le cadre du projet \u00ab Accro\u00eetre la R\u00e9silience des Communaut\u00e9s Locales au Changement Climatique gr\u00e2ce \u00e0 l\u2019Entrepreneuriat des Jeunes et la Gestion Int\u00e9gr\u00e9e des Ressources Naturelles\u00bb - M\u00e9t\u00e9orologie Nationale du Cameroun","description":"Dans le cadre du projet \u00ab Accro\u00eetre la R\u00e9silience des Communaut\u00e9s Locales au Changement Climatique gr\u00e2ce \u00e0 l\u2019Entrepreneuriat des Jeunes et la Gestion Int\u00e9gr\u00e9e des Ressources Naturelles \u00bb (ACREGIR), une descente de terrain conjointe entre les responsables du projet ACREGIR, le personnel de la Direction de la M\u00e9t\u00e9orologie Nationale (DMN) et le personnel de l\u2019Observatoire National sur les Changements Climatiques (ONACC) a eu lieu dans la zone de Waza, du 04 au 06 d\u00e9cembre 2023.L\u2019objectif de cette visite \u00e9tait d\u2019effectuer la s\u00e9lection des sites destin\u00e9s \u00e0 accueillir deux (02) stations agrom\u00e9t\u00e9orologiques.Rappelons qu\u2019en date du 03 novembre 2023, une r\u00e9union s\u2019est tenue entre le personnel de la Direction de la m\u00e9t\u00e9orologie Nationale et une \u00e9quipe du projet ACREGIR afin de collaborer dans l\u2019ex\u00e9cution des missions dudit projet, dont l\u2019un des extrants majeurs est l\u2019acquisition de stations agrom\u00e9t\u00e9orologiques aux alentours de certaines aires prot\u00e9g\u00e9es du Cameroun.Cette descente a ainsi permis d\u2019identifier 3 sites potentiels pour chacune des deux stations en cours d\u2019acquisition, de s\u2019assurer du respect des normes de distanciation minimale entre les sites et de relever les coordonn\u00e9es GPS exactes et d\u00e9finitives pour les emplacements les plus appropri\u00e9sQuelques images de la descente vous sont pr\u00e9sent\u00e9es ci-apr\u00e8s.","robots":{"index":"index","follow":"follow","max-snippet":"max-snippet:-1","max-image-preview":"max-image-preview:large","max-video-preview":"max-video-preview:-1"},"canonical":"https:\/\/meteocameroon.gov.cm\/en\/selection-de-deux-sites-pour-linstallation-de-deux-stations-agrometeorologiques-a-waza-dans-le-cadre-du-projet-accroitre-la-resilience-des-communautes-locales-au-changement-climatique\/","og_locale":"en_US","og_type":"article","og_title":"S\u00e9lection de deux sites pour l\u2019installation de deux stations agrom\u00e9t\u00e9orologiques \u00e0 Waza dans le cadre du projet \u00ab Accro\u00eetre la R\u00e9silience des Communaut\u00e9s Locales au Changement Climatique gr\u00e2ce \u00e0 l\u2019Entrepreneuriat des Jeunes et la Gestion Int\u00e9gr\u00e9e des Ressources Naturelles\u00bb - M\u00e9t\u00e9orologie Nationale du Cameroun","og_description":"Dans le cadre du projet \u00ab Accro\u00eetre la R\u00e9silience des Communaut\u00e9s Locales au Changement Climatique gr\u00e2ce \u00e0 l\u2019Entrepreneuriat des Jeunes et la Gestion Int\u00e9gr\u00e9e des Ressources Naturelles \u00bb (ACREGIR), une descente de terrain conjointe entre les responsables du projet ACREGIR, le personnel de la Direction de la M\u00e9t\u00e9orologie Nationale (DMN) et le personnel de l\u2019Observatoire National sur les Changements Climatiques (ONACC) a eu lieu dans la zone de Waza, du 04 au 06 d\u00e9cembre 2023.L\u2019objectif de cette visite \u00e9tait d\u2019effectuer la s\u00e9lection des sites destin\u00e9s \u00e0 accueillir deux (02) stations agrom\u00e9t\u00e9orologiques.Rappelons qu\u2019en date du 03 novembre 2023, une r\u00e9union s\u2019est tenue entre le personnel de la Direction de la m\u00e9t\u00e9orologie Nationale et une \u00e9quipe du projet ACREGIR afin de collaborer dans l\u2019ex\u00e9cution des missions dudit projet, dont l\u2019un des extrants majeurs est l\u2019acquisition de stations agrom\u00e9t\u00e9orologiques aux alentours de certaines aires prot\u00e9g\u00e9es du Cameroun.Cette descente a ainsi permis d\u2019identifier 3 sites potentiels pour chacune des deux stations en cours d\u2019acquisition, de s\u2019assurer du respect des normes de distanciation minimale entre les sites et de relever les coordonn\u00e9es GPS exactes et d\u00e9finitives pour les emplacements les plus appropri\u00e9sQuelques images de la descente vous sont pr\u00e9sent\u00e9es ci-apr\u00e8s.","og_url":"https:\/\/meteocameroon.gov.cm\/en\/selection-de-deux-sites-pour-linstallation-de-deux-stations-agrometeorologiques-a-waza-dans-le-cadre-du-projet-accroitre-la-resilience-des-communautes-locales-au-changement-climatique\/","og_site_name":"M\u00e9t\u00e9orologie Nationale du Cameroun","article_published_time":"2023-12-07T11:50:08+00:00","article_modified_time":"2023-12-08T13:07:35+00:00","og_image":[{"width":1080,"height":486,"url":"https:\/\/meteocameroon.gov.cm\/wp-content\/uploads\/2023\/12\/WhatsApp-Image-2023-12-06-at-14.06.43-1-2.jpeg","type":"image\/jpeg"}],"author":"Ramses Landry BELL EPIPE","twitter_card":"summary_large_image","twitter_misc":{"Written by":"Ramses Landry BELL EPIPE","Est. reading time":"2 minutes"},"schema":{"@context":"https:\/\/schema.org","@graph":[{"@type":"Article","@id":"https:\/\/meteocameroon.gov.cm\/selection-de-deux-sites-pour-linstallation-de-deux-stations-agrometeorologiques-a-waza-dans-le-cadre-du-projet-accroitre-la-resilience-des-communautes-locales-au-changement-climatique\/#article","isPartOf":{"@id":"https:\/\/meteocameroon.gov.cm\/selection-de-deux-sites-pour-linstallation-de-deux-stations-agrometeorologiques-a-waza-dans-le-cadre-du-projet-accroitre-la-resilience-des-communautes-locales-au-changement-climatique\/"},"author":{"name":"Ramses Landry BELL EPIPE","@id":"https:\/\/meteocameroon.gov.cm\/#\/schema\/person\/659cc0f0e2f18cdf0b91651c76411785"},"headline":"S\u00e9lection de deux sites pour l\u2019installation de deux stations agrom\u00e9t\u00e9orologiques \u00e0 Waza dans le cadre du projet \u00ab Accro\u00eetre la R\u00e9silience des Communaut\u00e9s Locales au Changement Climatique gr\u00e2ce \u00e0 l\u2019Entrepreneuriat des Jeunes et la Gestion Int\u00e9gr\u00e9e des Ressources Naturelles\u00bb","datePublished":"2023-12-07T11:50:08+00:00","dateModified":"2023-12-08T13:07:35+00:00","mainEntityOfPage":{"@id":"https:\/\/meteocameroon.gov.cm\/selection-de-deux-sites-pour-linstallation-de-deux-stations-agrometeorologiques-a-waza-dans-le-cadre-du-projet-accroitre-la-resilience-des-communautes-locales-au-changement-climatique\/"},"wordCount":274,"commentCount":0,"publisher":{"@id":"https:\/\/meteocameroon.gov.cm\/#organization"},"image":{"@id":"https:\/\/meteocameroon.gov.cm\/selection-de-deux-sites-pour-linstallation-de-deux-stations-agrometeorologiques-a-waza-dans-le-cadre-du-projet-accroitre-la-resilience-des-communautes-locales-au-changement-climatique\/#primaryimage"},"thumbnailUrl":"https:\/\/meteocameroon.gov.cm\/wp-content\/uploads\/2023\/12\/WhatsApp-Image-2023-12-06-at-14.06.43-1-2.jpeg","articleSection":["Actualit\u00e9","Information"],"inLanguage":"en-US","potentialAction":[{"@type":"CommentAction","name":"Comment","target":["https:\/\/meteocameroon.gov.cm\/selection-de-deux-sites-pour-linstallation-de-deux-stations-agrometeorologiques-a-waza-dans-le-cadre-du-projet-accroitre-la-resilience-des-communautes-locales-au-changement-climatique\/#respond"]}]},{"@type":"WebPage","@id":"https:\/\/meteocameroon.gov.cm\/selection-de-deux-sites-pour-linstallation-de-deux-stations-agrometeorologiques-a-waza-dans-le-cadre-du-projet-accroitre-la-resilience-des-communautes-locales-au-changement-climatique\/","url":"https:\/\/meteocameroon.gov.cm\/selection-de-deux-sites-pour-linstallation-de-deux-stations-agrometeorologiques-a-waza-dans-le-cadre-du-projet-accroitre-la-resilience-des-communautes-locales-au-changement-climatique\/","name":"S\u00e9lection de deux sites pour l\u2019installation de deux stations agrom\u00e9t\u00e9orologiques \u00e0 Waza dans le cadre du projet \u00ab Accro\u00eetre la R\u00e9silience des Communaut\u00e9s Locales au Changement Climatique gr\u00e2ce \u00e0 l\u2019Entrepreneuriat des Jeunes et la Gestion Int\u00e9gr\u00e9e des Ressources Naturelles\u00bb - M\u00e9t\u00e9orologie Nationale du Cameroun","isPartOf":{"@id":"https:\/\/meteocameroon.gov.cm\/#website"},"primaryImageOfPage":{"@id":"https:\/\/meteocameroon.gov.cm\/selection-de-deux-sites-pour-linstallation-de-deux-stations-agrometeorologiques-a-waza-dans-le-cadre-du-projet-accroitre-la-resilience-des-communautes-locales-au-changement-climatique\/#primaryimage"},"image":{"@id":"https:\/\/meteocameroon.gov.cm\/selection-de-deux-sites-pour-linstallation-de-deux-stations-agrometeorologiques-a-waza-dans-le-cadre-du-projet-accroitre-la-resilience-des-communautes-locales-au-changement-climatique\/#primaryimage"},"thumbnailUrl":"https:\/\/meteocameroon.gov.cm\/wp-content\/uploads\/2023\/12\/WhatsApp-Image-2023-12-06-at-14.06.43-1-2.jpeg","datePublished":"2023-12-07T11:50:08+00:00","dateModified":"2023-12-08T13:07:35+00:00","description":"Dans le cadre du projet \u00ab Accro\u00eetre la R\u00e9silience des Communaut\u00e9s Locales au Changement Climatique gr\u00e2ce \u00e0 l\u2019Entrepreneuriat des Jeunes et la Gestion Int\u00e9gr\u00e9e des Ressources Naturelles \u00bb (ACREGIR), une descente de terrain conjointe entre les responsables du projet ACREGIR, le personnel de la Direction de la M\u00e9t\u00e9orologie Nationale (DMN) et le personnel de l\u2019Observatoire National sur les Changements Climatiques (ONACC) a eu lieu dans la zone de Waza, du 04 au 06 d\u00e9cembre 2023.L\u2019objectif de cette visite \u00e9tait d\u2019effectuer la s\u00e9lection des sites destin\u00e9s \u00e0 accueillir deux (02) stations agrom\u00e9t\u00e9orologiques.Rappelons qu\u2019en date du 03 novembre 2023, une r\u00e9union s\u2019est tenue entre le personnel de la Direction de la m\u00e9t\u00e9orologie Nationale et une \u00e9quipe du projet ACREGIR afin de collaborer dans l\u2019ex\u00e9cution des missions dudit projet, dont l\u2019un des extrants majeurs est l\u2019acquisition de stations agrom\u00e9t\u00e9orologiques aux alentours de certaines aires prot\u00e9g\u00e9es du Cameroun.Cette descente a ainsi permis d\u2019identifier 3 sites potentiels pour chacune des deux stations en cours d\u2019acquisition, de s\u2019assurer du respect des normes de distanciation minimale entre les sites et de relever les coordonn\u00e9es GPS exactes et d\u00e9finitives pour les emplacements les plus appropri\u00e9sQuelques images de la descente vous sont pr\u00e9sent\u00e9es ci-apr\u00e8s.","breadcrumb":{"@id":"https:\/\/meteocameroon.gov.cm\/selection-de-deux-sites-pour-linstallation-de-deux-stations-agrometeorologiques-a-waza-dans-le-cadre-du-projet-accroitre-la-resilience-des-communautes-locales-au-changement-climatique\/#breadcrumb"},"inLanguage":"en-US","potentialAction":[{"@type":"ReadAction","target":["https:\/\/meteocameroon.gov.cm\/selection-de-deux-sites-pour-linstallation-de-deux-stations-agrometeorologiques-a-waza-dans-le-cadre-du-projet-accroitre-la-resilience-des-communautes-locales-au-changement-climatique\/"]}]},{"@type":"ImageObject","inLanguage":"en-US","@id":"https:\/\/meteocameroon.gov.cm\/selection-de-deux-sites-pour-linstallation-de-deux-stations-agrometeorologiques-a-waza-dans-le-cadre-du-projet-accroitre-la-resilience-des-communautes-locales-au-changement-climatique\/#primaryimage","url":"https:\/\/meteocameroon.gov.cm\/wp-content\/uploads\/2023\/12\/WhatsApp-Image-2023-12-06-at-14.06.43-1-2.jpeg","contentUrl":"https:\/\/meteocameroon.gov.cm\/wp-content\/uploads\/2023\/12\/WhatsApp-Image-2023-12-06-at-14.06.43-1-2.jpeg","width":1080,"height":486},{"@type":"BreadcrumbList","@id":"https:\/\/meteocameroon.gov.cm\/selection-de-deux-sites-pour-linstallation-de-deux-stations-agrometeorologiques-a-waza-dans-le-cadre-du-projet-accroitre-la-resilience-des-communautes-locales-au-changement-climatique\/#breadcrumb","itemListElement":[{"@type":"ListItem","position":1,"name":"Accueil","item":"https:\/\/meteocameroon.gov.cm\/"},{"@type":"ListItem","position":2,"name":"S\u00e9lection de deux sites pour l\u2019installation de deux stations agrom\u00e9t\u00e9orologiques \u00e0 Waza dans le cadre du projet \u00ab Accro\u00eetre la R\u00e9silience des Communaut\u00e9s Locales au Changement Climatique gr\u00e2ce \u00e0 l\u2019Entrepreneuriat des Jeunes et la Gestion Int\u00e9gr\u00e9e des Ressources Naturelles\u00bb"}]},{"@type":"WebSite","@id":"https:\/\/meteocameroon.gov.cm\/#website","url":"https:\/\/meteocameroon.gov.cm\/","name":"M\u00e9t\u00e9orologie Nationale du Cameroun","description":"La m\u00e9t\u00e9o un outils pour le d\u00e9veloppement","publisher":{"@id":"https:\/\/meteocameroon.gov.cm\/#organization"},"potentialAction":[{"@type":"SearchAction","target":{"@type":"EntryPoint","urlTemplate":"https:\/\/meteocameroon.gov.cm\/?s={search_term_string}"},"query-input":{"@type":"PropertyValueSpecification","valueRequired":true,"valueName":"search_term_string"}}],"inLanguage":"en-US"},{"@type":"Organization","@id":"https:\/\/meteocameroon.gov.cm\/#organization","name":"M\u00e9t\u00e9orologie Nationale du Cameroun","url":"https:\/\/meteocameroon.gov.cm\/","logo":{"@type":"ImageObject","inLanguage":"en-US","@id":"https:\/\/meteocameroon.gov.cm\/#\/schema\/logo\/image\/","url":"https:\/\/meteocameroon.gov.cm\/wp-content\/uploads\/2022\/06\/Artboard-14x-renew.jpg","contentUrl":"https:\/\/meteocameroon.gov.cm\/wp-content\/uploads\/2022\/06\/Artboard-14x-renew.jpg","width":519,"height":504,"caption":"M\u00e9t\u00e9orologie Nationale du Cameroun"},"image":{"@id":"https:\/\/meteocameroon.gov.cm\/#\/schema\/logo\/image\/"}},{"@type":"Person","@id":"https:\/\/meteocameroon.gov.cm\/#\/schema\/person\/659cc0f0e2f18cdf0b91651c76411785","name":"Ramses Landry BELL EPIPE","image":{"@type":"ImageObject","inLanguage":"en-US","@id":"https:\/\/meteocameroon.gov.cm\/#\/schema\/person\/image\/","url":"https:\/\/secure.gravatar.com\/avatar\/a21a20808b4c2c9c09679c226bd9f55c66dcbdfe8f8a97c3d1bb809ad03b7626?s=96&d=mm&r=g","contentUrl":"https:\/\/secure.gravatar.com\/avatar\/a21a20808b4c2c9c09679c226bd9f55c66dcbdfe8f8a97c3d1bb809ad03b7626?s=96&d=mm&r=g","caption":"Ramses Landry BELL EPIPE"},"url":"https:\/\/meteocameroon.gov.cm\/en\/author\/ramses\/"}]}},"rttpg_featured_image_url":{"full":["https:\/\/meteocameroon.gov.cm\/wp-content\/uploads\/2023\/12\/WhatsApp-Image-2023-12-06-at-14.06.43-1-2.jpeg",1080,486,false],"landscape":["https:\/\/meteocameroon.gov.cm\/wp-content\/uploads\/2023\/12\/WhatsApp-Image-2023-12-06-at-14.06.43-1-2.jpeg",1080,486,false],"portraits":["https:\/\/meteocameroon.gov.cm\/wp-content\/uploads\/2023\/12\/WhatsApp-Image-2023-12-06-at-14.06.43-1-2.jpeg",1080,486,false],"thumbnail":["https:\/\/meteocameroon.gov.cm\/wp-content\/uploads\/2023\/12\/WhatsApp-Image-2023-12-06-at-14.06.43-1-2-150x150.jpeg",150,150,true],"medium":["https:\/\/meteocameroon.gov.cm\/wp-content\/uploads\/2023\/12\/WhatsApp-Image-2023-12-06-at-14.06.43-1-2-300x135.jpeg",300,135,true],"large":["https:\/\/meteocameroon.gov.cm\/wp-content\/uploads\/2023\/12\/WhatsApp-Image-2023-12-06-at-14.06.43-1-2-1024x461.jpeg",640,288,true],"1536x1536":["https:\/\/meteocameroon.gov.cm\/wp-content\/uploads\/2023\/12\/WhatsApp-Image-2023-12-06-at-14.06.43-1-2.jpeg",1080,486,false],"2048x2048":["https:\/\/meteocameroon.gov.cm\/wp-content\/uploads\/2023\/12\/WhatsApp-Image-2023-12-06-at-14.06.43-1-2.jpeg",1080,486,false],"trp-custom-language-flag":["https:\/\/meteocameroon.gov.cm\/wp-content\/uploads\/2023\/12\/WhatsApp-Image-2023-12-06-at-14.06.43-1-2-18x8.jpeg",18,8,true],"binit-portfolio":["https:\/\/meteocameroon.gov.cm\/wp-content\/uploads\/2023\/12\/WhatsApp-Image-2023-12-06-at-14.06.43-1-2-600x486.jpeg",600,486,true],"binit-portfolio-vertical":["https:\/\/meteocameroon.gov.cm\/wp-content\/uploads\/2023\/12\/WhatsApp-Image-2023-12-06-at-14.06.43-1-2-380x486.jpeg",380,486,true],"binit-blog":["https:\/\/meteocameroon.gov.cm\/wp-content\/uploads\/2023\/12\/WhatsApp-Image-2023-12-06-at-14.06.43-1-2-600x420.jpeg",600,420,true],"binit-team":["https:\/\/meteocameroon.gov.cm\/wp-content\/uploads\/2023\/12\/WhatsApp-Image-2023-12-06-at-14.06.43-1-2-600x486.jpeg",600,486,true],"binit-product":["https:\/\/meteocameroon.gov.cm\/wp-content\/uploads\/2023\/12\/WhatsApp-Image-2023-12-06-at-14.06.43-1-2-360x440.jpeg",360,440,true],"binit-event":["https:\/\/meteocameroon.gov.cm\/wp-content\/uploads\/2023\/12\/WhatsApp-Image-2023-12-06-at-14.06.43-1-2-420x486.jpeg",420,486,true]},"rttpg_author":{"display_name":"Ramses Landry BELL EPIPE","author_link":"https:\/\/meteocameroon.gov.cm\/en\/author\/ramses\/"},"rttpg_comment":1,"rttpg_category":"<a href=\"https:\/\/meteocameroon.gov.cm\/en\/category\/actualite\/\" rel=\"category tag\">Actualit\u00e9<\/a> <a href=\"https:\/\/meteocameroon.gov.cm\/en\/category\/information\/\" rel=\"category tag\">Information<\/a>","rttpg_excerpt":"Dans le cadre du projet \u00ab Accro\u00eetre la R\u00e9silience des Communaut\u00e9s Locales au Changement Climatique gr\u00e2ce \u00e0 l\u2019Entrepreneuriat des Jeunes et la Gestion Int\u00e9gr\u00e9e des Ressources Naturelles \u00bb (ACREGIR), une [&hellip;]","_links":{"self":[{"href":"https:\/\/meteocameroon.gov.cm\/en\/wp-json\/wp\/v2\/posts\/3361","targetHints":{"allow":["GET"]}}],"collection":[{"href":"https:\/\/meteocameroon.gov.cm\/en\/wp-json\/wp\/v2\/posts"}],"about":[{"href":"https:\/\/meteocameroon.gov.cm\/en\/wp-json\/wp\/v2\/types\/post"}],"author":[{"embeddable":true,"href":"https:\/\/meteocameroon.gov.cm\/en\/wp-json\/wp\/v2\/users\/7"}],"replies":[{"embeddable":true,"href":"https:\/\/meteocameroon.gov.cm\/en\/wp-json\/wp\/v2\/comments?post=3361"}],"version-history":[{"count":4,"href":"https:\/\/meteocameroon.gov.cm\/en\/wp-json\/wp\/v2\/posts\/3361\/revisions"}],"predecessor-version":[{"id":3406,"href":"https:\/\/meteocameroon.gov.cm\/en\/wp-json\/wp\/v2\/posts\/3361\/revisions\/3406"}],"wp:featuredmedia":[{"embeddable":true,"href":"https:\/\/meteocameroon.gov.cm\/en\/wp-json\/wp\/v2\/media\/3367"}],"wp:attachment":[{"href":"https:\/\/meteocameroon.gov.cm\/en\/wp-json\/wp\/v2\/media?parent=3361"}],"wp:term":[{"taxonomy":"category","embeddable":true,"href":"https:\/\/meteocameroon.gov.cm\/en\/wp-json\/wp\/v2\/categories?post=3361"},{"taxonomy":"post_tag","embeddable":true,"href":"https:\/\/meteocameroon.gov.cm\/en\/wp-json\/wp\/v2\/tags?post=3361"}],"curies":[{"name":"wp","href":"https:\/\/api.w.org\/{rel}","templated":true}]}}