{"id":3639,"date":"2024-03-01T07:30:50","date_gmt":"2024-03-01T06:30:50","guid":{"rendered":"https:\/\/meteocameroon.gov.cm\/?p=3639"},"modified":"2024-07-17T08:03:11","modified_gmt":"2024-07-17T07:03:11","slug":"journee-meteorologique-mondiale-2024","status":"publish","type":"post","link":"https:\/\/meteocameroon.gov.cm\/en\/journee-meteorologique-mondiale-2024\/","title":{"rendered":"JOURN\u00c9E M\u00c9T\u00c9OROLOGIQUE MONDIALE 2024"},"content":{"rendered":"<p>JOURN\u00c9E M\u00c9T\u00c9OROLOGIQUE MONDIALE 2024<\/p>\n<p>Le Cameroun c\u00e9l\u00e8brera ce 23 mars 2024, de concert avec les Etats membres de l\u2019Organisation M\u00e9t\u00e9orologique Mondiale (OMM), la 64\u00e8me \u00e9dition de la Journ\u00e9e M\u00e9t\u00e9orologique Mondiale, sous le th\u00e8me \u00ab<em>En premi\u00e8re ligne de l&#8217;action climatique \u00bb<\/em><\/p>\n<p>Cette ann\u00e9e, l\u2019OMM saisit l\u2019occasion pour mettre en exergue son r\u00f4le en premi\u00e8re ligne de l\u2019action climatique car c\u2019est l\u2019un des organismes chefs de file du syst\u00e8me des Nations Unies dans ce domaine : elle met \u00e0 disposition des donn\u00e9es et des connaissances faisant autorit\u00e9 sur le temps, le climat et l\u2019eau, elle contribue aux mesures d\u2019adaptation via des initiatives telles que l\u2019Initiative<em>\u00ab Alertes pr\u00e9coces pour tous \u00bb<\/em> et elle participe aux efforts d\u2019att\u00e9nuation par le biais de dispositifs tels que la Veille mondiale des gaz \u00e0 effet de serre. Le th\u00e8me retenu cette ann\u00e9e vient \u00e9galement souligner la contribution capitale qu&#8217;apportent les Services m\u00e9t\u00e9orologiques et hydrologiques nationaux \u00e0 la s\u00e9curit\u00e9 et au bien-\u00eatre de la soci\u00e9t\u00e9.<\/p>\n<p>&nbsp;<\/p>","protected":false},"excerpt":{"rendered":"<p>JOURN\u00c9E M\u00c9T\u00c9OROLOGIQUE MONDIALE 2024 Le Cameroun c\u00e9l\u00e8brera ce 23 mars 2024, de concert avec les Etats membres de l\u2019Organisation M\u00e9t\u00e9orologique Mondiale (OMM), la 64\u00e8me \u00e9dition de la Journ\u00e9e M\u00e9t\u00e9orologique Mondiale, [&hellip;]<\/p>","protected":false},"author":7,"featured_media":3640,"comment_status":"open","ping_status":"open","sticky":false,"template":"","format":"standard","meta":{"footnotes":""},"categories":[18,1],"tags":[],"class_list":["post-3639","post","type-post","status-publish","format-standard","has-post-thumbnail","hentry","category-actualite","category-information"],"yoast_head":"<!-- This site is optimized with the Yoast SEO plugin v26.8 - https:\/\/yoast.com\/product\/yoast-seo-wordpress\/ -->\n<title>JOURN\u00c9E M\u00c9T\u00c9OROLOGIQUE MONDIALE 2024 - M\u00e9t\u00e9orologie Nationale du Cameroun<\/title>\n<meta name=\"description\" content=\"JOURN\u00c9E M\u00c9T\u00c9OROLOGIQUE MONDIALE 2024 Le Cameroun c\u00e9l\u00e8brera ce 23 mars 2024, de concert avec les Etats membres de l\u2019Organisation M\u00e9t\u00e9orologique Mondiale (OMM), la 64\u00e8me \u00e9dition de la Journ\u00e9e M\u00e9t\u00e9orologique Mondiale, sous le th\u00e8me \u00ab En premi\u00e8re ligne de l&#039;action climatique \u00bb.Cette ann\u00e9e, l\u2019OMM saisit l\u2019occasion pour mettre en exergue son r\u00f4le en premi\u00e8re ligne de l\u2019action climatique car c\u2019est l\u2019un des organismes chefs de file du syst\u00e8me des Nations Unies dans ce domaine : elle met \u00e0 disposition des donn\u00e9es et des connaissances faisant autorit\u00e9 sur le temps, le climat et l\u2019eau, elle contribue aux mesures d\u2019adaptation via des initiatives telles que l\u2019Initiative \u00ab Alertes pr\u00e9coces pour tous \u00bb et elle participe aux efforts d\u2019att\u00e9nuation par le biais de dispositifs tels que la Veille mondiale des gaz \u00e0 effet de serre. Le th\u00e8me retenu cette ann\u00e9e vient \u00e9galement souligner la contribution capitale qu&#039;apportent les Services m\u00e9t\u00e9orologiques et hydrologiques nationaux \u00e0 la s\u00e9curit\u00e9 et au bien-\u00eatre de la soci\u00e9t\u00e9.\" \/>\n<meta name=\"robots\" content=\"index, follow, max-snippet:-1, max-image-preview:large, max-video-preview:-1\" \/>\n<link rel=\"canonical\" href=\"https:\/\/meteocameroon.gov.cm\/en\/journee-meteorologique-mondiale-2024\/\" \/>\n<meta property=\"og:locale\" content=\"en_US\" \/>\n<meta property=\"og:type\" content=\"article\" \/>\n<meta property=\"og:title\" content=\"JOURN\u00c9E M\u00c9T\u00c9OROLOGIQUE MONDIALE 2024 - M\u00e9t\u00e9orologie Nationale du Cameroun\" \/>\n<meta property=\"og:description\" content=\"JOURN\u00c9E M\u00c9T\u00c9OROLOGIQUE MONDIALE 2024 Le Cameroun c\u00e9l\u00e8brera ce 23 mars 2024, de concert avec les Etats membres de l\u2019Organisation M\u00e9t\u00e9orologique Mondiale (OMM), la 64\u00e8me \u00e9dition de la Journ\u00e9e M\u00e9t\u00e9orologique Mondiale, sous le th\u00e8me \u00ab En premi\u00e8re ligne de l&#039;action climatique \u00bb.Cette ann\u00e9e, l\u2019OMM saisit l\u2019occasion pour mettre en exergue son r\u00f4le en premi\u00e8re ligne de l\u2019action climatique car c\u2019est l\u2019un des organismes chefs de file du syst\u00e8me des Nations Unies dans ce domaine : elle met \u00e0 disposition des donn\u00e9es et des connaissances faisant autorit\u00e9 sur le temps, le climat et l\u2019eau, elle contribue aux mesures d\u2019adaptation via des initiatives telles que l\u2019Initiative \u00ab Alertes pr\u00e9coces pour tous \u00bb et elle participe aux efforts d\u2019att\u00e9nuation par le biais de dispositifs tels que la Veille mondiale des gaz \u00e0 effet de serre. Le th\u00e8me retenu cette ann\u00e9e vient \u00e9galement souligner la contribution capitale qu&#039;apportent les Services m\u00e9t\u00e9orologiques et hydrologiques nationaux \u00e0 la s\u00e9curit\u00e9 et au bien-\u00eatre de la soci\u00e9t\u00e9.\" \/>\n<meta property=\"og:url\" content=\"https:\/\/meteocameroon.gov.cm\/en\/journee-meteorologique-mondiale-2024\/\" \/>\n<meta property=\"og:site_name\" content=\"M\u00e9t\u00e9orologie Nationale du Cameroun\" \/>\n<meta property=\"article:published_time\" content=\"2024-03-01T06:30:50+00:00\" \/>\n<meta property=\"article:modified_time\" content=\"2024-07-17T07:03:11+00:00\" \/>\n<meta property=\"og:image\" content=\"https:\/\/meteocameroon.gov.cm\/wp-content\/uploads\/2024\/03\/jmm-theme-fr.png\" \/>\n\t<meta property=\"og:image:width\" content=\"1240\" \/>\n\t<meta property=\"og:image:height\" content=\"1748\" \/>\n\t<meta property=\"og:image:type\" content=\"image\/png\" \/>\n<meta name=\"author\" content=\"Ramses Landry BELL EPIPE\" \/>\n<meta name=\"twitter:card\" content=\"summary_large_image\" \/>\n<meta name=\"twitter:label1\" content=\"Written by\" \/>\n\t<meta name=\"twitter:data1\" content=\"Ramses Landry BELL EPIPE\" \/>\n\t<meta name=\"twitter:label2\" content=\"Est. reading time\" \/>\n\t<meta name=\"twitter:data2\" content=\"1 minute\" \/>\n<script type=\"application\/ld+json\" class=\"yoast-schema-graph\">{\"@context\":\"https:\/\/schema.org\",\"@graph\":[{\"@type\":\"Article\",\"@id\":\"https:\/\/meteocameroon.gov.cm\/journee-meteorologique-mondiale-2024\/#article\",\"isPartOf\":{\"@id\":\"https:\/\/meteocameroon.gov.cm\/journee-meteorologique-mondiale-2024\/\"},\"author\":{\"name\":\"Ramses Landry BELL EPIPE\",\"@id\":\"https:\/\/meteocameroon.gov.cm\/#\/schema\/person\/659cc0f0e2f18cdf0b91651c76411785\"},\"headline\":\"JOURN\u00c9E M\u00c9T\u00c9OROLOGIQUE MONDIALE 2024\",\"datePublished\":\"2024-03-01T06:30:50+00:00\",\"dateModified\":\"2024-07-17T07:03:11+00:00\",\"mainEntityOfPage\":{\"@id\":\"https:\/\/meteocameroon.gov.cm\/journee-meteorologique-mondiale-2024\/\"},\"wordCount\":191,\"commentCount\":0,\"publisher\":{\"@id\":\"https:\/\/meteocameroon.gov.cm\/#organization\"},\"image\":{\"@id\":\"https:\/\/meteocameroon.gov.cm\/journee-meteorologique-mondiale-2024\/#primaryimage\"},\"thumbnailUrl\":\"https:\/\/meteocameroon.gov.cm\/wp-content\/uploads\/2024\/03\/jmm-theme-fr.png\",\"articleSection\":[\"Actualit\u00e9\",\"Information\"],\"inLanguage\":\"en-US\",\"potentialAction\":[{\"@type\":\"CommentAction\",\"name\":\"Comment\",\"target\":[\"https:\/\/meteocameroon.gov.cm\/journee-meteorologique-mondiale-2024\/#respond\"]}]},{\"@type\":\"WebPage\",\"@id\":\"https:\/\/meteocameroon.gov.cm\/journee-meteorologique-mondiale-2024\/\",\"url\":\"https:\/\/meteocameroon.gov.cm\/journee-meteorologique-mondiale-2024\/\",\"name\":\"JOURN\u00c9E M\u00c9T\u00c9OROLOGIQUE MONDIALE 2024 - M\u00e9t\u00e9orologie Nationale du Cameroun\",\"isPartOf\":{\"@id\":\"https:\/\/meteocameroon.gov.cm\/#website\"},\"primaryImageOfPage\":{\"@id\":\"https:\/\/meteocameroon.gov.cm\/journee-meteorologique-mondiale-2024\/#primaryimage\"},\"image\":{\"@id\":\"https:\/\/meteocameroon.gov.cm\/journee-meteorologique-mondiale-2024\/#primaryimage\"},\"thumbnailUrl\":\"https:\/\/meteocameroon.gov.cm\/wp-content\/uploads\/2024\/03\/jmm-theme-fr.png\",\"datePublished\":\"2024-03-01T06:30:50+00:00\",\"dateModified\":\"2024-07-17T07:03:11+00:00\",\"description\":\"JOURN\u00c9E M\u00c9T\u00c9OROLOGIQUE MONDIALE 2024 Le Cameroun c\u00e9l\u00e8brera ce 23 mars 2024, de concert avec les Etats membres de l\u2019Organisation M\u00e9t\u00e9orologique Mondiale (OMM), la 64\u00e8me \u00e9dition de la Journ\u00e9e M\u00e9t\u00e9orologique Mondiale, sous le th\u00e8me \u00ab En premi\u00e8re ligne de l'action climatique \u00bb.Cette ann\u00e9e, l\u2019OMM saisit l\u2019occasion pour mettre en exergue son r\u00f4le en premi\u00e8re ligne de l\u2019action climatique car c\u2019est l\u2019un des organismes chefs de file du syst\u00e8me des Nations Unies dans ce domaine : elle met \u00e0 disposition des donn\u00e9es et des connaissances faisant autorit\u00e9 sur le temps, le climat et l\u2019eau, elle contribue aux mesures d\u2019adaptation via des initiatives telles que l\u2019Initiative \u00ab Alertes pr\u00e9coces pour tous \u00bb et elle participe aux efforts d\u2019att\u00e9nuation par le biais de dispositifs tels que la Veille mondiale des gaz \u00e0 effet de serre. Le th\u00e8me retenu cette ann\u00e9e vient \u00e9galement souligner la contribution capitale qu'apportent les Services m\u00e9t\u00e9orologiques et hydrologiques nationaux \u00e0 la s\u00e9curit\u00e9 et au bien-\u00eatre de la soci\u00e9t\u00e9.\",\"breadcrumb\":{\"@id\":\"https:\/\/meteocameroon.gov.cm\/journee-meteorologique-mondiale-2024\/#breadcrumb\"},\"inLanguage\":\"en-US\",\"potentialAction\":[{\"@type\":\"ReadAction\",\"target\":[\"https:\/\/meteocameroon.gov.cm\/journee-meteorologique-mondiale-2024\/\"]}]},{\"@type\":\"ImageObject\",\"inLanguage\":\"en-US\",\"@id\":\"https:\/\/meteocameroon.gov.cm\/journee-meteorologique-mondiale-2024\/#primaryimage\",\"url\":\"https:\/\/meteocameroon.gov.cm\/wp-content\/uploads\/2024\/03\/jmm-theme-fr.png\",\"contentUrl\":\"https:\/\/meteocameroon.gov.cm\/wp-content\/uploads\/2024\/03\/jmm-theme-fr.png\",\"width\":1240,\"height\":1748},{\"@type\":\"BreadcrumbList\",\"@id\":\"https:\/\/meteocameroon.gov.cm\/journee-meteorologique-mondiale-2024\/#breadcrumb\",\"itemListElement\":[{\"@type\":\"ListItem\",\"position\":1,\"name\":\"Accueil\",\"item\":\"https:\/\/meteocameroon.gov.cm\/\"},{\"@type\":\"ListItem\",\"position\":2,\"name\":\"JOURN\u00c9E M\u00c9T\u00c9OROLOGIQUE MONDIALE 2024\"}]},{\"@type\":\"WebSite\",\"@id\":\"https:\/\/meteocameroon.gov.cm\/#website\",\"url\":\"https:\/\/meteocameroon.gov.cm\/\",\"name\":\"M\u00e9t\u00e9orologie Nationale du Cameroun\",\"description\":\"La m\u00e9t\u00e9o un outils pour le d\u00e9veloppement\",\"publisher\":{\"@id\":\"https:\/\/meteocameroon.gov.cm\/#organization\"},\"potentialAction\":[{\"@type\":\"SearchAction\",\"target\":{\"@type\":\"EntryPoint\",\"urlTemplate\":\"https:\/\/meteocameroon.gov.cm\/?s={search_term_string}\"},\"query-input\":{\"@type\":\"PropertyValueSpecification\",\"valueRequired\":true,\"valueName\":\"search_term_string\"}}],\"inLanguage\":\"en-US\"},{\"@type\":\"Organization\",\"@id\":\"https:\/\/meteocameroon.gov.cm\/#organization\",\"name\":\"M\u00e9t\u00e9orologie Nationale du Cameroun\",\"url\":\"https:\/\/meteocameroon.gov.cm\/\",\"logo\":{\"@type\":\"ImageObject\",\"inLanguage\":\"en-US\",\"@id\":\"https:\/\/meteocameroon.gov.cm\/#\/schema\/logo\/image\/\",\"url\":\"https:\/\/meteocameroon.gov.cm\/wp-content\/uploads\/2022\/06\/Artboard-14x-renew.jpg\",\"contentUrl\":\"https:\/\/meteocameroon.gov.cm\/wp-content\/uploads\/2022\/06\/Artboard-14x-renew.jpg\",\"width\":519,\"height\":504,\"caption\":\"M\u00e9t\u00e9orologie Nationale du Cameroun\"},\"image\":{\"@id\":\"https:\/\/meteocameroon.gov.cm\/#\/schema\/logo\/image\/\"}},{\"@type\":\"Person\",\"@id\":\"https:\/\/meteocameroon.gov.cm\/#\/schema\/person\/659cc0f0e2f18cdf0b91651c76411785\",\"name\":\"Ramses Landry BELL EPIPE\",\"image\":{\"@type\":\"ImageObject\",\"inLanguage\":\"en-US\",\"@id\":\"https:\/\/meteocameroon.gov.cm\/#\/schema\/person\/image\/\",\"url\":\"https:\/\/secure.gravatar.com\/avatar\/a21a20808b4c2c9c09679c226bd9f55c66dcbdfe8f8a97c3d1bb809ad03b7626?s=96&d=mm&r=g\",\"contentUrl\":\"https:\/\/secure.gravatar.com\/avatar\/a21a20808b4c2c9c09679c226bd9f55c66dcbdfe8f8a97c3d1bb809ad03b7626?s=96&d=mm&r=g\",\"caption\":\"Ramses Landry BELL EPIPE\"},\"url\":\"https:\/\/meteocameroon.gov.cm\/en\/author\/ramses\/\"}]}<\/script>\n<!-- \/ Yoast SEO plugin. -->","yoast_head_json":{"title":"JOURN\u00c9E M\u00c9T\u00c9OROLOGIQUE MONDIALE 2024 - M\u00e9t\u00e9orologie Nationale du Cameroun","description":"JOURN\u00c9E M\u00c9T\u00c9OROLOGIQUE MONDIALE 2024 Le Cameroun c\u00e9l\u00e8brera ce 23 mars 2024, de concert avec les Etats membres de l\u2019Organisation M\u00e9t\u00e9orologique Mondiale (OMM), la 64\u00e8me \u00e9dition de la Journ\u00e9e M\u00e9t\u00e9orologique Mondiale, sous le th\u00e8me \u00ab En premi\u00e8re ligne de l'action climatique \u00bb.Cette ann\u00e9e, l\u2019OMM saisit l\u2019occasion pour mettre en exergue son r\u00f4le en premi\u00e8re ligne de l\u2019action climatique car c\u2019est l\u2019un des organismes chefs de file du syst\u00e8me des Nations Unies dans ce domaine : elle met \u00e0 disposition des donn\u00e9es et des connaissances faisant autorit\u00e9 sur le temps, le climat et l\u2019eau, elle contribue aux mesures d\u2019adaptation via des initiatives telles que l\u2019Initiative \u00ab Alertes pr\u00e9coces pour tous \u00bb et elle participe aux efforts d\u2019att\u00e9nuation par le biais de dispositifs tels que la Veille mondiale des gaz \u00e0 effet de serre. Le th\u00e8me retenu cette ann\u00e9e vient \u00e9galement souligner la contribution capitale qu'apportent les Services m\u00e9t\u00e9orologiques et hydrologiques nationaux \u00e0 la s\u00e9curit\u00e9 et au bien-\u00eatre de la soci\u00e9t\u00e9.","robots":{"index":"index","follow":"follow","max-snippet":"max-snippet:-1","max-image-preview":"max-image-preview:large","max-video-preview":"max-video-preview:-1"},"canonical":"https:\/\/meteocameroon.gov.cm\/en\/journee-meteorologique-mondiale-2024\/","og_locale":"en_US","og_type":"article","og_title":"JOURN\u00c9E M\u00c9T\u00c9OROLOGIQUE MONDIALE 2024 - M\u00e9t\u00e9orologie Nationale du Cameroun","og_description":"JOURN\u00c9E M\u00c9T\u00c9OROLOGIQUE MONDIALE 2024 Le Cameroun c\u00e9l\u00e8brera ce 23 mars 2024, de concert avec les Etats membres de l\u2019Organisation M\u00e9t\u00e9orologique Mondiale (OMM), la 64\u00e8me \u00e9dition de la Journ\u00e9e M\u00e9t\u00e9orologique Mondiale, sous le th\u00e8me \u00ab En premi\u00e8re ligne de l'action climatique \u00bb.Cette ann\u00e9e, l\u2019OMM saisit l\u2019occasion pour mettre en exergue son r\u00f4le en premi\u00e8re ligne de l\u2019action climatique car c\u2019est l\u2019un des organismes chefs de file du syst\u00e8me des Nations Unies dans ce domaine : elle met \u00e0 disposition des donn\u00e9es et des connaissances faisant autorit\u00e9 sur le temps, le climat et l\u2019eau, elle contribue aux mesures d\u2019adaptation via des initiatives telles que l\u2019Initiative \u00ab Alertes pr\u00e9coces pour tous \u00bb et elle participe aux efforts d\u2019att\u00e9nuation par le biais de dispositifs tels que la Veille mondiale des gaz \u00e0 effet de serre. Le th\u00e8me retenu cette ann\u00e9e vient \u00e9galement souligner la contribution capitale qu'apportent les Services m\u00e9t\u00e9orologiques et hydrologiques nationaux \u00e0 la s\u00e9curit\u00e9 et au bien-\u00eatre de la soci\u00e9t\u00e9.","og_url":"https:\/\/meteocameroon.gov.cm\/en\/journee-meteorologique-mondiale-2024\/","og_site_name":"M\u00e9t\u00e9orologie Nationale du Cameroun","article_published_time":"2024-03-01T06:30:50+00:00","article_modified_time":"2024-07-17T07:03:11+00:00","og_image":[{"width":1240,"height":1748,"url":"https:\/\/meteocameroon.gov.cm\/wp-content\/uploads\/2024\/03\/jmm-theme-fr.png","type":"image\/png"}],"author":"Ramses Landry BELL EPIPE","twitter_card":"summary_large_image","twitter_misc":{"Written by":"Ramses Landry BELL EPIPE","Est. reading time":"1 minute"},"schema":{"@context":"https:\/\/schema.org","@graph":[{"@type":"Article","@id":"https:\/\/meteocameroon.gov.cm\/journee-meteorologique-mondiale-2024\/#article","isPartOf":{"@id":"https:\/\/meteocameroon.gov.cm\/journee-meteorologique-mondiale-2024\/"},"author":{"name":"Ramses Landry BELL EPIPE","@id":"https:\/\/meteocameroon.gov.cm\/#\/schema\/person\/659cc0f0e2f18cdf0b91651c76411785"},"headline":"JOURN\u00c9E M\u00c9T\u00c9OROLOGIQUE MONDIALE 2024","datePublished":"2024-03-01T06:30:50+00:00","dateModified":"2024-07-17T07:03:11+00:00","mainEntityOfPage":{"@id":"https:\/\/meteocameroon.gov.cm\/journee-meteorologique-mondiale-2024\/"},"wordCount":191,"commentCount":0,"publisher":{"@id":"https:\/\/meteocameroon.gov.cm\/#organization"},"image":{"@id":"https:\/\/meteocameroon.gov.cm\/journee-meteorologique-mondiale-2024\/#primaryimage"},"thumbnailUrl":"https:\/\/meteocameroon.gov.cm\/wp-content\/uploads\/2024\/03\/jmm-theme-fr.png","articleSection":["Actualit\u00e9","Information"],"inLanguage":"en-US","potentialAction":[{"@type":"CommentAction","name":"Comment","target":["https:\/\/meteocameroon.gov.cm\/journee-meteorologique-mondiale-2024\/#respond"]}]},{"@type":"WebPage","@id":"https:\/\/meteocameroon.gov.cm\/journee-meteorologique-mondiale-2024\/","url":"https:\/\/meteocameroon.gov.cm\/journee-meteorologique-mondiale-2024\/","name":"JOURN\u00c9E M\u00c9T\u00c9OROLOGIQUE MONDIALE 2024 - M\u00e9t\u00e9orologie Nationale du Cameroun","isPartOf":{"@id":"https:\/\/meteocameroon.gov.cm\/#website"},"primaryImageOfPage":{"@id":"https:\/\/meteocameroon.gov.cm\/journee-meteorologique-mondiale-2024\/#primaryimage"},"image":{"@id":"https:\/\/meteocameroon.gov.cm\/journee-meteorologique-mondiale-2024\/#primaryimage"},"thumbnailUrl":"https:\/\/meteocameroon.gov.cm\/wp-content\/uploads\/2024\/03\/jmm-theme-fr.png","datePublished":"2024-03-01T06:30:50+00:00","dateModified":"2024-07-17T07:03:11+00:00","description":"JOURN\u00c9E M\u00c9T\u00c9OROLOGIQUE MONDIALE 2024 Le Cameroun c\u00e9l\u00e8brera ce 23 mars 2024, de concert avec les Etats membres de l\u2019Organisation M\u00e9t\u00e9orologique Mondiale (OMM), la 64\u00e8me \u00e9dition de la Journ\u00e9e M\u00e9t\u00e9orologique Mondiale, sous le th\u00e8me \u00ab En premi\u00e8re ligne de l'action climatique \u00bb.Cette ann\u00e9e, l\u2019OMM saisit l\u2019occasion pour mettre en exergue son r\u00f4le en premi\u00e8re ligne de l\u2019action climatique car c\u2019est l\u2019un des organismes chefs de file du syst\u00e8me des Nations Unies dans ce domaine : elle met \u00e0 disposition des donn\u00e9es et des connaissances faisant autorit\u00e9 sur le temps, le climat et l\u2019eau, elle contribue aux mesures d\u2019adaptation via des initiatives telles que l\u2019Initiative \u00ab Alertes pr\u00e9coces pour tous \u00bb et elle participe aux efforts d\u2019att\u00e9nuation par le biais de dispositifs tels que la Veille mondiale des gaz \u00e0 effet de serre. Le th\u00e8me retenu cette ann\u00e9e vient \u00e9galement souligner la contribution capitale qu'apportent les Services m\u00e9t\u00e9orologiques et hydrologiques nationaux \u00e0 la s\u00e9curit\u00e9 et au bien-\u00eatre de la soci\u00e9t\u00e9.","breadcrumb":{"@id":"https:\/\/meteocameroon.gov.cm\/journee-meteorologique-mondiale-2024\/#breadcrumb"},"inLanguage":"en-US","potentialAction":[{"@type":"ReadAction","target":["https:\/\/meteocameroon.gov.cm\/journee-meteorologique-mondiale-2024\/"]}]},{"@type":"ImageObject","inLanguage":"en-US","@id":"https:\/\/meteocameroon.gov.cm\/journee-meteorologique-mondiale-2024\/#primaryimage","url":"https:\/\/meteocameroon.gov.cm\/wp-content\/uploads\/2024\/03\/jmm-theme-fr.png","contentUrl":"https:\/\/meteocameroon.gov.cm\/wp-content\/uploads\/2024\/03\/jmm-theme-fr.png","width":1240,"height":1748},{"@type":"BreadcrumbList","@id":"https:\/\/meteocameroon.gov.cm\/journee-meteorologique-mondiale-2024\/#breadcrumb","itemListElement":[{"@type":"ListItem","position":1,"name":"Accueil","item":"https:\/\/meteocameroon.gov.cm\/"},{"@type":"ListItem","position":2,"name":"JOURN\u00c9E M\u00c9T\u00c9OROLOGIQUE MONDIALE 2024"}]},{"@type":"WebSite","@id":"https:\/\/meteocameroon.gov.cm\/#website","url":"https:\/\/meteocameroon.gov.cm\/","name":"M\u00e9t\u00e9orologie Nationale du Cameroun","description":"La m\u00e9t\u00e9o un outils pour le d\u00e9veloppement","publisher":{"@id":"https:\/\/meteocameroon.gov.cm\/#organization"},"potentialAction":[{"@type":"SearchAction","target":{"@type":"EntryPoint","urlTemplate":"https:\/\/meteocameroon.gov.cm\/?s={search_term_string}"},"query-input":{"@type":"PropertyValueSpecification","valueRequired":true,"valueName":"search_term_string"}}],"inLanguage":"en-US"},{"@type":"Organization","@id":"https:\/\/meteocameroon.gov.cm\/#organization","name":"M\u00e9t\u00e9orologie Nationale du Cameroun","url":"https:\/\/meteocameroon.gov.cm\/","logo":{"@type":"ImageObject","inLanguage":"en-US","@id":"https:\/\/meteocameroon.gov.cm\/#\/schema\/logo\/image\/","url":"https:\/\/meteocameroon.gov.cm\/wp-content\/uploads\/2022\/06\/Artboard-14x-renew.jpg","contentUrl":"https:\/\/meteocameroon.gov.cm\/wp-content\/uploads\/2022\/06\/Artboard-14x-renew.jpg","width":519,"height":504,"caption":"M\u00e9t\u00e9orologie Nationale du Cameroun"},"image":{"@id":"https:\/\/meteocameroon.gov.cm\/#\/schema\/logo\/image\/"}},{"@type":"Person","@id":"https:\/\/meteocameroon.gov.cm\/#\/schema\/person\/659cc0f0e2f18cdf0b91651c76411785","name":"Ramses Landry BELL EPIPE","image":{"@type":"ImageObject","inLanguage":"en-US","@id":"https:\/\/meteocameroon.gov.cm\/#\/schema\/person\/image\/","url":"https:\/\/secure.gravatar.com\/avatar\/a21a20808b4c2c9c09679c226bd9f55c66dcbdfe8f8a97c3d1bb809ad03b7626?s=96&d=mm&r=g","contentUrl":"https:\/\/secure.gravatar.com\/avatar\/a21a20808b4c2c9c09679c226bd9f55c66dcbdfe8f8a97c3d1bb809ad03b7626?s=96&d=mm&r=g","caption":"Ramses Landry BELL EPIPE"},"url":"https:\/\/meteocameroon.gov.cm\/en\/author\/ramses\/"}]}},"rttpg_featured_image_url":{"full":["https:\/\/meteocameroon.gov.cm\/wp-content\/uploads\/2024\/03\/jmm-theme-fr.png",1240,1748,false],"landscape":["https:\/\/meteocameroon.gov.cm\/wp-content\/uploads\/2024\/03\/jmm-theme-fr.png",1240,1748,false],"portraits":["https:\/\/meteocameroon.gov.cm\/wp-content\/uploads\/2024\/03\/jmm-theme-fr.png",1240,1748,false],"thumbnail":["https:\/\/meteocameroon.gov.cm\/wp-content\/uploads\/2024\/03\/jmm-theme-fr-150x150.png",150,150,true],"medium":["https:\/\/meteocameroon.gov.cm\/wp-content\/uploads\/2024\/03\/jmm-theme-fr-213x300.png",213,300,true],"large":["https:\/\/meteocameroon.gov.cm\/wp-content\/uploads\/2024\/03\/jmm-theme-fr-726x1024.png",640,903,true],"1536x1536":["https:\/\/meteocameroon.gov.cm\/wp-content\/uploads\/2024\/03\/jmm-theme-fr-1090x1536.png",1090,1536,true],"2048x2048":["https:\/\/meteocameroon.gov.cm\/wp-content\/uploads\/2024\/03\/jmm-theme-fr.png",1240,1748,false],"trp-custom-language-flag":["https:\/\/meteocameroon.gov.cm\/wp-content\/uploads\/2024\/03\/jmm-theme-fr-9x12.png",9,12,true],"binit-portfolio":["https:\/\/meteocameroon.gov.cm\/wp-content\/uploads\/2024\/03\/jmm-theme-fr-600x700.png",600,700,true],"binit-portfolio-vertical":["https:\/\/meteocameroon.gov.cm\/wp-content\/uploads\/2024\/03\/jmm-theme-fr-380x564.png",380,564,true],"binit-blog":["https:\/\/meteocameroon.gov.cm\/wp-content\/uploads\/2024\/03\/jmm-theme-fr-600x420.png",600,420,true],"binit-team":["https:\/\/meteocameroon.gov.cm\/wp-content\/uploads\/2024\/03\/jmm-theme-fr-600x645.png",600,645,true],"binit-product":["https:\/\/meteocameroon.gov.cm\/wp-content\/uploads\/2024\/03\/jmm-theme-fr-360x440.png",360,440,true],"binit-event":["https:\/\/meteocameroon.gov.cm\/wp-content\/uploads\/2024\/03\/jmm-theme-fr-420x630.png",420,630,true]},"rttpg_author":{"display_name":"Ramses Landry BELL EPIPE","author_link":"https:\/\/meteocameroon.gov.cm\/en\/author\/ramses\/"},"rttpg_comment":0,"rttpg_category":"<a href=\"https:\/\/meteocameroon.gov.cm\/en\/category\/actualite\/\" rel=\"category tag\">Actualit\u00e9<\/a> <a href=\"https:\/\/meteocameroon.gov.cm\/en\/category\/information\/\" rel=\"category tag\">Information<\/a>","rttpg_excerpt":"JOURN\u00c9E M\u00c9T\u00c9OROLOGIQUE MONDIALE 2024 Le Cameroun c\u00e9l\u00e8brera ce 23 mars 2024, de concert avec les Etats membres de l\u2019Organisation M\u00e9t\u00e9orologique Mondiale (OMM), la 64\u00e8me \u00e9dition de la Journ\u00e9e M\u00e9t\u00e9orologique Mondiale, [&hellip;]","_links":{"self":[{"href":"https:\/\/meteocameroon.gov.cm\/en\/wp-json\/wp\/v2\/posts\/3639","targetHints":{"allow":["GET"]}}],"collection":[{"href":"https:\/\/meteocameroon.gov.cm\/en\/wp-json\/wp\/v2\/posts"}],"about":[{"href":"https:\/\/meteocameroon.gov.cm\/en\/wp-json\/wp\/v2\/types\/post"}],"author":[{"embeddable":true,"href":"https:\/\/meteocameroon.gov.cm\/en\/wp-json\/wp\/v2\/users\/7"}],"replies":[{"embeddable":true,"href":"https:\/\/meteocameroon.gov.cm\/en\/wp-json\/wp\/v2\/comments?post=3639"}],"version-history":[{"count":8,"href":"https:\/\/meteocameroon.gov.cm\/en\/wp-json\/wp\/v2\/posts\/3639\/revisions"}],"predecessor-version":[{"id":4061,"href":"https:\/\/meteocameroon.gov.cm\/en\/wp-json\/wp\/v2\/posts\/3639\/revisions\/4061"}],"wp:featuredmedia":[{"embeddable":true,"href":"https:\/\/meteocameroon.gov.cm\/en\/wp-json\/wp\/v2\/media\/3640"}],"wp:attachment":[{"href":"https:\/\/meteocameroon.gov.cm\/en\/wp-json\/wp\/v2\/media?parent=3639"}],"wp:term":[{"taxonomy":"category","embeddable":true,"href":"https:\/\/meteocameroon.gov.cm\/en\/wp-json\/wp\/v2\/categories?post=3639"},{"taxonomy":"post_tag","embeddable":true,"href":"https:\/\/meteocameroon.gov.cm\/en\/wp-json\/wp\/v2\/tags?post=3639"}],"curies":[{"name":"wp","href":"https:\/\/api.w.org\/{rel}","templated":true}]}}