{"id":3708,"date":"2024-03-24T18:41:48","date_gmt":"2024-03-24T17:41:48","guid":{"rendered":"https:\/\/meteocameroon.gov.cm\/?p=3708"},"modified":"2024-07-17T08:07:07","modified_gmt":"2024-07-17T07:07:07","slug":"descente-de-sensibilisation-au-lycee-technique-bilingue-de-nsam","status":"publish","type":"post","link":"https:\/\/meteocameroon.gov.cm\/en\/descente-de-sensibilisation-au-lycee-technique-bilingue-de-nsam\/","title":{"rendered":"Descente de sensibilisation au Lyc\u00e9e Technique Bilingue de Nsam"},"content":{"rendered":"<p>Dans le cadre de la c\u00e9l\u00e9bration de la 64e \u00e9dition de la journ\u00e9e m\u00e9t\u00e9orologique mondial, le Lyc\u00e9e Technique Bilingue de Nsam a \u00e9t\u00e9 le th\u00e9\u00e2tre d&#8217;une initiative captivante. Les personnels de la Direction de la M\u00e9t\u00e9orologie Nationale (DMN) et de l\u2019Agence pour la S\u00e9curit\u00e9 de la Navigation A\u00e9rienne en Afrique et \u00e0 Madagascar (ASECNA) se sont mobilis\u00e9s vendredi 15 mars 2024, d\u00e8s 10 heures pour sensibiliser les jeunes sur l&#8217;impact crucial de la m\u00e9t\u00e9orologie dans divers secteurs d&#8217;activit\u00e9.<\/p>\n<p><img loading=\"lazy\" decoding=\"async\" class=\"alignnone wp-image-3709\" src=\"https:\/\/meteocameroon.gov.cm\/wp-content\/uploads\/2024\/03\/WhatsApp-Image-2024-03-16-at-10.43.17-1.jpeg\" alt=\"\" width=\"1428\" height=\"1071\" \/><\/p>\n<p>Sous la houlette de Madame Mary Halleson Amabo, Proviseure de l&#8217;\u00e9tablissement, et d&#8217;une \u00e9quipe p\u00e9dagogique soigneusement s\u00e9lectionn\u00e9e, cette descente a \u00e9t\u00e9 bien plus qu&#8217;une simple rencontre. Elle a \u00e9t\u00e9 une immersion passionnante dans le monde de la m\u00e9t\u00e9o, avec des pr\u00e9sentations interactives, des \u00e9changes dynamiques et des jeux stimulants.<\/p>\n<p>Les moments forts de cette journ\u00e9e, immortalis\u00e9s en images, refl\u00e8tent l&#8217;engagement palpable des \u00e9l\u00e8ves et l&#8217;importance de leur sensibilisation \u00e0 cette science essentielle. Des r\u00e9compenses symboliques ont d&#8217;ailleurs \u00e9t\u00e9 d\u00e9cern\u00e9es aux esprits les plus curieux et vaillants, soulignant ainsi l&#8217;importance de leur implication dans la compr\u00e9hension et la lutte contre les effets n\u00e9fastes des variations climatiques.<\/p>\n<p><img loading=\"lazy\" decoding=\"async\" class=\"alignnone wp-image-3712\" src=\"https:\/\/meteocameroon.gov.cm\/wp-content\/uploads\/2024\/03\/WhatsApp-Image-2024-03-16-at-10.43.08-1.jpeg\" alt=\"\" width=\"623\" height=\"467\" \/> <img loading=\"lazy\" decoding=\"async\" class=\"alignnone wp-image-3713\" src=\"https:\/\/meteocameroon.gov.cm\/wp-content\/uploads\/2024\/03\/WhatsApp-Image-2024-03-16-at-10.43.14.jpeg\" alt=\"\" width=\"623\" height=\"467\" \/><\/p>","protected":false},"excerpt":{"rendered":"<p>Dans le cadre de la c\u00e9l\u00e9bration de la 64e \u00e9dition de la journ\u00e9e m\u00e9t\u00e9orologique mondial, le Lyc\u00e9e Technique Bilingue de Nsam a \u00e9t\u00e9 le th\u00e9\u00e2tre d&#8217;une initiative captivante. Les personnels [&hellip;]<\/p>","protected":false},"author":7,"featured_media":3709,"comment_status":"open","ping_status":"open","sticky":false,"template":"","format":"standard","meta":{"footnotes":""},"categories":[18,1],"tags":[],"class_list":["post-3708","post","type-post","status-publish","format-standard","has-post-thumbnail","hentry","category-actualite","category-information"],"yoast_head":"<!-- This site is optimized with the Yoast SEO plugin v26.8 - https:\/\/yoast.com\/product\/yoast-seo-wordpress\/ -->\n<title>Descente de sensibilisation au Lyc\u00e9e Technique Bilingue de Nsam - M\u00e9t\u00e9orologie Nationale du Cameroun<\/title>\n<meta name=\"description\" content=\"Dans le cadre de la c\u00e9l\u00e9bration de la 64e \u00e9dition de la journ\u00e9e m\u00e9t\u00e9orologique mondiale, le Lyc\u00e9e Technique Bilingue de Nsam a \u00e9t\u00e9 le th\u00e9\u00e2tre d&#039;une initiative captivante. Les personnels de la Direction de la M\u00e9t\u00e9orologie Nationale (DMN) et de l\u2019Agence pour la S\u00e9curit\u00e9 de la Navigation A\u00e9rienne en Afrique et \u00e0 Madagascar (ASECNA) se sont mobilis\u00e9s vendredi 15 mars 2024, d\u00e8s 10 heures pour sensibiliser les jeunes sur l&#039;impact crucial de la m\u00e9t\u00e9orologie dans divers secteurs d&#039;activit\u00e9. Sous la houlette de Madame Mary Halleson Amabo, Proviseure de l&#039;\u00e9tablissement, et d&#039;une \u00e9quipe p\u00e9dagogique soigneusement s\u00e9lectionn\u00e9e, cette descente a \u00e9t\u00e9 bien plus qu&#039;une simple rencontre. Elle a \u00e9t\u00e9 une immersion passionnante dans le monde de la m\u00e9t\u00e9o, avec des pr\u00e9sentations interactives, des \u00e9changes dynamiques et des jeux stimulants.Les moments forts de cette journ\u00e9e, immortalis\u00e9s en images, refl\u00e8tent l&#039;engagement palpable des \u00e9l\u00e8ves et l&#039;importance de leur sensibilisation \u00e0 cette science essentielle. Des r\u00e9compenses symboliques ont d&#039;ailleurs \u00e9t\u00e9 d\u00e9cern\u00e9es aux esprits les plus curieux et vaillants, soulignant ainsi l&#039;importance de leur implication dans la compr\u00e9hension et la lutte contre les effets n\u00e9fastes des variations climatiques.\" \/>\n<meta name=\"robots\" content=\"index, follow, max-snippet:-1, max-image-preview:large, max-video-preview:-1\" \/>\n<link rel=\"canonical\" href=\"https:\/\/meteocameroon.gov.cm\/en\/descente-de-sensibilisation-au-lycee-technique-bilingue-de-nsam\/\" \/>\n<meta property=\"og:locale\" content=\"en_US\" \/>\n<meta property=\"og:type\" content=\"article\" \/>\n<meta property=\"og:title\" content=\"Descente de sensibilisation au Lyc\u00e9e Technique Bilingue de Nsam - M\u00e9t\u00e9orologie Nationale du Cameroun\" \/>\n<meta property=\"og:description\" content=\"Dans le cadre de la c\u00e9l\u00e9bration de la 64e \u00e9dition de la journ\u00e9e m\u00e9t\u00e9orologique mondiale, le Lyc\u00e9e Technique Bilingue de Nsam a \u00e9t\u00e9 le th\u00e9\u00e2tre d&#039;une initiative captivante. Les personnels de la Direction de la M\u00e9t\u00e9orologie Nationale (DMN) et de l\u2019Agence pour la S\u00e9curit\u00e9 de la Navigation A\u00e9rienne en Afrique et \u00e0 Madagascar (ASECNA) se sont mobilis\u00e9s vendredi 15 mars 2024, d\u00e8s 10 heures pour sensibiliser les jeunes sur l&#039;impact crucial de la m\u00e9t\u00e9orologie dans divers secteurs d&#039;activit\u00e9. Sous la houlette de Madame Mary Halleson Amabo, Proviseure de l&#039;\u00e9tablissement, et d&#039;une \u00e9quipe p\u00e9dagogique soigneusement s\u00e9lectionn\u00e9e, cette descente a \u00e9t\u00e9 bien plus qu&#039;une simple rencontre. Elle a \u00e9t\u00e9 une immersion passionnante dans le monde de la m\u00e9t\u00e9o, avec des pr\u00e9sentations interactives, des \u00e9changes dynamiques et des jeux stimulants.Les moments forts de cette journ\u00e9e, immortalis\u00e9s en images, refl\u00e8tent l&#039;engagement palpable des \u00e9l\u00e8ves et l&#039;importance de leur sensibilisation \u00e0 cette science essentielle. Des r\u00e9compenses symboliques ont d&#039;ailleurs \u00e9t\u00e9 d\u00e9cern\u00e9es aux esprits les plus curieux et vaillants, soulignant ainsi l&#039;importance de leur implication dans la compr\u00e9hension et la lutte contre les effets n\u00e9fastes des variations climatiques.\" \/>\n<meta property=\"og:url\" content=\"https:\/\/meteocameroon.gov.cm\/en\/descente-de-sensibilisation-au-lycee-technique-bilingue-de-nsam\/\" \/>\n<meta property=\"og:site_name\" content=\"M\u00e9t\u00e9orologie Nationale du Cameroun\" \/>\n<meta property=\"article:published_time\" content=\"2024-03-24T17:41:48+00:00\" \/>\n<meta property=\"article:modified_time\" content=\"2024-07-17T07:07:07+00:00\" \/>\n<meta property=\"og:image\" content=\"https:\/\/meteocameroon.gov.cm\/wp-content\/uploads\/2024\/03\/WhatsApp-Image-2024-03-16-at-10.43.17-1.jpeg\" \/>\n\t<meta property=\"og:image:width\" content=\"1024\" \/>\n\t<meta property=\"og:image:height\" content=\"768\" \/>\n\t<meta property=\"og:image:type\" content=\"image\/jpeg\" \/>\n<meta name=\"author\" content=\"Ramses Landry BELL EPIPE\" \/>\n<meta name=\"twitter:card\" content=\"summary_large_image\" \/>\n<meta name=\"twitter:label1\" content=\"Written by\" \/>\n\t<meta name=\"twitter:data1\" content=\"Ramses Landry BELL EPIPE\" \/>\n\t<meta name=\"twitter:label2\" content=\"Est. reading time\" \/>\n\t<meta name=\"twitter:data2\" content=\"2 minutes\" \/>\n<script type=\"application\/ld+json\" class=\"yoast-schema-graph\">{\"@context\":\"https:\/\/schema.org\",\"@graph\":[{\"@type\":\"Article\",\"@id\":\"https:\/\/meteocameroon.gov.cm\/descente-de-sensibilisation-au-lycee-technique-bilingue-de-nsam\/#article\",\"isPartOf\":{\"@id\":\"https:\/\/meteocameroon.gov.cm\/descente-de-sensibilisation-au-lycee-technique-bilingue-de-nsam\/\"},\"author\":{\"name\":\"Ramses Landry BELL EPIPE\",\"@id\":\"https:\/\/meteocameroon.gov.cm\/#\/schema\/person\/659cc0f0e2f18cdf0b91651c76411785\"},\"headline\":\"Descente de sensibilisation au Lyc\u00e9e Technique Bilingue de Nsam\",\"datePublished\":\"2024-03-24T17:41:48+00:00\",\"dateModified\":\"2024-07-17T07:07:07+00:00\",\"mainEntityOfPage\":{\"@id\":\"https:\/\/meteocameroon.gov.cm\/descente-de-sensibilisation-au-lycee-technique-bilingue-de-nsam\/\"},\"wordCount\":220,\"commentCount\":0,\"publisher\":{\"@id\":\"https:\/\/meteocameroon.gov.cm\/#organization\"},\"image\":{\"@id\":\"https:\/\/meteocameroon.gov.cm\/descente-de-sensibilisation-au-lycee-technique-bilingue-de-nsam\/#primaryimage\"},\"thumbnailUrl\":\"https:\/\/meteocameroon.gov.cm\/wp-content\/uploads\/2024\/03\/WhatsApp-Image-2024-03-16-at-10.43.17-1.jpeg\",\"articleSection\":[\"Actualit\u00e9\",\"Information\"],\"inLanguage\":\"en-US\",\"potentialAction\":[{\"@type\":\"CommentAction\",\"name\":\"Comment\",\"target\":[\"https:\/\/meteocameroon.gov.cm\/descente-de-sensibilisation-au-lycee-technique-bilingue-de-nsam\/#respond\"]}]},{\"@type\":\"WebPage\",\"@id\":\"https:\/\/meteocameroon.gov.cm\/descente-de-sensibilisation-au-lycee-technique-bilingue-de-nsam\/\",\"url\":\"https:\/\/meteocameroon.gov.cm\/descente-de-sensibilisation-au-lycee-technique-bilingue-de-nsam\/\",\"name\":\"Descente de sensibilisation au Lyc\u00e9e Technique Bilingue de Nsam - M\u00e9t\u00e9orologie Nationale du Cameroun\",\"isPartOf\":{\"@id\":\"https:\/\/meteocameroon.gov.cm\/#website\"},\"primaryImageOfPage\":{\"@id\":\"https:\/\/meteocameroon.gov.cm\/descente-de-sensibilisation-au-lycee-technique-bilingue-de-nsam\/#primaryimage\"},\"image\":{\"@id\":\"https:\/\/meteocameroon.gov.cm\/descente-de-sensibilisation-au-lycee-technique-bilingue-de-nsam\/#primaryimage\"},\"thumbnailUrl\":\"https:\/\/meteocameroon.gov.cm\/wp-content\/uploads\/2024\/03\/WhatsApp-Image-2024-03-16-at-10.43.17-1.jpeg\",\"datePublished\":\"2024-03-24T17:41:48+00:00\",\"dateModified\":\"2024-07-17T07:07:07+00:00\",\"description\":\"Dans le cadre de la c\u00e9l\u00e9bration de la 64e \u00e9dition de la journ\u00e9e m\u00e9t\u00e9orologique mondiale, le Lyc\u00e9e Technique Bilingue de Nsam a \u00e9t\u00e9 le th\u00e9\u00e2tre d'une initiative captivante. Les personnels de la Direction de la M\u00e9t\u00e9orologie Nationale (DMN) et de l\u2019Agence pour la S\u00e9curit\u00e9 de la Navigation A\u00e9rienne en Afrique et \u00e0 Madagascar (ASECNA) se sont mobilis\u00e9s vendredi 15 mars 2024, d\u00e8s 10 heures pour sensibiliser les jeunes sur l'impact crucial de la m\u00e9t\u00e9orologie dans divers secteurs d'activit\u00e9. Sous la houlette de Madame Mary Halleson Amabo, Proviseure de l'\u00e9tablissement, et d'une \u00e9quipe p\u00e9dagogique soigneusement s\u00e9lectionn\u00e9e, cette descente a \u00e9t\u00e9 bien plus qu'une simple rencontre. Elle a \u00e9t\u00e9 une immersion passionnante dans le monde de la m\u00e9t\u00e9o, avec des pr\u00e9sentations interactives, des \u00e9changes dynamiques et des jeux stimulants.Les moments forts de cette journ\u00e9e, immortalis\u00e9s en images, refl\u00e8tent l'engagement palpable des \u00e9l\u00e8ves et l'importance de leur sensibilisation \u00e0 cette science essentielle. Des r\u00e9compenses symboliques ont d'ailleurs \u00e9t\u00e9 d\u00e9cern\u00e9es aux esprits les plus curieux et vaillants, soulignant ainsi l'importance de leur implication dans la compr\u00e9hension et la lutte contre les effets n\u00e9fastes des variations climatiques.\",\"breadcrumb\":{\"@id\":\"https:\/\/meteocameroon.gov.cm\/descente-de-sensibilisation-au-lycee-technique-bilingue-de-nsam\/#breadcrumb\"},\"inLanguage\":\"en-US\",\"potentialAction\":[{\"@type\":\"ReadAction\",\"target\":[\"https:\/\/meteocameroon.gov.cm\/descente-de-sensibilisation-au-lycee-technique-bilingue-de-nsam\/\"]}]},{\"@type\":\"ImageObject\",\"inLanguage\":\"en-US\",\"@id\":\"https:\/\/meteocameroon.gov.cm\/descente-de-sensibilisation-au-lycee-technique-bilingue-de-nsam\/#primaryimage\",\"url\":\"https:\/\/meteocameroon.gov.cm\/wp-content\/uploads\/2024\/03\/WhatsApp-Image-2024-03-16-at-10.43.17-1.jpeg\",\"contentUrl\":\"https:\/\/meteocameroon.gov.cm\/wp-content\/uploads\/2024\/03\/WhatsApp-Image-2024-03-16-at-10.43.17-1.jpeg\",\"width\":1024,\"height\":768},{\"@type\":\"BreadcrumbList\",\"@id\":\"https:\/\/meteocameroon.gov.cm\/descente-de-sensibilisation-au-lycee-technique-bilingue-de-nsam\/#breadcrumb\",\"itemListElement\":[{\"@type\":\"ListItem\",\"position\":1,\"name\":\"Accueil\",\"item\":\"https:\/\/meteocameroon.gov.cm\/\"},{\"@type\":\"ListItem\",\"position\":2,\"name\":\"Descente de sensibilisation au Lyc\u00e9e Technique Bilingue de Nsam\"}]},{\"@type\":\"WebSite\",\"@id\":\"https:\/\/meteocameroon.gov.cm\/#website\",\"url\":\"https:\/\/meteocameroon.gov.cm\/\",\"name\":\"M\u00e9t\u00e9orologie Nationale du Cameroun\",\"description\":\"La m\u00e9t\u00e9o un outils pour le d\u00e9veloppement\",\"publisher\":{\"@id\":\"https:\/\/meteocameroon.gov.cm\/#organization\"},\"potentialAction\":[{\"@type\":\"SearchAction\",\"target\":{\"@type\":\"EntryPoint\",\"urlTemplate\":\"https:\/\/meteocameroon.gov.cm\/?s={search_term_string}\"},\"query-input\":{\"@type\":\"PropertyValueSpecification\",\"valueRequired\":true,\"valueName\":\"search_term_string\"}}],\"inLanguage\":\"en-US\"},{\"@type\":\"Organization\",\"@id\":\"https:\/\/meteocameroon.gov.cm\/#organization\",\"name\":\"M\u00e9t\u00e9orologie Nationale du Cameroun\",\"url\":\"https:\/\/meteocameroon.gov.cm\/\",\"logo\":{\"@type\":\"ImageObject\",\"inLanguage\":\"en-US\",\"@id\":\"https:\/\/meteocameroon.gov.cm\/#\/schema\/logo\/image\/\",\"url\":\"https:\/\/meteocameroon.gov.cm\/wp-content\/uploads\/2022\/06\/Artboard-14x-renew.jpg\",\"contentUrl\":\"https:\/\/meteocameroon.gov.cm\/wp-content\/uploads\/2022\/06\/Artboard-14x-renew.jpg\",\"width\":519,\"height\":504,\"caption\":\"M\u00e9t\u00e9orologie Nationale du Cameroun\"},\"image\":{\"@id\":\"https:\/\/meteocameroon.gov.cm\/#\/schema\/logo\/image\/\"}},{\"@type\":\"Person\",\"@id\":\"https:\/\/meteocameroon.gov.cm\/#\/schema\/person\/659cc0f0e2f18cdf0b91651c76411785\",\"name\":\"Ramses Landry BELL EPIPE\",\"image\":{\"@type\":\"ImageObject\",\"inLanguage\":\"en-US\",\"@id\":\"https:\/\/meteocameroon.gov.cm\/#\/schema\/person\/image\/\",\"url\":\"https:\/\/secure.gravatar.com\/avatar\/a21a20808b4c2c9c09679c226bd9f55c66dcbdfe8f8a97c3d1bb809ad03b7626?s=96&d=mm&r=g\",\"contentUrl\":\"https:\/\/secure.gravatar.com\/avatar\/a21a20808b4c2c9c09679c226bd9f55c66dcbdfe8f8a97c3d1bb809ad03b7626?s=96&d=mm&r=g\",\"caption\":\"Ramses Landry BELL EPIPE\"},\"url\":\"https:\/\/meteocameroon.gov.cm\/en\/author\/ramses\/\"}]}<\/script>\n<!-- \/ Yoast SEO plugin. -->","yoast_head_json":{"title":"Descente de sensibilisation au Lyc\u00e9e Technique Bilingue de Nsam - M\u00e9t\u00e9orologie Nationale du Cameroun","description":"Dans le cadre de la c\u00e9l\u00e9bration de la 64e \u00e9dition de la journ\u00e9e m\u00e9t\u00e9orologique mondiale, le Lyc\u00e9e Technique Bilingue de Nsam a \u00e9t\u00e9 le th\u00e9\u00e2tre d'une initiative captivante. Les personnels de la Direction de la M\u00e9t\u00e9orologie Nationale (DMN) et de l\u2019Agence pour la S\u00e9curit\u00e9 de la Navigation A\u00e9rienne en Afrique et \u00e0 Madagascar (ASECNA) se sont mobilis\u00e9s vendredi 15 mars 2024, d\u00e8s 10 heures pour sensibiliser les jeunes sur l'impact crucial de la m\u00e9t\u00e9orologie dans divers secteurs d'activit\u00e9. Sous la houlette de Madame Mary Halleson Amabo, Proviseure de l'\u00e9tablissement, et d'une \u00e9quipe p\u00e9dagogique soigneusement s\u00e9lectionn\u00e9e, cette descente a \u00e9t\u00e9 bien plus qu'une simple rencontre. Elle a \u00e9t\u00e9 une immersion passionnante dans le monde de la m\u00e9t\u00e9o, avec des pr\u00e9sentations interactives, des \u00e9changes dynamiques et des jeux stimulants.Les moments forts de cette journ\u00e9e, immortalis\u00e9s en images, refl\u00e8tent l'engagement palpable des \u00e9l\u00e8ves et l'importance de leur sensibilisation \u00e0 cette science essentielle. Des r\u00e9compenses symboliques ont d'ailleurs \u00e9t\u00e9 d\u00e9cern\u00e9es aux esprits les plus curieux et vaillants, soulignant ainsi l'importance de leur implication dans la compr\u00e9hension et la lutte contre les effets n\u00e9fastes des variations climatiques.","robots":{"index":"index","follow":"follow","max-snippet":"max-snippet:-1","max-image-preview":"max-image-preview:large","max-video-preview":"max-video-preview:-1"},"canonical":"https:\/\/meteocameroon.gov.cm\/en\/descente-de-sensibilisation-au-lycee-technique-bilingue-de-nsam\/","og_locale":"en_US","og_type":"article","og_title":"Descente de sensibilisation au Lyc\u00e9e Technique Bilingue de Nsam - M\u00e9t\u00e9orologie Nationale du Cameroun","og_description":"Dans le cadre de la c\u00e9l\u00e9bration de la 64e \u00e9dition de la journ\u00e9e m\u00e9t\u00e9orologique mondiale, le Lyc\u00e9e Technique Bilingue de Nsam a \u00e9t\u00e9 le th\u00e9\u00e2tre d'une initiative captivante. Les personnels de la Direction de la M\u00e9t\u00e9orologie Nationale (DMN) et de l\u2019Agence pour la S\u00e9curit\u00e9 de la Navigation A\u00e9rienne en Afrique et \u00e0 Madagascar (ASECNA) se sont mobilis\u00e9s vendredi 15 mars 2024, d\u00e8s 10 heures pour sensibiliser les jeunes sur l'impact crucial de la m\u00e9t\u00e9orologie dans divers secteurs d'activit\u00e9. Sous la houlette de Madame Mary Halleson Amabo, Proviseure de l'\u00e9tablissement, et d'une \u00e9quipe p\u00e9dagogique soigneusement s\u00e9lectionn\u00e9e, cette descente a \u00e9t\u00e9 bien plus qu'une simple rencontre. Elle a \u00e9t\u00e9 une immersion passionnante dans le monde de la m\u00e9t\u00e9o, avec des pr\u00e9sentations interactives, des \u00e9changes dynamiques et des jeux stimulants.Les moments forts de cette journ\u00e9e, immortalis\u00e9s en images, refl\u00e8tent l'engagement palpable des \u00e9l\u00e8ves et l'importance de leur sensibilisation \u00e0 cette science essentielle. Des r\u00e9compenses symboliques ont d'ailleurs \u00e9t\u00e9 d\u00e9cern\u00e9es aux esprits les plus curieux et vaillants, soulignant ainsi l'importance de leur implication dans la compr\u00e9hension et la lutte contre les effets n\u00e9fastes des variations climatiques.","og_url":"https:\/\/meteocameroon.gov.cm\/en\/descente-de-sensibilisation-au-lycee-technique-bilingue-de-nsam\/","og_site_name":"M\u00e9t\u00e9orologie Nationale du Cameroun","article_published_time":"2024-03-24T17:41:48+00:00","article_modified_time":"2024-07-17T07:07:07+00:00","og_image":[{"width":1024,"height":768,"url":"https:\/\/meteocameroon.gov.cm\/wp-content\/uploads\/2024\/03\/WhatsApp-Image-2024-03-16-at-10.43.17-1.jpeg","type":"image\/jpeg"}],"author":"Ramses Landry BELL EPIPE","twitter_card":"summary_large_image","twitter_misc":{"Written by":"Ramses Landry BELL EPIPE","Est. reading time":"2 minutes"},"schema":{"@context":"https:\/\/schema.org","@graph":[{"@type":"Article","@id":"https:\/\/meteocameroon.gov.cm\/descente-de-sensibilisation-au-lycee-technique-bilingue-de-nsam\/#article","isPartOf":{"@id":"https:\/\/meteocameroon.gov.cm\/descente-de-sensibilisation-au-lycee-technique-bilingue-de-nsam\/"},"author":{"name":"Ramses Landry BELL EPIPE","@id":"https:\/\/meteocameroon.gov.cm\/#\/schema\/person\/659cc0f0e2f18cdf0b91651c76411785"},"headline":"Descente de sensibilisation au Lyc\u00e9e Technique Bilingue de Nsam","datePublished":"2024-03-24T17:41:48+00:00","dateModified":"2024-07-17T07:07:07+00:00","mainEntityOfPage":{"@id":"https:\/\/meteocameroon.gov.cm\/descente-de-sensibilisation-au-lycee-technique-bilingue-de-nsam\/"},"wordCount":220,"commentCount":0,"publisher":{"@id":"https:\/\/meteocameroon.gov.cm\/#organization"},"image":{"@id":"https:\/\/meteocameroon.gov.cm\/descente-de-sensibilisation-au-lycee-technique-bilingue-de-nsam\/#primaryimage"},"thumbnailUrl":"https:\/\/meteocameroon.gov.cm\/wp-content\/uploads\/2024\/03\/WhatsApp-Image-2024-03-16-at-10.43.17-1.jpeg","articleSection":["Actualit\u00e9","Information"],"inLanguage":"en-US","potentialAction":[{"@type":"CommentAction","name":"Comment","target":["https:\/\/meteocameroon.gov.cm\/descente-de-sensibilisation-au-lycee-technique-bilingue-de-nsam\/#respond"]}]},{"@type":"WebPage","@id":"https:\/\/meteocameroon.gov.cm\/descente-de-sensibilisation-au-lycee-technique-bilingue-de-nsam\/","url":"https:\/\/meteocameroon.gov.cm\/descente-de-sensibilisation-au-lycee-technique-bilingue-de-nsam\/","name":"Descente de sensibilisation au Lyc\u00e9e Technique Bilingue de Nsam - M\u00e9t\u00e9orologie Nationale du Cameroun","isPartOf":{"@id":"https:\/\/meteocameroon.gov.cm\/#website"},"primaryImageOfPage":{"@id":"https:\/\/meteocameroon.gov.cm\/descente-de-sensibilisation-au-lycee-technique-bilingue-de-nsam\/#primaryimage"},"image":{"@id":"https:\/\/meteocameroon.gov.cm\/descente-de-sensibilisation-au-lycee-technique-bilingue-de-nsam\/#primaryimage"},"thumbnailUrl":"https:\/\/meteocameroon.gov.cm\/wp-content\/uploads\/2024\/03\/WhatsApp-Image-2024-03-16-at-10.43.17-1.jpeg","datePublished":"2024-03-24T17:41:48+00:00","dateModified":"2024-07-17T07:07:07+00:00","description":"Dans le cadre de la c\u00e9l\u00e9bration de la 64e \u00e9dition de la journ\u00e9e m\u00e9t\u00e9orologique mondiale, le Lyc\u00e9e Technique Bilingue de Nsam a \u00e9t\u00e9 le th\u00e9\u00e2tre d'une initiative captivante. Les personnels de la Direction de la M\u00e9t\u00e9orologie Nationale (DMN) et de l\u2019Agence pour la S\u00e9curit\u00e9 de la Navigation A\u00e9rienne en Afrique et \u00e0 Madagascar (ASECNA) se sont mobilis\u00e9s vendredi 15 mars 2024, d\u00e8s 10 heures pour sensibiliser les jeunes sur l'impact crucial de la m\u00e9t\u00e9orologie dans divers secteurs d'activit\u00e9. Sous la houlette de Madame Mary Halleson Amabo, Proviseure de l'\u00e9tablissement, et d'une \u00e9quipe p\u00e9dagogique soigneusement s\u00e9lectionn\u00e9e, cette descente a \u00e9t\u00e9 bien plus qu'une simple rencontre. Elle a \u00e9t\u00e9 une immersion passionnante dans le monde de la m\u00e9t\u00e9o, avec des pr\u00e9sentations interactives, des \u00e9changes dynamiques et des jeux stimulants.Les moments forts de cette journ\u00e9e, immortalis\u00e9s en images, refl\u00e8tent l'engagement palpable des \u00e9l\u00e8ves et l'importance de leur sensibilisation \u00e0 cette science essentielle. Des r\u00e9compenses symboliques ont d'ailleurs \u00e9t\u00e9 d\u00e9cern\u00e9es aux esprits les plus curieux et vaillants, soulignant ainsi l'importance de leur implication dans la compr\u00e9hension et la lutte contre les effets n\u00e9fastes des variations climatiques.","breadcrumb":{"@id":"https:\/\/meteocameroon.gov.cm\/descente-de-sensibilisation-au-lycee-technique-bilingue-de-nsam\/#breadcrumb"},"inLanguage":"en-US","potentialAction":[{"@type":"ReadAction","target":["https:\/\/meteocameroon.gov.cm\/descente-de-sensibilisation-au-lycee-technique-bilingue-de-nsam\/"]}]},{"@type":"ImageObject","inLanguage":"en-US","@id":"https:\/\/meteocameroon.gov.cm\/descente-de-sensibilisation-au-lycee-technique-bilingue-de-nsam\/#primaryimage","url":"https:\/\/meteocameroon.gov.cm\/wp-content\/uploads\/2024\/03\/WhatsApp-Image-2024-03-16-at-10.43.17-1.jpeg","contentUrl":"https:\/\/meteocameroon.gov.cm\/wp-content\/uploads\/2024\/03\/WhatsApp-Image-2024-03-16-at-10.43.17-1.jpeg","width":1024,"height":768},{"@type":"BreadcrumbList","@id":"https:\/\/meteocameroon.gov.cm\/descente-de-sensibilisation-au-lycee-technique-bilingue-de-nsam\/#breadcrumb","itemListElement":[{"@type":"ListItem","position":1,"name":"Accueil","item":"https:\/\/meteocameroon.gov.cm\/"},{"@type":"ListItem","position":2,"name":"Descente de sensibilisation au Lyc\u00e9e Technique Bilingue de Nsam"}]},{"@type":"WebSite","@id":"https:\/\/meteocameroon.gov.cm\/#website","url":"https:\/\/meteocameroon.gov.cm\/","name":"M\u00e9t\u00e9orologie Nationale du Cameroun","description":"La m\u00e9t\u00e9o un outils pour le d\u00e9veloppement","publisher":{"@id":"https:\/\/meteocameroon.gov.cm\/#organization"},"potentialAction":[{"@type":"SearchAction","target":{"@type":"EntryPoint","urlTemplate":"https:\/\/meteocameroon.gov.cm\/?s={search_term_string}"},"query-input":{"@type":"PropertyValueSpecification","valueRequired":true,"valueName":"search_term_string"}}],"inLanguage":"en-US"},{"@type":"Organization","@id":"https:\/\/meteocameroon.gov.cm\/#organization","name":"M\u00e9t\u00e9orologie Nationale du Cameroun","url":"https:\/\/meteocameroon.gov.cm\/","logo":{"@type":"ImageObject","inLanguage":"en-US","@id":"https:\/\/meteocameroon.gov.cm\/#\/schema\/logo\/image\/","url":"https:\/\/meteocameroon.gov.cm\/wp-content\/uploads\/2022\/06\/Artboard-14x-renew.jpg","contentUrl":"https:\/\/meteocameroon.gov.cm\/wp-content\/uploads\/2022\/06\/Artboard-14x-renew.jpg","width":519,"height":504,"caption":"M\u00e9t\u00e9orologie Nationale du Cameroun"},"image":{"@id":"https:\/\/meteocameroon.gov.cm\/#\/schema\/logo\/image\/"}},{"@type":"Person","@id":"https:\/\/meteocameroon.gov.cm\/#\/schema\/person\/659cc0f0e2f18cdf0b91651c76411785","name":"Ramses Landry BELL EPIPE","image":{"@type":"ImageObject","inLanguage":"en-US","@id":"https:\/\/meteocameroon.gov.cm\/#\/schema\/person\/image\/","url":"https:\/\/secure.gravatar.com\/avatar\/a21a20808b4c2c9c09679c226bd9f55c66dcbdfe8f8a97c3d1bb809ad03b7626?s=96&d=mm&r=g","contentUrl":"https:\/\/secure.gravatar.com\/avatar\/a21a20808b4c2c9c09679c226bd9f55c66dcbdfe8f8a97c3d1bb809ad03b7626?s=96&d=mm&r=g","caption":"Ramses Landry BELL EPIPE"},"url":"https:\/\/meteocameroon.gov.cm\/en\/author\/ramses\/"}]}},"rttpg_featured_image_url":{"full":["https:\/\/meteocameroon.gov.cm\/wp-content\/uploads\/2024\/03\/WhatsApp-Image-2024-03-16-at-10.43.17-1.jpeg",1024,768,false],"landscape":["https:\/\/meteocameroon.gov.cm\/wp-content\/uploads\/2024\/03\/WhatsApp-Image-2024-03-16-at-10.43.17-1.jpeg",1024,768,false],"portraits":["https:\/\/meteocameroon.gov.cm\/wp-content\/uploads\/2024\/03\/WhatsApp-Image-2024-03-16-at-10.43.17-1.jpeg",1024,768,false],"thumbnail":["https:\/\/meteocameroon.gov.cm\/wp-content\/uploads\/2024\/03\/WhatsApp-Image-2024-03-16-at-10.43.17-1-150x150.jpeg",150,150,true],"medium":["https:\/\/meteocameroon.gov.cm\/wp-content\/uploads\/2024\/03\/WhatsApp-Image-2024-03-16-at-10.43.17-1-300x225.jpeg",300,225,true],"large":["https:\/\/meteocameroon.gov.cm\/wp-content\/uploads\/2024\/03\/WhatsApp-Image-2024-03-16-at-10.43.17-1.jpeg",640,480,false],"1536x1536":["https:\/\/meteocameroon.gov.cm\/wp-content\/uploads\/2024\/03\/WhatsApp-Image-2024-03-16-at-10.43.17-1.jpeg",1024,768,false],"2048x2048":["https:\/\/meteocameroon.gov.cm\/wp-content\/uploads\/2024\/03\/WhatsApp-Image-2024-03-16-at-10.43.17-1.jpeg",1024,768,false],"trp-custom-language-flag":["https:\/\/meteocameroon.gov.cm\/wp-content\/uploads\/2024\/03\/WhatsApp-Image-2024-03-16-at-10.43.17-1-16x12.jpeg",16,12,true],"binit-portfolio":["https:\/\/meteocameroon.gov.cm\/wp-content\/uploads\/2024\/03\/WhatsApp-Image-2024-03-16-at-10.43.17-1-600x700.jpeg",600,700,true],"binit-portfolio-vertical":["https:\/\/meteocameroon.gov.cm\/wp-content\/uploads\/2024\/03\/WhatsApp-Image-2024-03-16-at-10.43.17-1-380x564.jpeg",380,564,true],"binit-blog":["https:\/\/meteocameroon.gov.cm\/wp-content\/uploads\/2024\/03\/WhatsApp-Image-2024-03-16-at-10.43.17-1-600x420.jpeg",600,420,true],"binit-team":["https:\/\/meteocameroon.gov.cm\/wp-content\/uploads\/2024\/03\/WhatsApp-Image-2024-03-16-at-10.43.17-1-600x645.jpeg",600,645,true],"binit-product":["https:\/\/meteocameroon.gov.cm\/wp-content\/uploads\/2024\/03\/WhatsApp-Image-2024-03-16-at-10.43.17-1-360x440.jpeg",360,440,true],"binit-event":["https:\/\/meteocameroon.gov.cm\/wp-content\/uploads\/2024\/03\/WhatsApp-Image-2024-03-16-at-10.43.17-1-420x630.jpeg",420,630,true]},"rttpg_author":{"display_name":"Ramses Landry BELL EPIPE","author_link":"https:\/\/meteocameroon.gov.cm\/en\/author\/ramses\/"},"rttpg_comment":0,"rttpg_category":"<a href=\"https:\/\/meteocameroon.gov.cm\/en\/category\/actualite\/\" rel=\"category tag\">Actualit\u00e9<\/a> <a href=\"https:\/\/meteocameroon.gov.cm\/en\/category\/information\/\" rel=\"category tag\">Information<\/a>","rttpg_excerpt":"Dans le cadre de la c\u00e9l\u00e9bration de la 64e \u00e9dition de la journ\u00e9e m\u00e9t\u00e9orologique mondial, le Lyc\u00e9e Technique Bilingue de Nsam a \u00e9t\u00e9 le th\u00e9\u00e2tre d&#8217;une initiative captivante. Les personnels [&hellip;]","_links":{"self":[{"href":"https:\/\/meteocameroon.gov.cm\/en\/wp-json\/wp\/v2\/posts\/3708","targetHints":{"allow":["GET"]}}],"collection":[{"href":"https:\/\/meteocameroon.gov.cm\/en\/wp-json\/wp\/v2\/posts"}],"about":[{"href":"https:\/\/meteocameroon.gov.cm\/en\/wp-json\/wp\/v2\/types\/post"}],"author":[{"embeddable":true,"href":"https:\/\/meteocameroon.gov.cm\/en\/wp-json\/wp\/v2\/users\/7"}],"replies":[{"embeddable":true,"href":"https:\/\/meteocameroon.gov.cm\/en\/wp-json\/wp\/v2\/comments?post=3708"}],"version-history":[{"count":3,"href":"https:\/\/meteocameroon.gov.cm\/en\/wp-json\/wp\/v2\/posts\/3708\/revisions"}],"predecessor-version":[{"id":4064,"href":"https:\/\/meteocameroon.gov.cm\/en\/wp-json\/wp\/v2\/posts\/3708\/revisions\/4064"}],"wp:featuredmedia":[{"embeddable":true,"href":"https:\/\/meteocameroon.gov.cm\/en\/wp-json\/wp\/v2\/media\/3709"}],"wp:attachment":[{"href":"https:\/\/meteocameroon.gov.cm\/en\/wp-json\/wp\/v2\/media?parent=3708"}],"wp:term":[{"taxonomy":"category","embeddable":true,"href":"https:\/\/meteocameroon.gov.cm\/en\/wp-json\/wp\/v2\/categories?post=3708"},{"taxonomy":"post_tag","embeddable":true,"href":"https:\/\/meteocameroon.gov.cm\/en\/wp-json\/wp\/v2\/tags?post=3708"}],"curies":[{"name":"wp","href":"https:\/\/api.w.org\/{rel}","templated":true}]}}