{"id":3762,"date":"2024-05-05T20:52:58","date_gmt":"2024-05-05T19:52:58","guid":{"rendered":"https:\/\/meteocameroon.gov.cm\/?p=3762"},"modified":"2024-05-05T20:52:58","modified_gmt":"2024-05-05T19:52:58","slug":"visite-du-dr-paul-bugeac-au-cameroun","status":"publish","type":"post","link":"https:\/\/meteocameroon.gov.cm\/en\/visite-du-dr-paul-bugeac-au-cameroun\/","title":{"rendered":"Visite du Dr Paul Bugeac au Cameroun"},"content":{"rendered":"<p>Dans le cadre des concertations en vue de la reconnaissance et de l\u2019accompagnement des formations universitaires en mati\u00e8re de m\u00e9t\u00e9orologie effectu\u00e9es au Cameroun par l\u2019Organisation M\u00e9t\u00e9orologique Mondiale (OMM), Dr Paul Bugeac, Coordonnateur Apprentissage et D\u00e9veloppement a \u00e9t\u00e9 d\u00e9sign\u00e9 par ladite organisation pour une visite au Cameroun, du 16 au 19 avril 2024.<\/p>\n<p><img loading=\"lazy\" decoding=\"async\" class=\"alignnone  wp-image-3766\" src=\"https:\/\/meteocameroon.gov.cm\/wp-content\/uploads\/2024\/05\/WhatsApp-Image-2024-05-05-at-7.39.15-PM.jpeg\" alt=\"\" width=\"1163\" height=\"872\" \/><\/p>\n<p>L\u2019objectif de cette visite qui constitue la prochaine \u00e9tape dans le cadre du processus de d\u00e9signation des composantes propos\u00e9es d&#8217;un nouveau RTC au Cameroun, est de mener des consultations au niveau de l\u2019Ecole Nationale Sup\u00e9rieure Polytechnique de Yaound\u00e9 et l\u2019Ecole de Formation de l\u2019Autorit\u00e9 A\u00e9ronautique. Il a eu une r\u00e9union de briefing avec les diff\u00e9rentes parties prenantes (ENSPY, l\u2019EFO CCAA, le CRECC et le MINT) sur les objectifs de la visite.<\/p>\n<p><img loading=\"lazy\" decoding=\"async\" class=\"alignnone  wp-image-3763\" src=\"https:\/\/meteocameroon.gov.cm\/wp-content\/uploads\/2024\/05\/avant.jpeg\" alt=\"\" width=\"1163\" height=\"872\" \/><\/p>\n<p>Il est important de rappeler qu&#8217;au cours de sa pr\u00e9c\u00e9dente visite, dans la p\u00e9riode allant du 13 au 15 mars 2023, Dr Bugeac avait men\u00e9 au Cameroun, des consultations au niveau de la Direction de la M\u00e9t\u00e9orologie Nationale et des Ecoles Nationales Sup\u00e9rieures Polytechniques offrant les formations en m\u00e9t\u00e9orologie, sur les besoins de d\u00e9veloppement sp\u00e9cifiques qui pourraient conduire \u00e0 des programmes d&#8217;\u00e9ducation et de formation durables sur la base d&#8217;une collaboration non seulement avec l&#8217;OMM mais aussi avec d&#8217;autres \u00e9tablissements d&#8217;enseignement et de formation de la r\u00e9gion.<\/p>\n<p>Sont joints \u00e0 ce texte, quelques images des activit\u00e9s qu&#8217;il a eu a men\u00e9.<\/p>\n<p>&nbsp;<\/p>\n<p><img loading=\"lazy\" decoding=\"async\" class=\"alignnone  wp-image-3765\" src=\"https:\/\/meteocameroon.gov.cm\/wp-content\/uploads\/2024\/05\/WhatsApp-Image-2024-05-05-at-7.39.15-PM-1.jpeg\" alt=\"\" width=\"568\" height=\"426\" \/> <img loading=\"lazy\" decoding=\"async\" class=\"wp-image-3764 alignright\" src=\"https:\/\/meteocameroon.gov.cm\/wp-content\/uploads\/2024\/05\/WhatsApp-Image-2024-05-05-at-7.39.15-PM-2.jpeg\" alt=\"\" width=\"565\" height=\"424\" \/><\/p>\n<p>&nbsp;<\/p>","protected":false},"excerpt":{"rendered":"<p>Dans le cadre des concertations en vue de la reconnaissance et de l\u2019accompagnement des formations universitaires en mati\u00e8re de m\u00e9t\u00e9orologie effectu\u00e9es au Cameroun par l\u2019Organisation M\u00e9t\u00e9orologique Mondiale (OMM), Dr Paul [&hellip;]<\/p>","protected":false},"author":7,"featured_media":3763,"comment_status":"open","ping_status":"open","sticky":false,"template":"","format":"standard","meta":{"footnotes":""},"categories":[18,1],"tags":[],"class_list":["post-3762","post","type-post","status-publish","format-standard","has-post-thumbnail","hentry","category-actualite","category-information"],"yoast_head":"<!-- This site is optimized with the Yoast SEO plugin v26.8 - https:\/\/yoast.com\/product\/yoast-seo-wordpress\/ -->\n<title>Visite du Dr Paul Bugeac au Cameroun - M\u00e9t\u00e9orologie Nationale du Cameroun<\/title>\n<meta name=\"description\" content=\"L\u2019objectif de cette visite qui constitue la prochaine \u00e9tape dans le cadre du processus de d\u00e9signation des composantes propos\u00e9es d&#039;un nouveau RTC au Cameroun, est de mener des consultations au niveau de l\u2019Ecole Nationale Sup\u00e9rieure Polytechnique de Yaound\u00e9 et l\u2019Ecole de Formation de l\u2019Autorit\u00e9 A\u00e9ronautique. Il a eu une r\u00e9union de briefing avec les diff\u00e9rentes parties prenantes (ENSPY, l\u2019EFO CCAA, le CRECC et le MINT) sur les objectifs de la visite.Il est important de rappeler qu&#039;au cours de sa pr\u00e9c\u00e9dente visite, dans la p\u00e9riode allant du 13 au 15 mars 2023, Dr Bugeac avait men\u00e9 au Cameroun, des consultations au niveau de la Direction de la M\u00e9t\u00e9orologie Nationale et des Ecoles Nationales Sup\u00e9rieures Polytechniques offrant les formations en m\u00e9t\u00e9orologie, sur les besoins de d\u00e9veloppement sp\u00e9cifiques qui pourraient conduire \u00e0 des programmes d&#039;\u00e9ducation et de formation durables sur la base d&#039;une collaboration non seulement avec l&#039;OMM mais aussi avec d&#039;autres \u00e9tablissements d&#039;enseignement et de formation de la r\u00e9gion.Sont joints \u00e0 ce texte, quelques images des activit\u00e9s qu&#039;il a eu a men\u00e9.\" \/>\n<meta name=\"robots\" content=\"index, follow, max-snippet:-1, max-image-preview:large, max-video-preview:-1\" \/>\n<link rel=\"canonical\" href=\"https:\/\/meteocameroon.gov.cm\/en\/visite-du-dr-paul-bugeac-au-cameroun\/\" \/>\n<meta property=\"og:locale\" content=\"en_US\" \/>\n<meta property=\"og:type\" content=\"article\" \/>\n<meta property=\"og:title\" content=\"Visite du Dr Paul Bugeac au Cameroun - M\u00e9t\u00e9orologie Nationale du Cameroun\" \/>\n<meta property=\"og:description\" content=\"L\u2019objectif de cette visite qui constitue la prochaine \u00e9tape dans le cadre du processus de d\u00e9signation des composantes propos\u00e9es d&#039;un nouveau RTC au Cameroun, est de mener des consultations au niveau de l\u2019Ecole Nationale Sup\u00e9rieure Polytechnique de Yaound\u00e9 et l\u2019Ecole de Formation de l\u2019Autorit\u00e9 A\u00e9ronautique. Il a eu une r\u00e9union de briefing avec les diff\u00e9rentes parties prenantes (ENSPY, l\u2019EFO CCAA, le CRECC et le MINT) sur les objectifs de la visite.Il est important de rappeler qu&#039;au cours de sa pr\u00e9c\u00e9dente visite, dans la p\u00e9riode allant du 13 au 15 mars 2023, Dr Bugeac avait men\u00e9 au Cameroun, des consultations au niveau de la Direction de la M\u00e9t\u00e9orologie Nationale et des Ecoles Nationales Sup\u00e9rieures Polytechniques offrant les formations en m\u00e9t\u00e9orologie, sur les besoins de d\u00e9veloppement sp\u00e9cifiques qui pourraient conduire \u00e0 des programmes d&#039;\u00e9ducation et de formation durables sur la base d&#039;une collaboration non seulement avec l&#039;OMM mais aussi avec d&#039;autres \u00e9tablissements d&#039;enseignement et de formation de la r\u00e9gion.Sont joints \u00e0 ce texte, quelques images des activit\u00e9s qu&#039;il a eu a men\u00e9.\" \/>\n<meta property=\"og:url\" content=\"https:\/\/meteocameroon.gov.cm\/en\/visite-du-dr-paul-bugeac-au-cameroun\/\" \/>\n<meta property=\"og:site_name\" content=\"M\u00e9t\u00e9orologie Nationale du Cameroun\" \/>\n<meta property=\"article:published_time\" content=\"2024-05-05T19:52:58+00:00\" \/>\n<meta property=\"og:image\" content=\"https:\/\/meteocameroon.gov.cm\/wp-content\/uploads\/2024\/05\/avant.jpeg\" \/>\n\t<meta property=\"og:image:width\" content=\"1040\" \/>\n\t<meta property=\"og:image:height\" content=\"780\" \/>\n\t<meta property=\"og:image:type\" content=\"image\/jpeg\" \/>\n<meta name=\"author\" content=\"Ramses Landry BELL EPIPE\" \/>\n<meta name=\"twitter:card\" content=\"summary_large_image\" \/>\n<meta name=\"twitter:label1\" content=\"Written by\" \/>\n\t<meta name=\"twitter:data1\" content=\"Ramses Landry BELL EPIPE\" \/>\n\t<meta name=\"twitter:label2\" content=\"Est. reading time\" \/>\n\t<meta name=\"twitter:data2\" content=\"3 minutes\" \/>\n<script type=\"application\/ld+json\" class=\"yoast-schema-graph\">{\"@context\":\"https:\/\/schema.org\",\"@graph\":[{\"@type\":\"Article\",\"@id\":\"https:\/\/meteocameroon.gov.cm\/visite-du-dr-paul-bugeac-au-cameroun\/#article\",\"isPartOf\":{\"@id\":\"https:\/\/meteocameroon.gov.cm\/visite-du-dr-paul-bugeac-au-cameroun\/\"},\"author\":{\"name\":\"Ramses Landry BELL EPIPE\",\"@id\":\"https:\/\/meteocameroon.gov.cm\/#\/schema\/person\/659cc0f0e2f18cdf0b91651c76411785\"},\"headline\":\"Visite du Dr Paul Bugeac au Cameroun\",\"datePublished\":\"2024-05-05T19:52:58+00:00\",\"mainEntityOfPage\":{\"@id\":\"https:\/\/meteocameroon.gov.cm\/visite-du-dr-paul-bugeac-au-cameroun\/\"},\"wordCount\":259,\"commentCount\":0,\"publisher\":{\"@id\":\"https:\/\/meteocameroon.gov.cm\/#organization\"},\"image\":{\"@id\":\"https:\/\/meteocameroon.gov.cm\/visite-du-dr-paul-bugeac-au-cameroun\/#primaryimage\"},\"thumbnailUrl\":\"https:\/\/meteocameroon.gov.cm\/wp-content\/uploads\/2024\/05\/avant.jpeg\",\"articleSection\":[\"Actualit\u00e9\",\"Information\"],\"inLanguage\":\"en-US\",\"potentialAction\":[{\"@type\":\"CommentAction\",\"name\":\"Comment\",\"target\":[\"https:\/\/meteocameroon.gov.cm\/visite-du-dr-paul-bugeac-au-cameroun\/#respond\"]}]},{\"@type\":\"WebPage\",\"@id\":\"https:\/\/meteocameroon.gov.cm\/visite-du-dr-paul-bugeac-au-cameroun\/\",\"url\":\"https:\/\/meteocameroon.gov.cm\/visite-du-dr-paul-bugeac-au-cameroun\/\",\"name\":\"Visite du Dr Paul Bugeac au Cameroun - M\u00e9t\u00e9orologie Nationale du Cameroun\",\"isPartOf\":{\"@id\":\"https:\/\/meteocameroon.gov.cm\/#website\"},\"primaryImageOfPage\":{\"@id\":\"https:\/\/meteocameroon.gov.cm\/visite-du-dr-paul-bugeac-au-cameroun\/#primaryimage\"},\"image\":{\"@id\":\"https:\/\/meteocameroon.gov.cm\/visite-du-dr-paul-bugeac-au-cameroun\/#primaryimage\"},\"thumbnailUrl\":\"https:\/\/meteocameroon.gov.cm\/wp-content\/uploads\/2024\/05\/avant.jpeg\",\"datePublished\":\"2024-05-05T19:52:58+00:00\",\"description\":\"L\u2019objectif de cette visite qui constitue la prochaine \u00e9tape dans le cadre du processus de d\u00e9signation des composantes propos\u00e9es d'un nouveau RTC au Cameroun, est de mener des consultations au niveau de l\u2019Ecole Nationale Sup\u00e9rieure Polytechnique de Yaound\u00e9 et l\u2019Ecole de Formation de l\u2019Autorit\u00e9 A\u00e9ronautique. Il a eu une r\u00e9union de briefing avec les diff\u00e9rentes parties prenantes (ENSPY, l\u2019EFO CCAA, le CRECC et le MINT) sur les objectifs de la visite.Il est important de rappeler qu'au cours de sa pr\u00e9c\u00e9dente visite, dans la p\u00e9riode allant du 13 au 15 mars 2023, Dr Bugeac avait men\u00e9 au Cameroun, des consultations au niveau de la Direction de la M\u00e9t\u00e9orologie Nationale et des Ecoles Nationales Sup\u00e9rieures Polytechniques offrant les formations en m\u00e9t\u00e9orologie, sur les besoins de d\u00e9veloppement sp\u00e9cifiques qui pourraient conduire \u00e0 des programmes d'\u00e9ducation et de formation durables sur la base d'une collaboration non seulement avec l'OMM mais aussi avec d'autres \u00e9tablissements d'enseignement et de formation de la r\u00e9gion.Sont joints \u00e0 ce texte, quelques images des activit\u00e9s qu'il a eu a men\u00e9.\",\"breadcrumb\":{\"@id\":\"https:\/\/meteocameroon.gov.cm\/visite-du-dr-paul-bugeac-au-cameroun\/#breadcrumb\"},\"inLanguage\":\"en-US\",\"potentialAction\":[{\"@type\":\"ReadAction\",\"target\":[\"https:\/\/meteocameroon.gov.cm\/visite-du-dr-paul-bugeac-au-cameroun\/\"]}]},{\"@type\":\"ImageObject\",\"inLanguage\":\"en-US\",\"@id\":\"https:\/\/meteocameroon.gov.cm\/visite-du-dr-paul-bugeac-au-cameroun\/#primaryimage\",\"url\":\"https:\/\/meteocameroon.gov.cm\/wp-content\/uploads\/2024\/05\/avant.jpeg\",\"contentUrl\":\"https:\/\/meteocameroon.gov.cm\/wp-content\/uploads\/2024\/05\/avant.jpeg\",\"width\":1040,\"height\":780},{\"@type\":\"BreadcrumbList\",\"@id\":\"https:\/\/meteocameroon.gov.cm\/visite-du-dr-paul-bugeac-au-cameroun\/#breadcrumb\",\"itemListElement\":[{\"@type\":\"ListItem\",\"position\":1,\"name\":\"Accueil\",\"item\":\"https:\/\/meteocameroon.gov.cm\/\"},{\"@type\":\"ListItem\",\"position\":2,\"name\":\"Visite du Dr Paul Bugeac au Cameroun\"}]},{\"@type\":\"WebSite\",\"@id\":\"https:\/\/meteocameroon.gov.cm\/#website\",\"url\":\"https:\/\/meteocameroon.gov.cm\/\",\"name\":\"M\u00e9t\u00e9orologie Nationale du Cameroun\",\"description\":\"La m\u00e9t\u00e9o un outils pour le d\u00e9veloppement\",\"publisher\":{\"@id\":\"https:\/\/meteocameroon.gov.cm\/#organization\"},\"potentialAction\":[{\"@type\":\"SearchAction\",\"target\":{\"@type\":\"EntryPoint\",\"urlTemplate\":\"https:\/\/meteocameroon.gov.cm\/?s={search_term_string}\"},\"query-input\":{\"@type\":\"PropertyValueSpecification\",\"valueRequired\":true,\"valueName\":\"search_term_string\"}}],\"inLanguage\":\"en-US\"},{\"@type\":\"Organization\",\"@id\":\"https:\/\/meteocameroon.gov.cm\/#organization\",\"name\":\"M\u00e9t\u00e9orologie Nationale du Cameroun\",\"url\":\"https:\/\/meteocameroon.gov.cm\/\",\"logo\":{\"@type\":\"ImageObject\",\"inLanguage\":\"en-US\",\"@id\":\"https:\/\/meteocameroon.gov.cm\/#\/schema\/logo\/image\/\",\"url\":\"https:\/\/meteocameroon.gov.cm\/wp-content\/uploads\/2022\/06\/Artboard-14x-renew.jpg\",\"contentUrl\":\"https:\/\/meteocameroon.gov.cm\/wp-content\/uploads\/2022\/06\/Artboard-14x-renew.jpg\",\"width\":519,\"height\":504,\"caption\":\"M\u00e9t\u00e9orologie Nationale du Cameroun\"},\"image\":{\"@id\":\"https:\/\/meteocameroon.gov.cm\/#\/schema\/logo\/image\/\"}},{\"@type\":\"Person\",\"@id\":\"https:\/\/meteocameroon.gov.cm\/#\/schema\/person\/659cc0f0e2f18cdf0b91651c76411785\",\"name\":\"Ramses Landry BELL EPIPE\",\"image\":{\"@type\":\"ImageObject\",\"inLanguage\":\"en-US\",\"@id\":\"https:\/\/meteocameroon.gov.cm\/#\/schema\/person\/image\/\",\"url\":\"https:\/\/secure.gravatar.com\/avatar\/a21a20808b4c2c9c09679c226bd9f55c66dcbdfe8f8a97c3d1bb809ad03b7626?s=96&d=mm&r=g\",\"contentUrl\":\"https:\/\/secure.gravatar.com\/avatar\/a21a20808b4c2c9c09679c226bd9f55c66dcbdfe8f8a97c3d1bb809ad03b7626?s=96&d=mm&r=g\",\"caption\":\"Ramses Landry BELL EPIPE\"},\"url\":\"https:\/\/meteocameroon.gov.cm\/en\/author\/ramses\/\"}]}<\/script>\n<!-- \/ Yoast SEO plugin. -->","yoast_head_json":{"title":"Visite du Dr Paul Bugeac au Cameroun - M\u00e9t\u00e9orologie Nationale du Cameroun","description":"L\u2019objectif de cette visite qui constitue la prochaine \u00e9tape dans le cadre du processus de d\u00e9signation des composantes propos\u00e9es d'un nouveau RTC au Cameroun, est de mener des consultations au niveau de l\u2019Ecole Nationale Sup\u00e9rieure Polytechnique de Yaound\u00e9 et l\u2019Ecole de Formation de l\u2019Autorit\u00e9 A\u00e9ronautique. Il a eu une r\u00e9union de briefing avec les diff\u00e9rentes parties prenantes (ENSPY, l\u2019EFO CCAA, le CRECC et le MINT) sur les objectifs de la visite.Il est important de rappeler qu'au cours de sa pr\u00e9c\u00e9dente visite, dans la p\u00e9riode allant du 13 au 15 mars 2023, Dr Bugeac avait men\u00e9 au Cameroun, des consultations au niveau de la Direction de la M\u00e9t\u00e9orologie Nationale et des Ecoles Nationales Sup\u00e9rieures Polytechniques offrant les formations en m\u00e9t\u00e9orologie, sur les besoins de d\u00e9veloppement sp\u00e9cifiques qui pourraient conduire \u00e0 des programmes d'\u00e9ducation et de formation durables sur la base d'une collaboration non seulement avec l'OMM mais aussi avec d'autres \u00e9tablissements d'enseignement et de formation de la r\u00e9gion.Sont joints \u00e0 ce texte, quelques images des activit\u00e9s qu'il a eu a men\u00e9.","robots":{"index":"index","follow":"follow","max-snippet":"max-snippet:-1","max-image-preview":"max-image-preview:large","max-video-preview":"max-video-preview:-1"},"canonical":"https:\/\/meteocameroon.gov.cm\/en\/visite-du-dr-paul-bugeac-au-cameroun\/","og_locale":"en_US","og_type":"article","og_title":"Visite du Dr Paul Bugeac au Cameroun - M\u00e9t\u00e9orologie Nationale du Cameroun","og_description":"L\u2019objectif de cette visite qui constitue la prochaine \u00e9tape dans le cadre du processus de d\u00e9signation des composantes propos\u00e9es d'un nouveau RTC au Cameroun, est de mener des consultations au niveau de l\u2019Ecole Nationale Sup\u00e9rieure Polytechnique de Yaound\u00e9 et l\u2019Ecole de Formation de l\u2019Autorit\u00e9 A\u00e9ronautique. Il a eu une r\u00e9union de briefing avec les diff\u00e9rentes parties prenantes (ENSPY, l\u2019EFO CCAA, le CRECC et le MINT) sur les objectifs de la visite.Il est important de rappeler qu'au cours de sa pr\u00e9c\u00e9dente visite, dans la p\u00e9riode allant du 13 au 15 mars 2023, Dr Bugeac avait men\u00e9 au Cameroun, des consultations au niveau de la Direction de la M\u00e9t\u00e9orologie Nationale et des Ecoles Nationales Sup\u00e9rieures Polytechniques offrant les formations en m\u00e9t\u00e9orologie, sur les besoins de d\u00e9veloppement sp\u00e9cifiques qui pourraient conduire \u00e0 des programmes d'\u00e9ducation et de formation durables sur la base d'une collaboration non seulement avec l'OMM mais aussi avec d'autres \u00e9tablissements d'enseignement et de formation de la r\u00e9gion.Sont joints \u00e0 ce texte, quelques images des activit\u00e9s qu'il a eu a men\u00e9.","og_url":"https:\/\/meteocameroon.gov.cm\/en\/visite-du-dr-paul-bugeac-au-cameroun\/","og_site_name":"M\u00e9t\u00e9orologie Nationale du Cameroun","article_published_time":"2024-05-05T19:52:58+00:00","og_image":[{"width":1040,"height":780,"url":"https:\/\/meteocameroon.gov.cm\/wp-content\/uploads\/2024\/05\/avant.jpeg","type":"image\/jpeg"}],"author":"Ramses Landry BELL EPIPE","twitter_card":"summary_large_image","twitter_misc":{"Written by":"Ramses Landry BELL EPIPE","Est. reading time":"3 minutes"},"schema":{"@context":"https:\/\/schema.org","@graph":[{"@type":"Article","@id":"https:\/\/meteocameroon.gov.cm\/visite-du-dr-paul-bugeac-au-cameroun\/#article","isPartOf":{"@id":"https:\/\/meteocameroon.gov.cm\/visite-du-dr-paul-bugeac-au-cameroun\/"},"author":{"name":"Ramses Landry BELL EPIPE","@id":"https:\/\/meteocameroon.gov.cm\/#\/schema\/person\/659cc0f0e2f18cdf0b91651c76411785"},"headline":"Visite du Dr Paul Bugeac au Cameroun","datePublished":"2024-05-05T19:52:58+00:00","mainEntityOfPage":{"@id":"https:\/\/meteocameroon.gov.cm\/visite-du-dr-paul-bugeac-au-cameroun\/"},"wordCount":259,"commentCount":0,"publisher":{"@id":"https:\/\/meteocameroon.gov.cm\/#organization"},"image":{"@id":"https:\/\/meteocameroon.gov.cm\/visite-du-dr-paul-bugeac-au-cameroun\/#primaryimage"},"thumbnailUrl":"https:\/\/meteocameroon.gov.cm\/wp-content\/uploads\/2024\/05\/avant.jpeg","articleSection":["Actualit\u00e9","Information"],"inLanguage":"en-US","potentialAction":[{"@type":"CommentAction","name":"Comment","target":["https:\/\/meteocameroon.gov.cm\/visite-du-dr-paul-bugeac-au-cameroun\/#respond"]}]},{"@type":"WebPage","@id":"https:\/\/meteocameroon.gov.cm\/visite-du-dr-paul-bugeac-au-cameroun\/","url":"https:\/\/meteocameroon.gov.cm\/visite-du-dr-paul-bugeac-au-cameroun\/","name":"Visite du Dr Paul Bugeac au Cameroun - M\u00e9t\u00e9orologie Nationale du Cameroun","isPartOf":{"@id":"https:\/\/meteocameroon.gov.cm\/#website"},"primaryImageOfPage":{"@id":"https:\/\/meteocameroon.gov.cm\/visite-du-dr-paul-bugeac-au-cameroun\/#primaryimage"},"image":{"@id":"https:\/\/meteocameroon.gov.cm\/visite-du-dr-paul-bugeac-au-cameroun\/#primaryimage"},"thumbnailUrl":"https:\/\/meteocameroon.gov.cm\/wp-content\/uploads\/2024\/05\/avant.jpeg","datePublished":"2024-05-05T19:52:58+00:00","description":"L\u2019objectif de cette visite qui constitue la prochaine \u00e9tape dans le cadre du processus de d\u00e9signation des composantes propos\u00e9es d'un nouveau RTC au Cameroun, est de mener des consultations au niveau de l\u2019Ecole Nationale Sup\u00e9rieure Polytechnique de Yaound\u00e9 et l\u2019Ecole de Formation de l\u2019Autorit\u00e9 A\u00e9ronautique. Il a eu une r\u00e9union de briefing avec les diff\u00e9rentes parties prenantes (ENSPY, l\u2019EFO CCAA, le CRECC et le MINT) sur les objectifs de la visite.Il est important de rappeler qu'au cours de sa pr\u00e9c\u00e9dente visite, dans la p\u00e9riode allant du 13 au 15 mars 2023, Dr Bugeac avait men\u00e9 au Cameroun, des consultations au niveau de la Direction de la M\u00e9t\u00e9orologie Nationale et des Ecoles Nationales Sup\u00e9rieures Polytechniques offrant les formations en m\u00e9t\u00e9orologie, sur les besoins de d\u00e9veloppement sp\u00e9cifiques qui pourraient conduire \u00e0 des programmes d'\u00e9ducation et de formation durables sur la base d'une collaboration non seulement avec l'OMM mais aussi avec d'autres \u00e9tablissements d'enseignement et de formation de la r\u00e9gion.Sont joints \u00e0 ce texte, quelques images des activit\u00e9s qu'il a eu a men\u00e9.","breadcrumb":{"@id":"https:\/\/meteocameroon.gov.cm\/visite-du-dr-paul-bugeac-au-cameroun\/#breadcrumb"},"inLanguage":"en-US","potentialAction":[{"@type":"ReadAction","target":["https:\/\/meteocameroon.gov.cm\/visite-du-dr-paul-bugeac-au-cameroun\/"]}]},{"@type":"ImageObject","inLanguage":"en-US","@id":"https:\/\/meteocameroon.gov.cm\/visite-du-dr-paul-bugeac-au-cameroun\/#primaryimage","url":"https:\/\/meteocameroon.gov.cm\/wp-content\/uploads\/2024\/05\/avant.jpeg","contentUrl":"https:\/\/meteocameroon.gov.cm\/wp-content\/uploads\/2024\/05\/avant.jpeg","width":1040,"height":780},{"@type":"BreadcrumbList","@id":"https:\/\/meteocameroon.gov.cm\/visite-du-dr-paul-bugeac-au-cameroun\/#breadcrumb","itemListElement":[{"@type":"ListItem","position":1,"name":"Accueil","item":"https:\/\/meteocameroon.gov.cm\/"},{"@type":"ListItem","position":2,"name":"Visite du Dr Paul Bugeac au Cameroun"}]},{"@type":"WebSite","@id":"https:\/\/meteocameroon.gov.cm\/#website","url":"https:\/\/meteocameroon.gov.cm\/","name":"M\u00e9t\u00e9orologie Nationale du Cameroun","description":"La m\u00e9t\u00e9o un outils pour le d\u00e9veloppement","publisher":{"@id":"https:\/\/meteocameroon.gov.cm\/#organization"},"potentialAction":[{"@type":"SearchAction","target":{"@type":"EntryPoint","urlTemplate":"https:\/\/meteocameroon.gov.cm\/?s={search_term_string}"},"query-input":{"@type":"PropertyValueSpecification","valueRequired":true,"valueName":"search_term_string"}}],"inLanguage":"en-US"},{"@type":"Organization","@id":"https:\/\/meteocameroon.gov.cm\/#organization","name":"M\u00e9t\u00e9orologie Nationale du Cameroun","url":"https:\/\/meteocameroon.gov.cm\/","logo":{"@type":"ImageObject","inLanguage":"en-US","@id":"https:\/\/meteocameroon.gov.cm\/#\/schema\/logo\/image\/","url":"https:\/\/meteocameroon.gov.cm\/wp-content\/uploads\/2022\/06\/Artboard-14x-renew.jpg","contentUrl":"https:\/\/meteocameroon.gov.cm\/wp-content\/uploads\/2022\/06\/Artboard-14x-renew.jpg","width":519,"height":504,"caption":"M\u00e9t\u00e9orologie Nationale du Cameroun"},"image":{"@id":"https:\/\/meteocameroon.gov.cm\/#\/schema\/logo\/image\/"}},{"@type":"Person","@id":"https:\/\/meteocameroon.gov.cm\/#\/schema\/person\/659cc0f0e2f18cdf0b91651c76411785","name":"Ramses Landry BELL EPIPE","image":{"@type":"ImageObject","inLanguage":"en-US","@id":"https:\/\/meteocameroon.gov.cm\/#\/schema\/person\/image\/","url":"https:\/\/secure.gravatar.com\/avatar\/a21a20808b4c2c9c09679c226bd9f55c66dcbdfe8f8a97c3d1bb809ad03b7626?s=96&d=mm&r=g","contentUrl":"https:\/\/secure.gravatar.com\/avatar\/a21a20808b4c2c9c09679c226bd9f55c66dcbdfe8f8a97c3d1bb809ad03b7626?s=96&d=mm&r=g","caption":"Ramses Landry BELL EPIPE"},"url":"https:\/\/meteocameroon.gov.cm\/en\/author\/ramses\/"}]}},"rttpg_featured_image_url":{"full":["https:\/\/meteocameroon.gov.cm\/wp-content\/uploads\/2024\/05\/avant.jpeg",1040,780,false],"landscape":["https:\/\/meteocameroon.gov.cm\/wp-content\/uploads\/2024\/05\/avant.jpeg",1040,780,false],"portraits":["https:\/\/meteocameroon.gov.cm\/wp-content\/uploads\/2024\/05\/avant.jpeg",1040,780,false],"thumbnail":["https:\/\/meteocameroon.gov.cm\/wp-content\/uploads\/2024\/05\/avant-150x150.jpeg",150,150,true],"medium":["https:\/\/meteocameroon.gov.cm\/wp-content\/uploads\/2024\/05\/avant-300x225.jpeg",300,225,true],"large":["https:\/\/meteocameroon.gov.cm\/wp-content\/uploads\/2024\/05\/avant-1024x768.jpeg",640,480,true],"1536x1536":["https:\/\/meteocameroon.gov.cm\/wp-content\/uploads\/2024\/05\/avant.jpeg",1040,780,false],"2048x2048":["https:\/\/meteocameroon.gov.cm\/wp-content\/uploads\/2024\/05\/avant.jpeg",1040,780,false],"trp-custom-language-flag":["https:\/\/meteocameroon.gov.cm\/wp-content\/uploads\/2024\/05\/avant-16x12.jpeg",16,12,true],"binit-portfolio":["https:\/\/meteocameroon.gov.cm\/wp-content\/uploads\/2024\/05\/avant-600x700.jpeg",600,700,true],"binit-portfolio-vertical":["https:\/\/meteocameroon.gov.cm\/wp-content\/uploads\/2024\/05\/avant-380x564.jpeg",380,564,true],"binit-blog":["https:\/\/meteocameroon.gov.cm\/wp-content\/uploads\/2024\/05\/avant-600x420.jpeg",600,420,true],"binit-team":["https:\/\/meteocameroon.gov.cm\/wp-content\/uploads\/2024\/05\/avant-600x645.jpeg",600,645,true],"binit-product":["https:\/\/meteocameroon.gov.cm\/wp-content\/uploads\/2024\/05\/avant-360x440.jpeg",360,440,true],"binit-event":["https:\/\/meteocameroon.gov.cm\/wp-content\/uploads\/2024\/05\/avant-420x630.jpeg",420,630,true]},"rttpg_author":{"display_name":"Ramses Landry BELL EPIPE","author_link":"https:\/\/meteocameroon.gov.cm\/en\/author\/ramses\/"},"rttpg_comment":0,"rttpg_category":"<a href=\"https:\/\/meteocameroon.gov.cm\/en\/category\/actualite\/\" rel=\"category tag\">Actualit\u00e9<\/a> <a href=\"https:\/\/meteocameroon.gov.cm\/en\/category\/information\/\" rel=\"category tag\">Information<\/a>","rttpg_excerpt":"Dans le cadre des concertations en vue de la reconnaissance et de l\u2019accompagnement des formations universitaires en mati\u00e8re de m\u00e9t\u00e9orologie effectu\u00e9es au Cameroun par l\u2019Organisation M\u00e9t\u00e9orologique Mondiale (OMM), Dr Paul [&hellip;]","_links":{"self":[{"href":"https:\/\/meteocameroon.gov.cm\/en\/wp-json\/wp\/v2\/posts\/3762","targetHints":{"allow":["GET"]}}],"collection":[{"href":"https:\/\/meteocameroon.gov.cm\/en\/wp-json\/wp\/v2\/posts"}],"about":[{"href":"https:\/\/meteocameroon.gov.cm\/en\/wp-json\/wp\/v2\/types\/post"}],"author":[{"embeddable":true,"href":"https:\/\/meteocameroon.gov.cm\/en\/wp-json\/wp\/v2\/users\/7"}],"replies":[{"embeddable":true,"href":"https:\/\/meteocameroon.gov.cm\/en\/wp-json\/wp\/v2\/comments?post=3762"}],"version-history":[{"count":1,"href":"https:\/\/meteocameroon.gov.cm\/en\/wp-json\/wp\/v2\/posts\/3762\/revisions"}],"predecessor-version":[{"id":3767,"href":"https:\/\/meteocameroon.gov.cm\/en\/wp-json\/wp\/v2\/posts\/3762\/revisions\/3767"}],"wp:featuredmedia":[{"embeddable":true,"href":"https:\/\/meteocameroon.gov.cm\/en\/wp-json\/wp\/v2\/media\/3763"}],"wp:attachment":[{"href":"https:\/\/meteocameroon.gov.cm\/en\/wp-json\/wp\/v2\/media?parent=3762"}],"wp:term":[{"taxonomy":"category","embeddable":true,"href":"https:\/\/meteocameroon.gov.cm\/en\/wp-json\/wp\/v2\/categories?post=3762"},{"taxonomy":"post_tag","embeddable":true,"href":"https:\/\/meteocameroon.gov.cm\/en\/wp-json\/wp\/v2\/tags?post=3762"}],"curies":[{"name":"wp","href":"https:\/\/api.w.org\/{rel}","templated":true}]}}