{"id":39,"date":"2022-05-31T10:09:05","date_gmt":"2022-05-31T08:09:05","guid":{"rendered":"http:\/\/metropolitanhost.com\/themes\/templatemoster\/wp\/binit\/?p=39"},"modified":"2022-05-31T11:01:35","modified_gmt":"2022-05-31T09:01:35","slug":"signature-de-laccord-cadre-de-collaboration-entre-le-ministere-des-transports-et-hevecam-s-a","status":"publish","type":"post","link":"https:\/\/meteocameroon.gov.cm\/en\/signature-de-laccord-cadre-de-collaboration-entre-le-ministere-des-transports-et-hevecam-s-a\/","title":{"rendered":"Signature de l\u2019accord cadre de collaboration entre le Minist\u00e8re des Transports et HEVECAM S.A"},"content":{"rendered":"<p class=\"has-text-align-left\">Le Ministre des Transports, Monsieur Jean Ernest Mass\u00e9na NGALLE BIBEHE a proc\u00e9d\u00e9 ce mardi 26 avril 2022, avec le Directeur g\u00e9n\u00e9ral de la Soci\u00e9t\u00e9 H\u00e9v\u00e9a Cameroun S.A (HEVECAM), Beno\u00eet SNOECK, \u00e0 la signature d&#8217;un accord cadre de collaboration entre le MINT et ladite soci\u00e9t\u00e9. \u00c9taient pr\u00e9sents \u00e0 cette rencontre, le Ministre d\u00e9l\u00e9gu\u00e9 aupr\u00e8s du Ministre des Transports, le Secr\u00e9taire g\u00e9n\u00e9ral, l\u2019Inspecteur g\u00e9n\u00e9ral, le Directeur de la M\u00e9t\u00e9orologie nationale et ses collaborateurs. \u00a0Ce contrat qui a une dur\u00e9e de 5 ans renouvelable, a pour but de p\u00e9renniser les \u00e9changes d&#8217;informations entre le service de l&#8217;agrom\u00e9t\u00e9orologie et de l&#8217;environnement atmosph\u00e9rique du MINT et HEVECAM, afin de fournir une meilleure assistance m\u00e9t\u00e9orologique agroindustrielle et agricole dans l&#8217;h\u00e9v\u00e9aculture.<\/p>\n\n\n\n<p class=\"has-text-align-right\">Mme NGOM Christelle Arielle<\/p>\n\n\n\n<p class=\"has-text-align-right\">Chef du Service de la Coop\u00e9ration<\/p>\n\n\n\n<p class=\"has-text-align-right\">&nbsp;&nbsp;&nbsp;&nbsp;&nbsp;&nbsp;&nbsp;&nbsp;&nbsp;&nbsp;&nbsp;&nbsp;&nbsp;&nbsp;&nbsp;&nbsp;&nbsp;&nbsp;&nbsp;&nbsp;&nbsp;&nbsp;&nbsp;&nbsp;&nbsp;&nbsp;&nbsp;&nbsp;&nbsp;&nbsp;&nbsp;&nbsp;&nbsp;&nbsp;&nbsp;&nbsp;&nbsp;&nbsp;&nbsp;&nbsp;&nbsp;&nbsp;&nbsp;&nbsp;&nbsp;&nbsp;&nbsp;&nbsp;&nbsp;&nbsp;&nbsp;&nbsp;&nbsp;&nbsp;&nbsp;&nbsp; Technique Internationale<\/p>","protected":false},"excerpt":{"rendered":"<p>Le Ministre des Transports, Jean Ernest Mass\u00e9na NGALLE BIBEHE a proc\u00e9d\u00e9 ce mardi 26 avril 2022, avec le Directeur g\u00e9n\u00e9ral de la Soci\u00e9t\u00e9 H\u00e9v\u00e9a Cameroun S.A (HEVECAM), Beno\u00eet SNOECK, \u00e0 la signature d&#8217;un accord cadre de collaboration entre le MINT et ladite soci\u00e9t\u00e9.<\/p>","protected":false},"author":1,"featured_media":1899,"comment_status":"open","ping_status":"open","sticky":false,"template":"","format":"standard","meta":{"footnotes":""},"categories":[18],"tags":[20,21,22],"class_list":["post-39","post","type-post","status-publish","format-standard","has-post-thumbnail","hentry","category-actualite","tag-course","tag-horses","tag-jumped"],"yoast_head":"<!-- This site is optimized with the Yoast SEO plugin v26.8 - https:\/\/yoast.com\/product\/yoast-seo-wordpress\/ -->\n<title>Signature de l\u2019accord cadre de collaboration entre le Minist\u00e8re des Transports et HEVECAM S.A - M\u00e9t\u00e9orologie Nationale du Cameroun<\/title>\n<meta name=\"description\" content=\"Le Ministre des Transports, Jean Ernest Mass\u00e9na NGALLE BIBEHE a proc\u00e9d\u00e9 ce mardi 26 avril 2022, avec le Directeur g\u00e9n\u00e9ral de la Soci\u00e9t\u00e9 H\u00e9v\u00e9a Cameroun S.A (HEVECAM), Beno\u00eet SNOECK, \u00e0 la signature d&#039;un accord cadre de collaboration entre le MINT et ladite soci\u00e9t\u00e9. \u00c9taient pr\u00e9sents \u00e0 cette rencontre, le Ministre d\u00e9l\u00e9gu\u00e9 aupr\u00e8s du Ministre des Transports, le Secr\u00e9taire g\u00e9n\u00e9ral, l\u2019Inspecteur g\u00e9n\u00e9ral, le Directeur de la M\u00e9t\u00e9orologie nationale et ses collaborateurs. \u00a0Ce contrat qui a une dur\u00e9e de 5 ans renouvelable, a pour but de p\u00e9renniser les \u00e9changes d&#039;informations entre le service de l&#039;agrom\u00e9t\u00e9orologie et de l&#039;environnement atmosph\u00e9rique du MINT et HEVECAM, afin de fournir une meilleure assistance m\u00e9t\u00e9orologique agroindustrielle et agricole dans l&#039;h\u00e9v\u00e9aculture.\" \/>\n<meta name=\"robots\" content=\"index, follow, max-snippet:-1, max-image-preview:large, max-video-preview:-1\" \/>\n<link rel=\"canonical\" href=\"https:\/\/meteocameroon.gov.cm\/en\/signature-de-laccord-cadre-de-collaboration-entre-le-ministere-des-transports-et-hevecam-s-a\/\" \/>\n<meta property=\"og:locale\" content=\"en_US\" \/>\n<meta property=\"og:type\" content=\"article\" \/>\n<meta property=\"og:title\" content=\"Signature de l\u2019accord cadre de collaboration entre le Minist\u00e8re des Transports et HEVECAM S.A - M\u00e9t\u00e9orologie Nationale du Cameroun\" \/>\n<meta property=\"og:description\" content=\"Le Ministre des Transports, Jean Ernest Mass\u00e9na NGALLE BIBEHE a proc\u00e9d\u00e9 ce mardi 26 avril 2022, avec le Directeur g\u00e9n\u00e9ral de la Soci\u00e9t\u00e9 H\u00e9v\u00e9a Cameroun S.A (HEVECAM), Beno\u00eet SNOECK, \u00e0 la signature d&#039;un accord cadre de collaboration entre le MINT et ladite soci\u00e9t\u00e9. \u00c9taient pr\u00e9sents \u00e0 cette rencontre, le Ministre d\u00e9l\u00e9gu\u00e9 aupr\u00e8s du Ministre des Transports, le Secr\u00e9taire g\u00e9n\u00e9ral, l\u2019Inspecteur g\u00e9n\u00e9ral, le Directeur de la M\u00e9t\u00e9orologie nationale et ses collaborateurs. \u00a0Ce contrat qui a une dur\u00e9e de 5 ans renouvelable, a pour but de p\u00e9renniser les \u00e9changes d&#039;informations entre le service de l&#039;agrom\u00e9t\u00e9orologie et de l&#039;environnement atmosph\u00e9rique du MINT et HEVECAM, afin de fournir une meilleure assistance m\u00e9t\u00e9orologique agroindustrielle et agricole dans l&#039;h\u00e9v\u00e9aculture.\" \/>\n<meta property=\"og:url\" content=\"https:\/\/meteocameroon.gov.cm\/en\/signature-de-laccord-cadre-de-collaboration-entre-le-ministere-des-transports-et-hevecam-s-a\/\" \/>\n<meta property=\"og:site_name\" content=\"M\u00e9t\u00e9orologie Nationale du Cameroun\" \/>\n<meta property=\"article:published_time\" content=\"2022-05-31T08:09:05+00:00\" \/>\n<meta property=\"article:modified_time\" content=\"2022-05-31T09:01:35+00:00\" \/>\n<meta property=\"og:image\" content=\"https:\/\/meteocameroon.gov.cm\/wp-content\/uploads\/2022\/05\/IMG-20220427-WA0003.jpg\" \/>\n\t<meta property=\"og:image:width\" content=\"996\" \/>\n\t<meta property=\"og:image:height\" content=\"664\" \/>\n\t<meta property=\"og:image:type\" content=\"image\/jpeg\" \/>\n<meta name=\"author\" content=\"superadmin\" \/>\n<meta name=\"twitter:card\" content=\"summary_large_image\" \/>\n<meta name=\"twitter:label1\" content=\"Written by\" \/>\n\t<meta name=\"twitter:data1\" content=\"superadmin\" \/>\n\t<meta name=\"twitter:label2\" content=\"Est. reading time\" \/>\n\t<meta name=\"twitter:data2\" content=\"1 minute\" \/>\n<script type=\"application\/ld+json\" class=\"yoast-schema-graph\">{\"@context\":\"https:\/\/schema.org\",\"@graph\":[{\"@type\":\"Article\",\"@id\":\"https:\/\/meteocameroon.gov.cm\/signature-de-laccord-cadre-de-collaboration-entre-le-ministere-des-transports-et-hevecam-s-a\/#article\",\"isPartOf\":{\"@id\":\"https:\/\/meteocameroon.gov.cm\/signature-de-laccord-cadre-de-collaboration-entre-le-ministere-des-transports-et-hevecam-s-a\/\"},\"author\":{\"name\":\"superadmin\",\"@id\":\"https:\/\/meteocameroon.gov.cm\/#\/schema\/person\/bf8a811b9a078925a5556150dde56f67\"},\"headline\":\"Signature de l\u2019accord cadre de collaboration entre le Minist\u00e8re des Transports et HEVECAM S.A\",\"datePublished\":\"2022-05-31T08:09:05+00:00\",\"dateModified\":\"2022-05-31T09:01:35+00:00\",\"mainEntityOfPage\":{\"@id\":\"https:\/\/meteocameroon.gov.cm\/signature-de-laccord-cadre-de-collaboration-entre-le-ministere-des-transports-et-hevecam-s-a\/\"},\"wordCount\":226,\"commentCount\":2,\"publisher\":{\"@id\":\"https:\/\/meteocameroon.gov.cm\/#organization\"},\"image\":{\"@id\":\"https:\/\/meteocameroon.gov.cm\/signature-de-laccord-cadre-de-collaboration-entre-le-ministere-des-transports-et-hevecam-s-a\/#primaryimage\"},\"thumbnailUrl\":\"https:\/\/meteocameroon.gov.cm\/wp-content\/uploads\/2022\/05\/IMG-20220427-WA0003.jpg\",\"keywords\":[\"Course\",\"Horses\",\"Jumped\"],\"articleSection\":[\"Actualit\u00e9\"],\"inLanguage\":\"en-US\",\"potentialAction\":[{\"@type\":\"CommentAction\",\"name\":\"Comment\",\"target\":[\"https:\/\/meteocameroon.gov.cm\/signature-de-laccord-cadre-de-collaboration-entre-le-ministere-des-transports-et-hevecam-s-a\/#respond\"]}]},{\"@type\":\"WebPage\",\"@id\":\"https:\/\/meteocameroon.gov.cm\/signature-de-laccord-cadre-de-collaboration-entre-le-ministere-des-transports-et-hevecam-s-a\/\",\"url\":\"https:\/\/meteocameroon.gov.cm\/signature-de-laccord-cadre-de-collaboration-entre-le-ministere-des-transports-et-hevecam-s-a\/\",\"name\":\"Signature de l\u2019accord cadre de collaboration entre le Minist\u00e8re des Transports et HEVECAM S.A - M\u00e9t\u00e9orologie Nationale du Cameroun\",\"isPartOf\":{\"@id\":\"https:\/\/meteocameroon.gov.cm\/#website\"},\"primaryImageOfPage\":{\"@id\":\"https:\/\/meteocameroon.gov.cm\/signature-de-laccord-cadre-de-collaboration-entre-le-ministere-des-transports-et-hevecam-s-a\/#primaryimage\"},\"image\":{\"@id\":\"https:\/\/meteocameroon.gov.cm\/signature-de-laccord-cadre-de-collaboration-entre-le-ministere-des-transports-et-hevecam-s-a\/#primaryimage\"},\"thumbnailUrl\":\"https:\/\/meteocameroon.gov.cm\/wp-content\/uploads\/2022\/05\/IMG-20220427-WA0003.jpg\",\"datePublished\":\"2022-05-31T08:09:05+00:00\",\"dateModified\":\"2022-05-31T09:01:35+00:00\",\"description\":\"Le Ministre des Transports, Jean Ernest Mass\u00e9na NGALLE BIBEHE a proc\u00e9d\u00e9 ce mardi 26 avril 2022, avec le Directeur g\u00e9n\u00e9ral de la Soci\u00e9t\u00e9 H\u00e9v\u00e9a Cameroun S.A (HEVECAM), Beno\u00eet SNOECK, \u00e0 la signature d'un accord cadre de collaboration entre le MINT et ladite soci\u00e9t\u00e9. \u00c9taient pr\u00e9sents \u00e0 cette rencontre, le Ministre d\u00e9l\u00e9gu\u00e9 aupr\u00e8s du Ministre des Transports, le Secr\u00e9taire g\u00e9n\u00e9ral, l\u2019Inspecteur g\u00e9n\u00e9ral, le Directeur de la M\u00e9t\u00e9orologie nationale et ses collaborateurs. \u00a0Ce contrat qui a une dur\u00e9e de 5 ans renouvelable, a pour but de p\u00e9renniser les \u00e9changes d'informations entre le service de l'agrom\u00e9t\u00e9orologie et de l'environnement atmosph\u00e9rique du MINT et HEVECAM, afin de fournir une meilleure assistance m\u00e9t\u00e9orologique agroindustrielle et agricole dans l'h\u00e9v\u00e9aculture.\",\"breadcrumb\":{\"@id\":\"https:\/\/meteocameroon.gov.cm\/signature-de-laccord-cadre-de-collaboration-entre-le-ministere-des-transports-et-hevecam-s-a\/#breadcrumb\"},\"inLanguage\":\"en-US\",\"potentialAction\":[{\"@type\":\"ReadAction\",\"target\":[\"https:\/\/meteocameroon.gov.cm\/signature-de-laccord-cadre-de-collaboration-entre-le-ministere-des-transports-et-hevecam-s-a\/\"]}]},{\"@type\":\"ImageObject\",\"inLanguage\":\"en-US\",\"@id\":\"https:\/\/meteocameroon.gov.cm\/signature-de-laccord-cadre-de-collaboration-entre-le-ministere-des-transports-et-hevecam-s-a\/#primaryimage\",\"url\":\"https:\/\/meteocameroon.gov.cm\/wp-content\/uploads\/2022\/05\/IMG-20220427-WA0003.jpg\",\"contentUrl\":\"https:\/\/meteocameroon.gov.cm\/wp-content\/uploads\/2022\/05\/IMG-20220427-WA0003.jpg\",\"width\":996,\"height\":664},{\"@type\":\"BreadcrumbList\",\"@id\":\"https:\/\/meteocameroon.gov.cm\/signature-de-laccord-cadre-de-collaboration-entre-le-ministere-des-transports-et-hevecam-s-a\/#breadcrumb\",\"itemListElement\":[{\"@type\":\"ListItem\",\"position\":1,\"name\":\"Accueil\",\"item\":\"https:\/\/meteocameroon.gov.cm\/\"},{\"@type\":\"ListItem\",\"position\":2,\"name\":\"Signature de l\u2019accord cadre de collaboration entre le Minist\u00e8re des Transports et HEVECAM S.A\"}]},{\"@type\":\"WebSite\",\"@id\":\"https:\/\/meteocameroon.gov.cm\/#website\",\"url\":\"https:\/\/meteocameroon.gov.cm\/\",\"name\":\"M\u00e9t\u00e9orologie Nationale du Cameroun\",\"description\":\"La m\u00e9t\u00e9o un outils pour le d\u00e9veloppement\",\"publisher\":{\"@id\":\"https:\/\/meteocameroon.gov.cm\/#organization\"},\"potentialAction\":[{\"@type\":\"SearchAction\",\"target\":{\"@type\":\"EntryPoint\",\"urlTemplate\":\"https:\/\/meteocameroon.gov.cm\/?s={search_term_string}\"},\"query-input\":{\"@type\":\"PropertyValueSpecification\",\"valueRequired\":true,\"valueName\":\"search_term_string\"}}],\"inLanguage\":\"en-US\"},{\"@type\":\"Organization\",\"@id\":\"https:\/\/meteocameroon.gov.cm\/#organization\",\"name\":\"M\u00e9t\u00e9orologie Nationale du Cameroun\",\"url\":\"https:\/\/meteocameroon.gov.cm\/\",\"logo\":{\"@type\":\"ImageObject\",\"inLanguage\":\"en-US\",\"@id\":\"https:\/\/meteocameroon.gov.cm\/#\/schema\/logo\/image\/\",\"url\":\"https:\/\/meteocameroon.gov.cm\/wp-content\/uploads\/2022\/06\/Artboard-14x-renew.jpg\",\"contentUrl\":\"https:\/\/meteocameroon.gov.cm\/wp-content\/uploads\/2022\/06\/Artboard-14x-renew.jpg\",\"width\":519,\"height\":504,\"caption\":\"M\u00e9t\u00e9orologie Nationale du Cameroun\"},\"image\":{\"@id\":\"https:\/\/meteocameroon.gov.cm\/#\/schema\/logo\/image\/\"}},{\"@type\":\"Person\",\"@id\":\"https:\/\/meteocameroon.gov.cm\/#\/schema\/person\/bf8a811b9a078925a5556150dde56f67\",\"name\":\"superadmin\",\"image\":{\"@type\":\"ImageObject\",\"inLanguage\":\"en-US\",\"@id\":\"https:\/\/meteocameroon.gov.cm\/#\/schema\/person\/image\/\",\"url\":\"https:\/\/secure.gravatar.com\/avatar\/ee04fc80fa7360e5f9946aa0aa1da08a4348d1df6c9f53420d4c0da53d3e53ae?s=96&d=mm&r=g\",\"contentUrl\":\"https:\/\/secure.gravatar.com\/avatar\/ee04fc80fa7360e5f9946aa0aa1da08a4348d1df6c9f53420d4c0da53d3e53ae?s=96&d=mm&r=g\",\"caption\":\"superadmin\"},\"sameAs\":[\"https:\/\/meteocameroon.gov.cm\"],\"url\":\"https:\/\/meteocameroon.gov.cm\/en\/author\/superadmin\/\"}]}<\/script>\n<!-- \/ Yoast SEO plugin. -->","yoast_head_json":{"title":"Signature de l\u2019accord cadre de collaboration entre le Minist\u00e8re des Transports et HEVECAM S.A - M\u00e9t\u00e9orologie Nationale du Cameroun","description":"Le Ministre des Transports, Jean Ernest Mass\u00e9na NGALLE BIBEHE a proc\u00e9d\u00e9 ce mardi 26 avril 2022, avec le Directeur g\u00e9n\u00e9ral de la Soci\u00e9t\u00e9 H\u00e9v\u00e9a Cameroun S.A (HEVECAM), Beno\u00eet SNOECK, \u00e0 la signature d'un accord cadre de collaboration entre le MINT et ladite soci\u00e9t\u00e9. \u00c9taient pr\u00e9sents \u00e0 cette rencontre, le Ministre d\u00e9l\u00e9gu\u00e9 aupr\u00e8s du Ministre des Transports, le Secr\u00e9taire g\u00e9n\u00e9ral, l\u2019Inspecteur g\u00e9n\u00e9ral, le Directeur de la M\u00e9t\u00e9orologie nationale et ses collaborateurs. \u00a0Ce contrat qui a une dur\u00e9e de 5 ans renouvelable, a pour but de p\u00e9renniser les \u00e9changes d'informations entre le service de l'agrom\u00e9t\u00e9orologie et de l'environnement atmosph\u00e9rique du MINT et HEVECAM, afin de fournir une meilleure assistance m\u00e9t\u00e9orologique agroindustrielle et agricole dans l'h\u00e9v\u00e9aculture.","robots":{"index":"index","follow":"follow","max-snippet":"max-snippet:-1","max-image-preview":"max-image-preview:large","max-video-preview":"max-video-preview:-1"},"canonical":"https:\/\/meteocameroon.gov.cm\/en\/signature-de-laccord-cadre-de-collaboration-entre-le-ministere-des-transports-et-hevecam-s-a\/","og_locale":"en_US","og_type":"article","og_title":"Signature de l\u2019accord cadre de collaboration entre le Minist\u00e8re des Transports et HEVECAM S.A - M\u00e9t\u00e9orologie Nationale du Cameroun","og_description":"Le Ministre des Transports, Jean Ernest Mass\u00e9na NGALLE BIBEHE a proc\u00e9d\u00e9 ce mardi 26 avril 2022, avec le Directeur g\u00e9n\u00e9ral de la Soci\u00e9t\u00e9 H\u00e9v\u00e9a Cameroun S.A (HEVECAM), Beno\u00eet SNOECK, \u00e0 la signature d'un accord cadre de collaboration entre le MINT et ladite soci\u00e9t\u00e9. \u00c9taient pr\u00e9sents \u00e0 cette rencontre, le Ministre d\u00e9l\u00e9gu\u00e9 aupr\u00e8s du Ministre des Transports, le Secr\u00e9taire g\u00e9n\u00e9ral, l\u2019Inspecteur g\u00e9n\u00e9ral, le Directeur de la M\u00e9t\u00e9orologie nationale et ses collaborateurs. \u00a0Ce contrat qui a une dur\u00e9e de 5 ans renouvelable, a pour but de p\u00e9renniser les \u00e9changes d'informations entre le service de l'agrom\u00e9t\u00e9orologie et de l'environnement atmosph\u00e9rique du MINT et HEVECAM, afin de fournir une meilleure assistance m\u00e9t\u00e9orologique agroindustrielle et agricole dans l'h\u00e9v\u00e9aculture.","og_url":"https:\/\/meteocameroon.gov.cm\/en\/signature-de-laccord-cadre-de-collaboration-entre-le-ministere-des-transports-et-hevecam-s-a\/","og_site_name":"M\u00e9t\u00e9orologie Nationale du Cameroun","article_published_time":"2022-05-31T08:09:05+00:00","article_modified_time":"2022-05-31T09:01:35+00:00","og_image":[{"width":996,"height":664,"url":"https:\/\/meteocameroon.gov.cm\/wp-content\/uploads\/2022\/05\/IMG-20220427-WA0003.jpg","type":"image\/jpeg"}],"author":"superadmin","twitter_card":"summary_large_image","twitter_misc":{"Written by":"superadmin","Est. reading time":"1 minute"},"schema":{"@context":"https:\/\/schema.org","@graph":[{"@type":"Article","@id":"https:\/\/meteocameroon.gov.cm\/signature-de-laccord-cadre-de-collaboration-entre-le-ministere-des-transports-et-hevecam-s-a\/#article","isPartOf":{"@id":"https:\/\/meteocameroon.gov.cm\/signature-de-laccord-cadre-de-collaboration-entre-le-ministere-des-transports-et-hevecam-s-a\/"},"author":{"name":"superadmin","@id":"https:\/\/meteocameroon.gov.cm\/#\/schema\/person\/bf8a811b9a078925a5556150dde56f67"},"headline":"Signature de l\u2019accord cadre de collaboration entre le Minist\u00e8re des Transports et HEVECAM S.A","datePublished":"2022-05-31T08:09:05+00:00","dateModified":"2022-05-31T09:01:35+00:00","mainEntityOfPage":{"@id":"https:\/\/meteocameroon.gov.cm\/signature-de-laccord-cadre-de-collaboration-entre-le-ministere-des-transports-et-hevecam-s-a\/"},"wordCount":226,"commentCount":2,"publisher":{"@id":"https:\/\/meteocameroon.gov.cm\/#organization"},"image":{"@id":"https:\/\/meteocameroon.gov.cm\/signature-de-laccord-cadre-de-collaboration-entre-le-ministere-des-transports-et-hevecam-s-a\/#primaryimage"},"thumbnailUrl":"https:\/\/meteocameroon.gov.cm\/wp-content\/uploads\/2022\/05\/IMG-20220427-WA0003.jpg","keywords":["Course","Horses","Jumped"],"articleSection":["Actualit\u00e9"],"inLanguage":"en-US","potentialAction":[{"@type":"CommentAction","name":"Comment","target":["https:\/\/meteocameroon.gov.cm\/signature-de-laccord-cadre-de-collaboration-entre-le-ministere-des-transports-et-hevecam-s-a\/#respond"]}]},{"@type":"WebPage","@id":"https:\/\/meteocameroon.gov.cm\/signature-de-laccord-cadre-de-collaboration-entre-le-ministere-des-transports-et-hevecam-s-a\/","url":"https:\/\/meteocameroon.gov.cm\/signature-de-laccord-cadre-de-collaboration-entre-le-ministere-des-transports-et-hevecam-s-a\/","name":"Signature de l\u2019accord cadre de collaboration entre le Minist\u00e8re des Transports et HEVECAM S.A - M\u00e9t\u00e9orologie Nationale du Cameroun","isPartOf":{"@id":"https:\/\/meteocameroon.gov.cm\/#website"},"primaryImageOfPage":{"@id":"https:\/\/meteocameroon.gov.cm\/signature-de-laccord-cadre-de-collaboration-entre-le-ministere-des-transports-et-hevecam-s-a\/#primaryimage"},"image":{"@id":"https:\/\/meteocameroon.gov.cm\/signature-de-laccord-cadre-de-collaboration-entre-le-ministere-des-transports-et-hevecam-s-a\/#primaryimage"},"thumbnailUrl":"https:\/\/meteocameroon.gov.cm\/wp-content\/uploads\/2022\/05\/IMG-20220427-WA0003.jpg","datePublished":"2022-05-31T08:09:05+00:00","dateModified":"2022-05-31T09:01:35+00:00","description":"Le Ministre des Transports, Jean Ernest Mass\u00e9na NGALLE BIBEHE a proc\u00e9d\u00e9 ce mardi 26 avril 2022, avec le Directeur g\u00e9n\u00e9ral de la Soci\u00e9t\u00e9 H\u00e9v\u00e9a Cameroun S.A (HEVECAM), Beno\u00eet SNOECK, \u00e0 la signature d'un accord cadre de collaboration entre le MINT et ladite soci\u00e9t\u00e9. \u00c9taient pr\u00e9sents \u00e0 cette rencontre, le Ministre d\u00e9l\u00e9gu\u00e9 aupr\u00e8s du Ministre des Transports, le Secr\u00e9taire g\u00e9n\u00e9ral, l\u2019Inspecteur g\u00e9n\u00e9ral, le Directeur de la M\u00e9t\u00e9orologie nationale et ses collaborateurs. \u00a0Ce contrat qui a une dur\u00e9e de 5 ans renouvelable, a pour but de p\u00e9renniser les \u00e9changes d'informations entre le service de l'agrom\u00e9t\u00e9orologie et de l'environnement atmosph\u00e9rique du MINT et HEVECAM, afin de fournir une meilleure assistance m\u00e9t\u00e9orologique agroindustrielle et agricole dans l'h\u00e9v\u00e9aculture.","breadcrumb":{"@id":"https:\/\/meteocameroon.gov.cm\/signature-de-laccord-cadre-de-collaboration-entre-le-ministere-des-transports-et-hevecam-s-a\/#breadcrumb"},"inLanguage":"en-US","potentialAction":[{"@type":"ReadAction","target":["https:\/\/meteocameroon.gov.cm\/signature-de-laccord-cadre-de-collaboration-entre-le-ministere-des-transports-et-hevecam-s-a\/"]}]},{"@type":"ImageObject","inLanguage":"en-US","@id":"https:\/\/meteocameroon.gov.cm\/signature-de-laccord-cadre-de-collaboration-entre-le-ministere-des-transports-et-hevecam-s-a\/#primaryimage","url":"https:\/\/meteocameroon.gov.cm\/wp-content\/uploads\/2022\/05\/IMG-20220427-WA0003.jpg","contentUrl":"https:\/\/meteocameroon.gov.cm\/wp-content\/uploads\/2022\/05\/IMG-20220427-WA0003.jpg","width":996,"height":664},{"@type":"BreadcrumbList","@id":"https:\/\/meteocameroon.gov.cm\/signature-de-laccord-cadre-de-collaboration-entre-le-ministere-des-transports-et-hevecam-s-a\/#breadcrumb","itemListElement":[{"@type":"ListItem","position":1,"name":"Accueil","item":"https:\/\/meteocameroon.gov.cm\/"},{"@type":"ListItem","position":2,"name":"Signature de l\u2019accord cadre de collaboration entre le Minist\u00e8re des Transports et HEVECAM S.A"}]},{"@type":"WebSite","@id":"https:\/\/meteocameroon.gov.cm\/#website","url":"https:\/\/meteocameroon.gov.cm\/","name":"M\u00e9t\u00e9orologie Nationale du Cameroun","description":"La m\u00e9t\u00e9o un outils pour le d\u00e9veloppement","publisher":{"@id":"https:\/\/meteocameroon.gov.cm\/#organization"},"potentialAction":[{"@type":"SearchAction","target":{"@type":"EntryPoint","urlTemplate":"https:\/\/meteocameroon.gov.cm\/?s={search_term_string}"},"query-input":{"@type":"PropertyValueSpecification","valueRequired":true,"valueName":"search_term_string"}}],"inLanguage":"en-US"},{"@type":"Organization","@id":"https:\/\/meteocameroon.gov.cm\/#organization","name":"M\u00e9t\u00e9orologie Nationale du Cameroun","url":"https:\/\/meteocameroon.gov.cm\/","logo":{"@type":"ImageObject","inLanguage":"en-US","@id":"https:\/\/meteocameroon.gov.cm\/#\/schema\/logo\/image\/","url":"https:\/\/meteocameroon.gov.cm\/wp-content\/uploads\/2022\/06\/Artboard-14x-renew.jpg","contentUrl":"https:\/\/meteocameroon.gov.cm\/wp-content\/uploads\/2022\/06\/Artboard-14x-renew.jpg","width":519,"height":504,"caption":"M\u00e9t\u00e9orologie Nationale du Cameroun"},"image":{"@id":"https:\/\/meteocameroon.gov.cm\/#\/schema\/logo\/image\/"}},{"@type":"Person","@id":"https:\/\/meteocameroon.gov.cm\/#\/schema\/person\/bf8a811b9a078925a5556150dde56f67","name":"superadmin","image":{"@type":"ImageObject","inLanguage":"en-US","@id":"https:\/\/meteocameroon.gov.cm\/#\/schema\/person\/image\/","url":"https:\/\/secure.gravatar.com\/avatar\/ee04fc80fa7360e5f9946aa0aa1da08a4348d1df6c9f53420d4c0da53d3e53ae?s=96&d=mm&r=g","contentUrl":"https:\/\/secure.gravatar.com\/avatar\/ee04fc80fa7360e5f9946aa0aa1da08a4348d1df6c9f53420d4c0da53d3e53ae?s=96&d=mm&r=g","caption":"superadmin"},"sameAs":["https:\/\/meteocameroon.gov.cm"],"url":"https:\/\/meteocameroon.gov.cm\/en\/author\/superadmin\/"}]}},"rttpg_featured_image_url":{"full":["https:\/\/meteocameroon.gov.cm\/wp-content\/uploads\/2022\/05\/IMG-20220427-WA0003.jpg",996,664,false],"landscape":["https:\/\/meteocameroon.gov.cm\/wp-content\/uploads\/2022\/05\/IMG-20220427-WA0003.jpg",996,664,false],"portraits":["https:\/\/meteocameroon.gov.cm\/wp-content\/uploads\/2022\/05\/IMG-20220427-WA0003.jpg",996,664,false],"thumbnail":["https:\/\/meteocameroon.gov.cm\/wp-content\/uploads\/2022\/05\/IMG-20220427-WA0003-150x150.jpg",150,150,true],"medium":["https:\/\/meteocameroon.gov.cm\/wp-content\/uploads\/2022\/05\/IMG-20220427-WA0003-300x200.jpg",300,200,true],"large":["https:\/\/meteocameroon.gov.cm\/wp-content\/uploads\/2022\/05\/IMG-20220427-WA0003.jpg",640,427,false],"1536x1536":["https:\/\/meteocameroon.gov.cm\/wp-content\/uploads\/2022\/05\/IMG-20220427-WA0003.jpg",996,664,false],"2048x2048":["https:\/\/meteocameroon.gov.cm\/wp-content\/uploads\/2022\/05\/IMG-20220427-WA0003.jpg",996,664,false],"trp-custom-language-flag":["https:\/\/meteocameroon.gov.cm\/wp-content\/uploads\/2022\/05\/IMG-20220427-WA0003-18x12.jpg",18,12,true],"binit-portfolio":["https:\/\/meteocameroon.gov.cm\/wp-content\/uploads\/2022\/05\/IMG-20220427-WA0003-600x664.jpg",600,664,true],"binit-portfolio-vertical":["https:\/\/meteocameroon.gov.cm\/wp-content\/uploads\/2022\/05\/IMG-20220427-WA0003-380x564.jpg",380,564,true],"binit-blog":["https:\/\/meteocameroon.gov.cm\/wp-content\/uploads\/2022\/05\/IMG-20220427-WA0003-600x420.jpg",600,420,true],"binit-team":["https:\/\/meteocameroon.gov.cm\/wp-content\/uploads\/2022\/05\/IMG-20220427-WA0003-600x645.jpg",600,645,true],"binit-product":["https:\/\/meteocameroon.gov.cm\/wp-content\/uploads\/2022\/05\/IMG-20220427-WA0003-360x440.jpg",360,440,true],"binit-event":["https:\/\/meteocameroon.gov.cm\/wp-content\/uploads\/2022\/05\/IMG-20220427-WA0003-420x630.jpg",420,630,true]},"rttpg_author":{"display_name":"superadmin","author_link":"https:\/\/meteocameroon.gov.cm\/en\/author\/superadmin\/"},"rttpg_comment":2,"rttpg_category":"<a href=\"https:\/\/meteocameroon.gov.cm\/en\/category\/actualite\/\" rel=\"category tag\">Actualit\u00e9<\/a>","rttpg_excerpt":"Le Ministre des Transports, Jean Ernest Mass\u00e9na NGALLE BIBEHE a proc\u00e9d\u00e9 ce mardi 26 avril 2022, avec le Directeur g\u00e9n\u00e9ral de la Soci\u00e9t\u00e9 H\u00e9v\u00e9a Cameroun S.A (HEVECAM), Beno\u00eet SNOECK, \u00e0 la signature d'un accord cadre de collaboration entre le MINT et ladite soci\u00e9t\u00e9.","_links":{"self":[{"href":"https:\/\/meteocameroon.gov.cm\/en\/wp-json\/wp\/v2\/posts\/39","targetHints":{"allow":["GET"]}}],"collection":[{"href":"https:\/\/meteocameroon.gov.cm\/en\/wp-json\/wp\/v2\/posts"}],"about":[{"href":"https:\/\/meteocameroon.gov.cm\/en\/wp-json\/wp\/v2\/types\/post"}],"author":[{"embeddable":true,"href":"https:\/\/meteocameroon.gov.cm\/en\/wp-json\/wp\/v2\/users\/1"}],"replies":[{"embeddable":true,"href":"https:\/\/meteocameroon.gov.cm\/en\/wp-json\/wp\/v2\/comments?post=39"}],"version-history":[{"count":5,"href":"https:\/\/meteocameroon.gov.cm\/en\/wp-json\/wp\/v2\/posts\/39\/revisions"}],"predecessor-version":[{"id":1901,"href":"https:\/\/meteocameroon.gov.cm\/en\/wp-json\/wp\/v2\/posts\/39\/revisions\/1901"}],"wp:featuredmedia":[{"embeddable":true,"href":"https:\/\/meteocameroon.gov.cm\/en\/wp-json\/wp\/v2\/media\/1899"}],"wp:attachment":[{"href":"https:\/\/meteocameroon.gov.cm\/en\/wp-json\/wp\/v2\/media?parent=39"}],"wp:term":[{"taxonomy":"category","embeddable":true,"href":"https:\/\/meteocameroon.gov.cm\/en\/wp-json\/wp\/v2\/categories?post=39"},{"taxonomy":"post_tag","embeddable":true,"href":"https:\/\/meteocameroon.gov.cm\/en\/wp-json\/wp\/v2\/tags?post=39"}],"curies":[{"name":"wp","href":"https:\/\/api.w.org\/{rel}","templated":true}]}}