{"id":4635,"date":"2025-05-26T20:56:13","date_gmt":"2025-05-26T19:56:13","guid":{"rendered":"https:\/\/meteocameroon.gov.cm\/?p=4635"},"modified":"2026-01-20T11:03:40","modified_gmt":"2026-01-20T10:03:40","slug":"visite-du-laboratoire-de-metrologie-dans-les-locaux-du-ministere-du-commerce","status":"publish","type":"post","link":"https:\/\/meteocameroon.gov.cm\/en\/visite-du-laboratoire-de-metrologie-dans-les-locaux-du-ministere-du-commerce\/","title":{"rendered":"VISITE DU LABORATOIRE DE M\u00c9TROLOGIE DANS LES LOCAUX DU MINIST\u00c8RE DU COMMERCE"},"content":{"rendered":"<p>Le vendredi 23 Mai 2025, une \u00e9quipe de la Direction de la M\u00e9t\u00e9orologie Nationale (DMN) du minist\u00e8re des transports (MINT), conduite par leur Directeur ont proc\u00e9d\u00e9 \u00e0 une visite du laboratoire de M\u00e9trologie dans les locaux du minist\u00e8re du commerce.<br \/>\nCette visite s\u2019inscrit dans le cadre de la mise en place d&#8217;un Centre R\u00e9gional Instruments (CRI)<\/p>\n<p>Elle visait, d\u2019une part, \u00e0 prendre attache avec le minist\u00e8re du commerce afin d&#8217;\u00e9valuer le niveau de faisabilit\u00e9 de la mise en place du (CRI) d&#8217;une part et d&#8217;autres part, \u00e0 visiter les locaux du laboratoire de M\u00e9trologie et prendre connaissance des instruments pr\u00e9sent dans celui-ci.<\/p>\n<p>Quelques moments forts de cette visite en images.<\/p>\n<p>&nbsp;<\/p>\n<p>&nbsp;<\/p>\n<p><img loading=\"lazy\" decoding=\"async\" class=\"size-full wp-image-4332 aligncenter\" src=\"https:\/\/meteoold.meteocameroon.gov.cm\/wp-content\/uploads\/2025\/05\/WhatsApp-Image-2025-05-24-at-10.11.42-PM.jpeg\" alt=\"\" width=\"1024\" height=\"768\" \/> <img loading=\"lazy\" decoding=\"async\" class=\"wp-image-4333 aligncenter\" src=\"https:\/\/meteoold.meteocameroon.gov.cm\/wp-content\/uploads\/2025\/05\/WhatsApp-Image-2025-05-24-at-10.11.44-PM-1.jpeg\" alt=\"\" width=\"1001\" height=\"1335\" \/> <img loading=\"lazy\" decoding=\"async\" class=\"wp-image-4334 aligncenter\" src=\"https:\/\/meteoold.meteocameroon.gov.cm\/wp-content\/uploads\/2025\/05\/WhatsApp-Image-2025-05-24-at-10.11.44-PM.jpeg\" alt=\"\" width=\"1011\" height=\"1348\" \/> <img loading=\"lazy\" decoding=\"async\" class=\"wp-image-4335 aligncenter\" src=\"https:\/\/meteoold.meteocameroon.gov.cm\/wp-content\/uploads\/2025\/05\/WhatsApp-Image-2025-05-24-at-10.11.41-PM-1.jpeg\" alt=\"\" width=\"988\" height=\"1317\" \/><\/p>\n<p>&nbsp;<\/p>\n<p>\u270d\ud83c\udffe<em> Source : Direction de la M\u00e9t\u00e9orologie Nationale du Cameroun<\/em><\/p>\n<p>&nbsp;<\/p>\n<p>&nbsp;<\/p>\n<p>&nbsp;<\/p>\n<p>&nbsp;<\/p>","protected":false},"excerpt":{"rendered":"<p>Le vendredi 23 Mai 2025, une \u00e9quipe de la Direction de la M\u00e9t\u00e9orologie Nationale (DMN) du minist\u00e8re des transports (MINT), conduite par leur Directeur ont proc\u00e9d\u00e9 \u00e0 une visite du [&hellip;]<\/p>","protected":false},"author":30,"featured_media":4636,"comment_status":"open","ping_status":"open","sticky":false,"template":"","format":"standard","meta":{"footnotes":""},"categories":[18,1],"tags":[],"class_list":["post-4635","post","type-post","status-publish","format-standard","has-post-thumbnail","hentry","category-actualite","category-information"],"yoast_head":"<!-- This site is optimized with the Yoast SEO plugin v26.8 - https:\/\/yoast.com\/product\/yoast-seo-wordpress\/ -->\n<title>VISITE DU LABORATOIRE DE M\u00c9TROLOGIE DANS LES LOCAUX DU MINIST\u00c8RE DU COMMERCE - M\u00e9t\u00e9orologie Nationale du Cameroun<\/title>\n<meta name=\"robots\" content=\"index, follow, max-snippet:-1, max-image-preview:large, max-video-preview:-1\" \/>\n<link rel=\"canonical\" href=\"https:\/\/meteocameroon.gov.cm\/en\/visite-du-laboratoire-de-metrologie-dans-les-locaux-du-ministere-du-commerce\/\" \/>\n<meta property=\"og:locale\" content=\"en_US\" \/>\n<meta property=\"og:type\" content=\"article\" \/>\n<meta property=\"og:title\" content=\"VISITE DU LABORATOIRE DE M\u00c9TROLOGIE DANS LES LOCAUX DU MINIST\u00c8RE DU COMMERCE - M\u00e9t\u00e9orologie Nationale du Cameroun\" \/>\n<meta property=\"og:description\" content=\"Le vendredi 23 Mai 2025, une \u00e9quipe de la Direction de la M\u00e9t\u00e9orologie Nationale (DMN) du minist\u00e8re des transports (MINT), conduite par leur Directeur ont proc\u00e9d\u00e9 \u00e0 une visite du [&hellip;]\" \/>\n<meta property=\"og:url\" content=\"https:\/\/meteocameroon.gov.cm\/en\/visite-du-laboratoire-de-metrologie-dans-les-locaux-du-ministere-du-commerce\/\" \/>\n<meta property=\"og:site_name\" content=\"M\u00e9t\u00e9orologie Nationale du Cameroun\" \/>\n<meta property=\"article:published_time\" content=\"2025-05-26T19:56:13+00:00\" \/>\n<meta property=\"article:modified_time\" content=\"2026-01-20T10:03:40+00:00\" \/>\n<meta property=\"og:image\" content=\"https:\/\/meteocameroon.gov.cm\/wp-content\/uploads\/2026\/01\/WhatsApp-Image-2025-05-24-at-10.11.45-PM.jpeg\" \/>\n\t<meta property=\"og:image:width\" content=\"1024\" \/>\n\t<meta property=\"og:image:height\" content=\"768\" \/>\n\t<meta property=\"og:image:type\" content=\"image\/jpeg\" \/>\n<meta name=\"author\" content=\"editor\" \/>\n<meta name=\"twitter:card\" content=\"summary_large_image\" \/>\n<meta name=\"twitter:label1\" content=\"Written by\" \/>\n\t<meta name=\"twitter:data1\" content=\"editor\" \/>\n\t<meta name=\"twitter:label2\" content=\"Est. reading time\" \/>\n\t<meta name=\"twitter:data2\" content=\"2 minutes\" \/>\n<script type=\"application\/ld+json\" class=\"yoast-schema-graph\">{\"@context\":\"https:\/\/schema.org\",\"@graph\":[{\"@type\":\"Article\",\"@id\":\"https:\/\/meteocameroon.gov.cm\/visite-du-laboratoire-de-metrologie-dans-les-locaux-du-ministere-du-commerce\/#article\",\"isPartOf\":{\"@id\":\"https:\/\/meteocameroon.gov.cm\/visite-du-laboratoire-de-metrologie-dans-les-locaux-du-ministere-du-commerce\/\"},\"author\":{\"name\":\"editor\",\"@id\":\"https:\/\/meteocameroon.gov.cm\/#\/schema\/person\/eec674ef6778f16387fc93ba6592255e\"},\"headline\":\"VISITE DU LABORATOIRE DE M\u00c9TROLOGIE DANS LES LOCAUX DU MINIST\u00c8RE DU COMMERCE\",\"datePublished\":\"2025-05-26T19:56:13+00:00\",\"dateModified\":\"2026-01-20T10:03:40+00:00\",\"mainEntityOfPage\":{\"@id\":\"https:\/\/meteocameroon.gov.cm\/visite-du-laboratoire-de-metrologie-dans-les-locaux-du-ministere-du-commerce\/\"},\"wordCount\":149,\"commentCount\":0,\"publisher\":{\"@id\":\"https:\/\/meteocameroon.gov.cm\/#organization\"},\"image\":{\"@id\":\"https:\/\/meteocameroon.gov.cm\/visite-du-laboratoire-de-metrologie-dans-les-locaux-du-ministere-du-commerce\/#primaryimage\"},\"thumbnailUrl\":\"https:\/\/meteocameroon.gov.cm\/wp-content\/uploads\/2026\/01\/WhatsApp-Image-2025-05-24-at-10.11.45-PM.jpeg\",\"articleSection\":[\"Actualit\u00e9\",\"Information\"],\"inLanguage\":\"en-US\",\"potentialAction\":[{\"@type\":\"CommentAction\",\"name\":\"Comment\",\"target\":[\"https:\/\/meteocameroon.gov.cm\/visite-du-laboratoire-de-metrologie-dans-les-locaux-du-ministere-du-commerce\/#respond\"]}]},{\"@type\":\"WebPage\",\"@id\":\"https:\/\/meteocameroon.gov.cm\/visite-du-laboratoire-de-metrologie-dans-les-locaux-du-ministere-du-commerce\/\",\"url\":\"https:\/\/meteocameroon.gov.cm\/visite-du-laboratoire-de-metrologie-dans-les-locaux-du-ministere-du-commerce\/\",\"name\":\"VISITE DU LABORATOIRE DE M\u00c9TROLOGIE DANS LES LOCAUX DU MINIST\u00c8RE DU COMMERCE - M\u00e9t\u00e9orologie Nationale du Cameroun\",\"isPartOf\":{\"@id\":\"https:\/\/meteocameroon.gov.cm\/#website\"},\"primaryImageOfPage\":{\"@id\":\"https:\/\/meteocameroon.gov.cm\/visite-du-laboratoire-de-metrologie-dans-les-locaux-du-ministere-du-commerce\/#primaryimage\"},\"image\":{\"@id\":\"https:\/\/meteocameroon.gov.cm\/visite-du-laboratoire-de-metrologie-dans-les-locaux-du-ministere-du-commerce\/#primaryimage\"},\"thumbnailUrl\":\"https:\/\/meteocameroon.gov.cm\/wp-content\/uploads\/2026\/01\/WhatsApp-Image-2025-05-24-at-10.11.45-PM.jpeg\",\"datePublished\":\"2025-05-26T19:56:13+00:00\",\"dateModified\":\"2026-01-20T10:03:40+00:00\",\"breadcrumb\":{\"@id\":\"https:\/\/meteocameroon.gov.cm\/visite-du-laboratoire-de-metrologie-dans-les-locaux-du-ministere-du-commerce\/#breadcrumb\"},\"inLanguage\":\"en-US\",\"potentialAction\":[{\"@type\":\"ReadAction\",\"target\":[\"https:\/\/meteocameroon.gov.cm\/visite-du-laboratoire-de-metrologie-dans-les-locaux-du-ministere-du-commerce\/\"]}]},{\"@type\":\"ImageObject\",\"inLanguage\":\"en-US\",\"@id\":\"https:\/\/meteocameroon.gov.cm\/visite-du-laboratoire-de-metrologie-dans-les-locaux-du-ministere-du-commerce\/#primaryimage\",\"url\":\"https:\/\/meteocameroon.gov.cm\/wp-content\/uploads\/2026\/01\/WhatsApp-Image-2025-05-24-at-10.11.45-PM.jpeg\",\"contentUrl\":\"https:\/\/meteocameroon.gov.cm\/wp-content\/uploads\/2026\/01\/WhatsApp-Image-2025-05-24-at-10.11.45-PM.jpeg\",\"width\":1024,\"height\":768},{\"@type\":\"BreadcrumbList\",\"@id\":\"https:\/\/meteocameroon.gov.cm\/visite-du-laboratoire-de-metrologie-dans-les-locaux-du-ministere-du-commerce\/#breadcrumb\",\"itemListElement\":[{\"@type\":\"ListItem\",\"position\":1,\"name\":\"Accueil\",\"item\":\"https:\/\/meteocameroon.gov.cm\/\"},{\"@type\":\"ListItem\",\"position\":2,\"name\":\"VISITE DU LABORATOIRE DE M\u00c9TROLOGIE DANS LES LOCAUX DU MINIST\u00c8RE DU COMMERCE\"}]},{\"@type\":\"WebSite\",\"@id\":\"https:\/\/meteocameroon.gov.cm\/#website\",\"url\":\"https:\/\/meteocameroon.gov.cm\/\",\"name\":\"M\u00e9t\u00e9orologie Nationale du Cameroun\",\"description\":\"La m\u00e9t\u00e9o un outils pour le d\u00e9veloppement\",\"publisher\":{\"@id\":\"https:\/\/meteocameroon.gov.cm\/#organization\"},\"potentialAction\":[{\"@type\":\"SearchAction\",\"target\":{\"@type\":\"EntryPoint\",\"urlTemplate\":\"https:\/\/meteocameroon.gov.cm\/?s={search_term_string}\"},\"query-input\":{\"@type\":\"PropertyValueSpecification\",\"valueRequired\":true,\"valueName\":\"search_term_string\"}}],\"inLanguage\":\"en-US\"},{\"@type\":\"Organization\",\"@id\":\"https:\/\/meteocameroon.gov.cm\/#organization\",\"name\":\"M\u00e9t\u00e9orologie Nationale du Cameroun\",\"url\":\"https:\/\/meteocameroon.gov.cm\/\",\"logo\":{\"@type\":\"ImageObject\",\"inLanguage\":\"en-US\",\"@id\":\"https:\/\/meteocameroon.gov.cm\/#\/schema\/logo\/image\/\",\"url\":\"https:\/\/meteocameroon.gov.cm\/wp-content\/uploads\/2022\/06\/Artboard-14x-renew.jpg\",\"contentUrl\":\"https:\/\/meteocameroon.gov.cm\/wp-content\/uploads\/2022\/06\/Artboard-14x-renew.jpg\",\"width\":519,\"height\":504,\"caption\":\"M\u00e9t\u00e9orologie Nationale du Cameroun\"},\"image\":{\"@id\":\"https:\/\/meteocameroon.gov.cm\/#\/schema\/logo\/image\/\"}},{\"@type\":\"Person\",\"@id\":\"https:\/\/meteocameroon.gov.cm\/#\/schema\/person\/eec674ef6778f16387fc93ba6592255e\",\"name\":\"editor\",\"image\":{\"@type\":\"ImageObject\",\"inLanguage\":\"en-US\",\"@id\":\"https:\/\/meteocameroon.gov.cm\/#\/schema\/person\/image\/\",\"url\":\"https:\/\/secure.gravatar.com\/avatar\/6ab3f1d1eba55d824bf16a34121c680962dc628f8026f85097af88e04b1737ef?s=96&d=mm&r=g\",\"contentUrl\":\"https:\/\/secure.gravatar.com\/avatar\/6ab3f1d1eba55d824bf16a34121c680962dc628f8026f85097af88e04b1737ef?s=96&d=mm&r=g\",\"caption\":\"editor\"},\"url\":\"https:\/\/meteocameroon.gov.cm\/en\/author\/editor\/\"}]}<\/script>\n<!-- \/ Yoast SEO plugin. -->","yoast_head_json":{"title":"VISITE DU LABORATOIRE DE M\u00c9TROLOGIE DANS LES LOCAUX DU MINIST\u00c8RE DU COMMERCE - M\u00e9t\u00e9orologie Nationale du Cameroun","robots":{"index":"index","follow":"follow","max-snippet":"max-snippet:-1","max-image-preview":"max-image-preview:large","max-video-preview":"max-video-preview:-1"},"canonical":"https:\/\/meteocameroon.gov.cm\/en\/visite-du-laboratoire-de-metrologie-dans-les-locaux-du-ministere-du-commerce\/","og_locale":"en_US","og_type":"article","og_title":"VISITE DU LABORATOIRE DE M\u00c9TROLOGIE DANS LES LOCAUX DU MINIST\u00c8RE DU COMMERCE - M\u00e9t\u00e9orologie Nationale du Cameroun","og_description":"Le vendredi 23 Mai 2025, une \u00e9quipe de la Direction de la M\u00e9t\u00e9orologie Nationale (DMN) du minist\u00e8re des transports (MINT), conduite par leur Directeur ont proc\u00e9d\u00e9 \u00e0 une visite du [&hellip;]","og_url":"https:\/\/meteocameroon.gov.cm\/en\/visite-du-laboratoire-de-metrologie-dans-les-locaux-du-ministere-du-commerce\/","og_site_name":"M\u00e9t\u00e9orologie Nationale du Cameroun","article_published_time":"2025-05-26T19:56:13+00:00","article_modified_time":"2026-01-20T10:03:40+00:00","og_image":[{"width":1024,"height":768,"url":"https:\/\/meteocameroon.gov.cm\/wp-content\/uploads\/2026\/01\/WhatsApp-Image-2025-05-24-at-10.11.45-PM.jpeg","type":"image\/jpeg"}],"author":"editor","twitter_card":"summary_large_image","twitter_misc":{"Written by":"editor","Est. reading time":"2 minutes"},"schema":{"@context":"https:\/\/schema.org","@graph":[{"@type":"Article","@id":"https:\/\/meteocameroon.gov.cm\/visite-du-laboratoire-de-metrologie-dans-les-locaux-du-ministere-du-commerce\/#article","isPartOf":{"@id":"https:\/\/meteocameroon.gov.cm\/visite-du-laboratoire-de-metrologie-dans-les-locaux-du-ministere-du-commerce\/"},"author":{"name":"editor","@id":"https:\/\/meteocameroon.gov.cm\/#\/schema\/person\/eec674ef6778f16387fc93ba6592255e"},"headline":"VISITE DU LABORATOIRE DE M\u00c9TROLOGIE DANS LES LOCAUX DU MINIST\u00c8RE DU COMMERCE","datePublished":"2025-05-26T19:56:13+00:00","dateModified":"2026-01-20T10:03:40+00:00","mainEntityOfPage":{"@id":"https:\/\/meteocameroon.gov.cm\/visite-du-laboratoire-de-metrologie-dans-les-locaux-du-ministere-du-commerce\/"},"wordCount":149,"commentCount":0,"publisher":{"@id":"https:\/\/meteocameroon.gov.cm\/#organization"},"image":{"@id":"https:\/\/meteocameroon.gov.cm\/visite-du-laboratoire-de-metrologie-dans-les-locaux-du-ministere-du-commerce\/#primaryimage"},"thumbnailUrl":"https:\/\/meteocameroon.gov.cm\/wp-content\/uploads\/2026\/01\/WhatsApp-Image-2025-05-24-at-10.11.45-PM.jpeg","articleSection":["Actualit\u00e9","Information"],"inLanguage":"en-US","potentialAction":[{"@type":"CommentAction","name":"Comment","target":["https:\/\/meteocameroon.gov.cm\/visite-du-laboratoire-de-metrologie-dans-les-locaux-du-ministere-du-commerce\/#respond"]}]},{"@type":"WebPage","@id":"https:\/\/meteocameroon.gov.cm\/visite-du-laboratoire-de-metrologie-dans-les-locaux-du-ministere-du-commerce\/","url":"https:\/\/meteocameroon.gov.cm\/visite-du-laboratoire-de-metrologie-dans-les-locaux-du-ministere-du-commerce\/","name":"VISITE DU LABORATOIRE DE M\u00c9TROLOGIE DANS LES LOCAUX DU MINIST\u00c8RE DU COMMERCE - M\u00e9t\u00e9orologie Nationale du Cameroun","isPartOf":{"@id":"https:\/\/meteocameroon.gov.cm\/#website"},"primaryImageOfPage":{"@id":"https:\/\/meteocameroon.gov.cm\/visite-du-laboratoire-de-metrologie-dans-les-locaux-du-ministere-du-commerce\/#primaryimage"},"image":{"@id":"https:\/\/meteocameroon.gov.cm\/visite-du-laboratoire-de-metrologie-dans-les-locaux-du-ministere-du-commerce\/#primaryimage"},"thumbnailUrl":"https:\/\/meteocameroon.gov.cm\/wp-content\/uploads\/2026\/01\/WhatsApp-Image-2025-05-24-at-10.11.45-PM.jpeg","datePublished":"2025-05-26T19:56:13+00:00","dateModified":"2026-01-20T10:03:40+00:00","breadcrumb":{"@id":"https:\/\/meteocameroon.gov.cm\/visite-du-laboratoire-de-metrologie-dans-les-locaux-du-ministere-du-commerce\/#breadcrumb"},"inLanguage":"en-US","potentialAction":[{"@type":"ReadAction","target":["https:\/\/meteocameroon.gov.cm\/visite-du-laboratoire-de-metrologie-dans-les-locaux-du-ministere-du-commerce\/"]}]},{"@type":"ImageObject","inLanguage":"en-US","@id":"https:\/\/meteocameroon.gov.cm\/visite-du-laboratoire-de-metrologie-dans-les-locaux-du-ministere-du-commerce\/#primaryimage","url":"https:\/\/meteocameroon.gov.cm\/wp-content\/uploads\/2026\/01\/WhatsApp-Image-2025-05-24-at-10.11.45-PM.jpeg","contentUrl":"https:\/\/meteocameroon.gov.cm\/wp-content\/uploads\/2026\/01\/WhatsApp-Image-2025-05-24-at-10.11.45-PM.jpeg","width":1024,"height":768},{"@type":"BreadcrumbList","@id":"https:\/\/meteocameroon.gov.cm\/visite-du-laboratoire-de-metrologie-dans-les-locaux-du-ministere-du-commerce\/#breadcrumb","itemListElement":[{"@type":"ListItem","position":1,"name":"Accueil","item":"https:\/\/meteocameroon.gov.cm\/"},{"@type":"ListItem","position":2,"name":"VISITE DU LABORATOIRE DE M\u00c9TROLOGIE DANS LES LOCAUX DU MINIST\u00c8RE DU COMMERCE"}]},{"@type":"WebSite","@id":"https:\/\/meteocameroon.gov.cm\/#website","url":"https:\/\/meteocameroon.gov.cm\/","name":"M\u00e9t\u00e9orologie Nationale du Cameroun","description":"La m\u00e9t\u00e9o un outils pour le d\u00e9veloppement","publisher":{"@id":"https:\/\/meteocameroon.gov.cm\/#organization"},"potentialAction":[{"@type":"SearchAction","target":{"@type":"EntryPoint","urlTemplate":"https:\/\/meteocameroon.gov.cm\/?s={search_term_string}"},"query-input":{"@type":"PropertyValueSpecification","valueRequired":true,"valueName":"search_term_string"}}],"inLanguage":"en-US"},{"@type":"Organization","@id":"https:\/\/meteocameroon.gov.cm\/#organization","name":"M\u00e9t\u00e9orologie Nationale du Cameroun","url":"https:\/\/meteocameroon.gov.cm\/","logo":{"@type":"ImageObject","inLanguage":"en-US","@id":"https:\/\/meteocameroon.gov.cm\/#\/schema\/logo\/image\/","url":"https:\/\/meteocameroon.gov.cm\/wp-content\/uploads\/2022\/06\/Artboard-14x-renew.jpg","contentUrl":"https:\/\/meteocameroon.gov.cm\/wp-content\/uploads\/2022\/06\/Artboard-14x-renew.jpg","width":519,"height":504,"caption":"M\u00e9t\u00e9orologie Nationale du Cameroun"},"image":{"@id":"https:\/\/meteocameroon.gov.cm\/#\/schema\/logo\/image\/"}},{"@type":"Person","@id":"https:\/\/meteocameroon.gov.cm\/#\/schema\/person\/eec674ef6778f16387fc93ba6592255e","name":"editor","image":{"@type":"ImageObject","inLanguage":"en-US","@id":"https:\/\/meteocameroon.gov.cm\/#\/schema\/person\/image\/","url":"https:\/\/secure.gravatar.com\/avatar\/6ab3f1d1eba55d824bf16a34121c680962dc628f8026f85097af88e04b1737ef?s=96&d=mm&r=g","contentUrl":"https:\/\/secure.gravatar.com\/avatar\/6ab3f1d1eba55d824bf16a34121c680962dc628f8026f85097af88e04b1737ef?s=96&d=mm&r=g","caption":"editor"},"url":"https:\/\/meteocameroon.gov.cm\/en\/author\/editor\/"}]}},"rttpg_featured_image_url":{"full":["https:\/\/meteocameroon.gov.cm\/wp-content\/uploads\/2026\/01\/WhatsApp-Image-2025-05-24-at-10.11.45-PM.jpeg",1024,768,false],"landscape":["https:\/\/meteocameroon.gov.cm\/wp-content\/uploads\/2026\/01\/WhatsApp-Image-2025-05-24-at-10.11.45-PM.jpeg",1024,768,false],"portraits":["https:\/\/meteocameroon.gov.cm\/wp-content\/uploads\/2026\/01\/WhatsApp-Image-2025-05-24-at-10.11.45-PM.jpeg",1024,768,false],"thumbnail":["https:\/\/meteocameroon.gov.cm\/wp-content\/uploads\/2026\/01\/WhatsApp-Image-2025-05-24-at-10.11.45-PM-150x150.jpeg",150,150,true],"medium":["https:\/\/meteocameroon.gov.cm\/wp-content\/uploads\/2026\/01\/WhatsApp-Image-2025-05-24-at-10.11.45-PM-300x225.jpeg",300,225,true],"large":["https:\/\/meteocameroon.gov.cm\/wp-content\/uploads\/2026\/01\/WhatsApp-Image-2025-05-24-at-10.11.45-PM.jpeg",640,480,false],"1536x1536":["https:\/\/meteocameroon.gov.cm\/wp-content\/uploads\/2026\/01\/WhatsApp-Image-2025-05-24-at-10.11.45-PM.jpeg",1024,768,false],"2048x2048":["https:\/\/meteocameroon.gov.cm\/wp-content\/uploads\/2026\/01\/WhatsApp-Image-2025-05-24-at-10.11.45-PM.jpeg",1024,768,false],"trp-custom-language-flag":["https:\/\/meteocameroon.gov.cm\/wp-content\/uploads\/2026\/01\/WhatsApp-Image-2025-05-24-at-10.11.45-PM-16x12.jpeg",16,12,true],"binit-portfolio":["https:\/\/meteocameroon.gov.cm\/wp-content\/uploads\/2026\/01\/WhatsApp-Image-2025-05-24-at-10.11.45-PM-600x700.jpeg",600,700,true],"binit-portfolio-vertical":["https:\/\/meteocameroon.gov.cm\/wp-content\/uploads\/2026\/01\/WhatsApp-Image-2025-05-24-at-10.11.45-PM-380x564.jpeg",380,564,true],"binit-blog":["https:\/\/meteocameroon.gov.cm\/wp-content\/uploads\/2026\/01\/WhatsApp-Image-2025-05-24-at-10.11.45-PM-600x420.jpeg",600,420,true],"binit-team":["https:\/\/meteocameroon.gov.cm\/wp-content\/uploads\/2026\/01\/WhatsApp-Image-2025-05-24-at-10.11.45-PM-600x645.jpeg",600,645,true],"binit-product":["https:\/\/meteocameroon.gov.cm\/wp-content\/uploads\/2026\/01\/WhatsApp-Image-2025-05-24-at-10.11.45-PM-360x440.jpeg",360,440,true],"binit-event":["https:\/\/meteocameroon.gov.cm\/wp-content\/uploads\/2026\/01\/WhatsApp-Image-2025-05-24-at-10.11.45-PM-420x630.jpeg",420,630,true]},"rttpg_author":{"display_name":"editor","author_link":"https:\/\/meteocameroon.gov.cm\/en\/author\/editor\/"},"rttpg_comment":0,"rttpg_category":"<a href=\"https:\/\/meteocameroon.gov.cm\/en\/category\/actualite\/\" rel=\"category tag\">Actualit\u00e9<\/a> <a href=\"https:\/\/meteocameroon.gov.cm\/en\/category\/information\/\" rel=\"category tag\">Information<\/a>","rttpg_excerpt":"Le vendredi 23 Mai 2025, une \u00e9quipe de la Direction de la M\u00e9t\u00e9orologie Nationale (DMN) du minist\u00e8re des transports (MINT), conduite par leur Directeur ont proc\u00e9d\u00e9 \u00e0 une visite du [&hellip;]","_links":{"self":[{"href":"https:\/\/meteocameroon.gov.cm\/en\/wp-json\/wp\/v2\/posts\/4635","targetHints":{"allow":["GET"]}}],"collection":[{"href":"https:\/\/meteocameroon.gov.cm\/en\/wp-json\/wp\/v2\/posts"}],"about":[{"href":"https:\/\/meteocameroon.gov.cm\/en\/wp-json\/wp\/v2\/types\/post"}],"author":[{"embeddable":true,"href":"https:\/\/meteocameroon.gov.cm\/en\/wp-json\/wp\/v2\/users\/30"}],"replies":[{"embeddable":true,"href":"https:\/\/meteocameroon.gov.cm\/en\/wp-json\/wp\/v2\/comments?post=4635"}],"version-history":[{"count":1,"href":"https:\/\/meteocameroon.gov.cm\/en\/wp-json\/wp\/v2\/posts\/4635\/revisions"}],"predecessor-version":[{"id":4637,"href":"https:\/\/meteocameroon.gov.cm\/en\/wp-json\/wp\/v2\/posts\/4635\/revisions\/4637"}],"wp:featuredmedia":[{"embeddable":true,"href":"https:\/\/meteocameroon.gov.cm\/en\/wp-json\/wp\/v2\/media\/4636"}],"wp:attachment":[{"href":"https:\/\/meteocameroon.gov.cm\/en\/wp-json\/wp\/v2\/media?parent=4635"}],"wp:term":[{"taxonomy":"category","embeddable":true,"href":"https:\/\/meteocameroon.gov.cm\/en\/wp-json\/wp\/v2\/categories?post=4635"},{"taxonomy":"post_tag","embeddable":true,"href":"https:\/\/meteocameroon.gov.cm\/en\/wp-json\/wp\/v2\/tags?post=4635"}],"curies":[{"name":"wp","href":"https:\/\/api.w.org\/{rel}","templated":true}]}}