{"id":4640,"date":"2025-04-25T10:38:06","date_gmt":"2025-04-25T09:38:06","guid":{"rendered":"https:\/\/meteocameroon.gov.cm\/?p=4640"},"modified":"2026-01-20T11:01:24","modified_gmt":"2026-01-20T10:01:24","slug":"renforcement-des-capacites-du-personnel-de-la-cdc-premiere-session-de-formation-organisee-a-limbe","status":"publish","type":"post","link":"https:\/\/meteocameroon.gov.cm\/en\/renforcement-des-capacites-du-personnel-de-la-cdc-premiere-session-de-formation-organisee-a-limbe\/","title":{"rendered":"Renforcement des capacit\u00e9s du personnel de la CDC : Premi\u00e8re session de formation organis\u00e9e \u00e0 Limb\u00e9"},"content":{"rendered":"<p>Dans le cadre de la mise en \u0153uvre de l\u2019accord de collaboration sign\u00e9 entre le <strong>Minist\u00e8re des Transports (MINT)<\/strong> et la <strong>Cameroon Development Corporation (CDC)<\/strong>, une premi\u00e8re session de formation destin\u00e9e au personnel de la CDC s\u2019est tenue du <strong>22<\/strong> au <strong>24<\/strong> <strong>avril 2025,<\/strong> dans la ville de <strong>Limb\u00e9<\/strong>.<\/p>\n<p>La formation, organis\u00e9e par la <em>Direction de la M\u00e9t\u00e9orologie Nationale (DMN)<\/em>, a connu la participation du Directeur de la M\u00e9t\u00e9orologie Nationale ainsi que de trois formateurs sp\u00e9cialis\u00e9s de la DMN. Elle avait pour principal objectif de renforcer les connaissances et les comp\u00e9tences de base du personnel de la CDC sur les techniques de collecte et de traitement des donn\u00e9es m\u00e9t\u00e9orologiques, dans un contexte de plus en plus influenc\u00e9 par les effets du changement climatique.<\/p>\n<p>Dans le prolongement de cette session th\u00e9orique, une visite technique a \u00e9t\u00e9 organis\u00e9e \u00e0 la station m\u00e9t\u00e9orologique de Tiko. Cette descente sur le terrain a permis aux participants de se familiariser avec les m\u00e9thodes actuellement utilis\u00e9es par le personnel des stations de la DMN pour la collecte et l\u2019enregistrement des donn\u00e9es m\u00e9t\u00e9orologiques. Les \u00e9changes interactifs ont \u00e9t\u00e9 particuli\u00e8rement b\u00e9n\u00e9fiques pour les responsables du r\u00e9seau de collecte de donn\u00e9es m\u00e9t\u00e9orologiques de la CDC, qui ont pu mieux appr\u00e9hender le fonctionnement d\u2019une station m\u00e9t\u00e9orologique automatique.<\/p>\n<p>\u00c0 l\u2019issue de la formation, les repr\u00e9sentants de la CDC ont exprim\u00e9 leur satisfaction face \u00e0 l\u2019engagement du MINT \u00e0 accompagner l\u2019entreprise agro-industrielle dans l\u2019am\u00e9lioration de sa production, en int\u00e9grant des donn\u00e9es m\u00e9t\u00e9orologiques pr\u00e9cises et fiables dans ses processus.<\/p>\n<p>Enfin, les deux parties ont convenu de poursuivre la collaboration \u00e0 travers la modernisation et la densification du r\u00e9seau de collecte m\u00e9t\u00e9orologique de la CDC, afin de mieux anticiper les risques climatiques et renforcer la r\u00e9silience de la production agricole.<\/p>\n<p><img loading=\"lazy\" decoding=\"async\" class=\"wp-image-4317 alignnone\" src=\"https:\/\/meteoold.meteocameroon.gov.cm\/wp-content\/uploads\/2025\/04\/WhatsApp-Image-2025-04-24-at-10.33.44-PM.jpeg\" alt=\"\" width=\"1011\" height=\"1348\" \/><\/p>\n<p><img loading=\"lazy\" decoding=\"async\" class=\"wp-image-4316 aligncenter\" src=\"https:\/\/meteoold.meteocameroon.gov.cm\/wp-content\/uploads\/2025\/04\/WhatsApp-Image-2025-04-24-at-10.14.42-PM.jpeg\" alt=\"\" width=\"1057\" height=\"594\" \/><\/p>\n<p><img loading=\"lazy\" decoding=\"async\" class=\"wp-image-4309 alignnone\" src=\"https:\/\/meteoold.meteocameroon.gov.cm\/wp-content\/uploads\/2025\/04\/WhatsApp-Image-2025-04-24-at-10.33.41-PM.jpeg\" alt=\"\" width=\"1035\" height=\"776\" \/> <img loading=\"lazy\" decoding=\"async\" class=\"wp-image-4310 aligncenter\" src=\"https:\/\/meteoold.meteocameroon.gov.cm\/wp-content\/uploads\/2025\/04\/WhatsApp-Image-2025-04-24-at-10.13.56-PM-1.jpeg\" alt=\"\" width=\"1004\" height=\"1338\" \/> <img loading=\"lazy\" decoding=\"async\" class=\"wp-image-4311 aligncenter\" src=\"https:\/\/meteoold.meteocameroon.gov.cm\/wp-content\/uploads\/2025\/04\/WhatsApp-Image-2025-04-24-at-10.13.58-PM.jpeg\" alt=\"\" width=\"1003\" height=\"1337\" \/> <img loading=\"lazy\" decoding=\"async\" class=\"size-full wp-image-4312 alignnone\" src=\"https:\/\/meteoold.meteocameroon.gov.cm\/wp-content\/uploads\/2025\/04\/WhatsApp-Image-2025-04-24-at-10.33.45-PM.jpeg\" alt=\"\" width=\"1080\" height=\"810\" \/> <img loading=\"lazy\" decoding=\"async\" class=\"size-full wp-image-4313 aligncenter\" src=\"https:\/\/meteoold.meteocameroon.gov.cm\/wp-content\/uploads\/2025\/04\/WhatsApp-Image-2025-04-24-at-10.33.50-PM.jpeg\" alt=\"\" width=\"1080\" height=\"810\" \/> <img loading=\"lazy\" decoding=\"async\" class=\"size-full wp-image-4314 aligncenter\" src=\"https:\/\/meteoold.meteocameroon.gov.cm\/wp-content\/uploads\/2025\/04\/WhatsApp-Image-2025-04-24-at-10.13.56-PM.jpeg\" alt=\"\" width=\"1080\" height=\"810\" \/> <img loading=\"lazy\" decoding=\"async\" class=\"size-full wp-image-4315 aligncenter\" src=\"https:\/\/meteoold.meteocameroon.gov.cm\/wp-content\/uploads\/2025\/04\/WhatsApp-Image-2025-04-24-at-10.13.55-PM.jpeg\" alt=\"\" width=\"1080\" height=\"810\" \/><\/p>\n<p>\u270d\ud83c\udffe<em> Source : Direction de la M\u00e9t\u00e9orologie Nationale du Cameroun<\/em><\/p>\n<p>&nbsp;<\/p>\n<p>&nbsp;<\/p>\n<p>&nbsp;<\/p>\n<p>&nbsp;<\/p>","protected":false},"excerpt":{"rendered":"<p>Dans le cadre de la mise en \u0153uvre de l\u2019accord de collaboration sign\u00e9 entre le Minist\u00e8re des Transports (MINT) et la Cameroon Development Corporation (CDC), une premi\u00e8re session de formation [&hellip;]<\/p>","protected":false},"author":30,"featured_media":4642,"comment_status":"open","ping_status":"open","sticky":false,"template":"","format":"standard","meta":{"footnotes":""},"categories":[18,1],"tags":[],"class_list":["post-4640","post","type-post","status-publish","format-standard","has-post-thumbnail","hentry","category-actualite","category-information"],"yoast_head":"<!-- This site is optimized with the Yoast SEO plugin v26.8 - https:\/\/yoast.com\/product\/yoast-seo-wordpress\/ -->\n<title>Renforcement des capacit\u00e9s du personnel de la CDC : Premi\u00e8re session de formation organis\u00e9e \u00e0 Limb\u00e9 - M\u00e9t\u00e9orologie Nationale du Cameroun<\/title>\n<meta name=\"robots\" content=\"index, follow, max-snippet:-1, max-image-preview:large, max-video-preview:-1\" \/>\n<link rel=\"canonical\" href=\"https:\/\/meteocameroon.gov.cm\/en\/renforcement-des-capacites-du-personnel-de-la-cdc-premiere-session-de-formation-organisee-a-limbe\/\" \/>\n<meta property=\"og:locale\" content=\"en_US\" \/>\n<meta property=\"og:type\" content=\"article\" \/>\n<meta property=\"og:title\" content=\"Renforcement des capacit\u00e9s du personnel de la CDC : Premi\u00e8re session de formation organis\u00e9e \u00e0 Limb\u00e9 - M\u00e9t\u00e9orologie Nationale du Cameroun\" \/>\n<meta property=\"og:description\" content=\"Dans le cadre de la mise en \u0153uvre de l\u2019accord de collaboration sign\u00e9 entre le Minist\u00e8re des Transports (MINT) et la Cameroon Development Corporation (CDC), une premi\u00e8re session de formation [&hellip;]\" \/>\n<meta property=\"og:url\" content=\"https:\/\/meteocameroon.gov.cm\/en\/renforcement-des-capacites-du-personnel-de-la-cdc-premiere-session-de-formation-organisee-a-limbe\/\" \/>\n<meta property=\"og:site_name\" content=\"M\u00e9t\u00e9orologie Nationale du Cameroun\" \/>\n<meta property=\"article:published_time\" content=\"2025-04-25T09:38:06+00:00\" \/>\n<meta property=\"article:modified_time\" content=\"2026-01-20T10:01:24+00:00\" \/>\n<meta property=\"og:image\" content=\"https:\/\/meteocameroon.gov.cm\/wp-content\/uploads\/2026\/01\/WhatsApp-Image-2025-04-24-at-10.13.54-PM-1024x768-1.jpeg\" \/>\n\t<meta property=\"og:image:width\" content=\"1024\" \/>\n\t<meta property=\"og:image:height\" content=\"768\" \/>\n\t<meta property=\"og:image:type\" content=\"image\/jpeg\" \/>\n<meta name=\"author\" content=\"editor\" \/>\n<meta name=\"twitter:card\" content=\"summary_large_image\" \/>\n<meta name=\"twitter:label1\" content=\"Written by\" \/>\n\t<meta name=\"twitter:data1\" content=\"editor\" \/>\n\t<meta name=\"twitter:label2\" content=\"Est. reading time\" \/>\n\t<meta name=\"twitter:data2\" content=\"4 minutes\" \/>\n<script type=\"application\/ld+json\" class=\"yoast-schema-graph\">{\"@context\":\"https:\/\/schema.org\",\"@graph\":[{\"@type\":\"Article\",\"@id\":\"https:\/\/meteocameroon.gov.cm\/renforcement-des-capacites-du-personnel-de-la-cdc-premiere-session-de-formation-organisee-a-limbe\/#article\",\"isPartOf\":{\"@id\":\"https:\/\/meteocameroon.gov.cm\/renforcement-des-capacites-du-personnel-de-la-cdc-premiere-session-de-formation-organisee-a-limbe\/\"},\"author\":{\"name\":\"editor\",\"@id\":\"https:\/\/meteocameroon.gov.cm\/#\/schema\/person\/eec674ef6778f16387fc93ba6592255e\"},\"headline\":\"Renforcement des capacit\u00e9s du personnel de la CDC : Premi\u00e8re session de formation organis\u00e9e \u00e0 Limb\u00e9\",\"datePublished\":\"2025-04-25T09:38:06+00:00\",\"dateModified\":\"2026-01-20T10:01:24+00:00\",\"mainEntityOfPage\":{\"@id\":\"https:\/\/meteocameroon.gov.cm\/renforcement-des-capacites-du-personnel-de-la-cdc-premiere-session-de-formation-organisee-a-limbe\/\"},\"wordCount\":360,\"commentCount\":0,\"publisher\":{\"@id\":\"https:\/\/meteocameroon.gov.cm\/#organization\"},\"image\":{\"@id\":\"https:\/\/meteocameroon.gov.cm\/renforcement-des-capacites-du-personnel-de-la-cdc-premiere-session-de-formation-organisee-a-limbe\/#primaryimage\"},\"thumbnailUrl\":\"https:\/\/meteocameroon.gov.cm\/wp-content\/uploads\/2026\/01\/WhatsApp-Image-2025-04-24-at-10.13.54-PM-1024x768-1.jpeg\",\"articleSection\":[\"Actualit\u00e9\",\"Information\"],\"inLanguage\":\"en-US\",\"potentialAction\":[{\"@type\":\"CommentAction\",\"name\":\"Comment\",\"target\":[\"https:\/\/meteocameroon.gov.cm\/renforcement-des-capacites-du-personnel-de-la-cdc-premiere-session-de-formation-organisee-a-limbe\/#respond\"]}]},{\"@type\":\"WebPage\",\"@id\":\"https:\/\/meteocameroon.gov.cm\/renforcement-des-capacites-du-personnel-de-la-cdc-premiere-session-de-formation-organisee-a-limbe\/\",\"url\":\"https:\/\/meteocameroon.gov.cm\/renforcement-des-capacites-du-personnel-de-la-cdc-premiere-session-de-formation-organisee-a-limbe\/\",\"name\":\"Renforcement des capacit\u00e9s du personnel de la CDC : Premi\u00e8re session de formation organis\u00e9e \u00e0 Limb\u00e9 - M\u00e9t\u00e9orologie Nationale du Cameroun\",\"isPartOf\":{\"@id\":\"https:\/\/meteocameroon.gov.cm\/#website\"},\"primaryImageOfPage\":{\"@id\":\"https:\/\/meteocameroon.gov.cm\/renforcement-des-capacites-du-personnel-de-la-cdc-premiere-session-de-formation-organisee-a-limbe\/#primaryimage\"},\"image\":{\"@id\":\"https:\/\/meteocameroon.gov.cm\/renforcement-des-capacites-du-personnel-de-la-cdc-premiere-session-de-formation-organisee-a-limbe\/#primaryimage\"},\"thumbnailUrl\":\"https:\/\/meteocameroon.gov.cm\/wp-content\/uploads\/2026\/01\/WhatsApp-Image-2025-04-24-at-10.13.54-PM-1024x768-1.jpeg\",\"datePublished\":\"2025-04-25T09:38:06+00:00\",\"dateModified\":\"2026-01-20T10:01:24+00:00\",\"breadcrumb\":{\"@id\":\"https:\/\/meteocameroon.gov.cm\/renforcement-des-capacites-du-personnel-de-la-cdc-premiere-session-de-formation-organisee-a-limbe\/#breadcrumb\"},\"inLanguage\":\"en-US\",\"potentialAction\":[{\"@type\":\"ReadAction\",\"target\":[\"https:\/\/meteocameroon.gov.cm\/renforcement-des-capacites-du-personnel-de-la-cdc-premiere-session-de-formation-organisee-a-limbe\/\"]}]},{\"@type\":\"ImageObject\",\"inLanguage\":\"en-US\",\"@id\":\"https:\/\/meteocameroon.gov.cm\/renforcement-des-capacites-du-personnel-de-la-cdc-premiere-session-de-formation-organisee-a-limbe\/#primaryimage\",\"url\":\"https:\/\/meteocameroon.gov.cm\/wp-content\/uploads\/2026\/01\/WhatsApp-Image-2025-04-24-at-10.13.54-PM-1024x768-1.jpeg\",\"contentUrl\":\"https:\/\/meteocameroon.gov.cm\/wp-content\/uploads\/2026\/01\/WhatsApp-Image-2025-04-24-at-10.13.54-PM-1024x768-1.jpeg\",\"width\":1024,\"height\":768},{\"@type\":\"BreadcrumbList\",\"@id\":\"https:\/\/meteocameroon.gov.cm\/renforcement-des-capacites-du-personnel-de-la-cdc-premiere-session-de-formation-organisee-a-limbe\/#breadcrumb\",\"itemListElement\":[{\"@type\":\"ListItem\",\"position\":1,\"name\":\"Accueil\",\"item\":\"https:\/\/meteocameroon.gov.cm\/\"},{\"@type\":\"ListItem\",\"position\":2,\"name\":\"Renforcement des capacit\u00e9s du personnel de la CDC : Premi\u00e8re session de formation organis\u00e9e \u00e0 Limb\u00e9\"}]},{\"@type\":\"WebSite\",\"@id\":\"https:\/\/meteocameroon.gov.cm\/#website\",\"url\":\"https:\/\/meteocameroon.gov.cm\/\",\"name\":\"M\u00e9t\u00e9orologie Nationale du Cameroun\",\"description\":\"La m\u00e9t\u00e9o un outils pour le d\u00e9veloppement\",\"publisher\":{\"@id\":\"https:\/\/meteocameroon.gov.cm\/#organization\"},\"potentialAction\":[{\"@type\":\"SearchAction\",\"target\":{\"@type\":\"EntryPoint\",\"urlTemplate\":\"https:\/\/meteocameroon.gov.cm\/?s={search_term_string}\"},\"query-input\":{\"@type\":\"PropertyValueSpecification\",\"valueRequired\":true,\"valueName\":\"search_term_string\"}}],\"inLanguage\":\"en-US\"},{\"@type\":\"Organization\",\"@id\":\"https:\/\/meteocameroon.gov.cm\/#organization\",\"name\":\"M\u00e9t\u00e9orologie Nationale du Cameroun\",\"url\":\"https:\/\/meteocameroon.gov.cm\/\",\"logo\":{\"@type\":\"ImageObject\",\"inLanguage\":\"en-US\",\"@id\":\"https:\/\/meteocameroon.gov.cm\/#\/schema\/logo\/image\/\",\"url\":\"https:\/\/meteocameroon.gov.cm\/wp-content\/uploads\/2022\/06\/Artboard-14x-renew.jpg\",\"contentUrl\":\"https:\/\/meteocameroon.gov.cm\/wp-content\/uploads\/2022\/06\/Artboard-14x-renew.jpg\",\"width\":519,\"height\":504,\"caption\":\"M\u00e9t\u00e9orologie Nationale du Cameroun\"},\"image\":{\"@id\":\"https:\/\/meteocameroon.gov.cm\/#\/schema\/logo\/image\/\"}},{\"@type\":\"Person\",\"@id\":\"https:\/\/meteocameroon.gov.cm\/#\/schema\/person\/eec674ef6778f16387fc93ba6592255e\",\"name\":\"editor\",\"image\":{\"@type\":\"ImageObject\",\"inLanguage\":\"en-US\",\"@id\":\"https:\/\/meteocameroon.gov.cm\/#\/schema\/person\/image\/\",\"url\":\"https:\/\/secure.gravatar.com\/avatar\/6ab3f1d1eba55d824bf16a34121c680962dc628f8026f85097af88e04b1737ef?s=96&d=mm&r=g\",\"contentUrl\":\"https:\/\/secure.gravatar.com\/avatar\/6ab3f1d1eba55d824bf16a34121c680962dc628f8026f85097af88e04b1737ef?s=96&d=mm&r=g\",\"caption\":\"editor\"},\"url\":\"https:\/\/meteocameroon.gov.cm\/en\/author\/editor\/\"}]}<\/script>\n<!-- \/ Yoast SEO plugin. -->","yoast_head_json":{"title":"Renforcement des capacit\u00e9s du personnel de la CDC : Premi\u00e8re session de formation organis\u00e9e \u00e0 Limb\u00e9 - M\u00e9t\u00e9orologie Nationale du Cameroun","robots":{"index":"index","follow":"follow","max-snippet":"max-snippet:-1","max-image-preview":"max-image-preview:large","max-video-preview":"max-video-preview:-1"},"canonical":"https:\/\/meteocameroon.gov.cm\/en\/renforcement-des-capacites-du-personnel-de-la-cdc-premiere-session-de-formation-organisee-a-limbe\/","og_locale":"en_US","og_type":"article","og_title":"Renforcement des capacit\u00e9s du personnel de la CDC : Premi\u00e8re session de formation organis\u00e9e \u00e0 Limb\u00e9 - M\u00e9t\u00e9orologie Nationale du Cameroun","og_description":"Dans le cadre de la mise en \u0153uvre de l\u2019accord de collaboration sign\u00e9 entre le Minist\u00e8re des Transports (MINT) et la Cameroon Development Corporation (CDC), une premi\u00e8re session de formation [&hellip;]","og_url":"https:\/\/meteocameroon.gov.cm\/en\/renforcement-des-capacites-du-personnel-de-la-cdc-premiere-session-de-formation-organisee-a-limbe\/","og_site_name":"M\u00e9t\u00e9orologie Nationale du Cameroun","article_published_time":"2025-04-25T09:38:06+00:00","article_modified_time":"2026-01-20T10:01:24+00:00","og_image":[{"width":1024,"height":768,"url":"https:\/\/meteocameroon.gov.cm\/wp-content\/uploads\/2026\/01\/WhatsApp-Image-2025-04-24-at-10.13.54-PM-1024x768-1.jpeg","type":"image\/jpeg"}],"author":"editor","twitter_card":"summary_large_image","twitter_misc":{"Written by":"editor","Est. reading time":"4 minutes"},"schema":{"@context":"https:\/\/schema.org","@graph":[{"@type":"Article","@id":"https:\/\/meteocameroon.gov.cm\/renforcement-des-capacites-du-personnel-de-la-cdc-premiere-session-de-formation-organisee-a-limbe\/#article","isPartOf":{"@id":"https:\/\/meteocameroon.gov.cm\/renforcement-des-capacites-du-personnel-de-la-cdc-premiere-session-de-formation-organisee-a-limbe\/"},"author":{"name":"editor","@id":"https:\/\/meteocameroon.gov.cm\/#\/schema\/person\/eec674ef6778f16387fc93ba6592255e"},"headline":"Renforcement des capacit\u00e9s du personnel de la CDC : Premi\u00e8re session de formation organis\u00e9e \u00e0 Limb\u00e9","datePublished":"2025-04-25T09:38:06+00:00","dateModified":"2026-01-20T10:01:24+00:00","mainEntityOfPage":{"@id":"https:\/\/meteocameroon.gov.cm\/renforcement-des-capacites-du-personnel-de-la-cdc-premiere-session-de-formation-organisee-a-limbe\/"},"wordCount":360,"commentCount":0,"publisher":{"@id":"https:\/\/meteocameroon.gov.cm\/#organization"},"image":{"@id":"https:\/\/meteocameroon.gov.cm\/renforcement-des-capacites-du-personnel-de-la-cdc-premiere-session-de-formation-organisee-a-limbe\/#primaryimage"},"thumbnailUrl":"https:\/\/meteocameroon.gov.cm\/wp-content\/uploads\/2026\/01\/WhatsApp-Image-2025-04-24-at-10.13.54-PM-1024x768-1.jpeg","articleSection":["Actualit\u00e9","Information"],"inLanguage":"en-US","potentialAction":[{"@type":"CommentAction","name":"Comment","target":["https:\/\/meteocameroon.gov.cm\/renforcement-des-capacites-du-personnel-de-la-cdc-premiere-session-de-formation-organisee-a-limbe\/#respond"]}]},{"@type":"WebPage","@id":"https:\/\/meteocameroon.gov.cm\/renforcement-des-capacites-du-personnel-de-la-cdc-premiere-session-de-formation-organisee-a-limbe\/","url":"https:\/\/meteocameroon.gov.cm\/renforcement-des-capacites-du-personnel-de-la-cdc-premiere-session-de-formation-organisee-a-limbe\/","name":"Renforcement des capacit\u00e9s du personnel de la CDC : Premi\u00e8re session de formation organis\u00e9e \u00e0 Limb\u00e9 - M\u00e9t\u00e9orologie Nationale du Cameroun","isPartOf":{"@id":"https:\/\/meteocameroon.gov.cm\/#website"},"primaryImageOfPage":{"@id":"https:\/\/meteocameroon.gov.cm\/renforcement-des-capacites-du-personnel-de-la-cdc-premiere-session-de-formation-organisee-a-limbe\/#primaryimage"},"image":{"@id":"https:\/\/meteocameroon.gov.cm\/renforcement-des-capacites-du-personnel-de-la-cdc-premiere-session-de-formation-organisee-a-limbe\/#primaryimage"},"thumbnailUrl":"https:\/\/meteocameroon.gov.cm\/wp-content\/uploads\/2026\/01\/WhatsApp-Image-2025-04-24-at-10.13.54-PM-1024x768-1.jpeg","datePublished":"2025-04-25T09:38:06+00:00","dateModified":"2026-01-20T10:01:24+00:00","breadcrumb":{"@id":"https:\/\/meteocameroon.gov.cm\/renforcement-des-capacites-du-personnel-de-la-cdc-premiere-session-de-formation-organisee-a-limbe\/#breadcrumb"},"inLanguage":"en-US","potentialAction":[{"@type":"ReadAction","target":["https:\/\/meteocameroon.gov.cm\/renforcement-des-capacites-du-personnel-de-la-cdc-premiere-session-de-formation-organisee-a-limbe\/"]}]},{"@type":"ImageObject","inLanguage":"en-US","@id":"https:\/\/meteocameroon.gov.cm\/renforcement-des-capacites-du-personnel-de-la-cdc-premiere-session-de-formation-organisee-a-limbe\/#primaryimage","url":"https:\/\/meteocameroon.gov.cm\/wp-content\/uploads\/2026\/01\/WhatsApp-Image-2025-04-24-at-10.13.54-PM-1024x768-1.jpeg","contentUrl":"https:\/\/meteocameroon.gov.cm\/wp-content\/uploads\/2026\/01\/WhatsApp-Image-2025-04-24-at-10.13.54-PM-1024x768-1.jpeg","width":1024,"height":768},{"@type":"BreadcrumbList","@id":"https:\/\/meteocameroon.gov.cm\/renforcement-des-capacites-du-personnel-de-la-cdc-premiere-session-de-formation-organisee-a-limbe\/#breadcrumb","itemListElement":[{"@type":"ListItem","position":1,"name":"Accueil","item":"https:\/\/meteocameroon.gov.cm\/"},{"@type":"ListItem","position":2,"name":"Renforcement des capacit\u00e9s du personnel de la CDC : Premi\u00e8re session de formation organis\u00e9e \u00e0 Limb\u00e9"}]},{"@type":"WebSite","@id":"https:\/\/meteocameroon.gov.cm\/#website","url":"https:\/\/meteocameroon.gov.cm\/","name":"M\u00e9t\u00e9orologie Nationale du Cameroun","description":"La m\u00e9t\u00e9o un outils pour le d\u00e9veloppement","publisher":{"@id":"https:\/\/meteocameroon.gov.cm\/#organization"},"potentialAction":[{"@type":"SearchAction","target":{"@type":"EntryPoint","urlTemplate":"https:\/\/meteocameroon.gov.cm\/?s={search_term_string}"},"query-input":{"@type":"PropertyValueSpecification","valueRequired":true,"valueName":"search_term_string"}}],"inLanguage":"en-US"},{"@type":"Organization","@id":"https:\/\/meteocameroon.gov.cm\/#organization","name":"M\u00e9t\u00e9orologie Nationale du Cameroun","url":"https:\/\/meteocameroon.gov.cm\/","logo":{"@type":"ImageObject","inLanguage":"en-US","@id":"https:\/\/meteocameroon.gov.cm\/#\/schema\/logo\/image\/","url":"https:\/\/meteocameroon.gov.cm\/wp-content\/uploads\/2022\/06\/Artboard-14x-renew.jpg","contentUrl":"https:\/\/meteocameroon.gov.cm\/wp-content\/uploads\/2022\/06\/Artboard-14x-renew.jpg","width":519,"height":504,"caption":"M\u00e9t\u00e9orologie Nationale du Cameroun"},"image":{"@id":"https:\/\/meteocameroon.gov.cm\/#\/schema\/logo\/image\/"}},{"@type":"Person","@id":"https:\/\/meteocameroon.gov.cm\/#\/schema\/person\/eec674ef6778f16387fc93ba6592255e","name":"editor","image":{"@type":"ImageObject","inLanguage":"en-US","@id":"https:\/\/meteocameroon.gov.cm\/#\/schema\/person\/image\/","url":"https:\/\/secure.gravatar.com\/avatar\/6ab3f1d1eba55d824bf16a34121c680962dc628f8026f85097af88e04b1737ef?s=96&d=mm&r=g","contentUrl":"https:\/\/secure.gravatar.com\/avatar\/6ab3f1d1eba55d824bf16a34121c680962dc628f8026f85097af88e04b1737ef?s=96&d=mm&r=g","caption":"editor"},"url":"https:\/\/meteocameroon.gov.cm\/en\/author\/editor\/"}]}},"rttpg_featured_image_url":{"full":["https:\/\/meteocameroon.gov.cm\/wp-content\/uploads\/2026\/01\/WhatsApp-Image-2025-04-24-at-10.13.54-PM-1024x768-1.jpeg",1024,768,false],"landscape":["https:\/\/meteocameroon.gov.cm\/wp-content\/uploads\/2026\/01\/WhatsApp-Image-2025-04-24-at-10.13.54-PM-1024x768-1.jpeg",1024,768,false],"portraits":["https:\/\/meteocameroon.gov.cm\/wp-content\/uploads\/2026\/01\/WhatsApp-Image-2025-04-24-at-10.13.54-PM-1024x768-1.jpeg",1024,768,false],"thumbnail":["https:\/\/meteocameroon.gov.cm\/wp-content\/uploads\/2026\/01\/WhatsApp-Image-2025-04-24-at-10.13.54-PM-1024x768-1-150x150.jpeg",150,150,true],"medium":["https:\/\/meteocameroon.gov.cm\/wp-content\/uploads\/2026\/01\/WhatsApp-Image-2025-04-24-at-10.13.54-PM-1024x768-1-300x225.jpeg",300,225,true],"large":["https:\/\/meteocameroon.gov.cm\/wp-content\/uploads\/2026\/01\/WhatsApp-Image-2025-04-24-at-10.13.54-PM-1024x768-1.jpeg",640,480,false],"1536x1536":["https:\/\/meteocameroon.gov.cm\/wp-content\/uploads\/2026\/01\/WhatsApp-Image-2025-04-24-at-10.13.54-PM-1024x768-1.jpeg",1024,768,false],"2048x2048":["https:\/\/meteocameroon.gov.cm\/wp-content\/uploads\/2026\/01\/WhatsApp-Image-2025-04-24-at-10.13.54-PM-1024x768-1.jpeg",1024,768,false],"trp-custom-language-flag":["https:\/\/meteocameroon.gov.cm\/wp-content\/uploads\/2026\/01\/WhatsApp-Image-2025-04-24-at-10.13.54-PM-1024x768-1-16x12.jpeg",16,12,true],"binit-portfolio":["https:\/\/meteocameroon.gov.cm\/wp-content\/uploads\/2026\/01\/WhatsApp-Image-2025-04-24-at-10.13.54-PM-1024x768-1-600x700.jpeg",600,700,true],"binit-portfolio-vertical":["https:\/\/meteocameroon.gov.cm\/wp-content\/uploads\/2026\/01\/WhatsApp-Image-2025-04-24-at-10.13.54-PM-1024x768-1-380x564.jpeg",380,564,true],"binit-blog":["https:\/\/meteocameroon.gov.cm\/wp-content\/uploads\/2026\/01\/WhatsApp-Image-2025-04-24-at-10.13.54-PM-1024x768-1-600x420.jpeg",600,420,true],"binit-team":["https:\/\/meteocameroon.gov.cm\/wp-content\/uploads\/2026\/01\/WhatsApp-Image-2025-04-24-at-10.13.54-PM-1024x768-1-600x645.jpeg",600,645,true],"binit-product":["https:\/\/meteocameroon.gov.cm\/wp-content\/uploads\/2026\/01\/WhatsApp-Image-2025-04-24-at-10.13.54-PM-1024x768-1-360x440.jpeg",360,440,true],"binit-event":["https:\/\/meteocameroon.gov.cm\/wp-content\/uploads\/2026\/01\/WhatsApp-Image-2025-04-24-at-10.13.54-PM-1024x768-1-420x630.jpeg",420,630,true]},"rttpg_author":{"display_name":"editor","author_link":"https:\/\/meteocameroon.gov.cm\/en\/author\/editor\/"},"rttpg_comment":0,"rttpg_category":"<a href=\"https:\/\/meteocameroon.gov.cm\/en\/category\/actualite\/\" rel=\"category tag\">Actualit\u00e9<\/a> <a href=\"https:\/\/meteocameroon.gov.cm\/en\/category\/information\/\" rel=\"category tag\">Information<\/a>","rttpg_excerpt":"Dans le cadre de la mise en \u0153uvre de l\u2019accord de collaboration sign\u00e9 entre le Minist\u00e8re des Transports (MINT) et la Cameroon Development Corporation (CDC), une premi\u00e8re session de formation [&hellip;]","_links":{"self":[{"href":"https:\/\/meteocameroon.gov.cm\/en\/wp-json\/wp\/v2\/posts\/4640","targetHints":{"allow":["GET"]}}],"collection":[{"href":"https:\/\/meteocameroon.gov.cm\/en\/wp-json\/wp\/v2\/posts"}],"about":[{"href":"https:\/\/meteocameroon.gov.cm\/en\/wp-json\/wp\/v2\/types\/post"}],"author":[{"embeddable":true,"href":"https:\/\/meteocameroon.gov.cm\/en\/wp-json\/wp\/v2\/users\/30"}],"replies":[{"embeddable":true,"href":"https:\/\/meteocameroon.gov.cm\/en\/wp-json\/wp\/v2\/comments?post=4640"}],"version-history":[{"count":1,"href":"https:\/\/meteocameroon.gov.cm\/en\/wp-json\/wp\/v2\/posts\/4640\/revisions"}],"predecessor-version":[{"id":4644,"href":"https:\/\/meteocameroon.gov.cm\/en\/wp-json\/wp\/v2\/posts\/4640\/revisions\/4644"}],"wp:featuredmedia":[{"embeddable":true,"href":"https:\/\/meteocameroon.gov.cm\/en\/wp-json\/wp\/v2\/media\/4642"}],"wp:attachment":[{"href":"https:\/\/meteocameroon.gov.cm\/en\/wp-json\/wp\/v2\/media?parent=4640"}],"wp:term":[{"taxonomy":"category","embeddable":true,"href":"https:\/\/meteocameroon.gov.cm\/en\/wp-json\/wp\/v2\/categories?post=4640"},{"taxonomy":"post_tag","embeddable":true,"href":"https:\/\/meteocameroon.gov.cm\/en\/wp-json\/wp\/v2\/tags?post=4640"}],"curies":[{"name":"wp","href":"https:\/\/api.w.org\/{rel}","templated":true}]}}