{"id":4645,"date":"2025-04-14T20:02:59","date_gmt":"2025-04-14T19:02:59","guid":{"rendered":"https:\/\/meteocameroon.gov.cm\/?p=4645"},"modified":"2026-01-20T11:00:23","modified_gmt":"2026-01-20T10:00:23","slug":"inspection-technique-des-equipements-meteorologiques-au-port-autonome-de-douala-pad","status":"publish","type":"post","link":"https:\/\/meteocameroon.gov.cm\/en\/inspection-technique-des-equipements-meteorologiques-au-port-autonome-de-douala-pad\/","title":{"rendered":"Inspection Technique des \u00c9quipements M\u00e9t\u00e9orologiques au Port Autonome de Douala (PAD)"},"content":{"rendered":"<p><strong>Inspection Technique des \u00c9quipements M\u00e9t\u00e9orologiques au Port Autonome de Douala (PAD)<\/strong><\/p>\n<p>Du <strong>10<\/strong> au <strong>11 avril 2025<\/strong>, une \u00e9quipe d\u2019experts de la Direction de la M\u00e9t\u00e9orologie Nationale du Minist\u00e8re des Transports (MINT) a men\u00e9 une mission d\u2019inspection technique au sein du Port Autonome de Douala (PAD).<\/p>\n<p>Cette activit\u00e9 s\u2019inscrit dans le cadre de la mise en \u0153uvre du plan d\u2019action 2024 d\u00e9coulant de la convention cadre de partenariat entre le MINT et le PAD, portant sur l\u2019assistance m\u00e9t\u00e9orologique \u00e0 la s\u00e9curit\u00e9 des transports.<\/p>\n<p>\ud83d\udccc<em><strong> Objectifs de la mission<\/strong> <\/em>:<\/p>\n<p>\u00c9valuer l\u2019\u00e9tat de mise en \u0153uvre des recommandations issues de la pr\u00e9c\u00e9dente visite ;<\/p>\n<p>Proc\u00e9der \u00e0 l\u2019inspection des diff\u00e9rents mar\u00e9graphes install\u00e9s au sein du port.<\/p>\n<p>\u270d\ud83c\udffe<em> Source : Direction de la M\u00e9t\u00e9orologie Nationale du Cameroun<\/em><\/p>\n<p>&nbsp;<\/p>\n<p>&nbsp;<\/p>\n<p><img loading=\"lazy\" decoding=\"async\" class=\"wp-image-4300 aligncenter\" src=\"https:\/\/meteoold.meteocameroon.gov.cm\/wp-content\/uploads\/2025\/04\/WhatsApp-Image-2025-04-14-at-7.39.45-PM-2.jpeg\" alt=\"\" width=\"1023\" height=\"1363\" \/><\/p>\n<p><img loading=\"lazy\" decoding=\"async\" class=\"wp-image-4299 aligncenter\" src=\"https:\/\/meteoold.meteocameroon.gov.cm\/wp-content\/uploads\/2025\/04\/WhatsApp-Image-2025-04-14-at-7.39.44-PM.jpeg\" alt=\"\" width=\"1008\" height=\"1344\" \/><\/p>","protected":false},"excerpt":{"rendered":"<p>Inspection Technique des \u00c9quipements M\u00e9t\u00e9orologiques au Port Autonome de Douala (PAD) Du 10 au 11 avril 2025, une \u00e9quipe d\u2019experts de la Direction de la M\u00e9t\u00e9orologie Nationale du Minist\u00e8re des [&hellip;]<\/p>","protected":false},"author":30,"featured_media":4646,"comment_status":"open","ping_status":"open","sticky":false,"template":"","format":"standard","meta":{"footnotes":""},"categories":[18,1],"tags":[],"class_list":["post-4645","post","type-post","status-publish","format-standard","has-post-thumbnail","hentry","category-actualite","category-information"],"yoast_head":"<!-- This site is optimized with the Yoast SEO plugin v26.8 - https:\/\/yoast.com\/product\/yoast-seo-wordpress\/ -->\n<title>Inspection Technique des \u00c9quipements M\u00e9t\u00e9orologiques au Port Autonome de Douala (PAD) - M\u00e9t\u00e9orologie Nationale du Cameroun<\/title>\n<meta name=\"robots\" content=\"index, follow, max-snippet:-1, max-image-preview:large, max-video-preview:-1\" \/>\n<link rel=\"canonical\" href=\"https:\/\/meteocameroon.gov.cm\/en\/inspection-technique-des-equipements-meteorologiques-au-port-autonome-de-douala-pad\/\" \/>\n<meta property=\"og:locale\" content=\"en_US\" \/>\n<meta property=\"og:type\" content=\"article\" \/>\n<meta property=\"og:title\" content=\"Inspection Technique des \u00c9quipements M\u00e9t\u00e9orologiques au Port Autonome de Douala (PAD) - M\u00e9t\u00e9orologie Nationale du Cameroun\" \/>\n<meta property=\"og:description\" content=\"Inspection Technique des \u00c9quipements M\u00e9t\u00e9orologiques au Port Autonome de Douala (PAD) Du 10 au 11 avril 2025, une \u00e9quipe d\u2019experts de la Direction de la M\u00e9t\u00e9orologie Nationale du Minist\u00e8re des [&hellip;]\" \/>\n<meta property=\"og:url\" content=\"https:\/\/meteocameroon.gov.cm\/en\/inspection-technique-des-equipements-meteorologiques-au-port-autonome-de-douala-pad\/\" \/>\n<meta property=\"og:site_name\" content=\"M\u00e9t\u00e9orologie Nationale du Cameroun\" \/>\n<meta property=\"article:published_time\" content=\"2025-04-14T19:02:59+00:00\" \/>\n<meta property=\"article:modified_time\" content=\"2026-01-20T10:00:23+00:00\" \/>\n<meta property=\"og:image\" content=\"https:\/\/meteocameroon.gov.cm\/wp-content\/uploads\/2026\/01\/WhatsApp-Image-2025-04-14-at-7.39.45-PM-1-600x700-1.jpeg\" \/>\n\t<meta property=\"og:image:width\" content=\"600\" \/>\n\t<meta property=\"og:image:height\" content=\"700\" \/>\n\t<meta property=\"og:image:type\" content=\"image\/jpeg\" \/>\n<meta name=\"author\" content=\"editor\" \/>\n<meta name=\"twitter:card\" content=\"summary_large_image\" \/>\n<meta name=\"twitter:label1\" content=\"Written by\" \/>\n\t<meta name=\"twitter:data1\" content=\"editor\" \/>\n\t<meta name=\"twitter:label2\" content=\"Est. reading time\" \/>\n\t<meta name=\"twitter:data2\" content=\"2 minutes\" \/>\n<script type=\"application\/ld+json\" class=\"yoast-schema-graph\">{\"@context\":\"https:\/\/schema.org\",\"@graph\":[{\"@type\":\"Article\",\"@id\":\"https:\/\/meteocameroon.gov.cm\/inspection-technique-des-equipements-meteorologiques-au-port-autonome-de-douala-pad\/#article\",\"isPartOf\":{\"@id\":\"https:\/\/meteocameroon.gov.cm\/inspection-technique-des-equipements-meteorologiques-au-port-autonome-de-douala-pad\/\"},\"author\":{\"name\":\"editor\",\"@id\":\"https:\/\/meteocameroon.gov.cm\/#\/schema\/person\/eec674ef6778f16387fc93ba6592255e\"},\"headline\":\"Inspection Technique des \u00c9quipements M\u00e9t\u00e9orologiques au Port Autonome de Douala (PAD)\",\"datePublished\":\"2025-04-14T19:02:59+00:00\",\"dateModified\":\"2026-01-20T10:00:23+00:00\",\"mainEntityOfPage\":{\"@id\":\"https:\/\/meteocameroon.gov.cm\/inspection-technique-des-equipements-meteorologiques-au-port-autonome-de-douala-pad\/\"},\"wordCount\":152,\"commentCount\":0,\"publisher\":{\"@id\":\"https:\/\/meteocameroon.gov.cm\/#organization\"},\"image\":{\"@id\":\"https:\/\/meteocameroon.gov.cm\/inspection-technique-des-equipements-meteorologiques-au-port-autonome-de-douala-pad\/#primaryimage\"},\"thumbnailUrl\":\"https:\/\/meteocameroon.gov.cm\/wp-content\/uploads\/2026\/01\/WhatsApp-Image-2025-04-14-at-7.39.45-PM-1-600x700-1.jpeg\",\"articleSection\":[\"Actualit\u00e9\",\"Information\"],\"inLanguage\":\"en-US\",\"potentialAction\":[{\"@type\":\"CommentAction\",\"name\":\"Comment\",\"target\":[\"https:\/\/meteocameroon.gov.cm\/inspection-technique-des-equipements-meteorologiques-au-port-autonome-de-douala-pad\/#respond\"]}]},{\"@type\":\"WebPage\",\"@id\":\"https:\/\/meteocameroon.gov.cm\/inspection-technique-des-equipements-meteorologiques-au-port-autonome-de-douala-pad\/\",\"url\":\"https:\/\/meteocameroon.gov.cm\/inspection-technique-des-equipements-meteorologiques-au-port-autonome-de-douala-pad\/\",\"name\":\"Inspection Technique des \u00c9quipements M\u00e9t\u00e9orologiques au Port Autonome de Douala (PAD) - M\u00e9t\u00e9orologie Nationale du Cameroun\",\"isPartOf\":{\"@id\":\"https:\/\/meteocameroon.gov.cm\/#website\"},\"primaryImageOfPage\":{\"@id\":\"https:\/\/meteocameroon.gov.cm\/inspection-technique-des-equipements-meteorologiques-au-port-autonome-de-douala-pad\/#primaryimage\"},\"image\":{\"@id\":\"https:\/\/meteocameroon.gov.cm\/inspection-technique-des-equipements-meteorologiques-au-port-autonome-de-douala-pad\/#primaryimage\"},\"thumbnailUrl\":\"https:\/\/meteocameroon.gov.cm\/wp-content\/uploads\/2026\/01\/WhatsApp-Image-2025-04-14-at-7.39.45-PM-1-600x700-1.jpeg\",\"datePublished\":\"2025-04-14T19:02:59+00:00\",\"dateModified\":\"2026-01-20T10:00:23+00:00\",\"breadcrumb\":{\"@id\":\"https:\/\/meteocameroon.gov.cm\/inspection-technique-des-equipements-meteorologiques-au-port-autonome-de-douala-pad\/#breadcrumb\"},\"inLanguage\":\"en-US\",\"potentialAction\":[{\"@type\":\"ReadAction\",\"target\":[\"https:\/\/meteocameroon.gov.cm\/inspection-technique-des-equipements-meteorologiques-au-port-autonome-de-douala-pad\/\"]}]},{\"@type\":\"ImageObject\",\"inLanguage\":\"en-US\",\"@id\":\"https:\/\/meteocameroon.gov.cm\/inspection-technique-des-equipements-meteorologiques-au-port-autonome-de-douala-pad\/#primaryimage\",\"url\":\"https:\/\/meteocameroon.gov.cm\/wp-content\/uploads\/2026\/01\/WhatsApp-Image-2025-04-14-at-7.39.45-PM-1-600x700-1.jpeg\",\"contentUrl\":\"https:\/\/meteocameroon.gov.cm\/wp-content\/uploads\/2026\/01\/WhatsApp-Image-2025-04-14-at-7.39.45-PM-1-600x700-1.jpeg\",\"width\":600,\"height\":700},{\"@type\":\"BreadcrumbList\",\"@id\":\"https:\/\/meteocameroon.gov.cm\/inspection-technique-des-equipements-meteorologiques-au-port-autonome-de-douala-pad\/#breadcrumb\",\"itemListElement\":[{\"@type\":\"ListItem\",\"position\":1,\"name\":\"Accueil\",\"item\":\"https:\/\/meteocameroon.gov.cm\/\"},{\"@type\":\"ListItem\",\"position\":2,\"name\":\"Inspection Technique des \u00c9quipements M\u00e9t\u00e9orologiques au Port Autonome de Douala (PAD)\"}]},{\"@type\":\"WebSite\",\"@id\":\"https:\/\/meteocameroon.gov.cm\/#website\",\"url\":\"https:\/\/meteocameroon.gov.cm\/\",\"name\":\"M\u00e9t\u00e9orologie Nationale du Cameroun\",\"description\":\"La m\u00e9t\u00e9o un outils pour le d\u00e9veloppement\",\"publisher\":{\"@id\":\"https:\/\/meteocameroon.gov.cm\/#organization\"},\"potentialAction\":[{\"@type\":\"SearchAction\",\"target\":{\"@type\":\"EntryPoint\",\"urlTemplate\":\"https:\/\/meteocameroon.gov.cm\/?s={search_term_string}\"},\"query-input\":{\"@type\":\"PropertyValueSpecification\",\"valueRequired\":true,\"valueName\":\"search_term_string\"}}],\"inLanguage\":\"en-US\"},{\"@type\":\"Organization\",\"@id\":\"https:\/\/meteocameroon.gov.cm\/#organization\",\"name\":\"M\u00e9t\u00e9orologie Nationale du Cameroun\",\"url\":\"https:\/\/meteocameroon.gov.cm\/\",\"logo\":{\"@type\":\"ImageObject\",\"inLanguage\":\"en-US\",\"@id\":\"https:\/\/meteocameroon.gov.cm\/#\/schema\/logo\/image\/\",\"url\":\"https:\/\/meteocameroon.gov.cm\/wp-content\/uploads\/2022\/06\/Artboard-14x-renew.jpg\",\"contentUrl\":\"https:\/\/meteocameroon.gov.cm\/wp-content\/uploads\/2022\/06\/Artboard-14x-renew.jpg\",\"width\":519,\"height\":504,\"caption\":\"M\u00e9t\u00e9orologie Nationale du Cameroun\"},\"image\":{\"@id\":\"https:\/\/meteocameroon.gov.cm\/#\/schema\/logo\/image\/\"}},{\"@type\":\"Person\",\"@id\":\"https:\/\/meteocameroon.gov.cm\/#\/schema\/person\/eec674ef6778f16387fc93ba6592255e\",\"name\":\"editor\",\"image\":{\"@type\":\"ImageObject\",\"inLanguage\":\"en-US\",\"@id\":\"https:\/\/meteocameroon.gov.cm\/#\/schema\/person\/image\/\",\"url\":\"https:\/\/secure.gravatar.com\/avatar\/6ab3f1d1eba55d824bf16a34121c680962dc628f8026f85097af88e04b1737ef?s=96&d=mm&r=g\",\"contentUrl\":\"https:\/\/secure.gravatar.com\/avatar\/6ab3f1d1eba55d824bf16a34121c680962dc628f8026f85097af88e04b1737ef?s=96&d=mm&r=g\",\"caption\":\"editor\"},\"url\":\"https:\/\/meteocameroon.gov.cm\/en\/author\/editor\/\"}]}<\/script>\n<!-- \/ Yoast SEO plugin. -->","yoast_head_json":{"title":"Inspection Technique des \u00c9quipements M\u00e9t\u00e9orologiques au Port Autonome de Douala (PAD) - M\u00e9t\u00e9orologie Nationale du Cameroun","robots":{"index":"index","follow":"follow","max-snippet":"max-snippet:-1","max-image-preview":"max-image-preview:large","max-video-preview":"max-video-preview:-1"},"canonical":"https:\/\/meteocameroon.gov.cm\/en\/inspection-technique-des-equipements-meteorologiques-au-port-autonome-de-douala-pad\/","og_locale":"en_US","og_type":"article","og_title":"Inspection Technique des \u00c9quipements M\u00e9t\u00e9orologiques au Port Autonome de Douala (PAD) - M\u00e9t\u00e9orologie Nationale du Cameroun","og_description":"Inspection Technique des \u00c9quipements M\u00e9t\u00e9orologiques au Port Autonome de Douala (PAD) Du 10 au 11 avril 2025, une \u00e9quipe d\u2019experts de la Direction de la M\u00e9t\u00e9orologie Nationale du Minist\u00e8re des [&hellip;]","og_url":"https:\/\/meteocameroon.gov.cm\/en\/inspection-technique-des-equipements-meteorologiques-au-port-autonome-de-douala-pad\/","og_site_name":"M\u00e9t\u00e9orologie Nationale du Cameroun","article_published_time":"2025-04-14T19:02:59+00:00","article_modified_time":"2026-01-20T10:00:23+00:00","og_image":[{"width":600,"height":700,"url":"https:\/\/meteocameroon.gov.cm\/wp-content\/uploads\/2026\/01\/WhatsApp-Image-2025-04-14-at-7.39.45-PM-1-600x700-1.jpeg","type":"image\/jpeg"}],"author":"editor","twitter_card":"summary_large_image","twitter_misc":{"Written by":"editor","Est. reading time":"2 minutes"},"schema":{"@context":"https:\/\/schema.org","@graph":[{"@type":"Article","@id":"https:\/\/meteocameroon.gov.cm\/inspection-technique-des-equipements-meteorologiques-au-port-autonome-de-douala-pad\/#article","isPartOf":{"@id":"https:\/\/meteocameroon.gov.cm\/inspection-technique-des-equipements-meteorologiques-au-port-autonome-de-douala-pad\/"},"author":{"name":"editor","@id":"https:\/\/meteocameroon.gov.cm\/#\/schema\/person\/eec674ef6778f16387fc93ba6592255e"},"headline":"Inspection Technique des \u00c9quipements M\u00e9t\u00e9orologiques au Port Autonome de Douala (PAD)","datePublished":"2025-04-14T19:02:59+00:00","dateModified":"2026-01-20T10:00:23+00:00","mainEntityOfPage":{"@id":"https:\/\/meteocameroon.gov.cm\/inspection-technique-des-equipements-meteorologiques-au-port-autonome-de-douala-pad\/"},"wordCount":152,"commentCount":0,"publisher":{"@id":"https:\/\/meteocameroon.gov.cm\/#organization"},"image":{"@id":"https:\/\/meteocameroon.gov.cm\/inspection-technique-des-equipements-meteorologiques-au-port-autonome-de-douala-pad\/#primaryimage"},"thumbnailUrl":"https:\/\/meteocameroon.gov.cm\/wp-content\/uploads\/2026\/01\/WhatsApp-Image-2025-04-14-at-7.39.45-PM-1-600x700-1.jpeg","articleSection":["Actualit\u00e9","Information"],"inLanguage":"en-US","potentialAction":[{"@type":"CommentAction","name":"Comment","target":["https:\/\/meteocameroon.gov.cm\/inspection-technique-des-equipements-meteorologiques-au-port-autonome-de-douala-pad\/#respond"]}]},{"@type":"WebPage","@id":"https:\/\/meteocameroon.gov.cm\/inspection-technique-des-equipements-meteorologiques-au-port-autonome-de-douala-pad\/","url":"https:\/\/meteocameroon.gov.cm\/inspection-technique-des-equipements-meteorologiques-au-port-autonome-de-douala-pad\/","name":"Inspection Technique des \u00c9quipements M\u00e9t\u00e9orologiques au Port Autonome de Douala (PAD) - M\u00e9t\u00e9orologie Nationale du Cameroun","isPartOf":{"@id":"https:\/\/meteocameroon.gov.cm\/#website"},"primaryImageOfPage":{"@id":"https:\/\/meteocameroon.gov.cm\/inspection-technique-des-equipements-meteorologiques-au-port-autonome-de-douala-pad\/#primaryimage"},"image":{"@id":"https:\/\/meteocameroon.gov.cm\/inspection-technique-des-equipements-meteorologiques-au-port-autonome-de-douala-pad\/#primaryimage"},"thumbnailUrl":"https:\/\/meteocameroon.gov.cm\/wp-content\/uploads\/2026\/01\/WhatsApp-Image-2025-04-14-at-7.39.45-PM-1-600x700-1.jpeg","datePublished":"2025-04-14T19:02:59+00:00","dateModified":"2026-01-20T10:00:23+00:00","breadcrumb":{"@id":"https:\/\/meteocameroon.gov.cm\/inspection-technique-des-equipements-meteorologiques-au-port-autonome-de-douala-pad\/#breadcrumb"},"inLanguage":"en-US","potentialAction":[{"@type":"ReadAction","target":["https:\/\/meteocameroon.gov.cm\/inspection-technique-des-equipements-meteorologiques-au-port-autonome-de-douala-pad\/"]}]},{"@type":"ImageObject","inLanguage":"en-US","@id":"https:\/\/meteocameroon.gov.cm\/inspection-technique-des-equipements-meteorologiques-au-port-autonome-de-douala-pad\/#primaryimage","url":"https:\/\/meteocameroon.gov.cm\/wp-content\/uploads\/2026\/01\/WhatsApp-Image-2025-04-14-at-7.39.45-PM-1-600x700-1.jpeg","contentUrl":"https:\/\/meteocameroon.gov.cm\/wp-content\/uploads\/2026\/01\/WhatsApp-Image-2025-04-14-at-7.39.45-PM-1-600x700-1.jpeg","width":600,"height":700},{"@type":"BreadcrumbList","@id":"https:\/\/meteocameroon.gov.cm\/inspection-technique-des-equipements-meteorologiques-au-port-autonome-de-douala-pad\/#breadcrumb","itemListElement":[{"@type":"ListItem","position":1,"name":"Accueil","item":"https:\/\/meteocameroon.gov.cm\/"},{"@type":"ListItem","position":2,"name":"Inspection Technique des \u00c9quipements M\u00e9t\u00e9orologiques au Port Autonome de Douala (PAD)"}]},{"@type":"WebSite","@id":"https:\/\/meteocameroon.gov.cm\/#website","url":"https:\/\/meteocameroon.gov.cm\/","name":"M\u00e9t\u00e9orologie Nationale du Cameroun","description":"La m\u00e9t\u00e9o un outils pour le d\u00e9veloppement","publisher":{"@id":"https:\/\/meteocameroon.gov.cm\/#organization"},"potentialAction":[{"@type":"SearchAction","target":{"@type":"EntryPoint","urlTemplate":"https:\/\/meteocameroon.gov.cm\/?s={search_term_string}"},"query-input":{"@type":"PropertyValueSpecification","valueRequired":true,"valueName":"search_term_string"}}],"inLanguage":"en-US"},{"@type":"Organization","@id":"https:\/\/meteocameroon.gov.cm\/#organization","name":"M\u00e9t\u00e9orologie Nationale du Cameroun","url":"https:\/\/meteocameroon.gov.cm\/","logo":{"@type":"ImageObject","inLanguage":"en-US","@id":"https:\/\/meteocameroon.gov.cm\/#\/schema\/logo\/image\/","url":"https:\/\/meteocameroon.gov.cm\/wp-content\/uploads\/2022\/06\/Artboard-14x-renew.jpg","contentUrl":"https:\/\/meteocameroon.gov.cm\/wp-content\/uploads\/2022\/06\/Artboard-14x-renew.jpg","width":519,"height":504,"caption":"M\u00e9t\u00e9orologie Nationale du Cameroun"},"image":{"@id":"https:\/\/meteocameroon.gov.cm\/#\/schema\/logo\/image\/"}},{"@type":"Person","@id":"https:\/\/meteocameroon.gov.cm\/#\/schema\/person\/eec674ef6778f16387fc93ba6592255e","name":"editor","image":{"@type":"ImageObject","inLanguage":"en-US","@id":"https:\/\/meteocameroon.gov.cm\/#\/schema\/person\/image\/","url":"https:\/\/secure.gravatar.com\/avatar\/6ab3f1d1eba55d824bf16a34121c680962dc628f8026f85097af88e04b1737ef?s=96&d=mm&r=g","contentUrl":"https:\/\/secure.gravatar.com\/avatar\/6ab3f1d1eba55d824bf16a34121c680962dc628f8026f85097af88e04b1737ef?s=96&d=mm&r=g","caption":"editor"},"url":"https:\/\/meteocameroon.gov.cm\/en\/author\/editor\/"}]}},"rttpg_featured_image_url":{"full":["https:\/\/meteocameroon.gov.cm\/wp-content\/uploads\/2026\/01\/WhatsApp-Image-2025-04-14-at-7.39.45-PM-1-600x700-1.jpeg",600,700,false],"landscape":["https:\/\/meteocameroon.gov.cm\/wp-content\/uploads\/2026\/01\/WhatsApp-Image-2025-04-14-at-7.39.45-PM-1-600x700-1.jpeg",600,700,false],"portraits":["https:\/\/meteocameroon.gov.cm\/wp-content\/uploads\/2026\/01\/WhatsApp-Image-2025-04-14-at-7.39.45-PM-1-600x700-1.jpeg",600,700,false],"thumbnail":["https:\/\/meteocameroon.gov.cm\/wp-content\/uploads\/2026\/01\/WhatsApp-Image-2025-04-14-at-7.39.45-PM-1-600x700-1-150x150.jpeg",150,150,true],"medium":["https:\/\/meteocameroon.gov.cm\/wp-content\/uploads\/2026\/01\/WhatsApp-Image-2025-04-14-at-7.39.45-PM-1-600x700-1-257x300.jpeg",257,300,true],"large":["https:\/\/meteocameroon.gov.cm\/wp-content\/uploads\/2026\/01\/WhatsApp-Image-2025-04-14-at-7.39.45-PM-1-600x700-1.jpeg",600,700,false],"1536x1536":["https:\/\/meteocameroon.gov.cm\/wp-content\/uploads\/2026\/01\/WhatsApp-Image-2025-04-14-at-7.39.45-PM-1-600x700-1.jpeg",600,700,false],"2048x2048":["https:\/\/meteocameroon.gov.cm\/wp-content\/uploads\/2026\/01\/WhatsApp-Image-2025-04-14-at-7.39.45-PM-1-600x700-1.jpeg",600,700,false],"trp-custom-language-flag":["https:\/\/meteocameroon.gov.cm\/wp-content\/uploads\/2026\/01\/WhatsApp-Image-2025-04-14-at-7.39.45-PM-1-600x700-1-10x12.jpeg",10,12,true],"binit-portfolio":["https:\/\/meteocameroon.gov.cm\/wp-content\/uploads\/2026\/01\/WhatsApp-Image-2025-04-14-at-7.39.45-PM-1-600x700-1.jpeg",600,700,false],"binit-portfolio-vertical":["https:\/\/meteocameroon.gov.cm\/wp-content\/uploads\/2026\/01\/WhatsApp-Image-2025-04-14-at-7.39.45-PM-1-600x700-1-380x564.jpeg",380,564,true],"binit-blog":["https:\/\/meteocameroon.gov.cm\/wp-content\/uploads\/2026\/01\/WhatsApp-Image-2025-04-14-at-7.39.45-PM-1-600x700-1-600x420.jpeg",600,420,true],"binit-team":["https:\/\/meteocameroon.gov.cm\/wp-content\/uploads\/2026\/01\/WhatsApp-Image-2025-04-14-at-7.39.45-PM-1-600x700-1-600x645.jpeg",600,645,true],"binit-product":["https:\/\/meteocameroon.gov.cm\/wp-content\/uploads\/2026\/01\/WhatsApp-Image-2025-04-14-at-7.39.45-PM-1-600x700-1-360x440.jpeg",360,440,true],"binit-event":["https:\/\/meteocameroon.gov.cm\/wp-content\/uploads\/2026\/01\/WhatsApp-Image-2025-04-14-at-7.39.45-PM-1-600x700-1-420x630.jpeg",420,630,true]},"rttpg_author":{"display_name":"editor","author_link":"https:\/\/meteocameroon.gov.cm\/en\/author\/editor\/"},"rttpg_comment":3,"rttpg_category":"<a href=\"https:\/\/meteocameroon.gov.cm\/en\/category\/actualite\/\" rel=\"category tag\">Actualit\u00e9<\/a> <a href=\"https:\/\/meteocameroon.gov.cm\/en\/category\/information\/\" rel=\"category tag\">Information<\/a>","rttpg_excerpt":"Inspection Technique des \u00c9quipements M\u00e9t\u00e9orologiques au Port Autonome de Douala (PAD) Du 10 au 11 avril 2025, une \u00e9quipe d\u2019experts de la Direction de la M\u00e9t\u00e9orologie Nationale du Minist\u00e8re des [&hellip;]","_links":{"self":[{"href":"https:\/\/meteocameroon.gov.cm\/en\/wp-json\/wp\/v2\/posts\/4645","targetHints":{"allow":["GET"]}}],"collection":[{"href":"https:\/\/meteocameroon.gov.cm\/en\/wp-json\/wp\/v2\/posts"}],"about":[{"href":"https:\/\/meteocameroon.gov.cm\/en\/wp-json\/wp\/v2\/types\/post"}],"author":[{"embeddable":true,"href":"https:\/\/meteocameroon.gov.cm\/en\/wp-json\/wp\/v2\/users\/30"}],"replies":[{"embeddable":true,"href":"https:\/\/meteocameroon.gov.cm\/en\/wp-json\/wp\/v2\/comments?post=4645"}],"version-history":[{"count":1,"href":"https:\/\/meteocameroon.gov.cm\/en\/wp-json\/wp\/v2\/posts\/4645\/revisions"}],"predecessor-version":[{"id":4647,"href":"https:\/\/meteocameroon.gov.cm\/en\/wp-json\/wp\/v2\/posts\/4645\/revisions\/4647"}],"wp:featuredmedia":[{"embeddable":true,"href":"https:\/\/meteocameroon.gov.cm\/en\/wp-json\/wp\/v2\/media\/4646"}],"wp:attachment":[{"href":"https:\/\/meteocameroon.gov.cm\/en\/wp-json\/wp\/v2\/media?parent=4645"}],"wp:term":[{"taxonomy":"category","embeddable":true,"href":"https:\/\/meteocameroon.gov.cm\/en\/wp-json\/wp\/v2\/categories?post=4645"},{"taxonomy":"post_tag","embeddable":true,"href":"https:\/\/meteocameroon.gov.cm\/en\/wp-json\/wp\/v2\/tags?post=4645"}],"curies":[{"name":"wp","href":"https:\/\/api.w.org\/{rel}","templated":true}]}}