{"id":4653,"date":"2024-12-15T11:02:30","date_gmt":"2024-12-15T10:02:30","guid":{"rendered":"https:\/\/meteocameroon.gov.cm\/?p=4653"},"modified":"2026-01-20T10:58:53","modified_gmt":"2026-01-20T09:58:53","slug":"formation-du-personnel-de-la-cud-sur-les-techniques-de-collecte-et-de-traitement-des-donnees-meteorologiques-a-yaounde","status":"publish","type":"post","link":"https:\/\/meteocameroon.gov.cm\/en\/formation-du-personnel-de-la-cud-sur-les-techniques-de-collecte-et-de-traitement-des-donnees-meteorologiques-a-yaounde\/","title":{"rendered":"Formation du personnel de la CUD sur les techniques de collecte et de traitement des donn\u00e9es m\u00e9t\u00e9orologiques \u00e0 Yaound\u00e9"},"content":{"rendered":"<p>Du <strong>11 au 13 d\u00e9cembre 2024<\/strong>, une formation intensive de trois jours a \u00e9t\u00e9 organis\u00e9e \u00e0 Yaound\u00e9 \u00e0 l\u2019intention du personnel de la <strong>Communaut\u00e9 Urbaine de Douala (CUD<\/strong>). Cette initiative, coorganis\u00e9e par le <strong>Ministry of Transport<\/strong> et la<strong> CUD<\/strong>, s\u2019inscrit dans le cadre de leur accord de collaboration visant \u00e0 promouvoir la recherche et l\u2019\u00e9change d\u2019informations dans les domaines de la m\u00e9t\u00e9orologie, de la climatologie, de l\u2019environnement et du d\u00e9veloppement durable.<\/p>\n<p>Supervis\u00e9e par le Directeur de la M\u00e9t\u00e9orologie Nationale (DMN)<strong>, M. TCHINDA TAZO Simplice<\/strong>, cette formation a permis aux participants d\u2019acqu\u00e9rir des comp\u00e9tences cl\u00e9s dans plusieurs domaines :<\/p>\n<p>-Les techniques d\u2019observation m\u00e9t\u00e9orologique ;<\/p>\n<p>&#8211; La d\u00e9finition et la mise en place d\u2019un r\u00e9seau de collecte de donn\u00e9es ;<\/p>\n<p>&#8211; Le fonctionnement et l\u2019entretien des stations m\u00e9t\u00e9orologiques ;<\/p>\n<p>&#8211; Le traitement et l\u2019analyse des donn\u00e9es m\u00e9t\u00e9orologiques.<\/p>\n<p>Les sessions th\u00e9oriques ont \u00e9t\u00e9 renforc\u00e9es par une visite de terrain \u00e0 la station m\u00e9t\u00e9orologique de Yaound\u00e9-Ville. Cette immersion a offert aux participants l\u2019opportunit\u00e9 de d\u00e9couvrir les m\u00e9thodes op\u00e9rationnelles utilis\u00e9es par les \u00e9quipes de la DMN pour la collecte et l\u2019exploitation des donn\u00e9es m\u00e9t\u00e9orologiques.<\/p>\n<p>Lors de la c\u00e9r\u00e9monie de cl\u00f4ture, le repr\u00e9sentant de la CUD a exprim\u00e9 sa profonde gratitude au Ministre des Transports pour le soutien technique accord\u00e9 et a salu\u00e9 la qualit\u00e9 des interventions des experts formateurs de la DMN. Il a \u00e9galement r\u00e9affirm\u00e9 l\u2019engagement de la CUD \u00e0 mettre en \u0153uvre les connaissances acquises pour optimiser la gestion de son r\u00e9seau d\u2019observation m\u00e9t\u00e9orologique, avec l\u2019accompagnement technique de la DMN.<\/p>\n<p>Quelques temps forts de la formation en images.<\/p>\n<p><img loading=\"lazy\" decoding=\"async\" class=\"wp-image-4194 aligncenter\" src=\"https:\/\/meteoold.meteocameroon.gov.cm\/wp-content\/uploads\/2024\/12\/WhatsApp-Image-2024-12-15-at-1.03.25-AM.jpeg\" alt=\"\" width=\"1378\" height=\"1838\" \/><img loading=\"lazy\" decoding=\"async\" class=\"wp-image-4192 aligncenter\" src=\"https:\/\/meteoold.meteocameroon.gov.cm\/wp-content\/uploads\/2024\/12\/WhatsApp-Image-2024-12-15-at-1.03.24-AM.jpeg\" alt=\"\" width=\"1412\" height=\"1060\" \/><\/p>\n<p><img loading=\"lazy\" decoding=\"async\" class=\"alignnone  wp-image-4193\" src=\"https:\/\/meteoold.meteocameroon.gov.cm\/wp-content\/uploads\/2024\/12\/WhatsApp-Image-2024-12-15-at-1.03.25-AM-1.jpeg\" alt=\"\" width=\"1386\" height=\"1848\" \/><\/p>\n<p>\u270d\ud83c\udffe Source : Direction de la M\u00e9t\u00e9orologie Nationale du Cameroun<\/p>\n<p>&nbsp;<\/p>\n<p>&nbsp;<\/p>\n<p>&nbsp;<\/p>\n<p>&nbsp;<\/p>\n<p>&nbsp;<\/p>\n<p>&nbsp;<\/p>","protected":false},"excerpt":{"rendered":"<p>Du 11 au 13 d\u00e9cembre 2024, une formation intensive de trois jours a \u00e9t\u00e9 organis\u00e9e \u00e0 Yaound\u00e9 \u00e0 l\u2019intention du personnel de la Communaut\u00e9 Urbaine de Douala (CUD). Cette initiative, [&hellip;]<\/p>","protected":false},"author":30,"featured_media":4657,"comment_status":"open","ping_status":"open","sticky":false,"template":"","format":"standard","meta":{"footnotes":""},"categories":[18,1],"tags":[],"class_list":["post-4653","post","type-post","status-publish","format-standard","has-post-thumbnail","hentry","category-actualite","category-information"],"yoast_head":"<!-- This site is optimized with the Yoast SEO plugin v26.8 - https:\/\/yoast.com\/product\/yoast-seo-wordpress\/ -->\n<title>Formation du personnel de la CUD sur les techniques de collecte et de traitement des donn\u00e9es m\u00e9t\u00e9orologiques \u00e0 Yaound\u00e9 - M\u00e9t\u00e9orologie Nationale du Cameroun<\/title>\n<meta name=\"robots\" content=\"index, follow, max-snippet:-1, max-image-preview:large, max-video-preview:-1\" \/>\n<link rel=\"canonical\" href=\"https:\/\/meteocameroon.gov.cm\/en\/formation-du-personnel-de-la-cud-sur-les-techniques-de-collecte-et-de-traitement-des-donnees-meteorologiques-a-yaounde\/\" \/>\n<meta property=\"og:locale\" content=\"en_US\" \/>\n<meta property=\"og:type\" content=\"article\" \/>\n<meta property=\"og:title\" content=\"Formation du personnel de la CUD sur les techniques de collecte et de traitement des donn\u00e9es m\u00e9t\u00e9orologiques \u00e0 Yaound\u00e9 - M\u00e9t\u00e9orologie Nationale du Cameroun\" \/>\n<meta property=\"og:description\" content=\"Du 11 au 13 d\u00e9cembre 2024, une formation intensive de trois jours a \u00e9t\u00e9 organis\u00e9e \u00e0 Yaound\u00e9 \u00e0 l\u2019intention du personnel de la Communaut\u00e9 Urbaine de Douala (CUD). Cette initiative, [&hellip;]\" \/>\n<meta property=\"og:url\" content=\"https:\/\/meteocameroon.gov.cm\/en\/formation-du-personnel-de-la-cud-sur-les-techniques-de-collecte-et-de-traitement-des-donnees-meteorologiques-a-yaounde\/\" \/>\n<meta property=\"og:site_name\" content=\"M\u00e9t\u00e9orologie Nationale du Cameroun\" \/>\n<meta property=\"article:published_time\" content=\"2024-12-15T10:02:30+00:00\" \/>\n<meta property=\"article:modified_time\" content=\"2026-01-20T09:58:53+00:00\" \/>\n<meta property=\"og:image\" content=\"https:\/\/meteocameroon.gov.cm\/wp-content\/uploads\/2026\/01\/WhatsApp-Image-2024-12-15-at-1.03.26-AM.jpeg\" \/>\n\t<meta property=\"og:image:width\" content=\"1080\" \/>\n\t<meta property=\"og:image:height\" content=\"810\" \/>\n\t<meta property=\"og:image:type\" content=\"image\/jpeg\" \/>\n<meta name=\"author\" content=\"editor\" \/>\n<meta name=\"twitter:card\" content=\"summary_large_image\" \/>\n<meta name=\"twitter:label1\" content=\"Written by\" \/>\n\t<meta name=\"twitter:data1\" content=\"editor\" \/>\n\t<meta name=\"twitter:label2\" content=\"Est. reading time\" \/>\n\t<meta name=\"twitter:data2\" content=\"3 minutes\" \/>\n<script type=\"application\/ld+json\" class=\"yoast-schema-graph\">{\"@context\":\"https:\/\/schema.org\",\"@graph\":[{\"@type\":\"Article\",\"@id\":\"https:\/\/meteocameroon.gov.cm\/formation-du-personnel-de-la-cud-sur-les-techniques-de-collecte-et-de-traitement-des-donnees-meteorologiques-a-yaounde\/#article\",\"isPartOf\":{\"@id\":\"https:\/\/meteocameroon.gov.cm\/formation-du-personnel-de-la-cud-sur-les-techniques-de-collecte-et-de-traitement-des-donnees-meteorologiques-a-yaounde\/\"},\"author\":{\"name\":\"editor\",\"@id\":\"https:\/\/meteocameroon.gov.cm\/#\/schema\/person\/eec674ef6778f16387fc93ba6592255e\"},\"headline\":\"Formation du personnel de la CUD sur les techniques de collecte et de traitement des donn\u00e9es m\u00e9t\u00e9orologiques \u00e0 Yaound\u00e9\",\"datePublished\":\"2024-12-15T10:02:30+00:00\",\"dateModified\":\"2026-01-20T09:58:53+00:00\",\"mainEntityOfPage\":{\"@id\":\"https:\/\/meteocameroon.gov.cm\/formation-du-personnel-de-la-cud-sur-les-techniques-de-collecte-et-de-traitement-des-donnees-meteorologiques-a-yaounde\/\"},\"wordCount\":338,\"commentCount\":0,\"publisher\":{\"@id\":\"https:\/\/meteocameroon.gov.cm\/#organization\"},\"image\":{\"@id\":\"https:\/\/meteocameroon.gov.cm\/formation-du-personnel-de-la-cud-sur-les-techniques-de-collecte-et-de-traitement-des-donnees-meteorologiques-a-yaounde\/#primaryimage\"},\"thumbnailUrl\":\"https:\/\/meteocameroon.gov.cm\/wp-content\/uploads\/2026\/01\/WhatsApp-Image-2024-12-15-at-1.03.26-AM.jpeg\",\"articleSection\":[\"Actualit\u00e9\",\"Information\"],\"inLanguage\":\"en-US\",\"potentialAction\":[{\"@type\":\"CommentAction\",\"name\":\"Comment\",\"target\":[\"https:\/\/meteocameroon.gov.cm\/formation-du-personnel-de-la-cud-sur-les-techniques-de-collecte-et-de-traitement-des-donnees-meteorologiques-a-yaounde\/#respond\"]}]},{\"@type\":\"WebPage\",\"@id\":\"https:\/\/meteocameroon.gov.cm\/formation-du-personnel-de-la-cud-sur-les-techniques-de-collecte-et-de-traitement-des-donnees-meteorologiques-a-yaounde\/\",\"url\":\"https:\/\/meteocameroon.gov.cm\/formation-du-personnel-de-la-cud-sur-les-techniques-de-collecte-et-de-traitement-des-donnees-meteorologiques-a-yaounde\/\",\"name\":\"Formation du personnel de la CUD sur les techniques de collecte et de traitement des donn\u00e9es m\u00e9t\u00e9orologiques \u00e0 Yaound\u00e9 - M\u00e9t\u00e9orologie Nationale du Cameroun\",\"isPartOf\":{\"@id\":\"https:\/\/meteocameroon.gov.cm\/#website\"},\"primaryImageOfPage\":{\"@id\":\"https:\/\/meteocameroon.gov.cm\/formation-du-personnel-de-la-cud-sur-les-techniques-de-collecte-et-de-traitement-des-donnees-meteorologiques-a-yaounde\/#primaryimage\"},\"image\":{\"@id\":\"https:\/\/meteocameroon.gov.cm\/formation-du-personnel-de-la-cud-sur-les-techniques-de-collecte-et-de-traitement-des-donnees-meteorologiques-a-yaounde\/#primaryimage\"},\"thumbnailUrl\":\"https:\/\/meteocameroon.gov.cm\/wp-content\/uploads\/2026\/01\/WhatsApp-Image-2024-12-15-at-1.03.26-AM.jpeg\",\"datePublished\":\"2024-12-15T10:02:30+00:00\",\"dateModified\":\"2026-01-20T09:58:53+00:00\",\"breadcrumb\":{\"@id\":\"https:\/\/meteocameroon.gov.cm\/formation-du-personnel-de-la-cud-sur-les-techniques-de-collecte-et-de-traitement-des-donnees-meteorologiques-a-yaounde\/#breadcrumb\"},\"inLanguage\":\"en-US\",\"potentialAction\":[{\"@type\":\"ReadAction\",\"target\":[\"https:\/\/meteocameroon.gov.cm\/formation-du-personnel-de-la-cud-sur-les-techniques-de-collecte-et-de-traitement-des-donnees-meteorologiques-a-yaounde\/\"]}]},{\"@type\":\"ImageObject\",\"inLanguage\":\"en-US\",\"@id\":\"https:\/\/meteocameroon.gov.cm\/formation-du-personnel-de-la-cud-sur-les-techniques-de-collecte-et-de-traitement-des-donnees-meteorologiques-a-yaounde\/#primaryimage\",\"url\":\"https:\/\/meteocameroon.gov.cm\/wp-content\/uploads\/2026\/01\/WhatsApp-Image-2024-12-15-at-1.03.26-AM.jpeg\",\"contentUrl\":\"https:\/\/meteocameroon.gov.cm\/wp-content\/uploads\/2026\/01\/WhatsApp-Image-2024-12-15-at-1.03.26-AM.jpeg\",\"width\":1080,\"height\":810},{\"@type\":\"BreadcrumbList\",\"@id\":\"https:\/\/meteocameroon.gov.cm\/formation-du-personnel-de-la-cud-sur-les-techniques-de-collecte-et-de-traitement-des-donnees-meteorologiques-a-yaounde\/#breadcrumb\",\"itemListElement\":[{\"@type\":\"ListItem\",\"position\":1,\"name\":\"Accueil\",\"item\":\"https:\/\/meteocameroon.gov.cm\/\"},{\"@type\":\"ListItem\",\"position\":2,\"name\":\"Formation du personnel de la CUD sur les techniques de collecte et de traitement des donn\u00e9es m\u00e9t\u00e9orologiques \u00e0 Yaound\u00e9\"}]},{\"@type\":\"WebSite\",\"@id\":\"https:\/\/meteocameroon.gov.cm\/#website\",\"url\":\"https:\/\/meteocameroon.gov.cm\/\",\"name\":\"M\u00e9t\u00e9orologie Nationale du Cameroun\",\"description\":\"La m\u00e9t\u00e9o un outils pour le d\u00e9veloppement\",\"publisher\":{\"@id\":\"https:\/\/meteocameroon.gov.cm\/#organization\"},\"potentialAction\":[{\"@type\":\"SearchAction\",\"target\":{\"@type\":\"EntryPoint\",\"urlTemplate\":\"https:\/\/meteocameroon.gov.cm\/?s={search_term_string}\"},\"query-input\":{\"@type\":\"PropertyValueSpecification\",\"valueRequired\":true,\"valueName\":\"search_term_string\"}}],\"inLanguage\":\"en-US\"},{\"@type\":\"Organization\",\"@id\":\"https:\/\/meteocameroon.gov.cm\/#organization\",\"name\":\"M\u00e9t\u00e9orologie Nationale du Cameroun\",\"url\":\"https:\/\/meteocameroon.gov.cm\/\",\"logo\":{\"@type\":\"ImageObject\",\"inLanguage\":\"en-US\",\"@id\":\"https:\/\/meteocameroon.gov.cm\/#\/schema\/logo\/image\/\",\"url\":\"https:\/\/meteocameroon.gov.cm\/wp-content\/uploads\/2022\/06\/Artboard-14x-renew.jpg\",\"contentUrl\":\"https:\/\/meteocameroon.gov.cm\/wp-content\/uploads\/2022\/06\/Artboard-14x-renew.jpg\",\"width\":519,\"height\":504,\"caption\":\"M\u00e9t\u00e9orologie Nationale du Cameroun\"},\"image\":{\"@id\":\"https:\/\/meteocameroon.gov.cm\/#\/schema\/logo\/image\/\"}},{\"@type\":\"Person\",\"@id\":\"https:\/\/meteocameroon.gov.cm\/#\/schema\/person\/eec674ef6778f16387fc93ba6592255e\",\"name\":\"editor\",\"image\":{\"@type\":\"ImageObject\",\"inLanguage\":\"en-US\",\"@id\":\"https:\/\/meteocameroon.gov.cm\/#\/schema\/person\/image\/\",\"url\":\"https:\/\/secure.gravatar.com\/avatar\/6ab3f1d1eba55d824bf16a34121c680962dc628f8026f85097af88e04b1737ef?s=96&d=mm&r=g\",\"contentUrl\":\"https:\/\/secure.gravatar.com\/avatar\/6ab3f1d1eba55d824bf16a34121c680962dc628f8026f85097af88e04b1737ef?s=96&d=mm&r=g\",\"caption\":\"editor\"},\"url\":\"https:\/\/meteocameroon.gov.cm\/en\/author\/editor\/\"}]}<\/script>\n<!-- \/ Yoast SEO plugin. -->","yoast_head_json":{"title":"Formation du personnel de la CUD sur les techniques de collecte et de traitement des donn\u00e9es m\u00e9t\u00e9orologiques \u00e0 Yaound\u00e9 - M\u00e9t\u00e9orologie Nationale du Cameroun","robots":{"index":"index","follow":"follow","max-snippet":"max-snippet:-1","max-image-preview":"max-image-preview:large","max-video-preview":"max-video-preview:-1"},"canonical":"https:\/\/meteocameroon.gov.cm\/en\/formation-du-personnel-de-la-cud-sur-les-techniques-de-collecte-et-de-traitement-des-donnees-meteorologiques-a-yaounde\/","og_locale":"en_US","og_type":"article","og_title":"Formation du personnel de la CUD sur les techniques de collecte et de traitement des donn\u00e9es m\u00e9t\u00e9orologiques \u00e0 Yaound\u00e9 - M\u00e9t\u00e9orologie Nationale du Cameroun","og_description":"Du 11 au 13 d\u00e9cembre 2024, une formation intensive de trois jours a \u00e9t\u00e9 organis\u00e9e \u00e0 Yaound\u00e9 \u00e0 l\u2019intention du personnel de la Communaut\u00e9 Urbaine de Douala (CUD). Cette initiative, [&hellip;]","og_url":"https:\/\/meteocameroon.gov.cm\/en\/formation-du-personnel-de-la-cud-sur-les-techniques-de-collecte-et-de-traitement-des-donnees-meteorologiques-a-yaounde\/","og_site_name":"M\u00e9t\u00e9orologie Nationale du Cameroun","article_published_time":"2024-12-15T10:02:30+00:00","article_modified_time":"2026-01-20T09:58:53+00:00","og_image":[{"width":1080,"height":810,"url":"https:\/\/meteocameroon.gov.cm\/wp-content\/uploads\/2026\/01\/WhatsApp-Image-2024-12-15-at-1.03.26-AM.jpeg","type":"image\/jpeg"}],"author":"editor","twitter_card":"summary_large_image","twitter_misc":{"Written by":"editor","Est. reading time":"3 minutes"},"schema":{"@context":"https:\/\/schema.org","@graph":[{"@type":"Article","@id":"https:\/\/meteocameroon.gov.cm\/formation-du-personnel-de-la-cud-sur-les-techniques-de-collecte-et-de-traitement-des-donnees-meteorologiques-a-yaounde\/#article","isPartOf":{"@id":"https:\/\/meteocameroon.gov.cm\/formation-du-personnel-de-la-cud-sur-les-techniques-de-collecte-et-de-traitement-des-donnees-meteorologiques-a-yaounde\/"},"author":{"name":"editor","@id":"https:\/\/meteocameroon.gov.cm\/#\/schema\/person\/eec674ef6778f16387fc93ba6592255e"},"headline":"Formation du personnel de la CUD sur les techniques de collecte et de traitement des donn\u00e9es m\u00e9t\u00e9orologiques \u00e0 Yaound\u00e9","datePublished":"2024-12-15T10:02:30+00:00","dateModified":"2026-01-20T09:58:53+00:00","mainEntityOfPage":{"@id":"https:\/\/meteocameroon.gov.cm\/formation-du-personnel-de-la-cud-sur-les-techniques-de-collecte-et-de-traitement-des-donnees-meteorologiques-a-yaounde\/"},"wordCount":338,"commentCount":0,"publisher":{"@id":"https:\/\/meteocameroon.gov.cm\/#organization"},"image":{"@id":"https:\/\/meteocameroon.gov.cm\/formation-du-personnel-de-la-cud-sur-les-techniques-de-collecte-et-de-traitement-des-donnees-meteorologiques-a-yaounde\/#primaryimage"},"thumbnailUrl":"https:\/\/meteocameroon.gov.cm\/wp-content\/uploads\/2026\/01\/WhatsApp-Image-2024-12-15-at-1.03.26-AM.jpeg","articleSection":["Actualit\u00e9","Information"],"inLanguage":"en-US","potentialAction":[{"@type":"CommentAction","name":"Comment","target":["https:\/\/meteocameroon.gov.cm\/formation-du-personnel-de-la-cud-sur-les-techniques-de-collecte-et-de-traitement-des-donnees-meteorologiques-a-yaounde\/#respond"]}]},{"@type":"WebPage","@id":"https:\/\/meteocameroon.gov.cm\/formation-du-personnel-de-la-cud-sur-les-techniques-de-collecte-et-de-traitement-des-donnees-meteorologiques-a-yaounde\/","url":"https:\/\/meteocameroon.gov.cm\/formation-du-personnel-de-la-cud-sur-les-techniques-de-collecte-et-de-traitement-des-donnees-meteorologiques-a-yaounde\/","name":"Formation du personnel de la CUD sur les techniques de collecte et de traitement des donn\u00e9es m\u00e9t\u00e9orologiques \u00e0 Yaound\u00e9 - M\u00e9t\u00e9orologie Nationale du Cameroun","isPartOf":{"@id":"https:\/\/meteocameroon.gov.cm\/#website"},"primaryImageOfPage":{"@id":"https:\/\/meteocameroon.gov.cm\/formation-du-personnel-de-la-cud-sur-les-techniques-de-collecte-et-de-traitement-des-donnees-meteorologiques-a-yaounde\/#primaryimage"},"image":{"@id":"https:\/\/meteocameroon.gov.cm\/formation-du-personnel-de-la-cud-sur-les-techniques-de-collecte-et-de-traitement-des-donnees-meteorologiques-a-yaounde\/#primaryimage"},"thumbnailUrl":"https:\/\/meteocameroon.gov.cm\/wp-content\/uploads\/2026\/01\/WhatsApp-Image-2024-12-15-at-1.03.26-AM.jpeg","datePublished":"2024-12-15T10:02:30+00:00","dateModified":"2026-01-20T09:58:53+00:00","breadcrumb":{"@id":"https:\/\/meteocameroon.gov.cm\/formation-du-personnel-de-la-cud-sur-les-techniques-de-collecte-et-de-traitement-des-donnees-meteorologiques-a-yaounde\/#breadcrumb"},"inLanguage":"en-US","potentialAction":[{"@type":"ReadAction","target":["https:\/\/meteocameroon.gov.cm\/formation-du-personnel-de-la-cud-sur-les-techniques-de-collecte-et-de-traitement-des-donnees-meteorologiques-a-yaounde\/"]}]},{"@type":"ImageObject","inLanguage":"en-US","@id":"https:\/\/meteocameroon.gov.cm\/formation-du-personnel-de-la-cud-sur-les-techniques-de-collecte-et-de-traitement-des-donnees-meteorologiques-a-yaounde\/#primaryimage","url":"https:\/\/meteocameroon.gov.cm\/wp-content\/uploads\/2026\/01\/WhatsApp-Image-2024-12-15-at-1.03.26-AM.jpeg","contentUrl":"https:\/\/meteocameroon.gov.cm\/wp-content\/uploads\/2026\/01\/WhatsApp-Image-2024-12-15-at-1.03.26-AM.jpeg","width":1080,"height":810},{"@type":"BreadcrumbList","@id":"https:\/\/meteocameroon.gov.cm\/formation-du-personnel-de-la-cud-sur-les-techniques-de-collecte-et-de-traitement-des-donnees-meteorologiques-a-yaounde\/#breadcrumb","itemListElement":[{"@type":"ListItem","position":1,"name":"Accueil","item":"https:\/\/meteocameroon.gov.cm\/"},{"@type":"ListItem","position":2,"name":"Formation du personnel de la CUD sur les techniques de collecte et de traitement des donn\u00e9es m\u00e9t\u00e9orologiques \u00e0 Yaound\u00e9"}]},{"@type":"WebSite","@id":"https:\/\/meteocameroon.gov.cm\/#website","url":"https:\/\/meteocameroon.gov.cm\/","name":"M\u00e9t\u00e9orologie Nationale du Cameroun","description":"La m\u00e9t\u00e9o un outils pour le d\u00e9veloppement","publisher":{"@id":"https:\/\/meteocameroon.gov.cm\/#organization"},"potentialAction":[{"@type":"SearchAction","target":{"@type":"EntryPoint","urlTemplate":"https:\/\/meteocameroon.gov.cm\/?s={search_term_string}"},"query-input":{"@type":"PropertyValueSpecification","valueRequired":true,"valueName":"search_term_string"}}],"inLanguage":"en-US"},{"@type":"Organization","@id":"https:\/\/meteocameroon.gov.cm\/#organization","name":"M\u00e9t\u00e9orologie Nationale du Cameroun","url":"https:\/\/meteocameroon.gov.cm\/","logo":{"@type":"ImageObject","inLanguage":"en-US","@id":"https:\/\/meteocameroon.gov.cm\/#\/schema\/logo\/image\/","url":"https:\/\/meteocameroon.gov.cm\/wp-content\/uploads\/2022\/06\/Artboard-14x-renew.jpg","contentUrl":"https:\/\/meteocameroon.gov.cm\/wp-content\/uploads\/2022\/06\/Artboard-14x-renew.jpg","width":519,"height":504,"caption":"M\u00e9t\u00e9orologie Nationale du Cameroun"},"image":{"@id":"https:\/\/meteocameroon.gov.cm\/#\/schema\/logo\/image\/"}},{"@type":"Person","@id":"https:\/\/meteocameroon.gov.cm\/#\/schema\/person\/eec674ef6778f16387fc93ba6592255e","name":"editor","image":{"@type":"ImageObject","inLanguage":"en-US","@id":"https:\/\/meteocameroon.gov.cm\/#\/schema\/person\/image\/","url":"https:\/\/secure.gravatar.com\/avatar\/6ab3f1d1eba55d824bf16a34121c680962dc628f8026f85097af88e04b1737ef?s=96&d=mm&r=g","contentUrl":"https:\/\/secure.gravatar.com\/avatar\/6ab3f1d1eba55d824bf16a34121c680962dc628f8026f85097af88e04b1737ef?s=96&d=mm&r=g","caption":"editor"},"url":"https:\/\/meteocameroon.gov.cm\/en\/author\/editor\/"}]}},"rttpg_featured_image_url":{"full":["https:\/\/meteocameroon.gov.cm\/wp-content\/uploads\/2026\/01\/WhatsApp-Image-2024-12-15-at-1.03.26-AM.jpeg",1080,810,false],"landscape":["https:\/\/meteocameroon.gov.cm\/wp-content\/uploads\/2026\/01\/WhatsApp-Image-2024-12-15-at-1.03.26-AM.jpeg",1080,810,false],"portraits":["https:\/\/meteocameroon.gov.cm\/wp-content\/uploads\/2026\/01\/WhatsApp-Image-2024-12-15-at-1.03.26-AM.jpeg",1080,810,false],"thumbnail":["https:\/\/meteocameroon.gov.cm\/wp-content\/uploads\/2026\/01\/WhatsApp-Image-2024-12-15-at-1.03.26-AM-150x150.jpeg",150,150,true],"medium":["https:\/\/meteocameroon.gov.cm\/wp-content\/uploads\/2026\/01\/WhatsApp-Image-2024-12-15-at-1.03.26-AM-300x225.jpeg",300,225,true],"large":["https:\/\/meteocameroon.gov.cm\/wp-content\/uploads\/2026\/01\/WhatsApp-Image-2024-12-15-at-1.03.26-AM-1024x768.jpeg",640,480,true],"1536x1536":["https:\/\/meteocameroon.gov.cm\/wp-content\/uploads\/2026\/01\/WhatsApp-Image-2024-12-15-at-1.03.26-AM.jpeg",1080,810,false],"2048x2048":["https:\/\/meteocameroon.gov.cm\/wp-content\/uploads\/2026\/01\/WhatsApp-Image-2024-12-15-at-1.03.26-AM.jpeg",1080,810,false],"trp-custom-language-flag":["https:\/\/meteocameroon.gov.cm\/wp-content\/uploads\/2026\/01\/WhatsApp-Image-2024-12-15-at-1.03.26-AM-16x12.jpeg",16,12,true],"binit-portfolio":["https:\/\/meteocameroon.gov.cm\/wp-content\/uploads\/2026\/01\/WhatsApp-Image-2024-12-15-at-1.03.26-AM-600x700.jpeg",600,700,true],"binit-portfolio-vertical":["https:\/\/meteocameroon.gov.cm\/wp-content\/uploads\/2026\/01\/WhatsApp-Image-2024-12-15-at-1.03.26-AM-380x564.jpeg",380,564,true],"binit-blog":["https:\/\/meteocameroon.gov.cm\/wp-content\/uploads\/2026\/01\/WhatsApp-Image-2024-12-15-at-1.03.26-AM-600x420.jpeg",600,420,true],"binit-team":["https:\/\/meteocameroon.gov.cm\/wp-content\/uploads\/2026\/01\/WhatsApp-Image-2024-12-15-at-1.03.26-AM-600x645.jpeg",600,645,true],"binit-product":["https:\/\/meteocameroon.gov.cm\/wp-content\/uploads\/2026\/01\/WhatsApp-Image-2024-12-15-at-1.03.26-AM-360x440.jpeg",360,440,true],"binit-event":["https:\/\/meteocameroon.gov.cm\/wp-content\/uploads\/2026\/01\/WhatsApp-Image-2024-12-15-at-1.03.26-AM-420x630.jpeg",420,630,true]},"rttpg_author":{"display_name":"editor","author_link":"https:\/\/meteocameroon.gov.cm\/en\/author\/editor\/"},"rttpg_comment":0,"rttpg_category":"<a href=\"https:\/\/meteocameroon.gov.cm\/en\/category\/actualite\/\" rel=\"category tag\">Actualit\u00e9<\/a> <a href=\"https:\/\/meteocameroon.gov.cm\/en\/category\/information\/\" rel=\"category tag\">Information<\/a>","rttpg_excerpt":"Du 11 au 13 d\u00e9cembre 2024, une formation intensive de trois jours a \u00e9t\u00e9 organis\u00e9e \u00e0 Yaound\u00e9 \u00e0 l\u2019intention du personnel de la Communaut\u00e9 Urbaine de Douala (CUD). Cette initiative, [&hellip;]","_links":{"self":[{"href":"https:\/\/meteocameroon.gov.cm\/en\/wp-json\/wp\/v2\/posts\/4653","targetHints":{"allow":["GET"]}}],"collection":[{"href":"https:\/\/meteocameroon.gov.cm\/en\/wp-json\/wp\/v2\/posts"}],"about":[{"href":"https:\/\/meteocameroon.gov.cm\/en\/wp-json\/wp\/v2\/types\/post"}],"author":[{"embeddable":true,"href":"https:\/\/meteocameroon.gov.cm\/en\/wp-json\/wp\/v2\/users\/30"}],"replies":[{"embeddable":true,"href":"https:\/\/meteocameroon.gov.cm\/en\/wp-json\/wp\/v2\/comments?post=4653"}],"version-history":[{"count":1,"href":"https:\/\/meteocameroon.gov.cm\/en\/wp-json\/wp\/v2\/posts\/4653\/revisions"}],"predecessor-version":[{"id":4658,"href":"https:\/\/meteocameroon.gov.cm\/en\/wp-json\/wp\/v2\/posts\/4653\/revisions\/4658"}],"wp:featuredmedia":[{"embeddable":true,"href":"https:\/\/meteocameroon.gov.cm\/en\/wp-json\/wp\/v2\/media\/4657"}],"wp:attachment":[{"href":"https:\/\/meteocameroon.gov.cm\/en\/wp-json\/wp\/v2\/media?parent=4653"}],"wp:term":[{"taxonomy":"category","embeddable":true,"href":"https:\/\/meteocameroon.gov.cm\/en\/wp-json\/wp\/v2\/categories?post=4653"},{"taxonomy":"post_tag","embeddable":true,"href":"https:\/\/meteocameroon.gov.cm\/en\/wp-json\/wp\/v2\/tags?post=4653"}],"curies":[{"name":"wp","href":"https:\/\/api.w.org\/{rel}","templated":true}]}}