{"id":4659,"date":"2025-09-22T12:20:37","date_gmt":"2025-09-22T11:20:37","guid":{"rendered":"https:\/\/meteocameroon.gov.cm\/?p=4659"},"modified":"2026-01-20T11:07:49","modified_gmt":"2026-01-20T10:07:49","slug":"convention-de-partenariat-le-ministere-des-transports-et-le-meaden-unissent-leurs-forces-pour-le-developpement-du-nord-2","status":"publish","type":"post","link":"https:\/\/meteocameroon.gov.cm\/en\/convention-de-partenariat-le-ministere-des-transports-et-le-meaden-unissent-leurs-forces-pour-le-developpement-du-nord-2\/","title":{"rendered":"Convention de Partenariat : Le Minist\u00e8re des Transports et le MEADEN unissent leurs forces pour le d\u00e9veloppement du Nord"},"content":{"rendered":"<h1>Convention de Partenariat : Le Minist\u00e8re des Transports et le MEADEN unissent leurs forces pour le d\u00e9veloppement du Nord<\/h1>\n<p><strong data-start=\"462\" data-end=\"492\">Yaound\u00e9, 18 septembre 2025<\/strong> \u2013 La salle de conf\u00e9rence du Minist\u00e8re des Transports a servi de cadre \u00e0 la c\u00e9r\u00e9monie officielle de signature d\u2019une Convention de Partenariat entre le Minist\u00e8re des Transports (MINT) et la Mission d\u2019\u00c9tudes pour l\u2019Am\u00e9nagement et le D\u00e9veloppement de la R\u00e9gion du Nord (MEADEN). Cet accord marque une \u00e9tape d\u00e9cisive dans la lutte contre les risques climatiques, notamment dans le bassin de la B\u00e9nou\u00e9.<\/p>\n<figure id=\"attachment_4450\" aria-describedby=\"caption-attachment-4450\" style=\"width: 300px\" class=\"wp-caption aligncenter\"><img loading=\"lazy\" decoding=\"async\" class=\"wp-image-4450 size-medium\" title=\"Photo de famille du Forum National sur les Perspectives Climatiques (NCOF-02)\" src=\"https:\/\/meteoold.meteocameroon.gov.cm\/wp-content\/uploads\/2025\/09\/WhatsApp-Image-2025-09-18-at-13.29.27_c63c8148-Copy-300x225.jpg\" alt=\"Signature de la Convention entre le MINT et la MEADEN\" width=\"300\" height=\"225\" \/><figcaption id=\"caption-attachment-4450\" class=\"wp-caption-text\">Signature de la Convention entre le MINT et la MEADEN<\/figcaption><\/figure>\n<h2>La MEADEN, un acteur cl\u00e9 du d\u00e9veloppement du Nord.<\/h2>\n<p>Cr\u00e9\u00e9e en 1972 et r\u00e9organis\u00e9e en 2019, la MEADEN est l\u2019agence d\u2019ex\u00e9cution du <strong data-start=\"1021\" data-end=\"1043\">Projet VIVA B\u00e9nou\u00e9<\/strong>. Elle intervient dans l\u2019am\u00e9nagement, la planification et le suivi-\u00e9valuation des actions de d\u00e9veloppement dans la R\u00e9gion du Nord. Une r\u00e9gion confront\u00e9e depuis plusieurs d\u00e9cennies \u00e0 des s\u00e9cheresses intenses et \u00e0 des crues exceptionnelles, provoquant d\u2019importants d\u00e9g\u00e2ts humains et mat\u00e9riels.<\/p>\n<h2>Les engagements du partenariat entre le MINT et la MEADEN<\/h2>\n<p data-start=\"1378\" data-end=\"1444\">\u00c0 travers cette convention, les deux institutions s\u2019engagent \u00e0 :<\/p>\n<ul data-start=\"1445\" data-end=\"1734\">\n<li data-start=\"1445\" data-end=\"1514\">\n<p data-start=\"1447\" data-end=\"1514\">Mettre en place un <strong data-start=\"1466\" data-end=\"1510\">syst\u00e8me d\u2019alerte pr\u00e9coce aux inondations<\/strong> ;<\/p>\n<\/li>\n<li data-start=\"1515\" data-end=\"1620\">\n<p data-start=\"1517\" data-end=\"1620\">Assurer une <strong data-start=\"1529\" data-end=\"1553\">assistance technique<\/strong> et un suivi du syst\u00e8me de collecte des donn\u00e9es m\u00e9t\u00e9orologiques ;<\/p>\n<\/li>\n<li data-start=\"1621\" data-end=\"1734\">\n<p data-start=\"1623\" data-end=\"1734\">Contribuer \u00e0 la <strong data-start=\"1639\" data-end=\"1703\">densification et \u00e0 la modernisation du r\u00e9seau m\u00e9t\u00e9orologique<\/strong> dans le bassin de la B\u00e9nou\u00e9.<\/p>\n<\/li>\n<\/ul>\n<p data-start=\"1736\" data-end=\"2137\">Cet accord s\u2019inscrit pleinement dans la <strong data-start=\"1776\" data-end=\"1826\">Strat\u00e9gie Nationale de D\u00e9veloppement 2020-2030<\/strong>, qui pr\u00e9voit la modernisation des activit\u00e9s m\u00e9t\u00e9orologiques et le renforcement de la r\u00e9silience des populations face aux al\u00e9as climatiques. Il b\u00e9n\u00e9ficie \u00e9galement du concours financier et technique de la <strong data-start=\"2031\" data-end=\"2074\">Banque Africaine de D\u00e9veloppement (BAD)<\/strong>, \u00e0 travers l\u2019accord de financement sign\u00e9 le 12 octobre 2021.<\/p>\n<p>&nbsp;<\/p>\n<figure id=\"attachment_4447\" aria-describedby=\"caption-attachment-4447\" style=\"width: 391px\" class=\"wp-caption alignleft\"><img loading=\"lazy\" decoding=\"async\" class=\"wp-image-4447\" src=\"https:\/\/meteoold.meteocameroon.gov.cm\/wp-content\/uploads\/2025\/09\/WhatsApp-Image-2025-09-18-at-13.25.15_d3f60f7e-300x225.jpg\" alt=\"Allocution du Ministre des Transports\" width=\"391\" height=\"293\" \/><figcaption id=\"caption-attachment-4447\" class=\"wp-caption-text\">Allocution du Ministre des Transports<\/figcaption><\/figure>\n<p>Dans son allocution, le Ministre des Transports, <strong data-start=\"2222\" data-end=\"2259\">Jean Ernest Mass\u00e9na NGALL\u00c8 BIBEH\u00c8<\/strong>, a salu\u00e9 cette coop\u00e9ration, soulignant que la synergie d\u2019action entre son d\u00e9partement et la MEADEN produira des r\u00e9sultats concrets. Il a rappel\u00e9 que cette d\u00e9marche s\u2019inscrit dans les <strong data-start=\"2443\" data-end=\"2501\">Tr\u00e8s Hautes Instructions du Pr\u00e9sident de la R\u00e9publique<\/strong> visant \u00e0 int\u00e9grer l\u2019information m\u00e9t\u00e9orologique dans les politiques de d\u00e9veloppement. Il a invit\u00e9 l\u2019ensemble des acteurs concern\u00e9s \u00e0 \u0153uvrer, chacun dans son domaine, \u00e0 la pleine mise en \u0153uvre de cette Convention afin de favoriser un d\u00e9veloppement socio-\u00e9conomique r\u00e9silient de la R\u00e9gion du Nord.<\/p>\n<p>&nbsp;<\/p>\n<figure id=\"attachment_4445\" aria-describedby=\"caption-attachment-4445\" style=\"width: 315px\" class=\"wp-caption alignright\"><img loading=\"lazy\" decoding=\"async\" class=\"wp-image-4445\" src=\"https:\/\/meteoold.meteocameroon.gov.cm\/wp-content\/uploads\/2025\/09\/WhatsApp-Image-2025-09-18-at-13.26.38_1da2dfdb-225x300.jpg\" alt=\"Allocution du Directeur g\u00e9n\u00e9ral de la MEADEN\" width=\"315\" height=\"420\" \/><figcaption id=\"caption-attachment-4445\" class=\"wp-caption-text\">Allocution du Directeur g\u00e9n\u00e9ral de la MEADEN<\/figcaption><\/figure>\n<p>&nbsp;<\/p>\n<p>&nbsp;<\/p>\n<p>LeDirecteur G\u00e9n\u00e9ral de la MEADEN, <strong data-start=\"2625\" data-end=\"2644\">Abdoulaye Serno<\/strong>, a quant \u00e0 lui exprim\u00e9 sa gratitude au Gouvernement et au Chef de l\u2019\u00c9tat pour l\u2019appui \u00e0 ce projet structurant. Il a rappel\u00e9 que le Projet VIVA B\u00e9nou\u00e9 ambitionne de fournir \u00e0 <strong data-start=\"2819\" data-end=\"2841\">26 000 producteurs<\/strong> des services modernes d\u2019irrigation et qu\u2019avec ce syst\u00e8me d\u2019alerte pr\u00e9coce, <strong data-start=\"2917\" data-end=\"2954\">plus de 3,2 millions de personnes<\/strong> seront mieux prot\u00e9g\u00e9es contre les al\u00e9as climatiques.<\/p>\n<p>&nbsp;<\/p>\n<p>&nbsp;<\/p>\n<p>&nbsp;<\/p>\n<p>&nbsp;<\/p>\n<h2>Une coop\u00e9ration MINT &#8211; MEADEN tourn\u00e9e vers l\u2019avenir<\/h2>\n<p>Cette convention ouvre une nouvelle page de coop\u00e9ration institutionnelle en faveur du <strong data-start=\"3143\" data-end=\"3172\">bien-\u00eatre des populations<\/strong> et du d\u00e9veloppement socio-\u00e9conomique r\u00e9silient dans la R\u00e9gion du Nord. Elle illustre \u00e9galement le r\u00f4le strat\u00e9gique de la <strong data-start=\"3294\" data-end=\"3336\">Department of National Meteorology<\/strong>, partenaire incontournable de ce projet.<\/p>","protected":false},"excerpt":{"rendered":"<p>Convention de Partenariat : Le Minist\u00e8re des Transports et le MEADEN unissent leurs forces pour le d\u00e9veloppement du Nord Yaound\u00e9, 18 septembre 2025 \u2013 La salle de conf\u00e9rence du Minist\u00e8re [&hellip;]<\/p>","protected":false},"author":30,"featured_media":4669,"comment_status":"open","ping_status":"open","sticky":false,"template":"","format":"standard","meta":{"footnotes":""},"categories":[106],"tags":[],"class_list":["post-4659","post","type-post","status-publish","format-standard","has-post-thumbnail","hentry","category-climsa"],"yoast_head":"<!-- This site is optimized with the Yoast SEO plugin v26.8 - https:\/\/yoast.com\/product\/yoast-seo-wordpress\/ -->\n<title>Convention de Partenariat : Le Minist\u00e8re des Transports et le MEADEN unissent leurs forces pour le d\u00e9veloppement du Nord - M\u00e9t\u00e9orologie Nationale du Cameroun<\/title>\n<meta name=\"robots\" content=\"index, follow, max-snippet:-1, max-image-preview:large, max-video-preview:-1\" \/>\n<link rel=\"canonical\" href=\"https:\/\/meteocameroon.gov.cm\/en\/convention-de-partenariat-le-ministere-des-transports-et-le-meaden-unissent-leurs-forces-pour-le-developpement-du-nord-2\/\" \/>\n<meta property=\"og:locale\" content=\"en_US\" \/>\n<meta property=\"og:type\" content=\"article\" \/>\n<meta property=\"og:title\" content=\"Convention de Partenariat : Le Minist\u00e8re des Transports et le MEADEN unissent leurs forces pour le d\u00e9veloppement du Nord - M\u00e9t\u00e9orologie Nationale du Cameroun\" \/>\n<meta property=\"og:description\" content=\"Convention de Partenariat : Le Minist\u00e8re des Transports et le MEADEN unissent leurs forces pour le d\u00e9veloppement du Nord Yaound\u00e9, 18 septembre 2025 \u2013 La salle de conf\u00e9rence du Minist\u00e8re [&hellip;]\" \/>\n<meta property=\"og:url\" content=\"https:\/\/meteocameroon.gov.cm\/en\/convention-de-partenariat-le-ministere-des-transports-et-le-meaden-unissent-leurs-forces-pour-le-developpement-du-nord-2\/\" \/>\n<meta property=\"og:site_name\" content=\"M\u00e9t\u00e9orologie Nationale du Cameroun\" \/>\n<meta property=\"article:published_time\" content=\"2025-09-22T11:20:37+00:00\" \/>\n<meta property=\"article:modified_time\" content=\"2026-01-20T10:07:49+00:00\" \/>\n<meta property=\"og:image\" content=\"https:\/\/meteocameroon.gov.cm\/wp-content\/uploads\/2026\/01\/banner-ncofffff.jpg\" \/>\n\t<meta property=\"og:image:width\" content=\"1080\" \/>\n\t<meta property=\"og:image:height\" content=\"414\" \/>\n\t<meta property=\"og:image:type\" content=\"image\/jpeg\" \/>\n<meta name=\"author\" content=\"editor\" \/>\n<meta name=\"twitter:card\" content=\"summary_large_image\" \/>\n<meta name=\"twitter:label1\" content=\"Written by\" \/>\n\t<meta name=\"twitter:data1\" content=\"editor\" \/>\n\t<meta name=\"twitter:label2\" content=\"Est. reading time\" \/>\n\t<meta name=\"twitter:data2\" content=\"4 minutes\" \/>\n<script type=\"application\/ld+json\" class=\"yoast-schema-graph\">{\"@context\":\"https:\/\/schema.org\",\"@graph\":[{\"@type\":\"Article\",\"@id\":\"https:\/\/meteocameroon.gov.cm\/convention-de-partenariat-le-ministere-des-transports-et-le-meaden-unissent-leurs-forces-pour-le-developpement-du-nord-2\/#article\",\"isPartOf\":{\"@id\":\"https:\/\/meteocameroon.gov.cm\/convention-de-partenariat-le-ministere-des-transports-et-le-meaden-unissent-leurs-forces-pour-le-developpement-du-nord-2\/\"},\"author\":{\"name\":\"editor\",\"@id\":\"https:\/\/meteocameroon.gov.cm\/#\/schema\/person\/eec674ef6778f16387fc93ba6592255e\"},\"headline\":\"Convention de Partenariat : Le Minist\u00e8re des Transports et le MEADEN unissent leurs forces pour le d\u00e9veloppement du Nord\",\"datePublished\":\"2025-09-22T11:20:37+00:00\",\"dateModified\":\"2026-01-20T10:07:49+00:00\",\"mainEntityOfPage\":{\"@id\":\"https:\/\/meteocameroon.gov.cm\/convention-de-partenariat-le-ministere-des-transports-et-le-meaden-unissent-leurs-forces-pour-le-developpement-du-nord-2\/\"},\"wordCount\":629,\"commentCount\":0,\"publisher\":{\"@id\":\"https:\/\/meteocameroon.gov.cm\/#organization\"},\"image\":{\"@id\":\"https:\/\/meteocameroon.gov.cm\/convention-de-partenariat-le-ministere-des-transports-et-le-meaden-unissent-leurs-forces-pour-le-developpement-du-nord-2\/#primaryimage\"},\"thumbnailUrl\":\"https:\/\/meteocameroon.gov.cm\/wp-content\/uploads\/2026\/01\/banner-ncofffff.jpg\",\"articleSection\":[\"ClimSA\"],\"inLanguage\":\"en-US\",\"potentialAction\":[{\"@type\":\"CommentAction\",\"name\":\"Comment\",\"target\":[\"https:\/\/meteocameroon.gov.cm\/convention-de-partenariat-le-ministere-des-transports-et-le-meaden-unissent-leurs-forces-pour-le-developpement-du-nord-2\/#respond\"]}]},{\"@type\":\"WebPage\",\"@id\":\"https:\/\/meteocameroon.gov.cm\/convention-de-partenariat-le-ministere-des-transports-et-le-meaden-unissent-leurs-forces-pour-le-developpement-du-nord-2\/\",\"url\":\"https:\/\/meteocameroon.gov.cm\/convention-de-partenariat-le-ministere-des-transports-et-le-meaden-unissent-leurs-forces-pour-le-developpement-du-nord-2\/\",\"name\":\"Convention de Partenariat : Le Minist\u00e8re des Transports et le MEADEN unissent leurs forces pour le d\u00e9veloppement du Nord - M\u00e9t\u00e9orologie Nationale du Cameroun\",\"isPartOf\":{\"@id\":\"https:\/\/meteocameroon.gov.cm\/#website\"},\"primaryImageOfPage\":{\"@id\":\"https:\/\/meteocameroon.gov.cm\/convention-de-partenariat-le-ministere-des-transports-et-le-meaden-unissent-leurs-forces-pour-le-developpement-du-nord-2\/#primaryimage\"},\"image\":{\"@id\":\"https:\/\/meteocameroon.gov.cm\/convention-de-partenariat-le-ministere-des-transports-et-le-meaden-unissent-leurs-forces-pour-le-developpement-du-nord-2\/#primaryimage\"},\"thumbnailUrl\":\"https:\/\/meteocameroon.gov.cm\/wp-content\/uploads\/2026\/01\/banner-ncofffff.jpg\",\"datePublished\":\"2025-09-22T11:20:37+00:00\",\"dateModified\":\"2026-01-20T10:07:49+00:00\",\"breadcrumb\":{\"@id\":\"https:\/\/meteocameroon.gov.cm\/convention-de-partenariat-le-ministere-des-transports-et-le-meaden-unissent-leurs-forces-pour-le-developpement-du-nord-2\/#breadcrumb\"},\"inLanguage\":\"en-US\",\"potentialAction\":[{\"@type\":\"ReadAction\",\"target\":[\"https:\/\/meteocameroon.gov.cm\/convention-de-partenariat-le-ministere-des-transports-et-le-meaden-unissent-leurs-forces-pour-le-developpement-du-nord-2\/\"]}]},{\"@type\":\"ImageObject\",\"inLanguage\":\"en-US\",\"@id\":\"https:\/\/meteocameroon.gov.cm\/convention-de-partenariat-le-ministere-des-transports-et-le-meaden-unissent-leurs-forces-pour-le-developpement-du-nord-2\/#primaryimage\",\"url\":\"https:\/\/meteocameroon.gov.cm\/wp-content\/uploads\/2026\/01\/banner-ncofffff.jpg\",\"contentUrl\":\"https:\/\/meteocameroon.gov.cm\/wp-content\/uploads\/2026\/01\/banner-ncofffff.jpg\",\"width\":1080,\"height\":414},{\"@type\":\"BreadcrumbList\",\"@id\":\"https:\/\/meteocameroon.gov.cm\/convention-de-partenariat-le-ministere-des-transports-et-le-meaden-unissent-leurs-forces-pour-le-developpement-du-nord-2\/#breadcrumb\",\"itemListElement\":[{\"@type\":\"ListItem\",\"position\":1,\"name\":\"Accueil\",\"item\":\"https:\/\/meteocameroon.gov.cm\/\"},{\"@type\":\"ListItem\",\"position\":2,\"name\":\"Convention de Partenariat : Le Minist\u00e8re des Transports et le MEADEN unissent leurs forces pour le d\u00e9veloppement du Nord\"}]},{\"@type\":\"WebSite\",\"@id\":\"https:\/\/meteocameroon.gov.cm\/#website\",\"url\":\"https:\/\/meteocameroon.gov.cm\/\",\"name\":\"M\u00e9t\u00e9orologie Nationale du Cameroun\",\"description\":\"La m\u00e9t\u00e9o un outils pour le d\u00e9veloppement\",\"publisher\":{\"@id\":\"https:\/\/meteocameroon.gov.cm\/#organization\"},\"potentialAction\":[{\"@type\":\"SearchAction\",\"target\":{\"@type\":\"EntryPoint\",\"urlTemplate\":\"https:\/\/meteocameroon.gov.cm\/?s={search_term_string}\"},\"query-input\":{\"@type\":\"PropertyValueSpecification\",\"valueRequired\":true,\"valueName\":\"search_term_string\"}}],\"inLanguage\":\"en-US\"},{\"@type\":\"Organization\",\"@id\":\"https:\/\/meteocameroon.gov.cm\/#organization\",\"name\":\"M\u00e9t\u00e9orologie Nationale du Cameroun\",\"url\":\"https:\/\/meteocameroon.gov.cm\/\",\"logo\":{\"@type\":\"ImageObject\",\"inLanguage\":\"en-US\",\"@id\":\"https:\/\/meteocameroon.gov.cm\/#\/schema\/logo\/image\/\",\"url\":\"https:\/\/meteocameroon.gov.cm\/wp-content\/uploads\/2022\/06\/Artboard-14x-renew.jpg\",\"contentUrl\":\"https:\/\/meteocameroon.gov.cm\/wp-content\/uploads\/2022\/06\/Artboard-14x-renew.jpg\",\"width\":519,\"height\":504,\"caption\":\"M\u00e9t\u00e9orologie Nationale du Cameroun\"},\"image\":{\"@id\":\"https:\/\/meteocameroon.gov.cm\/#\/schema\/logo\/image\/\"}},{\"@type\":\"Person\",\"@id\":\"https:\/\/meteocameroon.gov.cm\/#\/schema\/person\/eec674ef6778f16387fc93ba6592255e\",\"name\":\"editor\",\"image\":{\"@type\":\"ImageObject\",\"inLanguage\":\"en-US\",\"@id\":\"https:\/\/meteocameroon.gov.cm\/#\/schema\/person\/image\/\",\"url\":\"https:\/\/secure.gravatar.com\/avatar\/6ab3f1d1eba55d824bf16a34121c680962dc628f8026f85097af88e04b1737ef?s=96&d=mm&r=g\",\"contentUrl\":\"https:\/\/secure.gravatar.com\/avatar\/6ab3f1d1eba55d824bf16a34121c680962dc628f8026f85097af88e04b1737ef?s=96&d=mm&r=g\",\"caption\":\"editor\"},\"url\":\"https:\/\/meteocameroon.gov.cm\/en\/author\/editor\/\"}]}<\/script>\n<!-- \/ Yoast SEO plugin. -->","yoast_head_json":{"title":"Convention de Partenariat : Le Minist\u00e8re des Transports et le MEADEN unissent leurs forces pour le d\u00e9veloppement du Nord - M\u00e9t\u00e9orologie Nationale du Cameroun","robots":{"index":"index","follow":"follow","max-snippet":"max-snippet:-1","max-image-preview":"max-image-preview:large","max-video-preview":"max-video-preview:-1"},"canonical":"https:\/\/meteocameroon.gov.cm\/en\/convention-de-partenariat-le-ministere-des-transports-et-le-meaden-unissent-leurs-forces-pour-le-developpement-du-nord-2\/","og_locale":"en_US","og_type":"article","og_title":"Convention de Partenariat : Le Minist\u00e8re des Transports et le MEADEN unissent leurs forces pour le d\u00e9veloppement du Nord - M\u00e9t\u00e9orologie Nationale du Cameroun","og_description":"Convention de Partenariat : Le Minist\u00e8re des Transports et le MEADEN unissent leurs forces pour le d\u00e9veloppement du Nord Yaound\u00e9, 18 septembre 2025 \u2013 La salle de conf\u00e9rence du Minist\u00e8re [&hellip;]","og_url":"https:\/\/meteocameroon.gov.cm\/en\/convention-de-partenariat-le-ministere-des-transports-et-le-meaden-unissent-leurs-forces-pour-le-developpement-du-nord-2\/","og_site_name":"M\u00e9t\u00e9orologie Nationale du Cameroun","article_published_time":"2025-09-22T11:20:37+00:00","article_modified_time":"2026-01-20T10:07:49+00:00","og_image":[{"width":1080,"height":414,"url":"https:\/\/meteocameroon.gov.cm\/wp-content\/uploads\/2026\/01\/banner-ncofffff.jpg","type":"image\/jpeg"}],"author":"editor","twitter_card":"summary_large_image","twitter_misc":{"Written by":"editor","Est. reading time":"4 minutes"},"schema":{"@context":"https:\/\/schema.org","@graph":[{"@type":"Article","@id":"https:\/\/meteocameroon.gov.cm\/convention-de-partenariat-le-ministere-des-transports-et-le-meaden-unissent-leurs-forces-pour-le-developpement-du-nord-2\/#article","isPartOf":{"@id":"https:\/\/meteocameroon.gov.cm\/convention-de-partenariat-le-ministere-des-transports-et-le-meaden-unissent-leurs-forces-pour-le-developpement-du-nord-2\/"},"author":{"name":"editor","@id":"https:\/\/meteocameroon.gov.cm\/#\/schema\/person\/eec674ef6778f16387fc93ba6592255e"},"headline":"Convention de Partenariat : Le Minist\u00e8re des Transports et le MEADEN unissent leurs forces pour le d\u00e9veloppement du Nord","datePublished":"2025-09-22T11:20:37+00:00","dateModified":"2026-01-20T10:07:49+00:00","mainEntityOfPage":{"@id":"https:\/\/meteocameroon.gov.cm\/convention-de-partenariat-le-ministere-des-transports-et-le-meaden-unissent-leurs-forces-pour-le-developpement-du-nord-2\/"},"wordCount":629,"commentCount":0,"publisher":{"@id":"https:\/\/meteocameroon.gov.cm\/#organization"},"image":{"@id":"https:\/\/meteocameroon.gov.cm\/convention-de-partenariat-le-ministere-des-transports-et-le-meaden-unissent-leurs-forces-pour-le-developpement-du-nord-2\/#primaryimage"},"thumbnailUrl":"https:\/\/meteocameroon.gov.cm\/wp-content\/uploads\/2026\/01\/banner-ncofffff.jpg","articleSection":["ClimSA"],"inLanguage":"en-US","potentialAction":[{"@type":"CommentAction","name":"Comment","target":["https:\/\/meteocameroon.gov.cm\/convention-de-partenariat-le-ministere-des-transports-et-le-meaden-unissent-leurs-forces-pour-le-developpement-du-nord-2\/#respond"]}]},{"@type":"WebPage","@id":"https:\/\/meteocameroon.gov.cm\/convention-de-partenariat-le-ministere-des-transports-et-le-meaden-unissent-leurs-forces-pour-le-developpement-du-nord-2\/","url":"https:\/\/meteocameroon.gov.cm\/convention-de-partenariat-le-ministere-des-transports-et-le-meaden-unissent-leurs-forces-pour-le-developpement-du-nord-2\/","name":"Convention de Partenariat : Le Minist\u00e8re des Transports et le MEADEN unissent leurs forces pour le d\u00e9veloppement du Nord - M\u00e9t\u00e9orologie Nationale du Cameroun","isPartOf":{"@id":"https:\/\/meteocameroon.gov.cm\/#website"},"primaryImageOfPage":{"@id":"https:\/\/meteocameroon.gov.cm\/convention-de-partenariat-le-ministere-des-transports-et-le-meaden-unissent-leurs-forces-pour-le-developpement-du-nord-2\/#primaryimage"},"image":{"@id":"https:\/\/meteocameroon.gov.cm\/convention-de-partenariat-le-ministere-des-transports-et-le-meaden-unissent-leurs-forces-pour-le-developpement-du-nord-2\/#primaryimage"},"thumbnailUrl":"https:\/\/meteocameroon.gov.cm\/wp-content\/uploads\/2026\/01\/banner-ncofffff.jpg","datePublished":"2025-09-22T11:20:37+00:00","dateModified":"2026-01-20T10:07:49+00:00","breadcrumb":{"@id":"https:\/\/meteocameroon.gov.cm\/convention-de-partenariat-le-ministere-des-transports-et-le-meaden-unissent-leurs-forces-pour-le-developpement-du-nord-2\/#breadcrumb"},"inLanguage":"en-US","potentialAction":[{"@type":"ReadAction","target":["https:\/\/meteocameroon.gov.cm\/convention-de-partenariat-le-ministere-des-transports-et-le-meaden-unissent-leurs-forces-pour-le-developpement-du-nord-2\/"]}]},{"@type":"ImageObject","inLanguage":"en-US","@id":"https:\/\/meteocameroon.gov.cm\/convention-de-partenariat-le-ministere-des-transports-et-le-meaden-unissent-leurs-forces-pour-le-developpement-du-nord-2\/#primaryimage","url":"https:\/\/meteocameroon.gov.cm\/wp-content\/uploads\/2026\/01\/banner-ncofffff.jpg","contentUrl":"https:\/\/meteocameroon.gov.cm\/wp-content\/uploads\/2026\/01\/banner-ncofffff.jpg","width":1080,"height":414},{"@type":"BreadcrumbList","@id":"https:\/\/meteocameroon.gov.cm\/convention-de-partenariat-le-ministere-des-transports-et-le-meaden-unissent-leurs-forces-pour-le-developpement-du-nord-2\/#breadcrumb","itemListElement":[{"@type":"ListItem","position":1,"name":"Accueil","item":"https:\/\/meteocameroon.gov.cm\/"},{"@type":"ListItem","position":2,"name":"Convention de Partenariat : Le Minist\u00e8re des Transports et le MEADEN unissent leurs forces pour le d\u00e9veloppement du Nord"}]},{"@type":"WebSite","@id":"https:\/\/meteocameroon.gov.cm\/#website","url":"https:\/\/meteocameroon.gov.cm\/","name":"M\u00e9t\u00e9orologie Nationale du Cameroun","description":"La m\u00e9t\u00e9o un outils pour le d\u00e9veloppement","publisher":{"@id":"https:\/\/meteocameroon.gov.cm\/#organization"},"potentialAction":[{"@type":"SearchAction","target":{"@type":"EntryPoint","urlTemplate":"https:\/\/meteocameroon.gov.cm\/?s={search_term_string}"},"query-input":{"@type":"PropertyValueSpecification","valueRequired":true,"valueName":"search_term_string"}}],"inLanguage":"en-US"},{"@type":"Organization","@id":"https:\/\/meteocameroon.gov.cm\/#organization","name":"M\u00e9t\u00e9orologie Nationale du Cameroun","url":"https:\/\/meteocameroon.gov.cm\/","logo":{"@type":"ImageObject","inLanguage":"en-US","@id":"https:\/\/meteocameroon.gov.cm\/#\/schema\/logo\/image\/","url":"https:\/\/meteocameroon.gov.cm\/wp-content\/uploads\/2022\/06\/Artboard-14x-renew.jpg","contentUrl":"https:\/\/meteocameroon.gov.cm\/wp-content\/uploads\/2022\/06\/Artboard-14x-renew.jpg","width":519,"height":504,"caption":"M\u00e9t\u00e9orologie Nationale du Cameroun"},"image":{"@id":"https:\/\/meteocameroon.gov.cm\/#\/schema\/logo\/image\/"}},{"@type":"Person","@id":"https:\/\/meteocameroon.gov.cm\/#\/schema\/person\/eec674ef6778f16387fc93ba6592255e","name":"editor","image":{"@type":"ImageObject","inLanguage":"en-US","@id":"https:\/\/meteocameroon.gov.cm\/#\/schema\/person\/image\/","url":"https:\/\/secure.gravatar.com\/avatar\/6ab3f1d1eba55d824bf16a34121c680962dc628f8026f85097af88e04b1737ef?s=96&d=mm&r=g","contentUrl":"https:\/\/secure.gravatar.com\/avatar\/6ab3f1d1eba55d824bf16a34121c680962dc628f8026f85097af88e04b1737ef?s=96&d=mm&r=g","caption":"editor"},"url":"https:\/\/meteocameroon.gov.cm\/en\/author\/editor\/"}]}},"rttpg_featured_image_url":{"full":["https:\/\/meteocameroon.gov.cm\/wp-content\/uploads\/2026\/01\/banner-ncofffff.jpg",1080,414,false],"landscape":["https:\/\/meteocameroon.gov.cm\/wp-content\/uploads\/2026\/01\/banner-ncofffff.jpg",1080,414,false],"portraits":["https:\/\/meteocameroon.gov.cm\/wp-content\/uploads\/2026\/01\/banner-ncofffff.jpg",1080,414,false],"thumbnail":["https:\/\/meteocameroon.gov.cm\/wp-content\/uploads\/2026\/01\/banner-ncofffff-150x150.jpg",150,150,true],"medium":["https:\/\/meteocameroon.gov.cm\/wp-content\/uploads\/2026\/01\/banner-ncofffff-300x115.jpg",300,115,true],"large":["https:\/\/meteocameroon.gov.cm\/wp-content\/uploads\/2026\/01\/banner-ncofffff-1024x393.jpg",640,246,true],"1536x1536":["https:\/\/meteocameroon.gov.cm\/wp-content\/uploads\/2026\/01\/banner-ncofffff.jpg",1080,414,false],"2048x2048":["https:\/\/meteocameroon.gov.cm\/wp-content\/uploads\/2026\/01\/banner-ncofffff.jpg",1080,414,false],"trp-custom-language-flag":["https:\/\/meteocameroon.gov.cm\/wp-content\/uploads\/2026\/01\/banner-ncofffff-18x7.jpg",18,7,true],"binit-portfolio":["https:\/\/meteocameroon.gov.cm\/wp-content\/uploads\/2026\/01\/banner-ncofffff-600x414.jpg",600,414,true],"binit-portfolio-vertical":["https:\/\/meteocameroon.gov.cm\/wp-content\/uploads\/2026\/01\/banner-ncofffff-380x414.jpg",380,414,true],"binit-blog":["https:\/\/meteocameroon.gov.cm\/wp-content\/uploads\/2026\/01\/banner-ncofffff-600x414.jpg",600,414,true],"binit-team":["https:\/\/meteocameroon.gov.cm\/wp-content\/uploads\/2026\/01\/banner-ncofffff-600x414.jpg",600,414,true],"binit-product":["https:\/\/meteocameroon.gov.cm\/wp-content\/uploads\/2026\/01\/banner-ncofffff-360x414.jpg",360,414,true],"binit-event":["https:\/\/meteocameroon.gov.cm\/wp-content\/uploads\/2026\/01\/banner-ncofffff-420x414.jpg",420,414,true]},"rttpg_author":{"display_name":"editor","author_link":"https:\/\/meteocameroon.gov.cm\/en\/author\/editor\/"},"rttpg_comment":0,"rttpg_category":"<a href=\"https:\/\/meteocameroon.gov.cm\/en\/category\/climsa\/\" rel=\"category tag\">ClimSA<\/a>","rttpg_excerpt":"Convention de Partenariat : Le Minist\u00e8re des Transports et le MEADEN unissent leurs forces pour le d\u00e9veloppement du Nord Yaound\u00e9, 18 septembre 2025 \u2013 La salle de conf\u00e9rence du Minist\u00e8re [&hellip;]","_links":{"self":[{"href":"https:\/\/meteocameroon.gov.cm\/en\/wp-json\/wp\/v2\/posts\/4659","targetHints":{"allow":["GET"]}}],"collection":[{"href":"https:\/\/meteocameroon.gov.cm\/en\/wp-json\/wp\/v2\/posts"}],"about":[{"href":"https:\/\/meteocameroon.gov.cm\/en\/wp-json\/wp\/v2\/types\/post"}],"author":[{"embeddable":true,"href":"https:\/\/meteocameroon.gov.cm\/en\/wp-json\/wp\/v2\/users\/30"}],"replies":[{"embeddable":true,"href":"https:\/\/meteocameroon.gov.cm\/en\/wp-json\/wp\/v2\/comments?post=4659"}],"version-history":[{"count":1,"href":"https:\/\/meteocameroon.gov.cm\/en\/wp-json\/wp\/v2\/posts\/4659\/revisions"}],"predecessor-version":[{"id":4670,"href":"https:\/\/meteocameroon.gov.cm\/en\/wp-json\/wp\/v2\/posts\/4659\/revisions\/4670"}],"wp:featuredmedia":[{"embeddable":true,"href":"https:\/\/meteocameroon.gov.cm\/en\/wp-json\/wp\/v2\/media\/4669"}],"wp:attachment":[{"href":"https:\/\/meteocameroon.gov.cm\/en\/wp-json\/wp\/v2\/media?parent=4659"}],"wp:term":[{"taxonomy":"category","embeddable":true,"href":"https:\/\/meteocameroon.gov.cm\/en\/wp-json\/wp\/v2\/categories?post=4659"},{"taxonomy":"post_tag","embeddable":true,"href":"https:\/\/meteocameroon.gov.cm\/en\/wp-json\/wp\/v2\/tags?post=4659"}],"curies":[{"name":"wp","href":"https:\/\/api.w.org\/{rel}","templated":true}]}}