{"id":4660,"date":"2024-12-05T11:18:08","date_gmt":"2024-12-05T10:18:08","guid":{"rendered":"https:\/\/meteocameroon.gov.cm\/?p=4660"},"modified":"2026-01-20T10:57:46","modified_gmt":"2026-01-20T09:57:46","slug":"visite-du-comite-de-suivi-et-devaluation-de-la-convention-mint-pak-a-lasecna-et-au-capc-ac","status":"publish","type":"post","link":"https:\/\/meteocameroon.gov.cm\/en\/visite-du-comite-de-suivi-et-devaluation-de-la-convention-mint-pak-a-lasecna-et-au-capc-ac\/","title":{"rendered":"Visite du Comit\u00e9 de Suivi et d\u2019\u00c9valuation de la Convention MINT\/PAK \u00e0 l\u2019ASECNA et au CAPC-AC"},"content":{"rendered":"<p>Dans le cadre de la mise en \u0153uvre du plan d\u2019action 2024 de la Convention de partenariat entre le <strong>Minist\u00e8re des Transports (MINT)<\/strong> et le<strong> Port Autonome de Kribi (PAK)<\/strong>, le Comit\u00e9 de suivi et d\u2019\u00e9valuation a effectu\u00e9, les <strong>13 et 14 novembre<\/strong>, une visite de terrain au sein des installations m\u00e9t\u00e9orologiques de<strong> l&#8217;Agence pour la S\u00e9curit\u00e9 de la Navigation A\u00e9rienne en Afrique et \u00e0 Madagascar (ASECNA)<\/strong> et du <strong>Centre d&#8217;Application et de Pr\u00e9vision Climatologique d&#8217;Afrique Centrale (CAPC-AC)<\/strong>.<\/p>\n<p>Cette d\u00e9l\u00e9gation, conduite par le<strong> Secr\u00e9taire g\u00e9n\u00e9ral du Minist\u00e8re des Transports <\/strong>et le<strong> Conseiller Technique N\u00b01 du PAK, <\/strong>repr\u00e9sentant le Directeur g\u00e9n\u00e9ral du PAK, avait pour mission d\u2019\u00e9valuer le fonctionnement des infrastructures de collecte et de traitement des donn\u00e9es m\u00e9t\u00e9orologiques. Accueillis par le Repr\u00e9sentant r\u00e9sident de l\u2019ASECNA et le Coordonnateur adjoint du CAPC-AC, les membres du Comit\u00e9 ont visit\u00e9 les diff\u00e9rentes unit\u00e9s op\u00e9rationnelles en charge de la collecte, du traitement et de l\u2019exploitation des donn\u00e9es m\u00e9t\u00e9orologiques.<\/p>\n<p><img loading=\"lazy\" decoding=\"async\" class=\"wp-image-4178 aligncenter\" src=\"https:\/\/meteoold.meteocameroon.gov.cm\/wp-content\/uploads\/2024\/12\/WhatsApp-Image-2024-12-05-at-5.29.14-AM-1.jpeg\" alt=\"\" width=\"1371\" height=\"1028\" \/><\/p>\n<p>Au terme de cette visite, le Secr\u00e9taire g\u00e9n\u00e9ral du Minist\u00e8re des Transports a soulign\u00e9 l\u2019importance strat\u00e9gique de ces infrastructures pour le d\u00e9veloppement des activit\u00e9s portuaires et la s\u00e9curit\u00e9 maritime. Il a \u00e9galement encourag\u00e9 le PAK \u00e0 acc\u00e9l\u00e9rer la mise en place d\u2019un parc m\u00e9t\u00e9orologique conforme, en collaboration avec la Direction de la M\u00e9t\u00e9orologie Nationale, afin de renforcer les capacit\u00e9s de pr\u00e9vision et d\u2019assistance m\u00e9t\u00e9orologique au sein du port.<\/p>\n<p>Cette initiative marque une \u00e9tape importante dans le renforcement du partenariat entre le MINT et le PAK pour l\u2019am\u00e9lioration des services m\u00e9t\u00e9orologiques, essentiels au bon fonctionnement des infrastructures portuaires et \u00e0 la s\u00e9curit\u00e9 des op\u00e9rations maritimes.<\/p>\n<p>\u270d\ud83c\udffd Source : Direction de la M\u00e9t\u00e9orologie Nationale du Cameroun.<br \/>\n\ud83c\udf0d meteoold.meteocameroon.gov.cm<\/p>\n<p>&nbsp;<\/p>\n<p><img loading=\"lazy\" decoding=\"async\" class=\"wp-image-4173 aligncenter\" src=\"https:\/\/meteoold.meteocameroon.gov.cm\/wp-content\/uploads\/2024\/12\/WhatsApp-Image-2024-12-05-at-5.29.15-AM.jpeg\" alt=\"\" width=\"1377\" height=\"1033\" \/><\/p>\n<p><img loading=\"lazy\" decoding=\"async\" class=\"wp-image-4170 aligncenter\" src=\"https:\/\/meteoold.meteocameroon.gov.cm\/wp-content\/uploads\/2024\/12\/WhatsApp-Image-2024-12-05-at-5.29.16-AM-2.jpeg\" alt=\"\" width=\"1379\" height=\"1035\" \/><\/p>\n<p><img loading=\"lazy\" decoding=\"async\" class=\"wp-image-4172 aligncenter\" src=\"https:\/\/meteoold.meteocameroon.gov.cm\/wp-content\/uploads\/2024\/12\/WhatsApp-Image-2024-12-05-at-5.29.16-AM-1.jpeg\" alt=\"\" width=\"1352\" height=\"1014\" \/><\/p>\n<p><img loading=\"lazy\" decoding=\"async\" class=\"wp-image-4171 aligncenter\" src=\"https:\/\/meteoold.meteocameroon.gov.cm\/wp-content\/uploads\/2024\/12\/WhatsApp-Image-2024-12-05-at-5.29.13-AM-2.jpeg\" alt=\"\" width=\"1384\" height=\"1039\" \/><\/p>\n<p>&nbsp;<\/p>\n<p><img loading=\"lazy\" decoding=\"async\" class=\"wp-image-4174 alignleft\" src=\"https:\/\/meteoold.meteocameroon.gov.cm\/wp-content\/uploads\/2024\/12\/WhatsApp-Image-2024-12-05-at-5.29.13-AM-1.jpeg\" alt=\"\" width=\"1391\" height=\"1043\" \/><\/p>","protected":false},"excerpt":{"rendered":"<p>Dans le cadre de la mise en \u0153uvre du plan d\u2019action 2024 de la Convention de partenariat entre le Minist\u00e8re des Transports (MINT) et le Port Autonome de Kribi (PAK), [&hellip;]<\/p>","protected":false},"author":30,"featured_media":4661,"comment_status":"open","ping_status":"open","sticky":false,"template":"","format":"standard","meta":{"footnotes":""},"categories":[18,1],"tags":[],"class_list":["post-4660","post","type-post","status-publish","format-standard","has-post-thumbnail","hentry","category-actualite","category-information"],"yoast_head":"<!-- This site is optimized with the Yoast SEO plugin v26.8 - https:\/\/yoast.com\/product\/yoast-seo-wordpress\/ -->\n<title>Visite du Comit\u00e9 de Suivi et d\u2019\u00c9valuation de la Convention MINT\/PAK \u00e0 l\u2019ASECNA et au CAPC-AC - M\u00e9t\u00e9orologie Nationale du Cameroun<\/title>\n<meta name=\"robots\" content=\"index, follow, max-snippet:-1, max-image-preview:large, max-video-preview:-1\" \/>\n<link rel=\"canonical\" href=\"https:\/\/meteocameroon.gov.cm\/en\/visite-du-comite-de-suivi-et-devaluation-de-la-convention-mint-pak-a-lasecna-et-au-capc-ac\/\" \/>\n<meta property=\"og:locale\" content=\"en_US\" \/>\n<meta property=\"og:type\" content=\"article\" \/>\n<meta property=\"og:title\" content=\"Visite du Comit\u00e9 de Suivi et d\u2019\u00c9valuation de la Convention MINT\/PAK \u00e0 l\u2019ASECNA et au CAPC-AC - M\u00e9t\u00e9orologie Nationale du Cameroun\" \/>\n<meta property=\"og:description\" content=\"Dans le cadre de la mise en \u0153uvre du plan d\u2019action 2024 de la Convention de partenariat entre le Minist\u00e8re des Transports (MINT) et le Port Autonome de Kribi (PAK), [&hellip;]\" \/>\n<meta property=\"og:url\" content=\"https:\/\/meteocameroon.gov.cm\/en\/visite-du-comite-de-suivi-et-devaluation-de-la-convention-mint-pak-a-lasecna-et-au-capc-ac\/\" \/>\n<meta property=\"og:site_name\" content=\"M\u00e9t\u00e9orologie Nationale du Cameroun\" \/>\n<meta property=\"article:published_time\" content=\"2024-12-05T10:18:08+00:00\" \/>\n<meta property=\"article:modified_time\" content=\"2026-01-20T09:57:46+00:00\" \/>\n<meta property=\"og:image\" content=\"https:\/\/meteocameroon.gov.cm\/wp-content\/uploads\/2026\/01\/WhatsApp-Image-2024-12-05-at-5.29.13-AM.jpeg\" \/>\n\t<meta property=\"og:image:width\" content=\"1080\" \/>\n\t<meta property=\"og:image:height\" content=\"810\" \/>\n\t<meta property=\"og:image:type\" content=\"image\/jpeg\" \/>\n<meta name=\"author\" content=\"editor\" \/>\n<meta name=\"twitter:card\" content=\"summary_large_image\" \/>\n<meta name=\"twitter:label1\" content=\"Written by\" \/>\n\t<meta name=\"twitter:data1\" content=\"editor\" \/>\n\t<meta name=\"twitter:label2\" content=\"Est. reading time\" \/>\n\t<meta name=\"twitter:data2\" content=\"3 minutes\" \/>\n<script type=\"application\/ld+json\" class=\"yoast-schema-graph\">{\"@context\":\"https:\/\/schema.org\",\"@graph\":[{\"@type\":\"Article\",\"@id\":\"https:\/\/meteocameroon.gov.cm\/visite-du-comite-de-suivi-et-devaluation-de-la-convention-mint-pak-a-lasecna-et-au-capc-ac\/#article\",\"isPartOf\":{\"@id\":\"https:\/\/meteocameroon.gov.cm\/visite-du-comite-de-suivi-et-devaluation-de-la-convention-mint-pak-a-lasecna-et-au-capc-ac\/\"},\"author\":{\"name\":\"editor\",\"@id\":\"https:\/\/meteocameroon.gov.cm\/#\/schema\/person\/eec674ef6778f16387fc93ba6592255e\"},\"headline\":\"Visite du Comit\u00e9 de Suivi et d\u2019\u00c9valuation de la Convention MINT\/PAK \u00e0 l\u2019ASECNA et au CAPC-AC\",\"datePublished\":\"2024-12-05T10:18:08+00:00\",\"dateModified\":\"2026-01-20T09:57:46+00:00\",\"mainEntityOfPage\":{\"@id\":\"https:\/\/meteocameroon.gov.cm\/visite-du-comite-de-suivi-et-devaluation-de-la-convention-mint-pak-a-lasecna-et-au-capc-ac\/\"},\"wordCount\":344,\"commentCount\":0,\"publisher\":{\"@id\":\"https:\/\/meteocameroon.gov.cm\/#organization\"},\"image\":{\"@id\":\"https:\/\/meteocameroon.gov.cm\/visite-du-comite-de-suivi-et-devaluation-de-la-convention-mint-pak-a-lasecna-et-au-capc-ac\/#primaryimage\"},\"thumbnailUrl\":\"https:\/\/meteocameroon.gov.cm\/wp-content\/uploads\/2026\/01\/WhatsApp-Image-2024-12-05-at-5.29.13-AM.jpeg\",\"articleSection\":[\"Actualit\u00e9\",\"Information\"],\"inLanguage\":\"en-US\",\"potentialAction\":[{\"@type\":\"CommentAction\",\"name\":\"Comment\",\"target\":[\"https:\/\/meteocameroon.gov.cm\/visite-du-comite-de-suivi-et-devaluation-de-la-convention-mint-pak-a-lasecna-et-au-capc-ac\/#respond\"]}]},{\"@type\":\"WebPage\",\"@id\":\"https:\/\/meteocameroon.gov.cm\/visite-du-comite-de-suivi-et-devaluation-de-la-convention-mint-pak-a-lasecna-et-au-capc-ac\/\",\"url\":\"https:\/\/meteocameroon.gov.cm\/visite-du-comite-de-suivi-et-devaluation-de-la-convention-mint-pak-a-lasecna-et-au-capc-ac\/\",\"name\":\"Visite du Comit\u00e9 de Suivi et d\u2019\u00c9valuation de la Convention MINT\/PAK \u00e0 l\u2019ASECNA et au CAPC-AC - M\u00e9t\u00e9orologie Nationale du Cameroun\",\"isPartOf\":{\"@id\":\"https:\/\/meteocameroon.gov.cm\/#website\"},\"primaryImageOfPage\":{\"@id\":\"https:\/\/meteocameroon.gov.cm\/visite-du-comite-de-suivi-et-devaluation-de-la-convention-mint-pak-a-lasecna-et-au-capc-ac\/#primaryimage\"},\"image\":{\"@id\":\"https:\/\/meteocameroon.gov.cm\/visite-du-comite-de-suivi-et-devaluation-de-la-convention-mint-pak-a-lasecna-et-au-capc-ac\/#primaryimage\"},\"thumbnailUrl\":\"https:\/\/meteocameroon.gov.cm\/wp-content\/uploads\/2026\/01\/WhatsApp-Image-2024-12-05-at-5.29.13-AM.jpeg\",\"datePublished\":\"2024-12-05T10:18:08+00:00\",\"dateModified\":\"2026-01-20T09:57:46+00:00\",\"breadcrumb\":{\"@id\":\"https:\/\/meteocameroon.gov.cm\/visite-du-comite-de-suivi-et-devaluation-de-la-convention-mint-pak-a-lasecna-et-au-capc-ac\/#breadcrumb\"},\"inLanguage\":\"en-US\",\"potentialAction\":[{\"@type\":\"ReadAction\",\"target\":[\"https:\/\/meteocameroon.gov.cm\/visite-du-comite-de-suivi-et-devaluation-de-la-convention-mint-pak-a-lasecna-et-au-capc-ac\/\"]}]},{\"@type\":\"ImageObject\",\"inLanguage\":\"en-US\",\"@id\":\"https:\/\/meteocameroon.gov.cm\/visite-du-comite-de-suivi-et-devaluation-de-la-convention-mint-pak-a-lasecna-et-au-capc-ac\/#primaryimage\",\"url\":\"https:\/\/meteocameroon.gov.cm\/wp-content\/uploads\/2026\/01\/WhatsApp-Image-2024-12-05-at-5.29.13-AM.jpeg\",\"contentUrl\":\"https:\/\/meteocameroon.gov.cm\/wp-content\/uploads\/2026\/01\/WhatsApp-Image-2024-12-05-at-5.29.13-AM.jpeg\",\"width\":1080,\"height\":810},{\"@type\":\"BreadcrumbList\",\"@id\":\"https:\/\/meteocameroon.gov.cm\/visite-du-comite-de-suivi-et-devaluation-de-la-convention-mint-pak-a-lasecna-et-au-capc-ac\/#breadcrumb\",\"itemListElement\":[{\"@type\":\"ListItem\",\"position\":1,\"name\":\"Accueil\",\"item\":\"https:\/\/meteocameroon.gov.cm\/\"},{\"@type\":\"ListItem\",\"position\":2,\"name\":\"Visite du Comit\u00e9 de Suivi et d\u2019\u00c9valuation de la Convention MINT\/PAK \u00e0 l\u2019ASECNA et au CAPC-AC\"}]},{\"@type\":\"WebSite\",\"@id\":\"https:\/\/meteocameroon.gov.cm\/#website\",\"url\":\"https:\/\/meteocameroon.gov.cm\/\",\"name\":\"M\u00e9t\u00e9orologie Nationale du Cameroun\",\"description\":\"La m\u00e9t\u00e9o un outils pour le d\u00e9veloppement\",\"publisher\":{\"@id\":\"https:\/\/meteocameroon.gov.cm\/#organization\"},\"potentialAction\":[{\"@type\":\"SearchAction\",\"target\":{\"@type\":\"EntryPoint\",\"urlTemplate\":\"https:\/\/meteocameroon.gov.cm\/?s={search_term_string}\"},\"query-input\":{\"@type\":\"PropertyValueSpecification\",\"valueRequired\":true,\"valueName\":\"search_term_string\"}}],\"inLanguage\":\"en-US\"},{\"@type\":\"Organization\",\"@id\":\"https:\/\/meteocameroon.gov.cm\/#organization\",\"name\":\"M\u00e9t\u00e9orologie Nationale du Cameroun\",\"url\":\"https:\/\/meteocameroon.gov.cm\/\",\"logo\":{\"@type\":\"ImageObject\",\"inLanguage\":\"en-US\",\"@id\":\"https:\/\/meteocameroon.gov.cm\/#\/schema\/logo\/image\/\",\"url\":\"https:\/\/meteocameroon.gov.cm\/wp-content\/uploads\/2022\/06\/Artboard-14x-renew.jpg\",\"contentUrl\":\"https:\/\/meteocameroon.gov.cm\/wp-content\/uploads\/2022\/06\/Artboard-14x-renew.jpg\",\"width\":519,\"height\":504,\"caption\":\"M\u00e9t\u00e9orologie Nationale du Cameroun\"},\"image\":{\"@id\":\"https:\/\/meteocameroon.gov.cm\/#\/schema\/logo\/image\/\"}},{\"@type\":\"Person\",\"@id\":\"https:\/\/meteocameroon.gov.cm\/#\/schema\/person\/eec674ef6778f16387fc93ba6592255e\",\"name\":\"editor\",\"image\":{\"@type\":\"ImageObject\",\"inLanguage\":\"en-US\",\"@id\":\"https:\/\/meteocameroon.gov.cm\/#\/schema\/person\/image\/\",\"url\":\"https:\/\/secure.gravatar.com\/avatar\/6ab3f1d1eba55d824bf16a34121c680962dc628f8026f85097af88e04b1737ef?s=96&d=mm&r=g\",\"contentUrl\":\"https:\/\/secure.gravatar.com\/avatar\/6ab3f1d1eba55d824bf16a34121c680962dc628f8026f85097af88e04b1737ef?s=96&d=mm&r=g\",\"caption\":\"editor\"},\"url\":\"https:\/\/meteocameroon.gov.cm\/en\/author\/editor\/\"}]}<\/script>\n<!-- \/ Yoast SEO plugin. -->","yoast_head_json":{"title":"Visite du Comit\u00e9 de Suivi et d\u2019\u00c9valuation de la Convention MINT\/PAK \u00e0 l\u2019ASECNA et au CAPC-AC - M\u00e9t\u00e9orologie Nationale du Cameroun","robots":{"index":"index","follow":"follow","max-snippet":"max-snippet:-1","max-image-preview":"max-image-preview:large","max-video-preview":"max-video-preview:-1"},"canonical":"https:\/\/meteocameroon.gov.cm\/en\/visite-du-comite-de-suivi-et-devaluation-de-la-convention-mint-pak-a-lasecna-et-au-capc-ac\/","og_locale":"en_US","og_type":"article","og_title":"Visite du Comit\u00e9 de Suivi et d\u2019\u00c9valuation de la Convention MINT\/PAK \u00e0 l\u2019ASECNA et au CAPC-AC - M\u00e9t\u00e9orologie Nationale du Cameroun","og_description":"Dans le cadre de la mise en \u0153uvre du plan d\u2019action 2024 de la Convention de partenariat entre le Minist\u00e8re des Transports (MINT) et le Port Autonome de Kribi (PAK), [&hellip;]","og_url":"https:\/\/meteocameroon.gov.cm\/en\/visite-du-comite-de-suivi-et-devaluation-de-la-convention-mint-pak-a-lasecna-et-au-capc-ac\/","og_site_name":"M\u00e9t\u00e9orologie Nationale du Cameroun","article_published_time":"2024-12-05T10:18:08+00:00","article_modified_time":"2026-01-20T09:57:46+00:00","og_image":[{"width":1080,"height":810,"url":"https:\/\/meteocameroon.gov.cm\/wp-content\/uploads\/2026\/01\/WhatsApp-Image-2024-12-05-at-5.29.13-AM.jpeg","type":"image\/jpeg"}],"author":"editor","twitter_card":"summary_large_image","twitter_misc":{"Written by":"editor","Est. reading time":"3 minutes"},"schema":{"@context":"https:\/\/schema.org","@graph":[{"@type":"Article","@id":"https:\/\/meteocameroon.gov.cm\/visite-du-comite-de-suivi-et-devaluation-de-la-convention-mint-pak-a-lasecna-et-au-capc-ac\/#article","isPartOf":{"@id":"https:\/\/meteocameroon.gov.cm\/visite-du-comite-de-suivi-et-devaluation-de-la-convention-mint-pak-a-lasecna-et-au-capc-ac\/"},"author":{"name":"editor","@id":"https:\/\/meteocameroon.gov.cm\/#\/schema\/person\/eec674ef6778f16387fc93ba6592255e"},"headline":"Visite du Comit\u00e9 de Suivi et d\u2019\u00c9valuation de la Convention MINT\/PAK \u00e0 l\u2019ASECNA et au CAPC-AC","datePublished":"2024-12-05T10:18:08+00:00","dateModified":"2026-01-20T09:57:46+00:00","mainEntityOfPage":{"@id":"https:\/\/meteocameroon.gov.cm\/visite-du-comite-de-suivi-et-devaluation-de-la-convention-mint-pak-a-lasecna-et-au-capc-ac\/"},"wordCount":344,"commentCount":0,"publisher":{"@id":"https:\/\/meteocameroon.gov.cm\/#organization"},"image":{"@id":"https:\/\/meteocameroon.gov.cm\/visite-du-comite-de-suivi-et-devaluation-de-la-convention-mint-pak-a-lasecna-et-au-capc-ac\/#primaryimage"},"thumbnailUrl":"https:\/\/meteocameroon.gov.cm\/wp-content\/uploads\/2026\/01\/WhatsApp-Image-2024-12-05-at-5.29.13-AM.jpeg","articleSection":["Actualit\u00e9","Information"],"inLanguage":"en-US","potentialAction":[{"@type":"CommentAction","name":"Comment","target":["https:\/\/meteocameroon.gov.cm\/visite-du-comite-de-suivi-et-devaluation-de-la-convention-mint-pak-a-lasecna-et-au-capc-ac\/#respond"]}]},{"@type":"WebPage","@id":"https:\/\/meteocameroon.gov.cm\/visite-du-comite-de-suivi-et-devaluation-de-la-convention-mint-pak-a-lasecna-et-au-capc-ac\/","url":"https:\/\/meteocameroon.gov.cm\/visite-du-comite-de-suivi-et-devaluation-de-la-convention-mint-pak-a-lasecna-et-au-capc-ac\/","name":"Visite du Comit\u00e9 de Suivi et d\u2019\u00c9valuation de la Convention MINT\/PAK \u00e0 l\u2019ASECNA et au CAPC-AC - M\u00e9t\u00e9orologie Nationale du Cameroun","isPartOf":{"@id":"https:\/\/meteocameroon.gov.cm\/#website"},"primaryImageOfPage":{"@id":"https:\/\/meteocameroon.gov.cm\/visite-du-comite-de-suivi-et-devaluation-de-la-convention-mint-pak-a-lasecna-et-au-capc-ac\/#primaryimage"},"image":{"@id":"https:\/\/meteocameroon.gov.cm\/visite-du-comite-de-suivi-et-devaluation-de-la-convention-mint-pak-a-lasecna-et-au-capc-ac\/#primaryimage"},"thumbnailUrl":"https:\/\/meteocameroon.gov.cm\/wp-content\/uploads\/2026\/01\/WhatsApp-Image-2024-12-05-at-5.29.13-AM.jpeg","datePublished":"2024-12-05T10:18:08+00:00","dateModified":"2026-01-20T09:57:46+00:00","breadcrumb":{"@id":"https:\/\/meteocameroon.gov.cm\/visite-du-comite-de-suivi-et-devaluation-de-la-convention-mint-pak-a-lasecna-et-au-capc-ac\/#breadcrumb"},"inLanguage":"en-US","potentialAction":[{"@type":"ReadAction","target":["https:\/\/meteocameroon.gov.cm\/visite-du-comite-de-suivi-et-devaluation-de-la-convention-mint-pak-a-lasecna-et-au-capc-ac\/"]}]},{"@type":"ImageObject","inLanguage":"en-US","@id":"https:\/\/meteocameroon.gov.cm\/visite-du-comite-de-suivi-et-devaluation-de-la-convention-mint-pak-a-lasecna-et-au-capc-ac\/#primaryimage","url":"https:\/\/meteocameroon.gov.cm\/wp-content\/uploads\/2026\/01\/WhatsApp-Image-2024-12-05-at-5.29.13-AM.jpeg","contentUrl":"https:\/\/meteocameroon.gov.cm\/wp-content\/uploads\/2026\/01\/WhatsApp-Image-2024-12-05-at-5.29.13-AM.jpeg","width":1080,"height":810},{"@type":"BreadcrumbList","@id":"https:\/\/meteocameroon.gov.cm\/visite-du-comite-de-suivi-et-devaluation-de-la-convention-mint-pak-a-lasecna-et-au-capc-ac\/#breadcrumb","itemListElement":[{"@type":"ListItem","position":1,"name":"Accueil","item":"https:\/\/meteocameroon.gov.cm\/"},{"@type":"ListItem","position":2,"name":"Visite du Comit\u00e9 de Suivi et d\u2019\u00c9valuation de la Convention MINT\/PAK \u00e0 l\u2019ASECNA et au CAPC-AC"}]},{"@type":"WebSite","@id":"https:\/\/meteocameroon.gov.cm\/#website","url":"https:\/\/meteocameroon.gov.cm\/","name":"M\u00e9t\u00e9orologie Nationale du Cameroun","description":"La m\u00e9t\u00e9o un outils pour le d\u00e9veloppement","publisher":{"@id":"https:\/\/meteocameroon.gov.cm\/#organization"},"potentialAction":[{"@type":"SearchAction","target":{"@type":"EntryPoint","urlTemplate":"https:\/\/meteocameroon.gov.cm\/?s={search_term_string}"},"query-input":{"@type":"PropertyValueSpecification","valueRequired":true,"valueName":"search_term_string"}}],"inLanguage":"en-US"},{"@type":"Organization","@id":"https:\/\/meteocameroon.gov.cm\/#organization","name":"M\u00e9t\u00e9orologie Nationale du Cameroun","url":"https:\/\/meteocameroon.gov.cm\/","logo":{"@type":"ImageObject","inLanguage":"en-US","@id":"https:\/\/meteocameroon.gov.cm\/#\/schema\/logo\/image\/","url":"https:\/\/meteocameroon.gov.cm\/wp-content\/uploads\/2022\/06\/Artboard-14x-renew.jpg","contentUrl":"https:\/\/meteocameroon.gov.cm\/wp-content\/uploads\/2022\/06\/Artboard-14x-renew.jpg","width":519,"height":504,"caption":"M\u00e9t\u00e9orologie Nationale du Cameroun"},"image":{"@id":"https:\/\/meteocameroon.gov.cm\/#\/schema\/logo\/image\/"}},{"@type":"Person","@id":"https:\/\/meteocameroon.gov.cm\/#\/schema\/person\/eec674ef6778f16387fc93ba6592255e","name":"editor","image":{"@type":"ImageObject","inLanguage":"en-US","@id":"https:\/\/meteocameroon.gov.cm\/#\/schema\/person\/image\/","url":"https:\/\/secure.gravatar.com\/avatar\/6ab3f1d1eba55d824bf16a34121c680962dc628f8026f85097af88e04b1737ef?s=96&d=mm&r=g","contentUrl":"https:\/\/secure.gravatar.com\/avatar\/6ab3f1d1eba55d824bf16a34121c680962dc628f8026f85097af88e04b1737ef?s=96&d=mm&r=g","caption":"editor"},"url":"https:\/\/meteocameroon.gov.cm\/en\/author\/editor\/"}]}},"rttpg_featured_image_url":{"full":["https:\/\/meteocameroon.gov.cm\/wp-content\/uploads\/2026\/01\/WhatsApp-Image-2024-12-05-at-5.29.13-AM.jpeg",1080,810,false],"landscape":["https:\/\/meteocameroon.gov.cm\/wp-content\/uploads\/2026\/01\/WhatsApp-Image-2024-12-05-at-5.29.13-AM.jpeg",1080,810,false],"portraits":["https:\/\/meteocameroon.gov.cm\/wp-content\/uploads\/2026\/01\/WhatsApp-Image-2024-12-05-at-5.29.13-AM.jpeg",1080,810,false],"thumbnail":["https:\/\/meteocameroon.gov.cm\/wp-content\/uploads\/2026\/01\/WhatsApp-Image-2024-12-05-at-5.29.13-AM-150x150.jpeg",150,150,true],"medium":["https:\/\/meteocameroon.gov.cm\/wp-content\/uploads\/2026\/01\/WhatsApp-Image-2024-12-05-at-5.29.13-AM-300x225.jpeg",300,225,true],"large":["https:\/\/meteocameroon.gov.cm\/wp-content\/uploads\/2026\/01\/WhatsApp-Image-2024-12-05-at-5.29.13-AM-1024x768.jpeg",640,480,true],"1536x1536":["https:\/\/meteocameroon.gov.cm\/wp-content\/uploads\/2026\/01\/WhatsApp-Image-2024-12-05-at-5.29.13-AM.jpeg",1080,810,false],"2048x2048":["https:\/\/meteocameroon.gov.cm\/wp-content\/uploads\/2026\/01\/WhatsApp-Image-2024-12-05-at-5.29.13-AM.jpeg",1080,810,false],"trp-custom-language-flag":["https:\/\/meteocameroon.gov.cm\/wp-content\/uploads\/2026\/01\/WhatsApp-Image-2024-12-05-at-5.29.13-AM-16x12.jpeg",16,12,true],"binit-portfolio":["https:\/\/meteocameroon.gov.cm\/wp-content\/uploads\/2026\/01\/WhatsApp-Image-2024-12-05-at-5.29.13-AM-600x700.jpeg",600,700,true],"binit-portfolio-vertical":["https:\/\/meteocameroon.gov.cm\/wp-content\/uploads\/2026\/01\/WhatsApp-Image-2024-12-05-at-5.29.13-AM-380x564.jpeg",380,564,true],"binit-blog":["https:\/\/meteocameroon.gov.cm\/wp-content\/uploads\/2026\/01\/WhatsApp-Image-2024-12-05-at-5.29.13-AM-600x420.jpeg",600,420,true],"binit-team":["https:\/\/meteocameroon.gov.cm\/wp-content\/uploads\/2026\/01\/WhatsApp-Image-2024-12-05-at-5.29.13-AM-600x645.jpeg",600,645,true],"binit-product":["https:\/\/meteocameroon.gov.cm\/wp-content\/uploads\/2026\/01\/WhatsApp-Image-2024-12-05-at-5.29.13-AM-360x440.jpeg",360,440,true],"binit-event":["https:\/\/meteocameroon.gov.cm\/wp-content\/uploads\/2026\/01\/WhatsApp-Image-2024-12-05-at-5.29.13-AM-420x630.jpeg",420,630,true]},"rttpg_author":{"display_name":"editor","author_link":"https:\/\/meteocameroon.gov.cm\/en\/author\/editor\/"},"rttpg_comment":0,"rttpg_category":"<a href=\"https:\/\/meteocameroon.gov.cm\/en\/category\/actualite\/\" rel=\"category tag\">Actualit\u00e9<\/a> <a href=\"https:\/\/meteocameroon.gov.cm\/en\/category\/information\/\" rel=\"category tag\">Information<\/a>","rttpg_excerpt":"Dans le cadre de la mise en \u0153uvre du plan d\u2019action 2024 de la Convention de partenariat entre le Minist\u00e8re des Transports (MINT) et le Port Autonome de Kribi (PAK), [&hellip;]","_links":{"self":[{"href":"https:\/\/meteocameroon.gov.cm\/en\/wp-json\/wp\/v2\/posts\/4660","targetHints":{"allow":["GET"]}}],"collection":[{"href":"https:\/\/meteocameroon.gov.cm\/en\/wp-json\/wp\/v2\/posts"}],"about":[{"href":"https:\/\/meteocameroon.gov.cm\/en\/wp-json\/wp\/v2\/types\/post"}],"author":[{"embeddable":true,"href":"https:\/\/meteocameroon.gov.cm\/en\/wp-json\/wp\/v2\/users\/30"}],"replies":[{"embeddable":true,"href":"https:\/\/meteocameroon.gov.cm\/en\/wp-json\/wp\/v2\/comments?post=4660"}],"version-history":[{"count":1,"href":"https:\/\/meteocameroon.gov.cm\/en\/wp-json\/wp\/v2\/posts\/4660\/revisions"}],"predecessor-version":[{"id":4662,"href":"https:\/\/meteocameroon.gov.cm\/en\/wp-json\/wp\/v2\/posts\/4660\/revisions\/4662"}],"wp:featuredmedia":[{"embeddable":true,"href":"https:\/\/meteocameroon.gov.cm\/en\/wp-json\/wp\/v2\/media\/4661"}],"wp:attachment":[{"href":"https:\/\/meteocameroon.gov.cm\/en\/wp-json\/wp\/v2\/media?parent=4660"}],"wp:term":[{"taxonomy":"category","embeddable":true,"href":"https:\/\/meteocameroon.gov.cm\/en\/wp-json\/wp\/v2\/categories?post=4660"},{"taxonomy":"post_tag","embeddable":true,"href":"https:\/\/meteocameroon.gov.cm\/en\/wp-json\/wp\/v2\/tags?post=4660"}],"curies":[{"name":"wp","href":"https:\/\/api.w.org\/{rel}","templated":true}]}}