{"id":4672,"date":"2025-07-25T11:50:11","date_gmt":"2025-07-25T10:50:11","guid":{"rendered":"https:\/\/meteocameroon.gov.cm\/?p=4672"},"modified":"2026-01-20T11:06:38","modified_gmt":"2026-01-20T10:06:38","slug":"2eme-forum-national-sur-les-perspectives-climatiques-au-cameroun-ncof-02-douala-cameroun-18-20-mars-2025","status":"publish","type":"post","link":"https:\/\/meteocameroon.gov.cm\/en\/2eme-forum-national-sur-les-perspectives-climatiques-au-cameroun-ncof-02-douala-cameroun-18-20-mars-2025\/","title":{"rendered":"2\u00e8me Forum National sur les Perspectives Climatiques au Cameroun (NCOF-02) Douala &#8211; Cameroun, 18-20 mars 2025"},"content":{"rendered":"<p>Le 2\u00e8me Forum National sur les Perspectives Climatiques au Cameroun (NCOF-02-CMR) a officiellement d\u00e9but\u00e9 le 18 mars 2025 \u00e0 l&#8217;h\u00f4tel Prince de Galles, Douala. Cet \u00e9v\u00e9nement tr\u00e8s attendu a rassembl\u00e9 pr\u00e8s de 90 participants, dont des repr\u00e9sentants d\u2019institutions gouvernementales, d\u2019organisations r\u00e9gionales et internationales, du monde acad\u00e9mique et des acteurs cl\u00e9s des secteurs sensibles au climat, notamment <strong>l\u2019agriculture et la r\u00e9duction des risques de catastrophes<\/strong>.<\/p>\n<figure id=\"attachment_4400\" aria-describedby=\"caption-attachment-4400\" style=\"width: 431px\" class=\"wp-caption aligncenter\"><img loading=\"lazy\" decoding=\"async\" class=\"wp-image-4400\" title=\"Photo de famille du Forum National sur les Perspectives Climatiques (NCOF-02)\" src=\"https:\/\/meteoold.meteocameroon.gov.cm\/wp-content\/uploads\/2025\/07\/dsc_9371_54395221726_o-300x199.jpg\" alt=\"Photo de famille du Forum National sur les Perspectives Climatiques (NCOF-02)\" width=\"431\" height=\"286\" \/><figcaption id=\"caption-attachment-4400\" class=\"wp-caption-text\">Forum National sur les Perspectives Climatiques (NCOF-02)<\/figcaption><\/figure>\n<h2>Ceremonie d&#8217;ouverture<\/h2>\n<p>La session d\u2019ouverture a \u00e9t\u00e9 marqu\u00e9e par les interventions de plusieurs repr\u00e9sentants r\u00e9gionaux et internationaux de renom : <strong>M. JOLY WASAMBO<\/strong>, repr\u00e9sentant de la Commission de l\u2019Union Africaine (CUA), <strong>Dr. OUSMANE DIAYE<\/strong>, repr\u00e9sentant de l\u2019ACMAD, <strong>M. KANGA ALPHONSE<\/strong>, Coordonnateur du projet ClimSA pour l\u2019Afrique centrale aupr\u00e8s de la CEEAC.<\/p>\n<p>&nbsp;<\/p>\n<figure id=\"attachment_4402\" aria-describedby=\"caption-attachment-4402\" style=\"width: 300px\" class=\"wp-caption alignleft\"><img loading=\"lazy\" decoding=\"async\" class=\"size-medium wp-image-4402\" src=\"https:\/\/meteoold.meteocameroon.gov.cm\/wp-content\/uploads\/2025\/07\/dsc_9305_54395395544_o-300x199.jpg\" alt=\"\" width=\"300\" height=\"199\" \/><figcaption id=\"caption-attachment-4402\" class=\"wp-caption-text\"><em>M. MVEIMANI SOMBO, Secr\u00e9taire G\u00e9n\u00e9ral du Minist\u00e8re des Transports (MINT).<\/em><\/figcaption><\/figure>\n<p>Le forum a \u00e9t\u00e9 officiellement lanc\u00e9 par le repr\u00e9sentant du Ministre des Transports, M. MVEIMANI SOMBO, Secr\u00e9taire g\u00e9n\u00e9ral du Minist\u00e8re des Transports (MINT), qui a soulign\u00e9 l\u2019importance des services climatiques pour renforcer la r\u00e9silience face \u00e0 la variabilit\u00e9 climatique et aux catastrophes au Cameroun. Il a salu\u00e9 les participants et exprim\u00e9 sa gratitude envers les partenaires du projet ClimSA, qui soutiennent l\u2019op\u00e9rationnalisation du Cadre National des Services Climatologiques. Il rappelle l\u2019engagement du Cameroun dans la modernisation des infrastructures m\u00e9t\u00e9orologiques et l\u2019am\u00e9lioration des services climatologiques.\u00a0 Enfin, il souhaite un forum fructueux et exprime l&#8217;espoir de sa p\u00e9rennisation. Cette \u00e9dition du forum s\u2019appuie sur les r\u00e9sultats du <strong>20\u00e8me Forum R\u00e9gional sur les Perspectives Climatiques pour l\u2019Afrique Centrale (PRESAC-20)<\/strong> tenu \u00e0 Bangui, afin de traduire les pr\u00e9visions r\u00e9gionales en contextes national et local. Les principaux objectifs sont :<\/p>\n<ul>\n<li>Renforcer les services climatiques nationaux en am\u00e9liorant les outils et m\u00e9thodes de pr\u00e9vision.<\/li>\n<li>Produire des produits climatiques adapt\u00e9s aux besoins des secteurs sensibles, notamment<img loading=\"lazy\" decoding=\"async\" class=\"size-medium wp-image-4401 alignright\" src=\"https:\/\/meteoold.meteocameroon.gov.cm\/wp-content\/uploads\/2025\/07\/dsc_9415_54394354152_o-300x199.jpg\" alt=\"\" width=\"300\" height=\"199\" \/> <strong>l\u2019agriculture et la r\u00e9duction des risques de catastrophes<\/strong>.<\/li>\n<li>D\u00e9cliner et interpr\u00e9ter les pr\u00e9visions saisonni\u00e8res pour soutenir des strat\u00e9gies d\u2019adaptation localis\u00e9es.<\/li>\n<li>Impliquer les parties prenantes dans la co-production de services climatiques adapt\u00e9s aux besoins sp\u00e9cifiques des secteurs.<\/li>\n<li>\u00c9valuer et analyser la performance des pr\u00e9visions saisonni\u00e8res pass\u00e9es pour une am\u00e9lioration continuent.<\/li>\n<\/ul>\n<p>Le Forum National sur les Perspectives Climatiques au Cameroun (NCOF-02) de trois jours comprend des formations techniques sur l\u2019interpr\u00e9tation des pr\u00e9visions, l\u2019analyse des impacts et l\u2019\u00e9laboration de produits adapt\u00e9s.<\/p>\n<h2>Perspectives<\/h2>\n<p>Nous organiserons des consultations sectorielles pour garantir que les services climatiques r\u00e9pondent aux besoins des secteurs sensibles, notamment <strong>l\u2019agriculture et la gestion des catastrophes<\/strong>. Une pr\u00e9sentation publique des perspectives climatiques nationales est \u00e9galement pr\u00e9vue, accompagn\u00e9e d&#8217;un briefing m\u00e9diatique pour diffuser l&#8217;information de mani\u00e8re optimale<\/p>\n<p>Suivez les discussions et mises \u00e0 jour sur nos plateformes de communication officielles. Le forum partagera \u00e9galement des analyses via les r\u00e9seaux sociaux et des bulletins techniques.<\/p>\n<p>Pour plus d&#8217;informations <a href=\"https:\/\/acmad.org\/\">cliquez ici<\/a><\/p>\n<p><a href=\"https:\/\/meteoold.meteocameroon.gov.cm\/wp-content\/uploads\/2025\/07\/Presentation-SAILD.pdf\">Pr\u00e9sentation SAILD\u00a0<\/a><\/p>\n<p><a href=\"https:\/\/meteoold.meteocameroon.gov.cm\/wp-content\/uploads\/2025\/07\/CDC_DEUXIEME_FORUM_NATIONAL_NCOF-1.pdf\">CDC_DEUXIEME_FORUM_NATIONAL_NCOF<\/a><\/p>\n<p><a href=\"https:\/\/meteoold.meteocameroon.gov.cm\/wp-content\/uploads\/2025\/07\/Presentation-SAILD.pdf\">Pr\u00e9sentation SAILD<\/a><\/p>","protected":false},"excerpt":{"rendered":"<p>Le 2\u00e8me Forum National sur les Perspectives Climatiques au Cameroun (NCOF-02-CMR) a officiellement d\u00e9but\u00e9 le 18 mars 2025 \u00e0 l&#8217;h\u00f4tel Prince de Galles, Douala. Cet \u00e9v\u00e9nement tr\u00e8s attendu a rassembl\u00e9 [&hellip;]<\/p>","protected":false},"author":30,"featured_media":4669,"comment_status":"open","ping_status":"open","sticky":false,"template":"","format":"standard","meta":{"footnotes":""},"categories":[106],"tags":[],"class_list":["post-4672","post","type-post","status-publish","format-standard","has-post-thumbnail","hentry","category-climsa"],"yoast_head":"<!-- This site is optimized with the Yoast SEO plugin v26.8 - https:\/\/yoast.com\/product\/yoast-seo-wordpress\/ -->\n<title>2\u00e8me Forum National sur les Perspectives Climatiques au Cameroun (NCOF-02) Douala - Cameroun, 18-20 mars 2025 - M\u00e9t\u00e9orologie Nationale du Cameroun<\/title>\n<meta name=\"robots\" content=\"index, follow, max-snippet:-1, max-image-preview:large, max-video-preview:-1\" \/>\n<link rel=\"canonical\" href=\"https:\/\/meteocameroon.gov.cm\/en\/2eme-forum-national-sur-les-perspectives-climatiques-au-cameroun-ncof-02-douala-cameroun-18-20-mars-2025\/\" \/>\n<meta property=\"og:locale\" content=\"en_US\" \/>\n<meta property=\"og:type\" content=\"article\" \/>\n<meta property=\"og:title\" content=\"2\u00e8me Forum National sur les Perspectives Climatiques au Cameroun (NCOF-02) Douala - Cameroun, 18-20 mars 2025 - M\u00e9t\u00e9orologie Nationale du Cameroun\" \/>\n<meta property=\"og:description\" content=\"Le 2\u00e8me Forum National sur les Perspectives Climatiques au Cameroun (NCOF-02-CMR) a officiellement d\u00e9but\u00e9 le 18 mars 2025 \u00e0 l&#8217;h\u00f4tel Prince de Galles, Douala. Cet \u00e9v\u00e9nement tr\u00e8s attendu a rassembl\u00e9 [&hellip;]\" \/>\n<meta property=\"og:url\" content=\"https:\/\/meteocameroon.gov.cm\/en\/2eme-forum-national-sur-les-perspectives-climatiques-au-cameroun-ncof-02-douala-cameroun-18-20-mars-2025\/\" \/>\n<meta property=\"og:site_name\" content=\"M\u00e9t\u00e9orologie Nationale du Cameroun\" \/>\n<meta property=\"article:published_time\" content=\"2025-07-25T10:50:11+00:00\" \/>\n<meta property=\"article:modified_time\" content=\"2026-01-20T10:06:38+00:00\" \/>\n<meta property=\"og:image\" content=\"https:\/\/meteocameroon.gov.cm\/wp-content\/uploads\/2026\/01\/banner-ncofffff.jpg\" \/>\n\t<meta property=\"og:image:width\" content=\"1080\" \/>\n\t<meta property=\"og:image:height\" content=\"414\" \/>\n\t<meta property=\"og:image:type\" content=\"image\/jpeg\" \/>\n<meta name=\"author\" content=\"editor\" \/>\n<meta name=\"twitter:card\" content=\"summary_large_image\" \/>\n<meta name=\"twitter:label1\" content=\"Written by\" \/>\n\t<meta name=\"twitter:data1\" content=\"editor\" \/>\n\t<meta name=\"twitter:label2\" content=\"Est. reading time\" \/>\n\t<meta name=\"twitter:data2\" content=\"4 minutes\" \/>\n<script type=\"application\/ld+json\" class=\"yoast-schema-graph\">{\"@context\":\"https:\/\/schema.org\",\"@graph\":[{\"@type\":\"Article\",\"@id\":\"https:\/\/meteocameroon.gov.cm\/2eme-forum-national-sur-les-perspectives-climatiques-au-cameroun-ncof-02-douala-cameroun-18-20-mars-2025\/#article\",\"isPartOf\":{\"@id\":\"https:\/\/meteocameroon.gov.cm\/2eme-forum-national-sur-les-perspectives-climatiques-au-cameroun-ncof-02-douala-cameroun-18-20-mars-2025\/\"},\"author\":{\"name\":\"editor\",\"@id\":\"https:\/\/meteocameroon.gov.cm\/#\/schema\/person\/eec674ef6778f16387fc93ba6592255e\"},\"headline\":\"2\u00e8me Forum National sur les Perspectives Climatiques au Cameroun (NCOF-02) Douala &#8211; Cameroun, 18-20 mars 2025\",\"datePublished\":\"2025-07-25T10:50:11+00:00\",\"dateModified\":\"2026-01-20T10:06:38+00:00\",\"mainEntityOfPage\":{\"@id\":\"https:\/\/meteocameroon.gov.cm\/2eme-forum-national-sur-les-perspectives-climatiques-au-cameroun-ncof-02-douala-cameroun-18-20-mars-2025\/\"},\"wordCount\":560,\"commentCount\":0,\"publisher\":{\"@id\":\"https:\/\/meteocameroon.gov.cm\/#organization\"},\"image\":{\"@id\":\"https:\/\/meteocameroon.gov.cm\/2eme-forum-national-sur-les-perspectives-climatiques-au-cameroun-ncof-02-douala-cameroun-18-20-mars-2025\/#primaryimage\"},\"thumbnailUrl\":\"https:\/\/meteocameroon.gov.cm\/wp-content\/uploads\/2026\/01\/banner-ncofffff.jpg\",\"articleSection\":[\"ClimSA\"],\"inLanguage\":\"en-US\",\"potentialAction\":[{\"@type\":\"CommentAction\",\"name\":\"Comment\",\"target\":[\"https:\/\/meteocameroon.gov.cm\/2eme-forum-national-sur-les-perspectives-climatiques-au-cameroun-ncof-02-douala-cameroun-18-20-mars-2025\/#respond\"]}]},{\"@type\":\"WebPage\",\"@id\":\"https:\/\/meteocameroon.gov.cm\/2eme-forum-national-sur-les-perspectives-climatiques-au-cameroun-ncof-02-douala-cameroun-18-20-mars-2025\/\",\"url\":\"https:\/\/meteocameroon.gov.cm\/2eme-forum-national-sur-les-perspectives-climatiques-au-cameroun-ncof-02-douala-cameroun-18-20-mars-2025\/\",\"name\":\"2\u00e8me Forum National sur les Perspectives Climatiques au Cameroun (NCOF-02) Douala - Cameroun, 18-20 mars 2025 - M\u00e9t\u00e9orologie Nationale du Cameroun\",\"isPartOf\":{\"@id\":\"https:\/\/meteocameroon.gov.cm\/#website\"},\"primaryImageOfPage\":{\"@id\":\"https:\/\/meteocameroon.gov.cm\/2eme-forum-national-sur-les-perspectives-climatiques-au-cameroun-ncof-02-douala-cameroun-18-20-mars-2025\/#primaryimage\"},\"image\":{\"@id\":\"https:\/\/meteocameroon.gov.cm\/2eme-forum-national-sur-les-perspectives-climatiques-au-cameroun-ncof-02-douala-cameroun-18-20-mars-2025\/#primaryimage\"},\"thumbnailUrl\":\"https:\/\/meteocameroon.gov.cm\/wp-content\/uploads\/2026\/01\/banner-ncofffff.jpg\",\"datePublished\":\"2025-07-25T10:50:11+00:00\",\"dateModified\":\"2026-01-20T10:06:38+00:00\",\"breadcrumb\":{\"@id\":\"https:\/\/meteocameroon.gov.cm\/2eme-forum-national-sur-les-perspectives-climatiques-au-cameroun-ncof-02-douala-cameroun-18-20-mars-2025\/#breadcrumb\"},\"inLanguage\":\"en-US\",\"potentialAction\":[{\"@type\":\"ReadAction\",\"target\":[\"https:\/\/meteocameroon.gov.cm\/2eme-forum-national-sur-les-perspectives-climatiques-au-cameroun-ncof-02-douala-cameroun-18-20-mars-2025\/\"]}]},{\"@type\":\"ImageObject\",\"inLanguage\":\"en-US\",\"@id\":\"https:\/\/meteocameroon.gov.cm\/2eme-forum-national-sur-les-perspectives-climatiques-au-cameroun-ncof-02-douala-cameroun-18-20-mars-2025\/#primaryimage\",\"url\":\"https:\/\/meteocameroon.gov.cm\/wp-content\/uploads\/2026\/01\/banner-ncofffff.jpg\",\"contentUrl\":\"https:\/\/meteocameroon.gov.cm\/wp-content\/uploads\/2026\/01\/banner-ncofffff.jpg\",\"width\":1080,\"height\":414},{\"@type\":\"BreadcrumbList\",\"@id\":\"https:\/\/meteocameroon.gov.cm\/2eme-forum-national-sur-les-perspectives-climatiques-au-cameroun-ncof-02-douala-cameroun-18-20-mars-2025\/#breadcrumb\",\"itemListElement\":[{\"@type\":\"ListItem\",\"position\":1,\"name\":\"Accueil\",\"item\":\"https:\/\/meteocameroon.gov.cm\/\"},{\"@type\":\"ListItem\",\"position\":2,\"name\":\"2\u00e8me Forum National sur les Perspectives Climatiques au Cameroun (NCOF-02) Douala &#8211; Cameroun, 18-20 mars 2025\"}]},{\"@type\":\"WebSite\",\"@id\":\"https:\/\/meteocameroon.gov.cm\/#website\",\"url\":\"https:\/\/meteocameroon.gov.cm\/\",\"name\":\"M\u00e9t\u00e9orologie Nationale du Cameroun\",\"description\":\"La m\u00e9t\u00e9o un outils pour le d\u00e9veloppement\",\"publisher\":{\"@id\":\"https:\/\/meteocameroon.gov.cm\/#organization\"},\"potentialAction\":[{\"@type\":\"SearchAction\",\"target\":{\"@type\":\"EntryPoint\",\"urlTemplate\":\"https:\/\/meteocameroon.gov.cm\/?s={search_term_string}\"},\"query-input\":{\"@type\":\"PropertyValueSpecification\",\"valueRequired\":true,\"valueName\":\"search_term_string\"}}],\"inLanguage\":\"en-US\"},{\"@type\":\"Organization\",\"@id\":\"https:\/\/meteocameroon.gov.cm\/#organization\",\"name\":\"M\u00e9t\u00e9orologie Nationale du Cameroun\",\"url\":\"https:\/\/meteocameroon.gov.cm\/\",\"logo\":{\"@type\":\"ImageObject\",\"inLanguage\":\"en-US\",\"@id\":\"https:\/\/meteocameroon.gov.cm\/#\/schema\/logo\/image\/\",\"url\":\"https:\/\/meteocameroon.gov.cm\/wp-content\/uploads\/2022\/06\/Artboard-14x-renew.jpg\",\"contentUrl\":\"https:\/\/meteocameroon.gov.cm\/wp-content\/uploads\/2022\/06\/Artboard-14x-renew.jpg\",\"width\":519,\"height\":504,\"caption\":\"M\u00e9t\u00e9orologie Nationale du Cameroun\"},\"image\":{\"@id\":\"https:\/\/meteocameroon.gov.cm\/#\/schema\/logo\/image\/\"}},{\"@type\":\"Person\",\"@id\":\"https:\/\/meteocameroon.gov.cm\/#\/schema\/person\/eec674ef6778f16387fc93ba6592255e\",\"name\":\"editor\",\"image\":{\"@type\":\"ImageObject\",\"inLanguage\":\"en-US\",\"@id\":\"https:\/\/meteocameroon.gov.cm\/#\/schema\/person\/image\/\",\"url\":\"https:\/\/secure.gravatar.com\/avatar\/6ab3f1d1eba55d824bf16a34121c680962dc628f8026f85097af88e04b1737ef?s=96&d=mm&r=g\",\"contentUrl\":\"https:\/\/secure.gravatar.com\/avatar\/6ab3f1d1eba55d824bf16a34121c680962dc628f8026f85097af88e04b1737ef?s=96&d=mm&r=g\",\"caption\":\"editor\"},\"url\":\"https:\/\/meteocameroon.gov.cm\/en\/author\/editor\/\"}]}<\/script>\n<!-- \/ Yoast SEO plugin. -->","yoast_head_json":{"title":"2\u00e8me Forum National sur les Perspectives Climatiques au Cameroun (NCOF-02) Douala - Cameroun, 18-20 mars 2025 - M\u00e9t\u00e9orologie Nationale du Cameroun","robots":{"index":"index","follow":"follow","max-snippet":"max-snippet:-1","max-image-preview":"max-image-preview:large","max-video-preview":"max-video-preview:-1"},"canonical":"https:\/\/meteocameroon.gov.cm\/en\/2eme-forum-national-sur-les-perspectives-climatiques-au-cameroun-ncof-02-douala-cameroun-18-20-mars-2025\/","og_locale":"en_US","og_type":"article","og_title":"2\u00e8me Forum National sur les Perspectives Climatiques au Cameroun (NCOF-02) Douala - Cameroun, 18-20 mars 2025 - M\u00e9t\u00e9orologie Nationale du Cameroun","og_description":"Le 2\u00e8me Forum National sur les Perspectives Climatiques au Cameroun (NCOF-02-CMR) a officiellement d\u00e9but\u00e9 le 18 mars 2025 \u00e0 l&#8217;h\u00f4tel Prince de Galles, Douala. Cet \u00e9v\u00e9nement tr\u00e8s attendu a rassembl\u00e9 [&hellip;]","og_url":"https:\/\/meteocameroon.gov.cm\/en\/2eme-forum-national-sur-les-perspectives-climatiques-au-cameroun-ncof-02-douala-cameroun-18-20-mars-2025\/","og_site_name":"M\u00e9t\u00e9orologie Nationale du Cameroun","article_published_time":"2025-07-25T10:50:11+00:00","article_modified_time":"2026-01-20T10:06:38+00:00","og_image":[{"width":1080,"height":414,"url":"https:\/\/meteocameroon.gov.cm\/wp-content\/uploads\/2026\/01\/banner-ncofffff.jpg","type":"image\/jpeg"}],"author":"editor","twitter_card":"summary_large_image","twitter_misc":{"Written by":"editor","Est. reading time":"4 minutes"},"schema":{"@context":"https:\/\/schema.org","@graph":[{"@type":"Article","@id":"https:\/\/meteocameroon.gov.cm\/2eme-forum-national-sur-les-perspectives-climatiques-au-cameroun-ncof-02-douala-cameroun-18-20-mars-2025\/#article","isPartOf":{"@id":"https:\/\/meteocameroon.gov.cm\/2eme-forum-national-sur-les-perspectives-climatiques-au-cameroun-ncof-02-douala-cameroun-18-20-mars-2025\/"},"author":{"name":"editor","@id":"https:\/\/meteocameroon.gov.cm\/#\/schema\/person\/eec674ef6778f16387fc93ba6592255e"},"headline":"2\u00e8me Forum National sur les Perspectives Climatiques au Cameroun (NCOF-02) Douala &#8211; Cameroun, 18-20 mars 2025","datePublished":"2025-07-25T10:50:11+00:00","dateModified":"2026-01-20T10:06:38+00:00","mainEntityOfPage":{"@id":"https:\/\/meteocameroon.gov.cm\/2eme-forum-national-sur-les-perspectives-climatiques-au-cameroun-ncof-02-douala-cameroun-18-20-mars-2025\/"},"wordCount":560,"commentCount":0,"publisher":{"@id":"https:\/\/meteocameroon.gov.cm\/#organization"},"image":{"@id":"https:\/\/meteocameroon.gov.cm\/2eme-forum-national-sur-les-perspectives-climatiques-au-cameroun-ncof-02-douala-cameroun-18-20-mars-2025\/#primaryimage"},"thumbnailUrl":"https:\/\/meteocameroon.gov.cm\/wp-content\/uploads\/2026\/01\/banner-ncofffff.jpg","articleSection":["ClimSA"],"inLanguage":"en-US","potentialAction":[{"@type":"CommentAction","name":"Comment","target":["https:\/\/meteocameroon.gov.cm\/2eme-forum-national-sur-les-perspectives-climatiques-au-cameroun-ncof-02-douala-cameroun-18-20-mars-2025\/#respond"]}]},{"@type":"WebPage","@id":"https:\/\/meteocameroon.gov.cm\/2eme-forum-national-sur-les-perspectives-climatiques-au-cameroun-ncof-02-douala-cameroun-18-20-mars-2025\/","url":"https:\/\/meteocameroon.gov.cm\/2eme-forum-national-sur-les-perspectives-climatiques-au-cameroun-ncof-02-douala-cameroun-18-20-mars-2025\/","name":"2\u00e8me Forum National sur les Perspectives Climatiques au Cameroun (NCOF-02) Douala - Cameroun, 18-20 mars 2025 - M\u00e9t\u00e9orologie Nationale du Cameroun","isPartOf":{"@id":"https:\/\/meteocameroon.gov.cm\/#website"},"primaryImageOfPage":{"@id":"https:\/\/meteocameroon.gov.cm\/2eme-forum-national-sur-les-perspectives-climatiques-au-cameroun-ncof-02-douala-cameroun-18-20-mars-2025\/#primaryimage"},"image":{"@id":"https:\/\/meteocameroon.gov.cm\/2eme-forum-national-sur-les-perspectives-climatiques-au-cameroun-ncof-02-douala-cameroun-18-20-mars-2025\/#primaryimage"},"thumbnailUrl":"https:\/\/meteocameroon.gov.cm\/wp-content\/uploads\/2026\/01\/banner-ncofffff.jpg","datePublished":"2025-07-25T10:50:11+00:00","dateModified":"2026-01-20T10:06:38+00:00","breadcrumb":{"@id":"https:\/\/meteocameroon.gov.cm\/2eme-forum-national-sur-les-perspectives-climatiques-au-cameroun-ncof-02-douala-cameroun-18-20-mars-2025\/#breadcrumb"},"inLanguage":"en-US","potentialAction":[{"@type":"ReadAction","target":["https:\/\/meteocameroon.gov.cm\/2eme-forum-national-sur-les-perspectives-climatiques-au-cameroun-ncof-02-douala-cameroun-18-20-mars-2025\/"]}]},{"@type":"ImageObject","inLanguage":"en-US","@id":"https:\/\/meteocameroon.gov.cm\/2eme-forum-national-sur-les-perspectives-climatiques-au-cameroun-ncof-02-douala-cameroun-18-20-mars-2025\/#primaryimage","url":"https:\/\/meteocameroon.gov.cm\/wp-content\/uploads\/2026\/01\/banner-ncofffff.jpg","contentUrl":"https:\/\/meteocameroon.gov.cm\/wp-content\/uploads\/2026\/01\/banner-ncofffff.jpg","width":1080,"height":414},{"@type":"BreadcrumbList","@id":"https:\/\/meteocameroon.gov.cm\/2eme-forum-national-sur-les-perspectives-climatiques-au-cameroun-ncof-02-douala-cameroun-18-20-mars-2025\/#breadcrumb","itemListElement":[{"@type":"ListItem","position":1,"name":"Accueil","item":"https:\/\/meteocameroon.gov.cm\/"},{"@type":"ListItem","position":2,"name":"2\u00e8me Forum National sur les Perspectives Climatiques au Cameroun (NCOF-02) Douala &#8211; Cameroun, 18-20 mars 2025"}]},{"@type":"WebSite","@id":"https:\/\/meteocameroon.gov.cm\/#website","url":"https:\/\/meteocameroon.gov.cm\/","name":"M\u00e9t\u00e9orologie Nationale du Cameroun","description":"La m\u00e9t\u00e9o un outils pour le d\u00e9veloppement","publisher":{"@id":"https:\/\/meteocameroon.gov.cm\/#organization"},"potentialAction":[{"@type":"SearchAction","target":{"@type":"EntryPoint","urlTemplate":"https:\/\/meteocameroon.gov.cm\/?s={search_term_string}"},"query-input":{"@type":"PropertyValueSpecification","valueRequired":true,"valueName":"search_term_string"}}],"inLanguage":"en-US"},{"@type":"Organization","@id":"https:\/\/meteocameroon.gov.cm\/#organization","name":"M\u00e9t\u00e9orologie Nationale du Cameroun","url":"https:\/\/meteocameroon.gov.cm\/","logo":{"@type":"ImageObject","inLanguage":"en-US","@id":"https:\/\/meteocameroon.gov.cm\/#\/schema\/logo\/image\/","url":"https:\/\/meteocameroon.gov.cm\/wp-content\/uploads\/2022\/06\/Artboard-14x-renew.jpg","contentUrl":"https:\/\/meteocameroon.gov.cm\/wp-content\/uploads\/2022\/06\/Artboard-14x-renew.jpg","width":519,"height":504,"caption":"M\u00e9t\u00e9orologie Nationale du Cameroun"},"image":{"@id":"https:\/\/meteocameroon.gov.cm\/#\/schema\/logo\/image\/"}},{"@type":"Person","@id":"https:\/\/meteocameroon.gov.cm\/#\/schema\/person\/eec674ef6778f16387fc93ba6592255e","name":"editor","image":{"@type":"ImageObject","inLanguage":"en-US","@id":"https:\/\/meteocameroon.gov.cm\/#\/schema\/person\/image\/","url":"https:\/\/secure.gravatar.com\/avatar\/6ab3f1d1eba55d824bf16a34121c680962dc628f8026f85097af88e04b1737ef?s=96&d=mm&r=g","contentUrl":"https:\/\/secure.gravatar.com\/avatar\/6ab3f1d1eba55d824bf16a34121c680962dc628f8026f85097af88e04b1737ef?s=96&d=mm&r=g","caption":"editor"},"url":"https:\/\/meteocameroon.gov.cm\/en\/author\/editor\/"}]}},"rttpg_featured_image_url":{"full":["https:\/\/meteocameroon.gov.cm\/wp-content\/uploads\/2026\/01\/banner-ncofffff.jpg",1080,414,false],"landscape":["https:\/\/meteocameroon.gov.cm\/wp-content\/uploads\/2026\/01\/banner-ncofffff.jpg",1080,414,false],"portraits":["https:\/\/meteocameroon.gov.cm\/wp-content\/uploads\/2026\/01\/banner-ncofffff.jpg",1080,414,false],"thumbnail":["https:\/\/meteocameroon.gov.cm\/wp-content\/uploads\/2026\/01\/banner-ncofffff-150x150.jpg",150,150,true],"medium":["https:\/\/meteocameroon.gov.cm\/wp-content\/uploads\/2026\/01\/banner-ncofffff-300x115.jpg",300,115,true],"large":["https:\/\/meteocameroon.gov.cm\/wp-content\/uploads\/2026\/01\/banner-ncofffff-1024x393.jpg",640,246,true],"1536x1536":["https:\/\/meteocameroon.gov.cm\/wp-content\/uploads\/2026\/01\/banner-ncofffff.jpg",1080,414,false],"2048x2048":["https:\/\/meteocameroon.gov.cm\/wp-content\/uploads\/2026\/01\/banner-ncofffff.jpg",1080,414,false],"trp-custom-language-flag":["https:\/\/meteocameroon.gov.cm\/wp-content\/uploads\/2026\/01\/banner-ncofffff-18x7.jpg",18,7,true],"binit-portfolio":["https:\/\/meteocameroon.gov.cm\/wp-content\/uploads\/2026\/01\/banner-ncofffff-600x414.jpg",600,414,true],"binit-portfolio-vertical":["https:\/\/meteocameroon.gov.cm\/wp-content\/uploads\/2026\/01\/banner-ncofffff-380x414.jpg",380,414,true],"binit-blog":["https:\/\/meteocameroon.gov.cm\/wp-content\/uploads\/2026\/01\/banner-ncofffff-600x414.jpg",600,414,true],"binit-team":["https:\/\/meteocameroon.gov.cm\/wp-content\/uploads\/2026\/01\/banner-ncofffff-600x414.jpg",600,414,true],"binit-product":["https:\/\/meteocameroon.gov.cm\/wp-content\/uploads\/2026\/01\/banner-ncofffff-360x414.jpg",360,414,true],"binit-event":["https:\/\/meteocameroon.gov.cm\/wp-content\/uploads\/2026\/01\/banner-ncofffff-420x414.jpg",420,414,true]},"rttpg_author":{"display_name":"editor","author_link":"https:\/\/meteocameroon.gov.cm\/en\/author\/editor\/"},"rttpg_comment":0,"rttpg_category":"<a href=\"https:\/\/meteocameroon.gov.cm\/en\/category\/climsa\/\" rel=\"category tag\">ClimSA<\/a>","rttpg_excerpt":"Le 2\u00e8me Forum National sur les Perspectives Climatiques au Cameroun (NCOF-02-CMR) a officiellement d\u00e9but\u00e9 le 18 mars 2025 \u00e0 l&#8217;h\u00f4tel Prince de Galles, Douala. Cet \u00e9v\u00e9nement tr\u00e8s attendu a rassembl\u00e9 [&hellip;]","_links":{"self":[{"href":"https:\/\/meteocameroon.gov.cm\/en\/wp-json\/wp\/v2\/posts\/4672","targetHints":{"allow":["GET"]}}],"collection":[{"href":"https:\/\/meteocameroon.gov.cm\/en\/wp-json\/wp\/v2\/posts"}],"about":[{"href":"https:\/\/meteocameroon.gov.cm\/en\/wp-json\/wp\/v2\/types\/post"}],"author":[{"embeddable":true,"href":"https:\/\/meteocameroon.gov.cm\/en\/wp-json\/wp\/v2\/users\/30"}],"replies":[{"embeddable":true,"href":"https:\/\/meteocameroon.gov.cm\/en\/wp-json\/wp\/v2\/comments?post=4672"}],"version-history":[{"count":1,"href":"https:\/\/meteocameroon.gov.cm\/en\/wp-json\/wp\/v2\/posts\/4672\/revisions"}],"predecessor-version":[{"id":4674,"href":"https:\/\/meteocameroon.gov.cm\/en\/wp-json\/wp\/v2\/posts\/4672\/revisions\/4674"}],"wp:featuredmedia":[{"embeddable":true,"href":"https:\/\/meteocameroon.gov.cm\/en\/wp-json\/wp\/v2\/media\/4669"}],"wp:attachment":[{"href":"https:\/\/meteocameroon.gov.cm\/en\/wp-json\/wp\/v2\/media?parent=4672"}],"wp:term":[{"taxonomy":"category","embeddable":true,"href":"https:\/\/meteocameroon.gov.cm\/en\/wp-json\/wp\/v2\/categories?post=4672"},{"taxonomy":"post_tag","embeddable":true,"href":"https:\/\/meteocameroon.gov.cm\/en\/wp-json\/wp\/v2\/tags?post=4672"}],"curies":[{"name":"wp","href":"https:\/\/api.w.org\/{rel}","templated":true}]}}