{"id":4690,"date":"2025-05-26T20:33:29","date_gmt":"2025-05-26T19:33:29","guid":{"rendered":"https:\/\/meteocameroon.gov.cm\/?p=4690"},"modified":"2026-01-20T11:02:12","modified_gmt":"2026-01-20T10:02:12","slug":"renforcement-des-capacites-en-prevision-numerique-du-temps-des-ingenieurs-camerounais-en-formation-en-allemagne","status":"publish","type":"post","link":"https:\/\/meteocameroon.gov.cm\/en\/renforcement-des-capacites-en-prevision-numerique-du-temps-des-ingenieurs-camerounais-en-formation-en-allemagne\/","title":{"rendered":"Renforcement des capacit\u00e9s en pr\u00e9vision num\u00e9rique du temps : des ing\u00e9nieurs camerounais en formation en Allemagne."},"content":{"rendered":"<p>Dans le cadre du d\u00e9veloppement des comp\u00e9tences techniques en pr\u00e9vision m\u00e9t\u00e9orologique, deux ing\u00e9nieurs de la Direction de la M\u00e9t\u00e9orologie Nationale du Cameroun ont pris part \u00e0 une formation sp\u00e9cialis\u00e9e sur les mod\u00e8les num\u00e9riques \u00e0 aire limit\u00e9e, tenue du 12 au 16 mai 2025 au si\u00e8ge du Deutscher Wetterdienst (DWD) \u00e0 Offenbach, en Allemagne.<\/p>\n<p>Une formation de haut niveau en partenariat international<br \/>\nOrganis\u00e9e par le DWD (Service m\u00e9t\u00e9orologique allemand), cette formation a \u00e9t\u00e9 men\u00e9e en collaboration avec deux institutions majeures dans le domaine de la mod\u00e9lisation climatique r\u00e9gionale : le Consortium for Small-scale Modelling (COSMO) et la Climate Limited-area Modelling (CLM) Community.<\/p>\n<p>L\u2019objectif principal de cette session \u00e9tait de renforcer les capacit\u00e9s des participants dans l\u2019utilisation de mod\u00e8les num\u00e9riques \u00e0 aire limit\u00e9e pour la pr\u00e9vision du temps, un outil indispensable pour anticiper et g\u00e9rer les ph\u00e9nom\u00e8nes m\u00e9t\u00e9orologiques extr\u00eames dans un contexte de variabilit\u00e9 climatique croissante.<\/p>\n<p>Une d\u00e9marche align\u00e9e sur les ambitions nationales et r\u00e9gionales<br \/>\nLa participation \u00e0 cette formation s\u2019inscrit pleinement dans la dynamique engag\u00e9e par le Cameroun en vue de la cr\u00e9ation d\u2019un Centre M\u00e9t\u00e9orologique R\u00e9gional Sp\u00e9cialis\u00e9 (CMRS). Ce futur centre aura pour mission de produire des pr\u00e9visions cibl\u00e9es et des produits d\u2019alerte pr\u00e9coce \u00e0 l\u2019intention des pays d\u2019Afrique centrale, contribuant ainsi \u00e0 am\u00e9liorer la r\u00e9silience climatique et la s\u00e9curit\u00e9 des populations.<\/p>\n<p>Une expertise renforc\u00e9e au service de la pr\u00e9vision<br \/>\nCette initiative t\u00e9moigne de l\u2019engagement continu du Cameroun \u00e0 d\u00e9velopper l\u2019expertise locale et \u00e0 s\u2019inscrire dans les r\u00e9seaux de coop\u00e9ration scientifique r\u00e9gionaux et internationaux. \u00c0 terme, les connaissances acquises lors de cette formation permettront d&#8217;am\u00e9liorer la pr\u00e9cision des pr\u00e9visions m\u00e9t\u00e9orologiques et de renforcer les syst\u00e8mes d\u2019alerte pr\u00e9coce face aux \u00e9v\u00e9nements climatiques extr\u00eames.<\/p>\n<p><img loading=\"lazy\" decoding=\"async\" class=\"wp-image-4326 aligncenter\" src=\"https:\/\/meteoold.meteocameroon.gov.cm\/wp-content\/uploads\/2025\/05\/WhatsApp-Image-2025-05-25-at-4.14.29-AM-2.jpeg\" alt=\"\" width=\"1008\" height=\"2240\" \/><\/p>\n<p><img loading=\"lazy\" decoding=\"async\" class=\"wp-image-4324 alignnone\" src=\"https:\/\/meteoold.meteocameroon.gov.cm\/wp-content\/uploads\/2025\/05\/WhatsApp-Image-2025-05-25-at-4.14.29-AM-4.jpeg\" alt=\"\" width=\"989\" height=\"1319\" \/><\/p>\n<p><img loading=\"lazy\" decoding=\"async\" class=\"wp-image-4325 aligncenter\" src=\"https:\/\/meteoold.meteocameroon.gov.cm\/wp-content\/uploads\/2025\/05\/WhatsApp-Image-2025-05-25-at-4.14.29-AM-3.jpeg\" alt=\"\" width=\"1046\" height=\"2324\" \/><\/p>\n<p>&nbsp;<\/p>\n<p>\u270d\ud83c\udffe<em> Source : Direction de la M\u00e9t\u00e9orologie Nationale du Cameroun<\/em><\/p>\n<p>&nbsp;<\/p>\n<p>&nbsp;<\/p>\n<p>&nbsp;<\/p>\n<p>&nbsp;<\/p>","protected":false},"excerpt":{"rendered":"<p>Dans le cadre du d\u00e9veloppement des comp\u00e9tences techniques en pr\u00e9vision m\u00e9t\u00e9orologique, deux ing\u00e9nieurs de la Direction de la M\u00e9t\u00e9orologie Nationale du Cameroun ont pris part \u00e0 une formation sp\u00e9cialis\u00e9e sur [&hellip;]<\/p>","protected":false},"author":30,"featured_media":4692,"comment_status":"open","ping_status":"open","sticky":false,"template":"","format":"standard","meta":{"footnotes":""},"categories":[18,1],"tags":[],"class_list":["post-4690","post","type-post","status-publish","format-standard","has-post-thumbnail","hentry","category-actualite","category-information"],"yoast_head":"<!-- This site is optimized with the Yoast SEO plugin v26.8 - https:\/\/yoast.com\/product\/yoast-seo-wordpress\/ -->\n<title>Renforcement des capacit\u00e9s en pr\u00e9vision num\u00e9rique du temps : des ing\u00e9nieurs camerounais en formation en Allemagne. - M\u00e9t\u00e9orologie Nationale du Cameroun<\/title>\n<meta name=\"robots\" content=\"index, follow, max-snippet:-1, max-image-preview:large, max-video-preview:-1\" \/>\n<link rel=\"canonical\" href=\"https:\/\/meteocameroon.gov.cm\/en\/renforcement-des-capacites-en-prevision-numerique-du-temps-des-ingenieurs-camerounais-en-formation-en-allemagne\/\" \/>\n<meta property=\"og:locale\" content=\"en_US\" \/>\n<meta property=\"og:type\" content=\"article\" \/>\n<meta property=\"og:title\" content=\"Renforcement des capacit\u00e9s en pr\u00e9vision num\u00e9rique du temps : des ing\u00e9nieurs camerounais en formation en Allemagne. - M\u00e9t\u00e9orologie Nationale du Cameroun\" \/>\n<meta property=\"og:description\" content=\"Dans le cadre du d\u00e9veloppement des comp\u00e9tences techniques en pr\u00e9vision m\u00e9t\u00e9orologique, deux ing\u00e9nieurs de la Direction de la M\u00e9t\u00e9orologie Nationale du Cameroun ont pris part \u00e0 une formation sp\u00e9cialis\u00e9e sur [&hellip;]\" \/>\n<meta property=\"og:url\" content=\"https:\/\/meteocameroon.gov.cm\/en\/renforcement-des-capacites-en-prevision-numerique-du-temps-des-ingenieurs-camerounais-en-formation-en-allemagne\/\" \/>\n<meta property=\"og:site_name\" content=\"M\u00e9t\u00e9orologie Nationale du Cameroun\" \/>\n<meta property=\"article:published_time\" content=\"2025-05-26T19:33:29+00:00\" \/>\n<meta property=\"article:modified_time\" content=\"2026-01-20T10:02:12+00:00\" \/>\n<meta property=\"og:image\" content=\"https:\/\/meteocameroon.gov.cm\/wp-content\/uploads\/2026\/01\/WhatsApp-Image-2025-05-25-at-4.14.29-AM-1-600x420-1.jpeg\" \/>\n\t<meta property=\"og:image:width\" content=\"600\" \/>\n\t<meta property=\"og:image:height\" content=\"420\" \/>\n\t<meta property=\"og:image:type\" content=\"image\/jpeg\" \/>\n<meta name=\"author\" content=\"editor\" \/>\n<meta name=\"twitter:card\" content=\"summary_large_image\" \/>\n<meta name=\"twitter:label1\" content=\"Written by\" \/>\n\t<meta name=\"twitter:data1\" content=\"editor\" \/>\n\t<meta name=\"twitter:label2\" content=\"Est. reading time\" \/>\n\t<meta name=\"twitter:data2\" content=\"3 minutes\" \/>\n<script type=\"application\/ld+json\" class=\"yoast-schema-graph\">{\"@context\":\"https:\/\/schema.org\",\"@graph\":[{\"@type\":\"Article\",\"@id\":\"https:\/\/meteocameroon.gov.cm\/renforcement-des-capacites-en-prevision-numerique-du-temps-des-ingenieurs-camerounais-en-formation-en-allemagne\/#article\",\"isPartOf\":{\"@id\":\"https:\/\/meteocameroon.gov.cm\/renforcement-des-capacites-en-prevision-numerique-du-temps-des-ingenieurs-camerounais-en-formation-en-allemagne\/\"},\"author\":{\"name\":\"editor\",\"@id\":\"https:\/\/meteocameroon.gov.cm\/#\/schema\/person\/eec674ef6778f16387fc93ba6592255e\"},\"headline\":\"Renforcement des capacit\u00e9s en pr\u00e9vision num\u00e9rique du temps : des ing\u00e9nieurs camerounais en formation en Allemagne.\",\"datePublished\":\"2025-05-26T19:33:29+00:00\",\"dateModified\":\"2026-01-20T10:02:12+00:00\",\"mainEntityOfPage\":{\"@id\":\"https:\/\/meteocameroon.gov.cm\/renforcement-des-capacites-en-prevision-numerique-du-temps-des-ingenieurs-camerounais-en-formation-en-allemagne\/\"},\"wordCount\":365,\"commentCount\":0,\"publisher\":{\"@id\":\"https:\/\/meteocameroon.gov.cm\/#organization\"},\"image\":{\"@id\":\"https:\/\/meteocameroon.gov.cm\/renforcement-des-capacites-en-prevision-numerique-du-temps-des-ingenieurs-camerounais-en-formation-en-allemagne\/#primaryimage\"},\"thumbnailUrl\":\"https:\/\/meteocameroon.gov.cm\/wp-content\/uploads\/2026\/01\/WhatsApp-Image-2025-05-25-at-4.14.29-AM-1-600x420-1.jpeg\",\"articleSection\":[\"Actualit\u00e9\",\"Information\"],\"inLanguage\":\"en-US\",\"potentialAction\":[{\"@type\":\"CommentAction\",\"name\":\"Comment\",\"target\":[\"https:\/\/meteocameroon.gov.cm\/renforcement-des-capacites-en-prevision-numerique-du-temps-des-ingenieurs-camerounais-en-formation-en-allemagne\/#respond\"]}]},{\"@type\":\"WebPage\",\"@id\":\"https:\/\/meteocameroon.gov.cm\/renforcement-des-capacites-en-prevision-numerique-du-temps-des-ingenieurs-camerounais-en-formation-en-allemagne\/\",\"url\":\"https:\/\/meteocameroon.gov.cm\/renforcement-des-capacites-en-prevision-numerique-du-temps-des-ingenieurs-camerounais-en-formation-en-allemagne\/\",\"name\":\"Renforcement des capacit\u00e9s en pr\u00e9vision num\u00e9rique du temps : des ing\u00e9nieurs camerounais en formation en Allemagne. - M\u00e9t\u00e9orologie Nationale du Cameroun\",\"isPartOf\":{\"@id\":\"https:\/\/meteocameroon.gov.cm\/#website\"},\"primaryImageOfPage\":{\"@id\":\"https:\/\/meteocameroon.gov.cm\/renforcement-des-capacites-en-prevision-numerique-du-temps-des-ingenieurs-camerounais-en-formation-en-allemagne\/#primaryimage\"},\"image\":{\"@id\":\"https:\/\/meteocameroon.gov.cm\/renforcement-des-capacites-en-prevision-numerique-du-temps-des-ingenieurs-camerounais-en-formation-en-allemagne\/#primaryimage\"},\"thumbnailUrl\":\"https:\/\/meteocameroon.gov.cm\/wp-content\/uploads\/2026\/01\/WhatsApp-Image-2025-05-25-at-4.14.29-AM-1-600x420-1.jpeg\",\"datePublished\":\"2025-05-26T19:33:29+00:00\",\"dateModified\":\"2026-01-20T10:02:12+00:00\",\"breadcrumb\":{\"@id\":\"https:\/\/meteocameroon.gov.cm\/renforcement-des-capacites-en-prevision-numerique-du-temps-des-ingenieurs-camerounais-en-formation-en-allemagne\/#breadcrumb\"},\"inLanguage\":\"en-US\",\"potentialAction\":[{\"@type\":\"ReadAction\",\"target\":[\"https:\/\/meteocameroon.gov.cm\/renforcement-des-capacites-en-prevision-numerique-du-temps-des-ingenieurs-camerounais-en-formation-en-allemagne\/\"]}]},{\"@type\":\"ImageObject\",\"inLanguage\":\"en-US\",\"@id\":\"https:\/\/meteocameroon.gov.cm\/renforcement-des-capacites-en-prevision-numerique-du-temps-des-ingenieurs-camerounais-en-formation-en-allemagne\/#primaryimage\",\"url\":\"https:\/\/meteocameroon.gov.cm\/wp-content\/uploads\/2026\/01\/WhatsApp-Image-2025-05-25-at-4.14.29-AM-1-600x420-1.jpeg\",\"contentUrl\":\"https:\/\/meteocameroon.gov.cm\/wp-content\/uploads\/2026\/01\/WhatsApp-Image-2025-05-25-at-4.14.29-AM-1-600x420-1.jpeg\",\"width\":600,\"height\":420},{\"@type\":\"BreadcrumbList\",\"@id\":\"https:\/\/meteocameroon.gov.cm\/renforcement-des-capacites-en-prevision-numerique-du-temps-des-ingenieurs-camerounais-en-formation-en-allemagne\/#breadcrumb\",\"itemListElement\":[{\"@type\":\"ListItem\",\"position\":1,\"name\":\"Accueil\",\"item\":\"https:\/\/meteocameroon.gov.cm\/\"},{\"@type\":\"ListItem\",\"position\":2,\"name\":\"Renforcement des capacit\u00e9s en pr\u00e9vision num\u00e9rique du temps : des ing\u00e9nieurs camerounais en formation en Allemagne.\"}]},{\"@type\":\"WebSite\",\"@id\":\"https:\/\/meteocameroon.gov.cm\/#website\",\"url\":\"https:\/\/meteocameroon.gov.cm\/\",\"name\":\"M\u00e9t\u00e9orologie Nationale du Cameroun\",\"description\":\"La m\u00e9t\u00e9o un outils pour le d\u00e9veloppement\",\"publisher\":{\"@id\":\"https:\/\/meteocameroon.gov.cm\/#organization\"},\"potentialAction\":[{\"@type\":\"SearchAction\",\"target\":{\"@type\":\"EntryPoint\",\"urlTemplate\":\"https:\/\/meteocameroon.gov.cm\/?s={search_term_string}\"},\"query-input\":{\"@type\":\"PropertyValueSpecification\",\"valueRequired\":true,\"valueName\":\"search_term_string\"}}],\"inLanguage\":\"en-US\"},{\"@type\":\"Organization\",\"@id\":\"https:\/\/meteocameroon.gov.cm\/#organization\",\"name\":\"M\u00e9t\u00e9orologie Nationale du Cameroun\",\"url\":\"https:\/\/meteocameroon.gov.cm\/\",\"logo\":{\"@type\":\"ImageObject\",\"inLanguage\":\"en-US\",\"@id\":\"https:\/\/meteocameroon.gov.cm\/#\/schema\/logo\/image\/\",\"url\":\"https:\/\/meteocameroon.gov.cm\/wp-content\/uploads\/2022\/06\/Artboard-14x-renew.jpg\",\"contentUrl\":\"https:\/\/meteocameroon.gov.cm\/wp-content\/uploads\/2022\/06\/Artboard-14x-renew.jpg\",\"width\":519,\"height\":504,\"caption\":\"M\u00e9t\u00e9orologie Nationale du Cameroun\"},\"image\":{\"@id\":\"https:\/\/meteocameroon.gov.cm\/#\/schema\/logo\/image\/\"}},{\"@type\":\"Person\",\"@id\":\"https:\/\/meteocameroon.gov.cm\/#\/schema\/person\/eec674ef6778f16387fc93ba6592255e\",\"name\":\"editor\",\"image\":{\"@type\":\"ImageObject\",\"inLanguage\":\"en-US\",\"@id\":\"https:\/\/meteocameroon.gov.cm\/#\/schema\/person\/image\/\",\"url\":\"https:\/\/secure.gravatar.com\/avatar\/6ab3f1d1eba55d824bf16a34121c680962dc628f8026f85097af88e04b1737ef?s=96&d=mm&r=g\",\"contentUrl\":\"https:\/\/secure.gravatar.com\/avatar\/6ab3f1d1eba55d824bf16a34121c680962dc628f8026f85097af88e04b1737ef?s=96&d=mm&r=g\",\"caption\":\"editor\"},\"url\":\"https:\/\/meteocameroon.gov.cm\/en\/author\/editor\/\"}]}<\/script>\n<!-- \/ Yoast SEO plugin. -->","yoast_head_json":{"title":"Renforcement des capacit\u00e9s en pr\u00e9vision num\u00e9rique du temps : des ing\u00e9nieurs camerounais en formation en Allemagne. - M\u00e9t\u00e9orologie Nationale du Cameroun","robots":{"index":"index","follow":"follow","max-snippet":"max-snippet:-1","max-image-preview":"max-image-preview:large","max-video-preview":"max-video-preview:-1"},"canonical":"https:\/\/meteocameroon.gov.cm\/en\/renforcement-des-capacites-en-prevision-numerique-du-temps-des-ingenieurs-camerounais-en-formation-en-allemagne\/","og_locale":"en_US","og_type":"article","og_title":"Renforcement des capacit\u00e9s en pr\u00e9vision num\u00e9rique du temps : des ing\u00e9nieurs camerounais en formation en Allemagne. - M\u00e9t\u00e9orologie Nationale du Cameroun","og_description":"Dans le cadre du d\u00e9veloppement des comp\u00e9tences techniques en pr\u00e9vision m\u00e9t\u00e9orologique, deux ing\u00e9nieurs de la Direction de la M\u00e9t\u00e9orologie Nationale du Cameroun ont pris part \u00e0 une formation sp\u00e9cialis\u00e9e sur [&hellip;]","og_url":"https:\/\/meteocameroon.gov.cm\/en\/renforcement-des-capacites-en-prevision-numerique-du-temps-des-ingenieurs-camerounais-en-formation-en-allemagne\/","og_site_name":"M\u00e9t\u00e9orologie Nationale du Cameroun","article_published_time":"2025-05-26T19:33:29+00:00","article_modified_time":"2026-01-20T10:02:12+00:00","og_image":[{"width":600,"height":420,"url":"https:\/\/meteocameroon.gov.cm\/wp-content\/uploads\/2026\/01\/WhatsApp-Image-2025-05-25-at-4.14.29-AM-1-600x420-1.jpeg","type":"image\/jpeg"}],"author":"editor","twitter_card":"summary_large_image","twitter_misc":{"Written by":"editor","Est. reading time":"3 minutes"},"schema":{"@context":"https:\/\/schema.org","@graph":[{"@type":"Article","@id":"https:\/\/meteocameroon.gov.cm\/renforcement-des-capacites-en-prevision-numerique-du-temps-des-ingenieurs-camerounais-en-formation-en-allemagne\/#article","isPartOf":{"@id":"https:\/\/meteocameroon.gov.cm\/renforcement-des-capacites-en-prevision-numerique-du-temps-des-ingenieurs-camerounais-en-formation-en-allemagne\/"},"author":{"name":"editor","@id":"https:\/\/meteocameroon.gov.cm\/#\/schema\/person\/eec674ef6778f16387fc93ba6592255e"},"headline":"Renforcement des capacit\u00e9s en pr\u00e9vision num\u00e9rique du temps : des ing\u00e9nieurs camerounais en formation en Allemagne.","datePublished":"2025-05-26T19:33:29+00:00","dateModified":"2026-01-20T10:02:12+00:00","mainEntityOfPage":{"@id":"https:\/\/meteocameroon.gov.cm\/renforcement-des-capacites-en-prevision-numerique-du-temps-des-ingenieurs-camerounais-en-formation-en-allemagne\/"},"wordCount":365,"commentCount":0,"publisher":{"@id":"https:\/\/meteocameroon.gov.cm\/#organization"},"image":{"@id":"https:\/\/meteocameroon.gov.cm\/renforcement-des-capacites-en-prevision-numerique-du-temps-des-ingenieurs-camerounais-en-formation-en-allemagne\/#primaryimage"},"thumbnailUrl":"https:\/\/meteocameroon.gov.cm\/wp-content\/uploads\/2026\/01\/WhatsApp-Image-2025-05-25-at-4.14.29-AM-1-600x420-1.jpeg","articleSection":["Actualit\u00e9","Information"],"inLanguage":"en-US","potentialAction":[{"@type":"CommentAction","name":"Comment","target":["https:\/\/meteocameroon.gov.cm\/renforcement-des-capacites-en-prevision-numerique-du-temps-des-ingenieurs-camerounais-en-formation-en-allemagne\/#respond"]}]},{"@type":"WebPage","@id":"https:\/\/meteocameroon.gov.cm\/renforcement-des-capacites-en-prevision-numerique-du-temps-des-ingenieurs-camerounais-en-formation-en-allemagne\/","url":"https:\/\/meteocameroon.gov.cm\/renforcement-des-capacites-en-prevision-numerique-du-temps-des-ingenieurs-camerounais-en-formation-en-allemagne\/","name":"Renforcement des capacit\u00e9s en pr\u00e9vision num\u00e9rique du temps : des ing\u00e9nieurs camerounais en formation en Allemagne. - M\u00e9t\u00e9orologie Nationale du Cameroun","isPartOf":{"@id":"https:\/\/meteocameroon.gov.cm\/#website"},"primaryImageOfPage":{"@id":"https:\/\/meteocameroon.gov.cm\/renforcement-des-capacites-en-prevision-numerique-du-temps-des-ingenieurs-camerounais-en-formation-en-allemagne\/#primaryimage"},"image":{"@id":"https:\/\/meteocameroon.gov.cm\/renforcement-des-capacites-en-prevision-numerique-du-temps-des-ingenieurs-camerounais-en-formation-en-allemagne\/#primaryimage"},"thumbnailUrl":"https:\/\/meteocameroon.gov.cm\/wp-content\/uploads\/2026\/01\/WhatsApp-Image-2025-05-25-at-4.14.29-AM-1-600x420-1.jpeg","datePublished":"2025-05-26T19:33:29+00:00","dateModified":"2026-01-20T10:02:12+00:00","breadcrumb":{"@id":"https:\/\/meteocameroon.gov.cm\/renforcement-des-capacites-en-prevision-numerique-du-temps-des-ingenieurs-camerounais-en-formation-en-allemagne\/#breadcrumb"},"inLanguage":"en-US","potentialAction":[{"@type":"ReadAction","target":["https:\/\/meteocameroon.gov.cm\/renforcement-des-capacites-en-prevision-numerique-du-temps-des-ingenieurs-camerounais-en-formation-en-allemagne\/"]}]},{"@type":"ImageObject","inLanguage":"en-US","@id":"https:\/\/meteocameroon.gov.cm\/renforcement-des-capacites-en-prevision-numerique-du-temps-des-ingenieurs-camerounais-en-formation-en-allemagne\/#primaryimage","url":"https:\/\/meteocameroon.gov.cm\/wp-content\/uploads\/2026\/01\/WhatsApp-Image-2025-05-25-at-4.14.29-AM-1-600x420-1.jpeg","contentUrl":"https:\/\/meteocameroon.gov.cm\/wp-content\/uploads\/2026\/01\/WhatsApp-Image-2025-05-25-at-4.14.29-AM-1-600x420-1.jpeg","width":600,"height":420},{"@type":"BreadcrumbList","@id":"https:\/\/meteocameroon.gov.cm\/renforcement-des-capacites-en-prevision-numerique-du-temps-des-ingenieurs-camerounais-en-formation-en-allemagne\/#breadcrumb","itemListElement":[{"@type":"ListItem","position":1,"name":"Accueil","item":"https:\/\/meteocameroon.gov.cm\/"},{"@type":"ListItem","position":2,"name":"Renforcement des capacit\u00e9s en pr\u00e9vision num\u00e9rique du temps : des ing\u00e9nieurs camerounais en formation en Allemagne."}]},{"@type":"WebSite","@id":"https:\/\/meteocameroon.gov.cm\/#website","url":"https:\/\/meteocameroon.gov.cm\/","name":"M\u00e9t\u00e9orologie Nationale du Cameroun","description":"La m\u00e9t\u00e9o un outils pour le d\u00e9veloppement","publisher":{"@id":"https:\/\/meteocameroon.gov.cm\/#organization"},"potentialAction":[{"@type":"SearchAction","target":{"@type":"EntryPoint","urlTemplate":"https:\/\/meteocameroon.gov.cm\/?s={search_term_string}"},"query-input":{"@type":"PropertyValueSpecification","valueRequired":true,"valueName":"search_term_string"}}],"inLanguage":"en-US"},{"@type":"Organization","@id":"https:\/\/meteocameroon.gov.cm\/#organization","name":"M\u00e9t\u00e9orologie Nationale du Cameroun","url":"https:\/\/meteocameroon.gov.cm\/","logo":{"@type":"ImageObject","inLanguage":"en-US","@id":"https:\/\/meteocameroon.gov.cm\/#\/schema\/logo\/image\/","url":"https:\/\/meteocameroon.gov.cm\/wp-content\/uploads\/2022\/06\/Artboard-14x-renew.jpg","contentUrl":"https:\/\/meteocameroon.gov.cm\/wp-content\/uploads\/2022\/06\/Artboard-14x-renew.jpg","width":519,"height":504,"caption":"M\u00e9t\u00e9orologie Nationale du Cameroun"},"image":{"@id":"https:\/\/meteocameroon.gov.cm\/#\/schema\/logo\/image\/"}},{"@type":"Person","@id":"https:\/\/meteocameroon.gov.cm\/#\/schema\/person\/eec674ef6778f16387fc93ba6592255e","name":"editor","image":{"@type":"ImageObject","inLanguage":"en-US","@id":"https:\/\/meteocameroon.gov.cm\/#\/schema\/person\/image\/","url":"https:\/\/secure.gravatar.com\/avatar\/6ab3f1d1eba55d824bf16a34121c680962dc628f8026f85097af88e04b1737ef?s=96&d=mm&r=g","contentUrl":"https:\/\/secure.gravatar.com\/avatar\/6ab3f1d1eba55d824bf16a34121c680962dc628f8026f85097af88e04b1737ef?s=96&d=mm&r=g","caption":"editor"},"url":"https:\/\/meteocameroon.gov.cm\/en\/author\/editor\/"}]}},"rttpg_featured_image_url":{"full":["https:\/\/meteocameroon.gov.cm\/wp-content\/uploads\/2026\/01\/WhatsApp-Image-2025-05-25-at-4.14.29-AM-1-600x420-1.jpeg",600,420,false],"landscape":["https:\/\/meteocameroon.gov.cm\/wp-content\/uploads\/2026\/01\/WhatsApp-Image-2025-05-25-at-4.14.29-AM-1-600x420-1.jpeg",600,420,false],"portraits":["https:\/\/meteocameroon.gov.cm\/wp-content\/uploads\/2026\/01\/WhatsApp-Image-2025-05-25-at-4.14.29-AM-1-600x420-1.jpeg",600,420,false],"thumbnail":["https:\/\/meteocameroon.gov.cm\/wp-content\/uploads\/2026\/01\/WhatsApp-Image-2025-05-25-at-4.14.29-AM-1-600x420-1-150x150.jpeg",150,150,true],"medium":["https:\/\/meteocameroon.gov.cm\/wp-content\/uploads\/2026\/01\/WhatsApp-Image-2025-05-25-at-4.14.29-AM-1-600x420-1-300x210.jpeg",300,210,true],"large":["https:\/\/meteocameroon.gov.cm\/wp-content\/uploads\/2026\/01\/WhatsApp-Image-2025-05-25-at-4.14.29-AM-1-600x420-1.jpeg",600,420,false],"1536x1536":["https:\/\/meteocameroon.gov.cm\/wp-content\/uploads\/2026\/01\/WhatsApp-Image-2025-05-25-at-4.14.29-AM-1-600x420-1.jpeg",600,420,false],"2048x2048":["https:\/\/meteocameroon.gov.cm\/wp-content\/uploads\/2026\/01\/WhatsApp-Image-2025-05-25-at-4.14.29-AM-1-600x420-1.jpeg",600,420,false],"trp-custom-language-flag":["https:\/\/meteocameroon.gov.cm\/wp-content\/uploads\/2026\/01\/WhatsApp-Image-2025-05-25-at-4.14.29-AM-1-600x420-1-18x12.jpeg",18,12,true],"binit-portfolio":["https:\/\/meteocameroon.gov.cm\/wp-content\/uploads\/2026\/01\/WhatsApp-Image-2025-05-25-at-4.14.29-AM-1-600x420-1.jpeg",600,420,false],"binit-portfolio-vertical":["https:\/\/meteocameroon.gov.cm\/wp-content\/uploads\/2026\/01\/WhatsApp-Image-2025-05-25-at-4.14.29-AM-1-600x420-1-380x420.jpeg",380,420,true],"binit-blog":["https:\/\/meteocameroon.gov.cm\/wp-content\/uploads\/2026\/01\/WhatsApp-Image-2025-05-25-at-4.14.29-AM-1-600x420-1.jpeg",600,420,false],"binit-team":["https:\/\/meteocameroon.gov.cm\/wp-content\/uploads\/2026\/01\/WhatsApp-Image-2025-05-25-at-4.14.29-AM-1-600x420-1.jpeg",600,420,false],"binit-product":["https:\/\/meteocameroon.gov.cm\/wp-content\/uploads\/2026\/01\/WhatsApp-Image-2025-05-25-at-4.14.29-AM-1-600x420-1-360x420.jpeg",360,420,true],"binit-event":["https:\/\/meteocameroon.gov.cm\/wp-content\/uploads\/2026\/01\/WhatsApp-Image-2025-05-25-at-4.14.29-AM-1-600x420-1-420x420.jpeg",420,420,true]},"rttpg_author":{"display_name":"editor","author_link":"https:\/\/meteocameroon.gov.cm\/en\/author\/editor\/"},"rttpg_comment":0,"rttpg_category":"<a href=\"https:\/\/meteocameroon.gov.cm\/en\/category\/actualite\/\" rel=\"category tag\">Actualit\u00e9<\/a> <a href=\"https:\/\/meteocameroon.gov.cm\/en\/category\/information\/\" rel=\"category tag\">Information<\/a>","rttpg_excerpt":"Dans le cadre du d\u00e9veloppement des comp\u00e9tences techniques en pr\u00e9vision m\u00e9t\u00e9orologique, deux ing\u00e9nieurs de la Direction de la M\u00e9t\u00e9orologie Nationale du Cameroun ont pris part \u00e0 une formation sp\u00e9cialis\u00e9e sur [&hellip;]","_links":{"self":[{"href":"https:\/\/meteocameroon.gov.cm\/en\/wp-json\/wp\/v2\/posts\/4690","targetHints":{"allow":["GET"]}}],"collection":[{"href":"https:\/\/meteocameroon.gov.cm\/en\/wp-json\/wp\/v2\/posts"}],"about":[{"href":"https:\/\/meteocameroon.gov.cm\/en\/wp-json\/wp\/v2\/types\/post"}],"author":[{"embeddable":true,"href":"https:\/\/meteocameroon.gov.cm\/en\/wp-json\/wp\/v2\/users\/30"}],"replies":[{"embeddable":true,"href":"https:\/\/meteocameroon.gov.cm\/en\/wp-json\/wp\/v2\/comments?post=4690"}],"version-history":[{"count":1,"href":"https:\/\/meteocameroon.gov.cm\/en\/wp-json\/wp\/v2\/posts\/4690\/revisions"}],"predecessor-version":[{"id":4693,"href":"https:\/\/meteocameroon.gov.cm\/en\/wp-json\/wp\/v2\/posts\/4690\/revisions\/4693"}],"wp:featuredmedia":[{"embeddable":true,"href":"https:\/\/meteocameroon.gov.cm\/en\/wp-json\/wp\/v2\/media\/4692"}],"wp:attachment":[{"href":"https:\/\/meteocameroon.gov.cm\/en\/wp-json\/wp\/v2\/media?parent=4690"}],"wp:term":[{"taxonomy":"category","embeddable":true,"href":"https:\/\/meteocameroon.gov.cm\/en\/wp-json\/wp\/v2\/categories?post=4690"},{"taxonomy":"post_tag","embeddable":true,"href":"https:\/\/meteocameroon.gov.cm\/en\/wp-json\/wp\/v2\/tags?post=4690"}],"curies":[{"name":"wp","href":"https:\/\/api.w.org\/{rel}","templated":true}]}}